{"id":10706,"date":"2021-06-23T12:31:02","date_gmt":"2021-06-23T10:31:02","guid":{"rendered":"http:\/\/batimedianews.com\/live\/?p=10706"},"modified":"2021-10-21T11:22:43","modified_gmt":"2021-10-21T09:22:43","slug":"supervan-developpe-son-offre-xxl-et-devient-lalternative-ideale-a-la-location-de-vehicules-industriels-avec-chauffeurs","status":"publish","type":"post","link":"https:\/\/batimedianews.com\/live\/index.php\/2021\/06\/23\/supervan-developpe-son-offre-xxl-et-devient-lalternative-ideale-a-la-location-de-vehicules-industriels-avec-chauffeurs\/","title":{"rendered":"Supervan d\u00e9veloppe son offre \u201cXXL\u201d et devient l\u2019alternative id\u00e9ale \u00e0 la location de v\u00e9hicules industriels avec chauffeurs"},"content":{"rendered":"\n<p>\u2022 Supervan r\u00e9volutionne la r\u00e9servation de poids lourds (PL) gr\u00e2ce \u00e0 sa nouvelle offre \u201cXXL\u201d et en fait un service aussi simple que la commande d\u2019un VTC.<\/p>\n\n\n\n<p>\u2022 La solution permet \u00e0 ses utilisateurs d\u2019avoir acc\u00e8s \u00e0 des prix 25% inf\u00e9rieurs au march\u00e9 et facilite la gestion des flottes de PL et celle des livraisons, de mani\u00e8re imm\u00e9diate et 100% digitalis\u00e9e.<\/p>\n\n\n\n<p>\u2022 Gr\u00e2ce \u00e0 sa fonction planning, cette nouvelle approche a pour volont\u00e9 de permettre aux professionnels du BTP de ne plus s\u2019engager sur le long terme avec les loueurs de v\u00e9hicules industriels avec chauffeurs.<\/p>\n\n\n\n<figure class=\"wp-block-video\"><video controls src=\"http:\/\/batimedianews.com\/live\/wp-content\/uploads\/2021\/06\/Demo-Supervan-XXL.mp4\"><\/video><figcaption>d\u00e9monstration de la plateforme <\/figcaption><\/figure>\n\n\n\n<p><strong>A Paris, le 22 juin 2021 <\/strong>&#8211; Supervan, start-up fran\u00e7aise sp\u00e9cialis\u00e9e dans la logistique urbaine et le transport digitalis\u00e9 de produits volumineux en milieu urbain, annonce aujourd\u2019hui une \u00e9volution majeure de son offre de transport \u201cXXL\u201d lanc\u00e9e en juillet 2020. La p\u00e9pite ambitionne d\u00e9sormais de faire de la commande de poids lourds une exp\u00e9rience aussi simple pour les utilisateurs que celle d\u2019un VTC : imm\u00e9diate, abordable et ergonomique. Le service sera d\u2019abord accessible en Ile-de-France, puis dans les villes desservies par Supervan en commen\u00e7ant par Lyon et Marseille.<\/p>\n\n\n\n<p><strong>La gen\u00e8se d\u2019une nouvelle \u00e8re<\/strong><\/p>\n\n\n\n<p>Depuis plus de 30 ans, la mani\u00e8re dont les acteurs du secteur BTP r\u00e9servent des poids lourds est archa\u00efque : t\u00e9l\u00e9phone, fax, bons de livraison papier\u2026 Ceci entra\u00eene une perte de productivit\u00e9 et une mauvaise gestion des plannings, g\u00e9n\u00e9rant syst\u00e9matiquement des contraintes au sein des organisations et une perte de profitabilit\u00e9.<\/p>\n\n\n\n<p>En rendant le poids lourd accessible \u00e0 la fois en termes d\u2019usage et de prix \u00e0 tous les chefs de chantier et \u00e0 tous les vendeurs en magasin, Supervan leur donne la possibilit\u00e9 de commander de mani\u00e8re imm\u00e9diate trois types de porteurs, en leur apportant des avantages organisationnels et financiers.<\/p>\n\n\n\n<p><strong>XXL : une offre d\u00e9di\u00e9e \u00e0 ses utilisateurs<\/strong><\/p>\n\n\n\n<p>\u00c0 l\u2019image de son syst\u00e8me de commande pour les v\u00e9hicules l\u00e9gers, Supervan offre dor\u00e9navant la possibilit\u00e9 de r\u00e9server un transport PL pour le jour-m\u00eame, \u00e0 un prix fixe, en toute transparence. Une approche similaire \u00e0 celle du v\u00e9hicule l\u00e9ger, totalement digitalis\u00e9e et instantan\u00e9e. R\u00e9sultat : un porteur avec chauffeur (\u00e9quip\u00e9 ou non d\u2019un bras grue) peut \u00eatre command\u00e9 aussi facilement et rapidement qu\u2019un VTC.<\/p>\n\n\n\n<p>\u00c0 ce jour, cette offre sans engagement est la meilleure alternative non seulement aux contrats de location sur 5 ou 7 ans, qui sont la norme aujourd\u2019hui, mais \u00e9galement \u00e0 l\u2019achat de ces camions co\u00fbteux pour un usage non continu.<\/p>\n\n\n\n<p>Supervan propose ainsi d\u2019apporter un nouvel \u00e9lan au secteur \u00e0 travers des prix comp\u00e9titifs (25% inf\u00e9rieurs aux prix moyens du march\u00e9) avec des porteurs grue 26t \u00e0 partir de 149 \u20ac HT.<\/p>\n\n\n\n<p><strong>L\u2019agenda : cl\u00e9 organisationnelle pour le BTP<\/strong><\/p>\n\n\n\n<p>La fonctionnalit\u00e9 \u2018agenda\u2019, d\u00e9di\u00e9e aux poids lourds, a \u00e9t\u00e9 exclusivement d\u00e9velopp\u00e9e par les \u00e9quipes techniques de Supervan. Elle permet d\u00e9sormais aux clients qui effectuent ces commandes (ex: chefs de chantier) d\u2019avoir une vue globale et 100% transparente sur les possibilit\u00e9s de livraisons et les prix. Cette technologie constitue une avanc\u00e9e notable sur les chantiers, o\u00f9 la commande d\u2019un poids lourd restait jusqu\u2019\u00e0 aujourd&rsquo;hui une action \u00e0 la fois complexe, chronophage et opaque, souvent bas\u00e9e sur des \u00e9changes et relances t\u00e9l\u00e9phoniques.<\/p>\n\n\n\n<p>D\u00e9sormais, il est donc possible pour les utilisateurs de comparer et de r\u00e9server des cr\u00e9neaux de 2H30 lorsqu\u2019ils le d\u00e9sirent, dont le jour-m\u00eame, pour faire leur choix d\u2019horaire et de mode de livraison.<\/p>\n\n\n\n<p>\u00ab <em>En 2021, plus personne ne s\u2019imagine r\u00e9server un taxi comme dans les ann\u00e9es 1990. Pourtant, la r\u00e9servation de poids lourds sur le dernier kilom\u00e8tre, elle, n\u2019a pas tellement \u00e9volu\u00e9 depuis plus de 30 ans. Avec XXL, nous recherchons l\u2019instantan\u00e9it\u00e9. L\u2019id\u00e9e de cette offre est de permettre aux n\u00e9goces de mat\u00e9riaux et aux conducteurs de travaux d&rsquo;accro\u00eetre significativement leur productivit\u00e9, \u00e0 des prix abordables et dans des d\u00e9lais extr\u00eamement courts, \u00e0 travers une seule et m\u00eame interface.<\/em>\u00bb, se r\u00e9jouit Guillaume Fournier, CEO et fondateur de Supervan.<\/p>\n\n\n\n<p class=\"has-small-font-size\"><strong>\u00c0 propos de Supervan<\/strong><\/p>\n\n\n\n<p class=\"has-small-font-size\">Fond\u00e9 en 2016 par Guillaume Fournier, Supervan r\u00e9volutionne le monde du transport en proposant un service de v\u00e9hicules utilitaires et de poids lourds \u00e0 la demande, \u00e0 destination des professionnels et des particuliers. Supervan simplifie le mod\u00e8le de transport et de livraison de produits lourds et volumineux gr\u00e2ce \u00e0 une interface digitale simple, agile et innovante. La start-up compte parmi ses clients des enseignes comme Point.P, Kiloutou et Leroy Merlin. Autofinanc\u00e9e depuis ses d\u00e9buts, Supervan a lev\u00e9 3 millions d\u2019euros en octobre 2020 aupr\u00e8s du fonds d\u2019investissement Inter Invest Capital.<\/p>\n","protected":false},"excerpt":{"rendered":"<p>\u2022 Supervan r\u00e9volutionne la r\u00e9servation de poids lourds (PL) gr\u00e2ce \u00e0 sa nouvelle offre \u201cXXL\u201d et en fait un service aussi simple que la commande d\u2019un VTC. \u2022 La solution permet \u00e0 ses utilisateurs d\u2019avoir acc\u00e8s \u00e0 des prix 25% inf\u00e9rieurs au march\u00e9 et facilite la gestion des flottes de PL et celle des livraisons, [&hellip;]<\/p>\n","protected":false},"author":41,"featured_media":10715,"comment_status":"open","ping_status":"open","sticky":false,"template":"","format":"standard","meta":{"spay_email":""},"categories":[4,29,131],"tags":[],"jetpack_featured_media_url":"https:\/\/i0.wp.com\/batimedianews.com\/live\/wp-content\/uploads\/2021\/06\/s1.jpg?fit=1224%2C512&ssl=1","jetpack_sharing_enabled":true,"jetpack_likes_enabled":true,"jetpack-related-posts":[{"id":12227,"url":"https:\/\/batimedianews.com\/live\/index.php\/2021\/09\/21\/supervan-nomme-alexandre-ple-au-poste-de-head-of-operations\/","url_meta":{"origin":10706,"position":0},"title":"Supervan nomme Alexandre Pl\u00e9 au poste de Head of Operations","date":"21 septembre 2021","format":false,"excerpt":"Apr\u00e8s sa lev\u00e9e de fonds en novembre 2020 et le lancement de sa nouvelle offre \u201cXXL\u201d de livraison par poids lourd en juin 2021, Supervan continue de cro\u00eetre et structure ses \u00e9quipes en recrutant un Head of Operations.Alexandre Pl\u00e9 aura pour mission d\u2019organiser le p\u00f4le Op\u00e9rations et de d\u00e9velopper l\u2019activit\u00e9\u2026","rel":"","context":"Dans &quot;Actualit\u00e9 Entreprises&quot;","img":{"alt_text":"","src":"https:\/\/i0.wp.com\/batimedianews.com\/live\/wp-content\/uploads\/2021\/09\/Supervan-Article.jpg?fit=512%2C512&ssl=1&resize=350%2C200","width":350,"height":200},"classes":[]},{"id":26471,"url":"https:\/\/batimedianews.com\/live\/index.php\/2023\/03\/01\/supervan-lance-optimiz-son-service-doptimisation-des-tournees-de-livraison\/","url_meta":{"origin":10706,"position":1},"title":"Supervan lance OPTIMIZ, son service d&rsquo;optimisation des tourn\u00e9es de livraison","date":"1 mars 2023","format":false,"excerpt":"\u00c0 Paris, le 22 f\u00e9vrier 2023 - SUPERVAN start-up fran\u00e7aise sp\u00e9cialis\u00e9e dans la logistique urbaine et le transport digitalis\u00e9 de produits volumineux, annonce aujourd'hui le lancement de son nouveau service d'optimisation des tourn\u00e9es de livraison, baptis\u00e9 OPTIMIZ . D\u00e9di\u00e9 aux produits un peu moins volumineux, ce nouveau service de livraison\u2026","rel":"","context":"Dans &quot;Start-up&quot;","img":{"alt_text":"","src":"https:\/\/i0.wp.com\/batimedianews.com\/live\/wp-content\/uploads\/2023\/02\/supervan-Article.jpg?fit=1080%2C1080&ssl=1&resize=350%2C200","width":350,"height":200},"classes":[]},{"id":26224,"url":"https:\/\/batimedianews.com\/live\/index.php\/2023\/02\/16\/supervan-devoile-fleet-sa-nouvelle-flotte-dutilitaires-electriques-et-de-poids-lourds-biogaz-pour-accelerer-la-transition-energetique\/","url_meta":{"origin":10706,"position":2},"title":"Supervan d\u00e9voile FLEET, sa nouvelle flotte d&rsquo;utilitaires \u00e9lectriques et de poids lourds biogaz pour acc\u00e9l\u00e9rer la transition \u00e9nerg\u00e9tique","date":"16 f\u00e9vrier 2023","format":false,"excerpt":"Apr\u00e8s une phase de test r\u00e9ussie, Supervan annonce aujourd'hui la mise \u00e0 disposition en location d'une flotte de v\u00e9hicules utilitaires \u00e9lectriques \u00e0 destination de ses transporteurs partenaires.Gr\u00e2ce \u00e0 ses v\u00e9hicules nouvelle g\u00e9n\u00e9ration dot\u00e9s d'une autonomie de pr\u00e8s de 300 km, Supervan FLEET offre une v\u00e9ritable alternative aux v\u00e9hicules thermiques traditionnellement\u2026","rel":"","context":"Dans &quot;Transition Energ\u00e9tique&quot;","img":{"alt_text":"","src":"https:\/\/i2.wp.com\/batimedianews.com\/live\/wp-content\/uploads\/2023\/02\/SupervanArticle.jpg?fit=1080%2C1080&ssl=1&resize=350%2C200","width":350,"height":200},"classes":[]},{"id":21738,"url":"https:\/\/batimedianews.com\/live\/index.php\/2022\/07\/07\/supervan-et-la-capeb-grand-paris-sallient-pour-faciliter-la-digitalisation-des-artisans\/","url_meta":{"origin":10706,"position":3},"title":"Supervan et la CAPEB Grand Paris s&rsquo;allient pour faciliter la digitalisation des artisans","date":"7 juillet 2022","format":false,"excerpt":"Apr\u00e8s le r\u00e9cent lancement de sa marketplace \"Breek\" d\u00e9di\u00e9e \u00e0 l'achat express de mat\u00e9riaux de construction, Supervan annonce un partenariat strat\u00e9gique avec la CAPEB Grand Paris.Supervan renforce ainsi ses liens avec les artisans fran\u00e7ais dans l'objectif de faciliter leur transformation digitale, mais \u00e9galement de fluidifier les processus d'approvisionnement de mat\u00e9riaux\u2026","rel":"","context":"Dans &quot;Actualit\u00e9 Entreprises&quot;","img":{"alt_text":"","src":"https:\/\/i2.wp.com\/batimedianews.com\/live\/wp-content\/uploads\/2022\/07\/image-84.png?fit=1080%2C1080&ssl=1&resize=350%2C200","width":350,"height":200},"classes":[]},{"id":21015,"url":"https:\/\/batimedianews.com\/live\/index.php\/2022\/06\/21\/supervan-lance-breek-sa-marketplace-dediee-a-lachat-express-de-materiaux-de-construction\/","url_meta":{"origin":10706,"position":4},"title":"Supervan lance Breek, sa marketplace d\u00e9di\u00e9e \u00e0 l&rsquo;achat express de mat\u00e9riaux de construction","date":"21 juin 2022","format":false,"excerpt":"Supervan continue d'innover dans l'univers du BTP et lance une offre compl\u00e9mentaire \u00e0 son service de livraison avec Breek : l'une des premi\u00e8res plateformes en Europe d'achat express de mat\u00e9riaux de construction.\u00a0En se reposant sur les acteurs traditionnels du n\u00e9goce et leurs r\u00e9seaux existants, Breek permet enfin aux artisans d'acheter\u2026","rel":"","context":"Dans &quot;Actualit\u00e9 Entreprises&quot;","img":{"alt_text":"","src":"https:\/\/i0.wp.com\/batimedianews.com\/live\/wp-content\/uploads\/2022\/06\/Supervan-Article.jpg?fit=1080%2C1080&ssl=1&resize=350%2C200","width":350,"height":200},"classes":[]},{"id":14727,"url":"https:\/\/batimedianews.com\/live\/index.php\/2022\/01\/10\/etude-supervan-les-enjeux-du-btp-et-de-la-logistique-urbaine-une-necessaire-acceleration-du-digital-pour-ameliorer-la-productivite\/","url_meta":{"origin":10706,"position":5},"title":"\u00c9tude Supervan &#8211; Les enjeux du BTP et de la logistique urbaine : une n\u00e9cessaire acc\u00e9l\u00e9ration du digital pour am\u00e9liorer la productivit\u00e9","date":"10 janvier 2022","format":false,"excerpt":"\u00c9tude Supervan - Les enjeux du BTP et de la logistique urbaine : une n\u00e9cessaire acc\u00e9l\u00e9ration du digital pour am\u00e9liorer la productivit\u00e9 \u25cf L\u2019\u00e9tude analyse les contraintes logistiques que connaissent les entreprises du b\u00e2timent, mesure l\u2019impact de l\u2019essor de la digitalisation durant la pand\u00e9mie et d\u00e9crypte l\u2019int\u00e9r\u00eat de la profession\u2026","rel":"","context":"Dans &quot;Actualit\u00e9 Entreprises&quot;","img":{"alt_text":"","src":"https:\/\/i1.wp.com\/batimedianews.com\/live\/wp-content\/uploads\/2022\/01\/Supervan-Article.jpg?fit=512%2C512&ssl=1&resize=350%2C200","width":350,"height":200},"classes":[]}],"_links":{"self":[{"href":"https:\/\/batimedianews.com\/live\/index.php\/wp-json\/wp\/v2\/posts\/10706"}],"collection":[{"href":"https:\/\/batimedianews.com\/live\/index.php\/wp-json\/wp\/v2\/posts"}],"about":[{"href":"https:\/\/batimedianews.com\/live\/index.php\/wp-json\/wp\/v2\/types\/post"}],"author":[{"embeddable":true,"href":"https:\/\/batimedianews.com\/live\/index.php\/wp-json\/wp\/v2\/users\/41"}],"replies":[{"embeddable":true,"href":"https:\/\/batimedianews.com\/live\/index.php\/wp-json\/wp\/v2\/comments?post=10706"}],"version-history":[{"count":3,"href":"https:\/\/batimedianews.com\/live\/index.php\/wp-json\/wp\/v2\/posts\/10706\/revisions"}],"predecessor-version":[{"id":10713,"href":"https:\/\/batimedianews.com\/live\/index.php\/wp-json\/wp\/v2\/posts\/10706\/revisions\/10713"}],"wp:featuredmedia":[{"embeddable":true,"href":"https:\/\/batimedianews.com\/live\/index.php\/wp-json\/wp\/v2\/media\/10715"}],"wp:attachment":[{"href":"https:\/\/batimedianews.com\/live\/index.php\/wp-json\/wp\/v2\/media?parent=10706"}],"wp:term":[{"taxonomy":"category","embeddable":true,"href":"https:\/\/batimedianews.com\/live\/index.php\/wp-json\/wp\/v2\/categories?post=10706"},{"taxonomy":"post_tag","embeddable":true,"href":"https:\/\/batimedianews.com\/live\/index.php\/wp-json\/wp\/v2\/tags?post=10706"}],"curies":[{"name":"wp","href":"https:\/\/api.w.org\/{rel}","templated":true}]}}