{"id":10863,"date":"2021-07-13T14:24:51","date_gmt":"2021-07-13T12:24:51","guid":{"rendered":"http:\/\/batimedianews.com\/live\/?p=10863"},"modified":"2022-01-24T12:19:47","modified_gmt":"2022-01-24T11:19:47","slug":"eni-aime-le-velo","status":"publish","type":"post","link":"https:\/\/batimedianews.com\/live\/index.php\/2021\/07\/13\/eni-aime-le-velo\/","title":{"rendered":"Eni aime le v\u00e9lo"},"content":{"rendered":"\n<p><strong>Ecologiquement, \u00e9conomiquement et socialement responsable, le v\u00e9lo est accessible \u00e0 tous \u00e0 la fois pour la vie de tous les jours et les loisirs, mais aussi pour se rendre \u00e0 son travail. Pleinement engag\u00e9 dans la transition \u00e9cologique, Eni finance une s\u00e9rie d\u2019initiatives en faveur du v\u00e9lo via les programmes CEE et agit pour l\u2019\u00e9comobilit\u00e9 au quotidien avec l\u2019ensemble de ses collaborateurs.&nbsp;<\/strong><\/p>\n\n\n\n<p><strong>Objectif Employeur Pro-V\u00e9lo, nouveau programme co-financ\u00e9 par Eni pour mettre \u00e0 disposition des \u00ab v\u00e9lotafeurs \u00bb des solutions favorisant l\u2019usage du v\u00e9lo&nbsp;<\/strong><\/p>\n\n\n\n<p>Aider les employeurs publics, priv\u00e9s et associatifs \u00e0 d\u00e9velopper une v\u00e9ritable culture v\u00e9lo au sein de leurs \u00e9tablissements et les accompagner vers l\u2019obtention du label \u00ab Employeur Pro-v\u00e9lo \u00bb cr\u00e9\u00e9 par la FUB (F\u00e9d\u00e9ration fran\u00e7aise des usagers de la bicyclette) avec le soutien de l\u2019ADEME, tel est l\u2019objectif de ce tout nouveau programme. Concr\u00e8tement le programme accompagnera et aidera financi\u00e8rement les employeurs pour d\u00e9ployer des \u00e9quipements et services \u00ab Pro-V\u00e9lo \u00bb pour les d\u00e9placements domicile-travail et professionnels de leurs collaborateurs, clients et fournisseurs.&nbsp;<\/p>\n\n\n\n<p>Le programme vise la labellisation de 4500 entreprises et le financement de 25 000 nouvelles places de stationnement v\u00e9lo s\u00e9curis\u00e9es en entreprise d\u2019ici fin d\u00e9cembre 2023.&nbsp;<\/p>\n\n\n\n<p>En incitant les employeurs \u00e0 contribuer activement \u00e0 la transition \u00e9nerg\u00e9tique, le programme r\u00e9pond \u00e0 un enjeu \u00e9cologique fort de la part des salari\u00e9s et fait du v\u00e9lo un \u00e9l\u00e9ment essentiel de la marque employeur.&nbsp;<\/p>\n\n\n\n<p>Outre Objectif Employeur Pro-V\u00e9lo, Eni soutient les programmes Alv\u00e9ole, Ma Cycloentreprise et V-Logistique, tous au service du d\u00e9veloppement de la mobilit\u00e9 douce.&nbsp;<\/p>\n\n\n\n<p><strong>\u00ab F\u00eate du v\u00e9lo \u00bb : l\u2019occasion pour Eni de mobiliser ses collaborateurs en faveur de la bicyclette&nbsp;<\/strong><\/p>\n\n\n\n<p>Dans le cadre de \u00ab Mai \u00e0 v\u00e9lo \u00bb, Eni a mis ses salari\u00e9s au d\u00e9fi : marcher et p\u00e9daler afin de r\u00e9colter des fonds pour des associations. Du 31 mai au 13 juin, 2979 km ont \u00e9t\u00e9 parcourus et 7500 euros collect\u00e9s au profit des associations Toutes \u00e0 l\u2019\u00e9cole et Action contre la faim, choisies par les collaborateurs pour encourager la scolarisation des fillettes et lutter contre la faim dans le monde. Deux semaines de challenges rythm\u00e9es par des animations au sein de l\u2019entreprise et sur les r\u00e9seaux sociaux.&nbsp;<\/p>\n\n\n\n<p>Conf\u00e9rence \u00e0 destination des salari\u00e9s sur des sujets d\u2019actualit\u00e9, le Eni Talk du mois de mai a mis le v\u00e9lo \u00e0 l\u2019honneur avec l\u2019intervention de Annie-Claude Thiolat, vice-Pr\u00e9sidente de la FUB et de Timoth\u00e9e Mac\u00e9 Dubois, responsable des programmes et partenariats CEE chez Eni. Tous deux sont revenus sur la place du v\u00e9lo en France et sur les enjeux du d\u00e9veloppement de sa pratique dans les ann\u00e9es \u00e0 venir.&nbsp;<\/p>\n\n\n\n<p>\u00ab <em>Notre parti pris, c\u2019est de r\u00e9pondre aux probl\u00e9matiques de nos clients \u2013 la mobilit\u00e9 en est une tr\u00e8s importante. C\u2019est la raison pour laquelle nous avons choisi de soutenir un grand nombre d\u2019initiatives&nbsp;en faveur du v\u00e9lo, enjeu majeur de la transition \u00e9cologique, tant pour nos clients que pour nos collaborateurs<\/em>. \u00bb conclut <strong>Daniel Fava, Directeur g\u00e9n\u00e9ral d\u2019Eni<\/strong>.&nbsp;<\/p>\n\n\n\n<p class=\"has-small-font-size\"><strong><em>A propos d\u2019Eni Gas &amp; Power Fr ance :&nbsp;<\/em><\/strong><\/p>\n\n\n\n<p class=\"has-small-font-size\">Cr\u00e9\u00e9e en 1953, Eni est une soci\u00e9t\u00e9 \u00e9nerg\u00e9tique mondiale int\u00e9gr\u00e9e. Engag\u00e9e dans la transition \u00e9nerg\u00e9tique, Eni a pour objectif la neutralit\u00e9 carbone en 2050, notamment via le d\u00e9veloppement des \u00e9nergies renouvelables, de l\u2019\u00e9conomie circulaire, et de la capture et du stockage de CO2. Avec plus de 9 millions de clients en Europe, Eni est un leader de l\u2019\u00e9nergie. Pr\u00e9sent en France depuis 2003, Eni fournit \u00e9lectricit\u00e9, gaz et services \u00e0 l\u2019ensemble des consommateurs : entreprises, administrations publiques et particuliers. Pour la quatri\u00e8me fois cons\u00e9cutive, en 2021, Eni est \u00e9lu \u00ab Meilleur fournisseur \u00e9nerg\u00e9tique \u00bb par l\u2019Institut marketing Inma Strat marketing, apr\u00e8s consultation de 4500 consommateurs. En 2020, Eni a factur\u00e9 2,1 milliards d\u2019euros en France. Eni est l\u2019inventeur des offres \u00e0 prix fixe avec l\u2019offre Astucio, dont le prix HT est bloqu\u00e9 et uniquement r\u00e9visable \u00e0 la baisse.&nbsp;<\/p>\n\n\n\n<p><\/p>\n","protected":false},"excerpt":{"rendered":"<p>Ecologiquement, \u00e9conomiquement et socialement responsable, le v\u00e9lo est accessible \u00e0 tous \u00e0 la fois pour la vie de tous les jours et les loisirs, mais aussi pour se rendre \u00e0 son travail. Pleinement engag\u00e9 dans la transition \u00e9cologique, Eni finance une s\u00e9rie d\u2019initiatives en faveur du v\u00e9lo via les programmes CEE et agit pour l\u2019\u00e9comobilit\u00e9 [&hellip;]<\/p>\n","protected":false},"author":41,"featured_media":10864,"comment_status":"open","ping_status":"open","sticky":false,"template":"","format":"standard","meta":{"spay_email":""},"categories":[4,952,995,1161],"tags":[1175],"jetpack_featured_media_url":"https:\/\/i0.wp.com\/batimedianews.com\/live\/wp-content\/uploads\/2021\/07\/Eni-Article.jpg?fit=1224%2C512&ssl=1","jetpack_sharing_enabled":true,"jetpack_likes_enabled":true,"jetpack-related-posts":[{"id":12249,"url":"https:\/\/batimedianews.com\/live\/index.php\/2021\/09\/24\/semaine-europeenne-de-la-mobilite-eni-poursuit-son-action-pour-developper-la-mobilite-durable-dans-le-cadre-professionnel\/","url_meta":{"origin":10863,"position":0},"title":"Semaine europ\u00e9enne de la mobilit\u00e9 : Eni poursuit son action pour d\u00e9velopper la mobilit\u00e9 durable dans le cadre professionnel.","date":"24 septembre 2021","format":false,"excerpt":"La semaine europ\u00e9enne de la mobilit\u00e9 se tient du 16 au 22 septembre 2021. Elle a pour objectif d\u2019inciter les citoyens \u00e0 changer leurs habitudes.\u00a0 Acteur de premier plan de la mobilit\u00e9 \u00e9coresponsable, Eni participe et m\u00e8ne depuis plusieurs ann\u00e9es, dans le cadre des CEE, des programmes concrets pour encourager\u2026","rel":"","context":"Dans &quot;Actualit\u00e9 Entreprises&quot;","img":{"alt_text":"","src":"https:\/\/i2.wp.com\/batimedianews.com\/live\/wp-content\/uploads\/2021\/09\/eni-Article.jpg?fit=512%2C512&ssl=1&resize=350%2C200","width":350,"height":200},"classes":[]},{"id":33627,"url":"https:\/\/batimedianews.com\/live\/index.php\/2023\/12\/07\/decret-bacs-decryptage-eni-et-power-france\/","url_meta":{"origin":10863,"position":1},"title":"D\u00e9cret BACS :d\u00e9cryptage Eni et Power France","date":"7 d\u00e9cembre 2023","format":false,"excerpt":"Le d\u00e9cret BACS entrera en application \u00e0 partir de janvier 2025. Il instaure une obligation pour certains b\u00e2timents tertiaires de mettre en place un syst\u00e8me d\u2019automatisation et de contr\u00f4le appel\u00e9 aussi GTB (Gestion Technique du B\u00e2timent). Dans son podcast du 14 novembre 2023, le fournisseur de gaz, d\u2019\u00e9lectricit\u00e9 et de\u2026","rel":"","context":"Dans &quot;Actualit\u00e9 Entreprises&quot;","img":{"alt_text":"","src":"https:\/\/i1.wp.com\/batimedianews.com\/live\/wp-content\/uploads\/2023\/12\/Eni-Image-articles-.jpg?fit=825%2C825&ssl=1&resize=350%2C200","width":350,"height":200},"classes":[]},{"id":29029,"url":"https:\/\/batimedianews.com\/live\/index.php\/2023\/06\/01\/ijboulevard-un-parking-a-velo-au-plafond-de-bois-construit-sous-leau\/","url_meta":{"origin":10863,"position":2},"title":"IJboulevard : un parking \u00e0 v\u00e9lo au plafond de bois, construit sous l\u2019eau.","date":"1 juin 2023","format":false,"excerpt":"\u00a0Aux Pays-Bas, logistique et ing\u00e9niosit\u00e9 technique pour une construction unique.\u00a0 \u00a0IJboulevard : un parking \u00e0 v\u00e9lo unique, situ\u00e9 sous le niveau de l\u2019eau, \u00e0 Amsterdam. \u00c0 l\u2019int\u00e9rieur, le bois habille la structure gr\u00e2ce \u00e0 des syst\u00e8mes de plafond et de rev\u00eatement mural Hunter Douglas.\u00a0 \u00a0Les Pays-Bas sont connus pour leur\u2026","rel":"","context":"Dans &quot;Actualit\u00e9 Entreprises&quot;","img":{"alt_text":"","src":"https:\/\/i2.wp.com\/batimedianews.com\/live\/wp-content\/uploads\/2023\/05\/HunterDouglas-Article.jpg?fit=1080%2C1080&ssl=1&resize=350%2C200","width":350,"height":200},"classes":[]},{"id":22648,"url":"https:\/\/batimedianews.com\/live\/index.php\/2022\/09\/06\/nouveau-chantier-vegecol-dans-loise-colas-realise-une-piste-cyclable-avec-un-enrobe-innovant-a-lempreinte-carbone-reduite\/","url_meta":{"origin":10863,"position":3},"title":"Nouveau chantier Vegecol dans l\u2019Oise : Colas r\u00e9alise une piste cyclable avec un enrob\u00e9 innovant \u00e0 l\u2019empreinte carbone r\u00e9duite","date":"6 septembre 2022","format":false,"excerpt":"Le 31 ao\u00fbt et le 1er septembre, les \u00e9quipes de Colas ont mis en \u0153uvre 5 500 m\u00b2 d\u2019enrob\u00e9 Vegecol, soit 2,2 km de piste, dans le cadre de l\u2019am\u00e9nagement d\u2019une voie verte reliant Pierrefonds \u00e0 Palesne en suivant le trac\u00e9 de l\u2019ancienne voie de chemin de fer. Les travaux\u2026","rel":"","context":"Dans &quot;am\u00e9nagement de sols&quot;","img":{"alt_text":"","src":"https:\/\/i0.wp.com\/batimedianews.com\/live\/wp-content\/uploads\/2022\/09\/Colas-Article.jpg?fit=1080%2C1080&ssl=1&resize=350%2C200","width":350,"height":200},"classes":[]},{"id":23769,"url":"https:\/\/batimedianews.com\/live\/index.php\/2022\/09\/29\/budget-2023-du-ministere-de-la-transition-ecologique\/","url_meta":{"origin":10863,"position":4},"title":"Budget 2023 du minist\u00e8re de la Transition\u2002\u00e9cologique et de la Coh\u00e9sion des territoires","date":"29 septembre 2022","format":false,"excerpt":"Dot\u00e9s de 60 Md\u20ac dans le projet de loi de finances pour 2023, les minist\u00e8res de la transition \u00e9cologique, de la coh\u00e9sion des territoires et de la transition \u00e9nerg\u00e9tique voient leurs budgets atteindre un niveau in\u00e9dit. Ce budget 2023 amorce la hausse de nos moyens avant la d\u00e9clinaison de nos\u2026","rel":"","context":"Dans &quot;Actualit\u00e9 Entreprises&quot;","img":{"alt_text":"","src":"https:\/\/i2.wp.com\/batimedianews.com\/live\/wp-content\/uploads\/2022\/09\/Ministeretransitioneco-Article.jpg?fit=1080%2C1080&ssl=1&resize=350%2C200","width":350,"height":200},"classes":[]},{"id":40148,"url":"https:\/\/batimedianews.com\/live\/index.php\/2024\/09\/30\/toyota-professional-presentera-a-batimat-sa-gamme-proace-entierement-renouvelee\/","url_meta":{"origin":10863,"position":5},"title":"Toyota Professional pr\u00e9sentera \u00e0 Batimat sa gamme PROACE enti\u00e8rement renouvel\u00e9e","date":"30 septembre 2024","format":false,"excerpt":"Toyota sera pr\u00e9sent \u00e0 Batimat, le salon des m\u00e9tiers du b\u00e2timent et de la construction, \u00e0 Paris du 30 septembre 3 octobreLes nouveaux PROACE, PROACE CITY et PROACE MAX seront expos\u00e9s, ainsi que le v\u00e9lo-cargo Toyota Cargo Verso, avec les solutions d'am\u00e9nagement et les services exclusifs destin\u00e9s aux professionnels.Toyota r\u00e9affirmera\u2026","rel":"","context":"Dans &quot;Actualit\u00e9 Entreprises&quot;","img":{"alt_text":"","src":"https:\/\/i2.wp.com\/batimedianews.com\/live\/wp-content\/uploads\/2024\/09\/Toyota_Batimat.jpg?fit=825%2C825&ssl=1&resize=350%2C200","width":350,"height":200},"classes":[]}],"_links":{"self":[{"href":"https:\/\/batimedianews.com\/live\/index.php\/wp-json\/wp\/v2\/posts\/10863"}],"collection":[{"href":"https:\/\/batimedianews.com\/live\/index.php\/wp-json\/wp\/v2\/posts"}],"about":[{"href":"https:\/\/batimedianews.com\/live\/index.php\/wp-json\/wp\/v2\/types\/post"}],"author":[{"embeddable":true,"href":"https:\/\/batimedianews.com\/live\/index.php\/wp-json\/wp\/v2\/users\/41"}],"replies":[{"embeddable":true,"href":"https:\/\/batimedianews.com\/live\/index.php\/wp-json\/wp\/v2\/comments?post=10863"}],"version-history":[{"count":2,"href":"https:\/\/batimedianews.com\/live\/index.php\/wp-json\/wp\/v2\/posts\/10863\/revisions"}],"predecessor-version":[{"id":11080,"href":"https:\/\/batimedianews.com\/live\/index.php\/wp-json\/wp\/v2\/posts\/10863\/revisions\/11080"}],"wp:featuredmedia":[{"embeddable":true,"href":"https:\/\/batimedianews.com\/live\/index.php\/wp-json\/wp\/v2\/media\/10864"}],"wp:attachment":[{"href":"https:\/\/batimedianews.com\/live\/index.php\/wp-json\/wp\/v2\/media?parent=10863"}],"wp:term":[{"taxonomy":"category","embeddable":true,"href":"https:\/\/batimedianews.com\/live\/index.php\/wp-json\/wp\/v2\/categories?post=10863"},{"taxonomy":"post_tag","embeddable":true,"href":"https:\/\/batimedianews.com\/live\/index.php\/wp-json\/wp\/v2\/tags?post=10863"}],"curies":[{"name":"wp","href":"https:\/\/api.w.org\/{rel}","templated":true}]}}