{"id":1143,"date":"2019-04-23T10:00:45","date_gmt":"2019-04-23T08:00:45","guid":{"rendered":"http:\/\/batimedialive.com\/?p=1143"},"modified":"2021-10-20T12:49:01","modified_gmt":"2021-10-20T10:49:01","slug":"sageglass-la-mediatheque-de-lodeve-choisit-le-vitrage-electrochrome-pour-un-maximum-de-confort","status":"publish","type":"post","link":"https:\/\/batimedianews.com\/live\/index.php\/2019\/04\/23\/sageglass-la-mediatheque-de-lodeve-choisit-le-vitrage-electrochrome-pour-un-maximum-de-confort\/","title":{"rendered":"SAGEGLASS : la m\u00e9diath\u00e8que de Lod\u00e8ve choisit le vitrage \u00e9lectrochrome pour un maximum de confort"},"content":{"rendered":"<p><img loading=\"lazy\" class=\"alignnone size-full wp-image-1145\" src=\"https:\/\/batimedialive.files.wordpress.com\/2019\/04\/sageglass.jpg?resize=720%2C587\" alt=\"sageglass\" width=\"720\" height=\"587\"  data-recalc-dims=\"1\"><br \/>\nLa construction d\u2019une nouvelle m\u00e9diath\u00e8que constitue la premi\u00e8re \u00e9tape de la cr\u00e9ation&nbsp; d\u2019un grand p\u00f4le culturel de la ville de Lod\u00e8ve et de la Communaut\u00e9 de communes&nbsp; Lod\u00e9vois et Larzac, appel\u00e9 \u00ab Confluence \u00bb. Cet \u00e9quipement public permettra l\u2019acc\u00e8s&nbsp;\u00e0 la connaissance et \u00e0 la culture pour tous. La R\u00e9gion Occitanie \/ Pyr\u00e9n\u00e9es-M\u00e9diterran\u00e9e a&nbsp; apport\u00e9 son soutien \u00e0 ce projet de construction qui a re\u00e7u la m\u00e9daille d\u2019argent du&nbsp; concours de l\u2019ADEME.<\/p>\n<h2>UNE R\u00c9NOVATION QUI VALORISE LE B\u00c2TIMENT EN L\u2019INSCRIVANT DANS SON ENVIRONNEMENT NATUREL<\/h2>\n<p>Le chantier de la m\u00e9diath\u00e8que de Lod\u00e8ve consiste en la r\u00e9habilitation d\u2019un lyc\u00e9e datant&nbsp; du 19e si\u00e8cle et en la construction d\u2019une annexe sur l\u2019ancienne cour de celui-ci. Ce projet de r\u00e9novation s\u2019organise en \u00e9ventail autour d\u2019une tour, vestige des anciens remparts de la ville, et d\u2019un patio. La m\u00e9diath\u00e8que a \u00e9t\u00e9 con\u00e7ue comme un espace tr\u00e8s ouvert avec&nbsp; des parois vitr\u00e9es qui apportent clart\u00e9 et luminosit\u00e9 \u00e0 l\u2019int\u00e9rieur du b\u00e2timent et mettent en valeur la beaut\u00e9 du site environnant, la ville \u00e9tant encaiss\u00e9e entre le Haut Languedoc, le pic de Saint-Loup et le plateau du Larzac. Ces baies ouvrent \u00e9galement le b\u00e2timent sur la ville, pour que le centre culturel soit visible et attractif avec, c\u00f4t\u00e9 place publique, une belle vue sur la cath\u00e9drale Saint-Fulcran, b\u00e2timent typique du gothique m\u00e9ridional.<\/p>\n<h2>UNE ARCHITECTURE DISTINCTIVE<\/h2>\n<p>La m\u00e9diath\u00e8que affirme une identit\u00e9 forte, notamment au travers d\u2019une ossature en bois l\u00e9g\u00e8re pour un rendu esth\u00e9tique et chaleureux, d\u2019une ombrelle qui la prot\u00e8ge du soleil c\u00f4t\u00e9 sud et de vitrages dynamiques SageGlass install\u00e9s sur la fa\u00e7ade ouest et dans une verri\u00e8re. Ces derniers permettent \u00e0 la m\u00e9diath\u00e8que d\u2019\u00eatre r\u00e9ellement innovante et de se passer de stores, qui auraient compromis le design voulu par les architectes et auraient requis une maintenance intensive.<\/p>\n<h2>\nDES MAT\u00c9RIAUX INNOVANTS POUR&nbsp;UN B\u00c2TIMENT PERFORMANT ET CONFORTABLE<\/h2>\n<p>Le choix du vitrage \u00e9lectrochrome SageGlass s\u2019est \u00e9galement impos\u00e9 pour des raisons de&nbsp; confort. La ville \u00e9tant encaiss\u00e9e, elle subit des temp\u00e9ratures tr\u00e8s chaudes l\u2019\u00e9t\u00e9 et tr\u00e8s&nbsp; froides l\u2019hiver ; il \u00e9tait donc inenvisageable de se passer de protection solaire. Pour&nbsp; maintenir l\u2019esth\u00e9tique d\u2019un b\u00e2timent sans store et tr\u00e8s vitr\u00e9, tout en contr\u00f4lant les&nbsp; apports de chaleur et l\u2019\u00e9blouissement, les vitrages SageGlass, qui se teintent en fonction&nbsp; de la luminosit\u00e9 ext\u00e9rieure, \u00e9taient la solution id\u00e9ale. Ils font en outre p\u00e9n\u00e9trer un&nbsp; maximum de lumi\u00e8re naturelle \u00e0 l\u2019int\u00e9rieur du b\u00e2timent, et garantissent donc le confort&nbsp; thermique et visuel de ses occupants.<br \/>\nUn plancher chauffant a \u00e9galement \u00e9t\u00e9 install\u00e9, dont la composition en bois et laine de verre isolante absorbe le son diffus\u00e9 dans des espaces largement ouverts, pour un grand confort acoustique.<br \/>\nLes solutions sont donc r\u00e9unies pour en faire un b\u00e2timent confortable en toutes saisons,&nbsp; utilisant le moins d\u2019\u00e9nergie possible.<br \/>\nLes architectes se sont d\u2019ailleurs appuy\u00e9s sur les exigences des r\u00e9f\u00e9rentiels HQE (Haute Qualit\u00e9 Environnementale) et BBC Effinergie R\u00e9novation, qui distinguent les b\u00e2timents ayant de tr\u00e8s bonnes performances environnementales et \u00e9nerg\u00e9tiques. Le ma\u00eetre&nbsp; d\u2019oeuvre a ainsi privil\u00e9gi\u00e9 l\u2019utilisation de mat\u00e9riaux naturels (fibre de bois, laine de&nbsp; roche) pour renforcer l\u2019isolation et garantir l\u2019\u00e9tanch\u00e9it\u00e9 du b\u00e2timent. Le vitrage \u00e9lectrochrome a \u00e9galement contribu\u00e9 \u00e0 cet effort en limitant la consommation&nbsp; \u00e9nerg\u00e9tique du b\u00e2timent et en optimisant le confort de ses occupants.<br \/>\nEnfin, la d\u00e9marche BDO (B\u00e2timent Durable Occitanie), un outil p\u00e9dagogique&nbsp; d\u2019accompagnement et d\u2019\u00e9valuation sur les aspects environnementaux, sociaux et \u00e9conomiques du b\u00e2timent dans le cadre des sp\u00e9cificit\u00e9s architecturales de la r\u00e9gion a salu\u00e9 le choix du vitrage SageGlass pour la r\u00e9habilitation de ce b\u00e2timent ancien.<\/p>\n","protected":false},"excerpt":{"rendered":"<p>La construction d\u2019une nouvelle m\u00e9diath\u00e8que constitue la premi\u00e8re \u00e9tape de la cr\u00e9ation&nbsp; d\u2019un grand p\u00f4le culturel de la ville de Lod\u00e8ve et de la Communaut\u00e9 de communes&nbsp; Lod\u00e9vois et Larzac, appel\u00e9 \u00ab Confluence \u00bb. Cet \u00e9quipement public permettra l\u2019acc\u00e8s&nbsp;\u00e0 la connaissance et \u00e0 la culture pour tous. La R\u00e9gion Occitanie \/ Pyr\u00e9n\u00e9es-M\u00e9diterran\u00e9e a&nbsp; apport\u00e9 son [&hellip;]<\/p>\n","protected":false},"author":2,"featured_media":2131,"comment_status":"open","ping_status":"open","sticky":false,"template":"","format":"standard","meta":{"spay_email":""},"categories":[4,137],"tags":[],"jetpack_featured_media_url":"https:\/\/i0.wp.com\/batimedianews.com\/live\/wp-content\/uploads\/2019\/08\/dsc3921.jpg?fit=2464%2C1632&ssl=1","jetpack_sharing_enabled":true,"jetpack_likes_enabled":true,"jetpack-related-posts":[{"id":21799,"url":"https:\/\/batimedianews.com\/live\/index.php\/2022\/07\/12\/innovation-et-construction-inauguration-du-laboratoire-fresnel-plateforme-dessais-du-cstb-dediee-aux-vitrages\/","url_meta":{"origin":1143,"position":0},"title":"Innovation et Construction : Inauguration du laboratoire Fresnel, plateforme d\u2019essais du CSTB d\u00e9di\u00e9e aux vitrages","date":"12 juillet 2022","format":false,"excerpt":"cr\u00e9dit photo : Florence Joubert Ce mardi 5 juillet, sur son site de Saint-Martin-d\u2019H\u00e8res, pr\u00e8s de Grenoble, le Centre Scientifique et Technique du B\u00e2timent \u2013 CSTB, a inaugur\u00e9 le laboratoire Fresnel.\u00a0 Avec cette nouvelle plateforme d\u2019essais d\u00e9di\u00e9e aux vitrages, le CSTB met \u00e0 disposition des acteurs fran\u00e7ais et europ\u00e9ens un\u2026","rel":"","context":"Dans &quot;Actualit\u00e9 Entreprises&quot;","img":{"alt_text":"","src":"https:\/\/i0.wp.com\/batimedianews.com\/live\/wp-content\/uploads\/2022\/07\/cstb-1.jpg?fit=1080%2C1080&ssl=1&resize=350%2C200","width":350,"height":200},"classes":[]},{"id":19905,"url":"https:\/\/batimedianews.com\/live\/index.php\/2022\/05\/10\/glasspro-live-un-outil-developpe-par-saint-gobain-qui-permet-aux-architectes-de-simuler-le-rendu-esthetique-des-vitrages-selon-les-caracteristiques-specifiques-du-projet\/","url_meta":{"origin":1143,"position":1},"title":"GLASSPRO LIVE : un outil d\u00e9velopp\u00e9 par SAINT GOBAIN qui permet aux architectes de simuler le rendu esth\u00e9tique des vitrages selon les caract\u00e9ristiques sp\u00e9cifiques du projet.","date":"10 mai 2022","format":false,"excerpt":"\u00a9 Johnny YIM\u00a0 Saint-Gobain met \u00e0 disposition des architectes un service permettant d'affiner le choix de leurs vitrages gr\u00e2ce \u00e0 l\u2019outil num\u00e9rique GLASSPRO LIVE.\u00a0 Ce simulateur scientifique prend en compte les sp\u00e9cificit\u00e9s de l\u2019environnement du b\u00e2timent ainsi que les performances mesur\u00e9es des vitrages choisis pour obtenir une image num\u00e9rique pr\u00e9cise\u2026","rel":"","context":"Dans &quot;Actualit\u00e9 Entreprises&quot;","img":{"alt_text":"","src":"https:\/\/i2.wp.com\/batimedianews.com\/live\/wp-content\/uploads\/2022\/05\/SaintGobain-Article.jpg?fit=1080%2C1080&ssl=1&resize=350%2C200","width":350,"height":200},"classes":[]},{"id":13514,"url":"https:\/\/batimedianews.com\/live\/index.php\/2021\/11\/02\/un-vitrage-irreprochable-est-primordial-pour-les-mega-projets-a-new-york\/","url_meta":{"origin":1143,"position":2},"title":"Un vitrage irr\u00e9prochable est primordial pour les m\u00e9ga-projets \u00e0 New York","date":"2 novembre 2021","format":false,"excerpt":"Le plus haut niveau de garantie pour l'\u00e9lite du warm edge avec joint en silicone et Super Spacer\u00ae. Qu'il s'agisse de r\u00e9novation ou de nouveaux projets \u2013 le fabricant de vitrage isolant de haute qualit\u00e9 AGC INTERPANE b\u00e9n\u00e9ficie d'un flux constant de projets \u00e0 New York. Le syst\u00e8me d'intercalaire warm\u2026","rel":"","context":"Dans &quot;Actualit\u00e9 Entreprises&quot;","img":{"alt_text":"","src":"https:\/\/i2.wp.com\/batimedianews.com\/live\/wp-content\/uploads\/2021\/10\/Edgetech-Article.jpg?fit=512%2C512&ssl=1&resize=350%2C200","width":350,"height":200},"classes":[]},{"id":10898,"url":"https:\/\/batimedianews.com\/live\/index.php\/2021\/07\/13\/le-vitrage-eclaz-one-au-coeur-dun-projet-alpin\/","url_meta":{"origin":1143,"position":3},"title":"LE VITRAGE ECLAZ ONE AU COEUR D\u2019UN PROJET ALPIN","date":"13 juillet 2021","format":false,"excerpt":"Parfaite transparence des baies et performances thermiques adapt\u00e9es pour l\u2019Atelier Monts & Merveilles\u00a0 \u00a0A Serre-Chevalier, non loin du Parc National des Ecrins, se trouve l\u2019atelier d\u2019\u00e9b\u00e9nisterie Monts & Merveilles, une entreprise au carrefour de la cr\u00e9ation d\u2019int\u00e9rieur et de l\u2019\u00e9b\u00e9nisterie d\u2019exception. Le propri\u00e9taire Cl\u00e9ment Goudet, \u00e9b\u00e9niste menuisier de profession et\u2026","rel":"","context":"Dans &quot;Actualit\u00e9 Entreprises&quot;","img":{"alt_text":"","src":"https:\/\/i1.wp.com\/batimedianews.com\/live\/wp-content\/uploads\/2021\/07\/SaintGobain-Article.jpg?fit=512%2C512&ssl=1&resize=350%2C200","width":350,"height":200},"classes":[]},{"id":9340,"url":"https:\/\/batimedianews.com\/live\/index.php\/2021\/04\/26\/immeuble-de-bureaux-curve-plaine-saint-denis-le-vitrage-saint-gobain-cool-lite-xtreme-70-33-plebiscite-par-les-architectes-pour-ses-performances-et-son-esthetisme\/","url_meta":{"origin":1143,"position":4},"title":"IMMEUBLE DE BUREAUX CURVE, PLAINE SAINT-DENIS Le vitrage Saint-Gobain COOL-LITE\u00ae XTREME 70\/33 pl\u00e9biscit\u00e9 par les architectes pour ses performances et son esth\u00e9tisme","date":"26 avril 2021","format":false,"excerpt":"Au coeur de la ZAC Montjoie \u00e0 Saint-Denis (93), se dresse d\u00e9sormais CURVE, b\u00e2timent remarquable par ses volumes tout en courbe et ses 24 000 m2 de bureaux, sign\u00e9 par les architectes du Cabinet Chartier Dalix. L\u2019\u00e9difice poss\u00e8de l\u2019une des plus grandes \u00e9co-structures en bois d\u2019Europe. Il s\u2019int\u00e8gre parfaitement dans\u2026","rel":"","context":"Dans &quot;Actualit\u00e9 Entreprises&quot;","img":{"alt_text":"","src":"https:\/\/i1.wp.com\/batimedianews.com\/live\/wp-content\/uploads\/2021\/04\/image-181.png?fit=932%2C538&ssl=1&resize=350%2C200","width":350,"height":200},"classes":[]},{"id":30584,"url":"https:\/\/batimedianews.com\/live\/index.php\/2023\/08\/28\/le-square-se-mobilise-au-forum-renodays-2023-un-collectif-dindustriels-engages-pour-renover-le-logement-autrement\/","url_meta":{"origin":1143,"position":5},"title":"\u00ab LE SQUARE \u00bb se mobilise au Forum RENODAYS 2023 &#8211; Un collectif d\u2019industriels engag\u00e9s pour r\u00e9nover le logement autrement","date":"28 ao\u00fbt 2023","format":false,"excerpt":"Situ\u00e9 dans le hall 6 du Parc des Expositions de la Porte de Versailles, la premi\u00e8re \u00e9dition du Forum Renodays ouvrira ses portes les 12 et 13 septembre 2023. Ev\u00e9nement d\u00e9di\u00e9 \u00e0 la r\u00e9novation \u00e9nerg\u00e9tique du logement, il proposera des th\u00e9matiques visant \u00e0 sensibiliser et \u00e0 mobiliser les professionnels du\u2026","rel":"","context":"Dans &quot;Actualit\u00e9 Entreprises&quot;","img":{"alt_text":"","src":"https:\/\/i1.wp.com\/batimedianews.com\/live\/wp-content\/uploads\/2023\/08\/Le-Square_Reynaers-article.jpg?fit=1080%2C1080&ssl=1&resize=350%2C200","width":350,"height":200},"classes":[]}],"_links":{"self":[{"href":"https:\/\/batimedianews.com\/live\/index.php\/wp-json\/wp\/v2\/posts\/1143"}],"collection":[{"href":"https:\/\/batimedianews.com\/live\/index.php\/wp-json\/wp\/v2\/posts"}],"about":[{"href":"https:\/\/batimedianews.com\/live\/index.php\/wp-json\/wp\/v2\/types\/post"}],"author":[{"embeddable":true,"href":"https:\/\/batimedianews.com\/live\/index.php\/wp-json\/wp\/v2\/users\/2"}],"replies":[{"embeddable":true,"href":"https:\/\/batimedianews.com\/live\/index.php\/wp-json\/wp\/v2\/comments?post=1143"}],"version-history":[{"count":2,"href":"https:\/\/batimedianews.com\/live\/index.php\/wp-json\/wp\/v2\/posts\/1143\/revisions"}],"predecessor-version":[{"id":2395,"href":"https:\/\/batimedianews.com\/live\/index.php\/wp-json\/wp\/v2\/posts\/1143\/revisions\/2395"}],"wp:featuredmedia":[{"embeddable":true,"href":"https:\/\/batimedianews.com\/live\/index.php\/wp-json\/wp\/v2\/media\/2131"}],"wp:attachment":[{"href":"https:\/\/batimedianews.com\/live\/index.php\/wp-json\/wp\/v2\/media?parent=1143"}],"wp:term":[{"taxonomy":"category","embeddable":true,"href":"https:\/\/batimedianews.com\/live\/index.php\/wp-json\/wp\/v2\/categories?post=1143"},{"taxonomy":"post_tag","embeddable":true,"href":"https:\/\/batimedianews.com\/live\/index.php\/wp-json\/wp\/v2\/tags?post=1143"}],"curies":[{"name":"wp","href":"https:\/\/api.w.org\/{rel}","templated":true}]}}