{"id":1177,"date":"2019-04-23T10:14:11","date_gmt":"2019-04-23T08:14:11","guid":{"rendered":"http:\/\/batimedialive.com\/?p=1177"},"modified":"2021-10-20T12:48:52","modified_gmt":"2021-10-20T10:48:52","slug":"ga-smart-building-va-realiser-22-000-m2-de-bureaux-avec-batipart-a-malakoff-pour-safran","status":"publish","type":"post","link":"https:\/\/batimedianews.com\/live\/index.php\/2019\/04\/23\/ga-smart-building-va-realiser-22-000-m2-de-bureaux-avec-batipart-a-malakoff-pour-safran\/","title":{"rendered":"GA Smart Building va r\u00e9aliser 22 000 M2 de bureaux avec Batipart \u00e0 Malakoff pour Safran"},"content":{"rendered":"<p style=\"text-align:justify;\">L\u2019op\u00e9ration de \u00ab Sale and Lease Back \u00bb men\u00e9e par Safran au travers d\u2019une consultation promoteur\/investisseur avait \u00e9t\u00e9 remport\u00e9e par&nbsp;GA Smart Building et Batipart mi 2018. L\u2019ancien site tertiaire vendu par Safran fait l\u2019objet d\u2019une d\u00e9molition pour la construction d\u2019un immeuble de&nbsp;pr\u00e8s de 22 000 m\u00b2 de bureaux de derni\u00e8re g\u00e9n\u00e9ration dans lequel Safran s\u2019installera en location avant fin 2021.<br \/>\nDessin\u00e9 par Studios Architecture, le projet situ\u00e9 boulevard Charles de Gaulle \u00e0 Malakoff, a \u00e9t\u00e9 pens\u00e9 pour s\u2019int\u00e9grer parfaitement \u00e0 son environnement&nbsp;urbain, avec une&nbsp; enveloppe architecturale sobre et \u00e9l\u00e9gante. Le projet d\u00e9veloppe une image lin\u00e9aire et fluide sur le boulevard avec une fa\u00e7ade&nbsp;majoritairement vitr\u00e9e, tandis que le b\u00e2timent en coeur d\u2019\u00eelot est agr\u00e9ment\u00e9 de balcons v\u00e9g\u00e9talis\u00e9s pour s\u2019adapter au caract\u00e8re&nbsp; r\u00e9sidentiel avoisinant.<br \/>\nContemporain et durable, l\u2019immeuble proposera une v\u00e9ritable approche biophilique en offrant \u00e0 ses utilisateurs un cadre de vie v\u00e9g\u00e9talis\u00e9, avec de&nbsp;belles terrasses agr\u00e9ment\u00e9es d\u2019un potager urbain et un jardin en coeur d\u2019\u00eelot.<br \/>\nL\u2019op\u00e9ration sera certifi\u00e9e HQE\u00ae Tr\u00e8s Performant, \u00ab Well \u00bb niveau Gold et labellis\u00e9&nbsp; Effinergie +.<br \/>\nL\u2019ensemble immobilier se d\u00e9veloppera sur sept \u00e9tages et propose de vastes plateaux de bureaux flexibles et modulables destin\u00e9s \u00e0 s\u2019adapter aux&nbsp;nouvelles formes d\u2019organisation du travail. Il repose enfin sur un socle actif avec de nombreux services visant \u00e0 am\u00e9liorer la qualit\u00e9 de vie des lieux :&nbsp;conciergerie, salles de r\u00e9union modulables, fitness, restaurant et caf\u00e9t\u00e9ria.<br \/>\nGr\u00e2ce \u00e0 l\u2019approche industrielle hors-site mise au point par GA Smart Building, la&nbsp; construction des 22 000 m\u00b2 de bureaux se fera en un temps&nbsp;record. Le Groupe ma\u00eetrise chacune des \u00e9tapes de la construction, depuis la mod\u00e9lisation en FullBIM, en passant par la fabrication des \u00e9l\u00e9ments&nbsp;de structure, de fa\u00e7ades et des \u00e9quipements de confort dans ses usines, jusqu\u2019\u00e0 leur assemblage sur site. Cette approche unique assure ainsi une&nbsp;qualit\u00e9 de r\u00e9alisation et ma\u00eetrise des d\u00e9lais, tout en minimisant au maximum&nbsp; l\u2019impact environnemental du chantier et les nuisances aux riverains.<br \/>\nLes travaux de d\u00e9molition ont d\u00e9but\u00e9 en mai 2019 pour une livraison fin 2021.<br \/>\n\u00c0 terme, 1 500 collaborateurs seront accueillis dans ces nouveaux locaux.<\/p>\n<p style=\"text-align:justify;\">L\u2019immeuble sera d\u00e9tenu par trois co investisseurs : COVEA et ACM, aux c\u00f4t\u00e9s de Batipart.<br \/>\nLe Groupe Safran sera locataire du futur ensemble immobilier r\u00e9alis\u00e9 par GA Smart&nbsp; Building pour le compte de Batipart \u00e0 travers un Contrat de&nbsp;Promotion Immobili\u00e8re.<\/p>\n<blockquote>\n<p style=\"text-align:justify;\">\u00ab Nous sommes ravis d\u2019accompagner aujourd\u2019hui le Groupe Safran dans son&nbsp; d\u00e9veloppement. L\u2019ambition de ce projet est d\u2019offrir un cadre de travail&nbsp;dynamique et inspirant en permettant \u00e0 ses collaborateurs de travailler au contact de la nature, dans les meilleures conditions. \u00bb S\u00e9bastien Matty,&nbsp;Pr\u00e9sident de GA Smart Building<\/p>\n<\/blockquote>\n<p style=\"text-align:justify;\">Cette op\u00e9ration constitue le premier investissement r\u00e9alis\u00e9 dans le cadre du Fonds de D\u00e9veloppement lanc\u00e9 par Batipart d\u00e9but 2018 avec ses&nbsp;partenaires investisseurs.<\/p>\n<blockquote>\n<p style=\"text-align:justify;\">\u00ab Batipart et ses partenaires ACM et COVEA sont fiers de r\u00e9aliser une op\u00e9ration tertiaire vertueuse de 22 000 m\u00b2 aux c\u00f4t\u00e9s de GA Smart Building&nbsp;et Safran, deux partenaires de qualit\u00e9. Cette op\u00e9ration de r\u00e9g\u00e9n\u00e9ration participe en outre au renouveau urbain de la commune de Malakoff. \u00bb&nbsp;Thomas Camus, Directeur g\u00e9n\u00e9ral d\u00e9veloppement au sein de Batipart.<\/p>\n<\/blockquote>\n","protected":false},"excerpt":{"rendered":"<p>L\u2019op\u00e9ration de \u00ab Sale and Lease Back \u00bb men\u00e9e par Safran au travers d\u2019une consultation promoteur\/investisseur avait \u00e9t\u00e9 remport\u00e9e par&nbsp;GA Smart Building et Batipart mi 2018. L\u2019ancien site tertiaire vendu par Safran fait l\u2019objet d\u2019une d\u00e9molition pour la construction d\u2019un immeuble de&nbsp;pr\u00e8s de 22 000 m\u00b2 de bureaux de derni\u00e8re g\u00e9n\u00e9ration dans lequel Safran s\u2019installera [&hellip;]<\/p>\n","protected":false},"author":2,"featured_media":2138,"comment_status":"open","ping_status":"open","sticky":false,"template":"","format":"standard","meta":{"spay_email":""},"categories":[4],"tags":[],"jetpack_featured_media_url":"https:\/\/i0.wp.com\/batimedianews.com\/live\/wp-content\/uploads\/2019\/08\/ga.jpg?fit=898%2C542&ssl=1","jetpack_sharing_enabled":true,"jetpack_likes_enabled":true,"jetpack-related-posts":[{"id":22384,"url":"https:\/\/batimedianews.com\/live\/index.php\/2022\/08\/17\/dossier-presse-architecte-le-campus-connect-et-son-parc-paysage-se-developpent-sur-un-site-de-plus-de-2-hectares\/","url_meta":{"origin":1177,"position":0},"title":"Le campus connect et son parc paysag\u00e9 se d\u00e9veloppent sur un site de plus de 2 hectares.","date":"17 ao\u00fbt 2022","format":false,"excerpt":"GA Smart Building a lanc\u00e9 les travaux en mai 2020 d\u2019un nouvel ensemble immobilier avec des b\u00e2timents de bureaux et un b\u00e2timent de services pour Alcatel-Lucent Enterprise, \u00e0 Illkirch-Graffenstaden (67).\u00a0 Ma\u00eetrise d\u2019ouvrage\u00a0- Groupe GA Smart Buiding\u00a0 Ma\u00eetrise d\u2019oeuvre\u00a0- Studio Montazami\u00a0 Localisation\u00a0- Parc D\u2019innovation d\u2019Illkirch, Illkirch-Graffenstaden, France\u00a0 Programme\u00a0- Bureaux\u00a0\/ Restaurant inter-entreprise\u00a0\u2026","rel":"","context":"Dans &quot;Actualit\u00e9 Entreprises&quot;","img":{"alt_text":"","src":"https:\/\/i2.wp.com\/batimedianews.com\/live\/wp-content\/uploads\/2022\/08\/StudioMontaza-Article.jpg?fit=1080%2C1080&ssl=1&resize=350%2C200","width":350,"height":200},"classes":[]},{"id":25140,"url":"https:\/\/batimedianews.com\/live\/index.php\/2022\/12\/02\/smart-hospital-la-smart-building-alliance-devoile-un-cadre-de-reference\/","url_meta":{"origin":1177,"position":1},"title":"\u2002\u00a0\u00bb Smart hospital \u00a0\u00bb : la smart building alliance d\u00e9voile  R2S 4 CARE , un cadre de r\u00e9f\u00e9rence in\u00e9dit qui met le num\u00e9rique au service du b\u00e2timent hospitalier et de tous ses usagers","date":"2 d\u00e9cembre 2022","format":false,"excerpt":"L\u2019association Smart Buildings Alliance (SBA), qui f\u00e9d\u00e8re plus de 450 entreprises de la fili\u00e8re du b\u00e2timent et de la ville, pr\u00e9sente son nouveau cadre de r\u00e9f\u00e9rence Ready2Services 4 Care \u00e0 destination de l\u2019\u00e9cosyst\u00e8me hospitalier.D\u00e9clin\u00e9 du r\u00e9f\u00e9rentiel Ready2services et \u00e9labor\u00e9 par la commission \" Smart Hospital \" de la SBA, ce\u2026","rel":"","context":"Dans &quot;Actualit\u00e9 Entreprises&quot;","img":{"alt_text":"","src":"https:\/\/i2.wp.com\/batimedianews.com\/live\/wp-content\/uploads\/2022\/11\/SBA-Article.jpg?fit=1080%2C1080&ssl=1&resize=350%2C200","width":350,"height":200},"classes":[]},{"id":13542,"url":"https:\/\/batimedianews.com\/live\/index.php\/2021\/11\/03\/730-lames-fixes-en-aluminium-rectiligne-de-tellier-brise-soleil-rythment-et-animent-les-facades-du-nouveau-campus-orange-tolosa-a-balma-31\/","url_meta":{"origin":1177,"position":2},"title":"730 LAMES FIXES EN ALUMINIUM RECTI\u2019LIGNE DE TELLIER BRISE-SOLEIL RYTHMENT ET ANIMENT LES FA\u00c7ADES DU NOUVEAU CAMPUS ORANGE TOLOSA \u00c0 BALMA (31)","date":"3 novembre 2021","format":false,"excerpt":"\u00a0Le campus Orange Tolosa \u00e0 Balma (31) se compose de 4 b\u00e2timents tertiaires \u00e9quip\u00e9s de brise-soleil RECTI\u2019LIGNE de TELLIER BRISE-SOLEIL, un restaurant et un parking silo. \u00ae Kevin DOLMAIRE \/ TELLIER BRISE-SOLEIL. \u00a0Livr\u00e9 en d\u00e9but d\u2019ann\u00e9e 2021, le nouvel ensemble de bureaux \u201cCampus Orange Tolosa\u201d qui se compose de 4\u2026","rel":"","context":"Dans &quot;Actualit\u00e9 Entreprises&quot;","img":{"alt_text":"","src":"https:\/\/i1.wp.com\/batimedianews.com\/live\/wp-content\/uploads\/2021\/11\/Tellier-Article.jpg?fit=512%2C512&ssl=1&resize=350%2C200","width":350,"height":200},"classes":[]},{"id":42760,"url":"https:\/\/batimedianews.com\/live\/index.php\/2025\/02\/11\/les-systemes-cvc-et-ranbox-de-wieland-electric-des-solutions-innovantes-pour-les-projets-smart-building\/","url_meta":{"origin":1177,"position":3},"title":"Les syst\u00e8mes CVC et RANBOX de Wieland Electric, des solutions innovantes pour les projets Smart Building","date":"11 f\u00e9vrier 2025","format":false,"excerpt":"Wieland Electric, leader en solutions d'installation \u00e9lectrique, renforce son engagement envers l'innovation et l'efficacit\u00e9 \u00e9nerg\u00e9tique dans le secteur du b\u00e2timent avec ses solutions CVC et RANBOX. Ces syst\u00e8mes int\u00e9gr\u00e9s sont con\u00e7us pour r\u00e9pondre aux besoins croissants des projets de Smart Building, en offrant une distribution d\u00e9centralis\u00e9e et une gestion optimale\u2026","rel":"","context":"Dans &quot;Actualit\u00e9 Entreprises&quot;","img":{"alt_text":"","src":"https:\/\/i1.wp.com\/batimedianews.com\/live\/wp-content\/uploads\/2025\/02\/wieland-articles-.jpg?fit=825%2C825&ssl=1&resize=350%2C200","width":350,"height":200},"classes":[]},{"id":8986,"url":"https:\/\/batimedianews.com\/live\/index.php\/2021\/04\/27\/loperation-rueil-terray-de-nexity-seul-projet-residentiel-prive-selectionne-dans-le-2eme-appel-a-projet-du-plan-bim-2022\/","url_meta":{"origin":1177,"position":4},"title":"L\u2019OP\u00c9RATION RUEIL TERRAY DE NEXITY, SEUL PROJET R\u00c9SIDENTIEL PRIV\u00c9 SELECTIONN\u00c9 DANS LE 2\u00e8me APPEL \u00c0 PROJET DU PLAN BIM 2022","date":"27 avril 2021","format":false,"excerpt":"Nexity, \u00e0 travers son op\u00e9ration Rueil Terray, a \u00e9t\u00e9 retenu dans le cadre du 2\u00e8me appel \u00e0 projet du plan BIM 2022, dont l\u2019objectif est d\u2019exp\u00e9rimenter les d\u00e9marches qualit\u00e9 en BIM, bas\u00e9es sur la mod\u00e9lisation 3D des informations techniques des b\u00e2timents. Il s\u2019agit du seul projet r\u00e9sidentiel priv\u00e9 s\u00e9lectionn\u00e9 par\u2026","rel":"","context":"Dans &quot;Actualit\u00e9 Entreprises&quot;","img":{"alt_text":"","src":"https:\/\/i0.wp.com\/batimedianews.com\/live\/wp-content\/uploads\/2021\/03\/image-187.png?fit=754%2C454&ssl=1&resize=350%2C200","width":350,"height":200},"classes":[]},{"id":46160,"url":"https:\/\/batimedianews.com\/live\/index.php\/2025\/07\/30\/immobilier-decouvrez-les-projets-innovants-et-durables-de-votre-region\/","url_meta":{"origin":1177,"position":5},"title":"Immobilier : D\u00e9couvrez les projets innovants et durables de votre r\u00e9gion","date":"30 juillet 2025","format":false,"excerpt":"Mitsubishi Electric, acteur majeur du chauffage et de la climatisation, lance la 3\u00e8me \u00e9dition des Troph\u00e9es 3 Diamants, un concours qui r\u00e9compense les projets immobiliers innovants et respectueux de l\u2019environnement. Retrouvez les 10 projets en comp\u00e9tition en r\u00e9gion \u00cele-de-France, \u00e0 Cachan, Arcueil (94), Malakoff, Neuilly-sur-Seine (92), Saint-Denis (93), Nozay (91)\u2026","rel":"","context":"Dans &quot;Actualit\u00e9 Entreprises&quot;","img":{"alt_text":"","src":"https:\/\/i2.wp.com\/batimedianews.com\/live\/wp-content\/uploads\/2025\/07\/MitsubishiElectric.jpg?fit=825%2C825&ssl=1&resize=350%2C200","width":350,"height":200},"classes":[]}],"_links":{"self":[{"href":"https:\/\/batimedianews.com\/live\/index.php\/wp-json\/wp\/v2\/posts\/1177"}],"collection":[{"href":"https:\/\/batimedianews.com\/live\/index.php\/wp-json\/wp\/v2\/posts"}],"about":[{"href":"https:\/\/batimedianews.com\/live\/index.php\/wp-json\/wp\/v2\/types\/post"}],"author":[{"embeddable":true,"href":"https:\/\/batimedianews.com\/live\/index.php\/wp-json\/wp\/v2\/users\/2"}],"replies":[{"embeddable":true,"href":"https:\/\/batimedianews.com\/live\/index.php\/wp-json\/wp\/v2\/comments?post=1177"}],"version-history":[{"count":1,"href":"https:\/\/batimedianews.com\/live\/index.php\/wp-json\/wp\/v2\/posts\/1177\/revisions"}],"predecessor-version":[{"id":2392,"href":"https:\/\/batimedianews.com\/live\/index.php\/wp-json\/wp\/v2\/posts\/1177\/revisions\/2392"}],"wp:featuredmedia":[{"embeddable":true,"href":"https:\/\/batimedianews.com\/live\/index.php\/wp-json\/wp\/v2\/media\/2138"}],"wp:attachment":[{"href":"https:\/\/batimedianews.com\/live\/index.php\/wp-json\/wp\/v2\/media?parent=1177"}],"wp:term":[{"taxonomy":"category","embeddable":true,"href":"https:\/\/batimedianews.com\/live\/index.php\/wp-json\/wp\/v2\/categories?post=1177"},{"taxonomy":"post_tag","embeddable":true,"href":"https:\/\/batimedianews.com\/live\/index.php\/wp-json\/wp\/v2\/tags?post=1177"}],"curies":[{"name":"wp","href":"https:\/\/api.w.org\/{rel}","templated":true}]}}