{"id":1188,"date":"2019-04-23T10:28:29","date_gmt":"2019-04-23T08:28:29","guid":{"rendered":"http:\/\/batimedialive.com\/?p=1188"},"modified":"2021-10-20T12:48:47","modified_gmt":"2021-10-20T10:48:47","slug":"la-centrale-unibeton-de-dijon-saint-apollinaire-21-devoile-son-nouveau-showroom-dedie-aux-betons-decoratifs","status":"publish","type":"post","link":"https:\/\/batimedianews.com\/live\/index.php\/2019\/04\/23\/la-centrale-unibeton-de-dijon-saint-apollinaire-21-devoile-son-nouveau-showroom-dedie-aux-betons-decoratifs\/","title":{"rendered":"La Centrale Unib\u00e9ton de Dijon Saint Apollinaire (21) d\u00e9voile son nouveau showroom d\u00e9di\u00e9 aux b\u00e9tons d\u00e9coratifs"},"content":{"rendered":"<h2>Portes ouvertes le jeudi 25 avril pour d\u00e9couvrir ce nouveau showroom et assister \u00e0 des d\u00e9monstrations techniques.<br \/>\nCentrale Unib\u00e9ton Dijon Saint Apollinaire &#8211; 5, rue en Rosey, 21850 Saint-Apollinaire.<\/h2>\n<p>&nbsp;<\/p>\n<p style=\"text-align:justify;\">La centrale de Dijon Saint Apollinaire a rejoint en octobre 2018 le&nbsp;dispositif industriel Unib\u00e9ton de la r\u00e9gion Est, qui compte 33 sites&nbsp;de production de b\u00e9ton pr\u00eat \u00e0 l\u2019emploi r\u00e9partis sur 9 d\u00e9partements.<br \/>\nElle d\u00e9veloppe une tr\u00e8s large gamme de solutions d\u00e9coratives pour&nbsp;donner du caract\u00e8re aux am\u00e9nagements ext\u00e9rieurs. Si ces b\u00e9tons&nbsp;se r\u00e9v\u00e8lent des plus vari\u00e9s (d\u00e9sactiv\u00e9s,&nbsp; balay\u00e9s, imprim\u00e9s, granit\u00e9s,&nbsp;sabl\u00e9s, luminescents, scintillants ou encore drainants), tous&nbsp;r\u00e9pondent \u00e0 une m\u00eame volont\u00e9 d\u2019am\u00e9liorer le cadre de vie,&nbsp;notamment urbain.<br \/>\nEt pour mieux rendre compte des qualit\u00e9s intrins\u00e8ques de ce&nbsp;mat\u00e9riau qui multiplie formes, couleurs et usages, le site de Dijon&nbsp;Saint Apollinaire lui consacre un showroom ext\u00e9rieur de 80 m\u00b2.&nbsp;Autre particularit\u00e9 de cette centrale : elle affiche \u201cz\u00e9ro rejet\u201d.<\/p>\n<h2 style=\"text-align:justify;\">Cr\u00e9ativit\u00e9, praticit\u00e9 et durabilit\u00e9 :<br \/>\nle triptyque gagnant des b\u00e9tons d\u00e9coratifs Unib\u00e9ton<\/h2>\n<p style=\"text-align:justify;\"><img loading=\"lazy\" class=\" size-full wp-image-1197 alignleft\" src=\"https:\/\/batimedialive.files.wordpress.com\/2019\/04\/unibeton4.jpg?resize=301%2C714\" alt=\"unibeton4\" width=\"301\" height=\"714\"  data-recalc-dims=\"1\">Gr\u00e2ce \u00e0 son nouveau showroom inaugur\u00e9 ce 25 avril, le site&nbsp;Unib\u00e9ton de Dijon Saint Apollinaire met en lumi\u00e8re toute la&nbsp;cr\u00e9ativit\u00e9 du b\u00e9ton qui se teinte, se polit, prend du relief, joue&nbsp;de graphismes&#8230; et s\u2019av\u00e8re ainsi r\u00e9solument d\u00e9coratif en&nbsp;agencements ext\u00e9rieurs.<br \/>\nPaysagistes, entreprises de BTP, collectivit\u00e9s, architectes et&nbsp;m\u00eame particuliers sauront \u00eatre s\u00e9duits par les \u00e9tonnants&nbsp;matri\u00e7ages du b\u00e9ton aux effets bois, pierre, ardoise ou encore&nbsp;pav\u00e9 : un mat\u00e9riau gage d\u2019originalit\u00e9 (et de r\u00e9sistance optimale&nbsp;aux sollicitations et \u00e0 l\u2019usure) pour am\u00e9nager une place, donner&nbsp;corps \u00e0 une aire de jeux ou une piste&nbsp; cyclable, r\u00e9aliser la plage&nbsp;d\u2019une piscine&#8230;<br \/>\nChaque b\u00e9ton surprend par sa finition : le b\u00e9ton \u201cscintillant\u201d&nbsp;qui brille lorsqu\u2019il est&nbsp; \u00e9clair\u00e9, le b\u00e9ton \u201cluminescent\u201d revendique&nbsp;aussi une certaine \u201cintelligence\u201d gr\u00e2ce \u00e0 ses granulats&nbsp;phosphorescents captant et stockant la lumi\u00e8re du jour pour&nbsp;mieux la restituer une fois la nuit tomb\u00e9e&#8230; La valeur ajout\u00e9e&nbsp;esth\u00e9tique du b\u00e9ton d\u00e9coratif se double ainsi de fonctionnalit\u00e9s&nbsp;essentielles comme structurer l\u2019espace, d\u00e9limiter des zones,&nbsp;am\u00e9liorer la visibilit\u00e9 et la s\u00e9curit\u00e9.<br \/>\nCitons au rang des solutions phares Unib\u00e9ton produites dans&nbsp;la Centrale de Dijon Saint&nbsp; Apollinaire, le b\u00e9ton drainant&nbsp;IDRODRAIN, tr\u00e8s pris\u00e9 des collectivit\u00e9s attentives \u00e0 la gestion&nbsp;des eaux de pluie car en facilitant l\u2019infiltration de celles-ci dans&nbsp;le sol, il redonne place au cycle naturel de l\u2019eau. Sa formulation&nbsp;marie la r\u00e9sistance d\u2019une chauss\u00e9e b\u00e9ton \u00e0 une capacit\u00e9 de&nbsp;drainage 100 fois plus \u00e9lev\u00e9e qu\u2019un rev\u00eatement traditionnel(1).<\/p>\n<p><em>(1 )De l\u2019ordre de 25 %, la porosit\u00e9 de ce b\u00e9ton assure en effet des fonctions drainantes&nbsp; sup\u00e9rieures \u00e0 200 l\/m\u00b2\/min, soit au moins 120 fois sup\u00e9rieures \u00e0 l\u2019intensit\u00e9 des&nbsp; pr\u00e9cipitations majeures r\u00e9pertori\u00e9es&nbsp;en France et 1500 fois sup\u00e9rieures \u00e0 celle d\u2019une pluie de forte intensit\u00e9.<\/em><\/p>\n<p style=\"text-align:justify;\">Unib\u00e9ton inscrit le mat\u00e9riau b\u00e9ton comme partenaire privil\u00e9gi\u00e9&nbsp;des villes d\u2019aujourd\u2019hui et de demain, embellissant&nbsp;l\u2019environnement urbain tout en lui apportant confort et&nbsp; s\u00e9curit\u00e9.<\/p>\n<h2>Dijon Saint Apollinaire :&nbsp;une centrale qui souligne,&nbsp;une nouvelle fois,&nbsp;l\u2019engagement&nbsp; d\u2019Unib\u00e9ton&nbsp;en faveur de l\u2019environnement<\/h2>\n<p style=\"text-align:justify;\">Au-del\u00e0 de cette sp\u00e9cialisation en b\u00e9tons&nbsp;d\u00e9coratifs, la centrale Unib\u00e9ton de Dijon&nbsp;Saint Apollinaire pr\u00e9sente la particularit\u00e9&nbsp;d\u2019\u00eatre \u00e9quip\u00e9e d\u2019une station de recyclage&nbsp;et de valorisation des retours ou rebus de&nbsp;b\u00e9ton (b\u00e9ton frais non utilis\u00e9 par le chantier&nbsp;qui revient \u00e0 la centrale dans la toupie pour&nbsp;int\u00e9grer une nouvelle fabrication). Elle&nbsp;recycle \u00e9galement les eaux de process et&nbsp;lavage, tout en r\u00e9cup\u00e9rant et traitant les&nbsp;eaux pluviales.<\/p>\n<figure id=\"attachment_1198\" aria-describedby=\"caption-attachment-1198\" style=\"width: 546px\" class=\"wp-caption alignnone\"><img loading=\"lazy\" class=\"alignnone size-full wp-image-1198\" src=\"https:\/\/batimedialive.files.wordpress.com\/2019\/04\/unibeton5.jpg?resize=546%2C401\" alt=\"unibeton5\" width=\"546\" height=\"401\"  data-recalc-dims=\"1\"><figcaption id=\"caption-attachment-1198\" class=\"wp-caption-text\">Alli\u00e9 des voiries non circul\u00e9es (trottoirs, all\u00e9es pi\u00e9tonnes,&nbsp;pistes cyclables,&nbsp; cours d\u2019\u00e9cole&#8230;) et des voiries \u00e0 faible&nbsp;trafic, IDRODRAIN offre un large panel&nbsp; de couleurs&nbsp;garantissant aux ouvrages personnalisation et esth\u00e9tique.<\/figcaption><\/figure>\n<p style=\"text-align:justify;\">\n","protected":false},"excerpt":{"rendered":"<p>Portes ouvertes le jeudi 25 avril pour d\u00e9couvrir ce nouveau showroom et assister \u00e0 des d\u00e9monstrations techniques. Centrale Unib\u00e9ton Dijon Saint Apollinaire &#8211; 5, rue en Rosey, 21850 Saint-Apollinaire. &nbsp; La centrale de Dijon Saint Apollinaire a rejoint en octobre 2018 le&nbsp;dispositif industriel Unib\u00e9ton de la r\u00e9gion Est, qui compte 33 sites&nbsp;de production de b\u00e9ton [&hellip;]<\/p>\n","protected":false},"author":2,"featured_media":2177,"comment_status":"open","ping_status":"open","sticky":false,"template":"","format":"standard","meta":{"spay_email":""},"categories":[4,21],"tags":[],"jetpack_featured_media_url":"https:\/\/i1.wp.com\/batimedianews.com\/live\/wp-content\/uploads\/2019\/08\/unibeton5image.jpg?fit=1499%2C1001&ssl=1","jetpack_sharing_enabled":true,"jetpack_likes_enabled":true,"jetpack-related-posts":[{"id":3003,"url":"https:\/\/batimedianews.com\/live\/index.php\/2019\/10\/04\/unibeton-devoile-son-camion-toupie-100-gnv-porteur-et-malaxeur-au-gaz-naturel-une-premiere-en-france\/","url_meta":{"origin":1188,"position":0},"title":"Unib\u00e9ton d\u00e9voile son camion toupie 100 % GNV : porteur ET malaxeur au Gaz Naturel, une premi\u00e8re en France !","date":"4 octobre 2019","format":false,"excerpt":"En droite ligne de son engagement en faveur du d\u00e9veloppement durable et son implication \u00e0 r\u00e9duire l\u2019empreinte environnementale de l\u2019ensemble de ses activit\u00e9s, Unib\u00e9ton vient de mettre en circulation un camion toupie fonctionnant int\u00e9gralement au Gaz Naturel pour V\u00e9hicules (GNV). D\u00e9velopp\u00e9 en partenariat avec Tratel, acteur majeur dans le transport\u2026","rel":"","context":"Dans &quot;Actualit\u00e9 Entreprises&quot;","img":{"alt_text":"","src":"https:\/\/i0.wp.com\/batimedianews.com\/live\/wp-content\/uploads\/2019\/10\/unibeton2image.jpg?fit=818%2C818&ssl=1&resize=350%2C200","width":350,"height":200},"classes":[]},{"id":14110,"url":"https:\/\/batimedianews.com\/live\/index.php\/2021\/12\/03\/des-camions-toupies-unibeton-toujours-plus-surs-et-ergonomiques-avec-econic\/","url_meta":{"origin":1188,"position":1},"title":"Des camions-toupies Unib\u00e9ton toujours plus s\u00fbrs et ergonomiques avec Econic","date":"3 d\u00e9cembre 2021","format":false,"excerpt":"Particuli\u00e8rement attentifs \u00e0 la s\u00e9curit\u00e9 des usagers de la route, notamment en zone urbaine, ainsi qu\u2019\u00e0 une ergonomie optimale des cabines de camion pour le confort des conducteurs, Unib\u00e9ton et son partenaire transporteur GROUPE SOLA ont mis en circulation en octobre, \u00e0 Paris et \u00e0 Nantes, deux camions-toupies avec porteurs\u2026","rel":"","context":"Dans &quot;Actualit\u00e9 Entreprises&quot;","img":{"alt_text":"","src":"https:\/\/i2.wp.com\/batimedianews.com\/live\/wp-content\/uploads\/2021\/11\/Unibeton-Article.jpg?fit=512%2C512&ssl=1&resize=350%2C200","width":350,"height":200},"classes":[]},{"id":18298,"url":"https:\/\/batimedianews.com\/live\/index.php\/2022\/03\/28\/ouverture-du-nouveau-siege-social-dheidelbergcement-france-tour-alto-a-paris-la-defense\/","url_meta":{"origin":1188,"position":2},"title":"Ouverture du nouveau si\u00e8ge social d\u2019HeidelbergCement France Tour Alto \u00e0 Paris La D\u00e9fense","date":"28 mars 2022","format":false,"excerpt":"HeidelbergCement France annonce l\u2019ouverture ce 21 mars 2022 de son nouveau si\u00e8ge social au sein de la Tour Alto au coeur du quartier d\u2019affaires de Paris La D\u00e9fense. Auparavant install\u00e9e \u00e0 Guerville dans les Yvelines, la nouvelle localisation du si\u00e8ge \u00e0 Paris La D\u00e9fense, dans le plus grand quartier d\u2019affaires\u2026","rel":"","context":"Dans &quot;Actualit\u00e9 Entreprises&quot;","img":{"alt_text":"","src":"https:\/\/i2.wp.com\/batimedianews.com\/live\/wp-content\/uploads\/2022\/03\/HeidelbergCement-Article-1.jpg?fit=512%2C512&ssl=1&resize=350%2C200","width":350,"height":200},"classes":[]},{"id":21844,"url":"https:\/\/batimedianews.com\/live\/index.php\/2022\/07\/12\/edycem-bpe-poursuit-la-modernisation-de-ses-centrales-a-beton-lumiere-sur-la-centrale-de-challans-85\/","url_meta":{"origin":1188,"position":3},"title":"EDYCEM BPE poursuit la modernisation de ses centrales \u00e0 B\u00e9ton : lumi\u00e8re sur la centrale de Challans (85)","date":"12 juillet 2022","format":false,"excerpt":"Cr\u00e9dit photo : Charles Marion\u00a0 \u00a0Apr\u00e8s les centrales de Saintes, La Rochelle et Carbon Blanc, c\u2019est au tour du site de Challans de faire peau neuve ! Une reconstruction et une modernisation qui s\u2019inscrivent dans la lign\u00e9e de la feuille de route fix\u00e9e par Olivier Collin, Directeur G\u00e9n\u00e9ral EDYCEM :\u2026","rel":"","context":"Dans &quot;Actualit\u00e9 Entreprises&quot;","img":{"alt_text":"","src":"https:\/\/i2.wp.com\/batimedianews.com\/live\/wp-content\/uploads\/2022\/07\/EDYCEM-Article.jpg?fit=1080%2C1080&ssl=1&resize=350%2C200","width":350,"height":200},"classes":[]},{"id":31923,"url":"https:\/\/batimedianews.com\/live\/index.php\/2023\/10\/02\/point-p-et-hoffman-signent-un-partenariat-structurant\/","url_meta":{"origin":1188,"position":4},"title":"POINT.P et Hoffmann Green signent un partenariat structurant pour diffuser un ciment sans clinker  \ufeff","date":"2 octobre 2023","format":false,"excerpt":"Avec ce partenariat, le ciment H-UKR sans clinker de Hoffmann Green Cement Technologies sera diffus\u00e9 dans les centrales \u00e0 b\u00e9ton et les usines de pr\u00e9fabrication de POINT.P, une enseigne de Saint-Gobain Distribution B\u00e2timent France. Avec cet accord, POINT.P poursuit son action en faveur du d\u00e9ploiement de solutions bas carbone et\u2026","rel":"","context":"Dans &quot;Actualit\u00e9 Entreprises&quot;","img":{"alt_text":"","src":"https:\/\/i0.wp.com\/batimedianews.com\/live\/wp-content\/uploads\/2023\/09\/PointP-articles.jpg?fit=825%2C825&ssl=1&resize=350%2C200","width":350,"height":200},"classes":[]},{"id":27662,"url":"https:\/\/batimedianews.com\/live\/index.php\/2023\/04\/13\/walid-chebbi-nomme-directeur-technique-innovation-edycem-consolide-sa-strategie-recherche-et-developpement\/","url_meta":{"origin":1188,"position":5},"title":"WALID CHEBBI nomm\u00e9 directeur technique innovation : EDYCEM consolide sa strat\u00e9gie recherche et d\u00e9veloppement","date":"13 avril 2023","format":false,"excerpt":"\u00a0EDYCEM, l\u2019activit\u00e9 b\u00e9ton du groupe HERIGE, a nomm\u00e9 en novembre dernier, Walid Chebbi, nouveau Directeur Technique & Innovation. Cette cr\u00e9ation de poste confirme l\u2019ambition de l\u2019entreprise de renforcer sa strat\u00e9gie Recherche & D\u00e9veloppement. Walid Chebbi, accompagn\u00e9 de son \u00e9quipe de 18 collaborateurs.trices, soutient cettedynamique d\u2019innovationqui fait historiquement partie de l\u2019ADN\u2026","rel":"","context":"Dans &quot;Edycem&quot;","img":{"alt_text":"","src":"https:\/\/i2.wp.com\/batimedianews.com\/live\/wp-content\/uploads\/2023\/04\/Edycem-Article.jpg?fit=1080%2C1080&ssl=1&resize=350%2C200","width":350,"height":200},"classes":[]}],"_links":{"self":[{"href":"https:\/\/batimedianews.com\/live\/index.php\/wp-json\/wp\/v2\/posts\/1188"}],"collection":[{"href":"https:\/\/batimedianews.com\/live\/index.php\/wp-json\/wp\/v2\/posts"}],"about":[{"href":"https:\/\/batimedianews.com\/live\/index.php\/wp-json\/wp\/v2\/types\/post"}],"author":[{"embeddable":true,"href":"https:\/\/batimedianews.com\/live\/index.php\/wp-json\/wp\/v2\/users\/2"}],"replies":[{"embeddable":true,"href":"https:\/\/batimedianews.com\/live\/index.php\/wp-json\/wp\/v2\/comments?post=1188"}],"version-history":[{"count":1,"href":"https:\/\/batimedianews.com\/live\/index.php\/wp-json\/wp\/v2\/posts\/1188\/revisions"}],"predecessor-version":[{"id":2391,"href":"https:\/\/batimedianews.com\/live\/index.php\/wp-json\/wp\/v2\/posts\/1188\/revisions\/2391"}],"wp:featuredmedia":[{"embeddable":true,"href":"https:\/\/batimedianews.com\/live\/index.php\/wp-json\/wp\/v2\/media\/2177"}],"wp:attachment":[{"href":"https:\/\/batimedianews.com\/live\/index.php\/wp-json\/wp\/v2\/media?parent=1188"}],"wp:term":[{"taxonomy":"category","embeddable":true,"href":"https:\/\/batimedianews.com\/live\/index.php\/wp-json\/wp\/v2\/categories?post=1188"},{"taxonomy":"post_tag","embeddable":true,"href":"https:\/\/batimedianews.com\/live\/index.php\/wp-json\/wp\/v2\/tags?post=1188"}],"curies":[{"name":"wp","href":"https:\/\/api.w.org\/{rel}","templated":true}]}}