{"id":12094,"date":"2021-09-16T11:00:05","date_gmt":"2021-09-16T09:00:05","guid":{"rendered":"http:\/\/batimedianews.com\/live\/?p=12094"},"modified":"2022-01-24T11:52:23","modified_gmt":"2022-01-24T10:52:23","slug":"laqc-et-artibat-partenaires-majeurs-pour-lamelioration-de-la-qai","status":"publish","type":"post","link":"https:\/\/batimedianews.com\/live\/index.php\/2021\/09\/16\/laqc-et-artibat-partenaires-majeurs-pour-lamelioration-de-la-qai\/","title":{"rendered":"L\u2019AQC et Artibat, partenaires majeurs pour l\u2019am\u00e9lioration de la QAI"},"content":{"rendered":"\n<p>L\u2019AQC et le salon Artibat s\u2019associent pour faire conna\u00eetre<strong> les enjeux de la qualit\u00e9 de l\u2019air int\u00e9rieur (QAI)<\/strong>. L\u2019\u00e9dition 2021 accueillera, \u00e0 Rennes, du 13 au 15 octobre, un stand d\u00e9di\u00e9 cr\u00e9\u00e9 par l\u2019AQC, sur lequel seront propos\u00e9s des outils p\u00e9dagogiques innovants pour comprendre et agir pour l\u2019am\u00e9lioration de la QAI, en construction comme en r\u00e9novation. \u00ab Un Air en commun \u00bb, outil d\u2019animation et d\u2019apprentissage autour de la QAI, sera pr\u00e9sent\u00e9 pour la premi\u00e8re fois lors du salon.<\/p>\n\n\n\n<p>Nous passons 80 % de notre temps \u00e0 l\u2019int\u00e9rieur. Des \u00e9tudes de terrain ont montr\u00e9, lors de la phase occupation, que l\u2019air int\u00e9rieur peut \u00eatre 5 \u00e0 8 fois plus pollu\u00e9 que l\u2019air ext\u00e9rieur et augmenter ainsi la fr\u00e9quence, la gravit\u00e9 et le co\u00fbt social des affections respiratoires.<\/p>\n\n\n\n<p>Les professionnels de la construction ont un r\u00f4le important \u00e0 jouer pour r\u00e9duire l\u2019exposition des futurs occupants aux contaminants issus de la phase travaux. Plusieurs actions concr\u00e8tes existent mais celles-ci sont encore largement m\u00e9connues.<\/p>\n\n\n\n<p>L\u2019AQC pr\u00e9sentera pour la premi\u00e8re fois un outil p\u00e9dagogique innovant, sur son stand (Hall 5 \u2013 F13). <strong>Le jeu \u00ab Un Air en commun \u00bb <\/strong>reproduit une action de r\u00e9novation thermique d\u2019une maison et introduit les gestes techniques \u00e0 mettre en oeuvre lors de la visite chez le client, pendant les travaux et \u00e0 la r\u00e9ception. Il s\u2019articule autour d\u2019une maquette physique repr\u00e9sentant ainsi une maison en trois temps : avant, pendant et apr\u00e8s r\u00e9novation. Le jeu est \u00e0 destination des artisans, tout particuli\u00e8rement des menuisiers, plaquistes, peintres, soliers, ventilistes et chau!agistes. Tous sont donc invit\u00e9s sur le stand de l\u2019AQC pour tester, am\u00e9liorer de fa\u00e7on ludique leurs connaissances et \u00e9changer sur la QAI !<\/p>\n\n\n\n<p>Le stand de l\u2019AQC mettra \u00e9galement en valeur des bonnes pratiques pour comprendre et agir en faveur de la QAI. Des intervenants permettront aux professionnels du b\u00e2timent, \u00e0 travers des mini-conf\u00e9rences qui se d\u00e9rouleront sur le stand, de rencontrer les acteurs qui s\u2019activent autour du sujet.<\/p>\n\n\n\n<p>Le salon Artibat aura lieu du 13 au 15 octobre 2021 au Parc des Expositions de Rennes.<\/p>\n\n\n\n<p>Stand AQC : Hall 5, stand F13.<\/p>\n\n\n\n<figure class=\"wp-block-image size-large\"><img loading=\"lazy\" width=\"720\" height=\"452\" src=\"https:\/\/i1.wp.com\/batimedianews.com\/live\/wp-content\/uploads\/2021\/09\/image-198.png?resize=720%2C452\" alt=\"\" class=\"wp-image-12095\" srcset=\"https:\/\/i1.wp.com\/batimedianews.com\/live\/wp-content\/uploads\/2021\/09\/image-198.png?w=746&amp;ssl=1 746w, https:\/\/i1.wp.com\/batimedianews.com\/live\/wp-content\/uploads\/2021\/09\/image-198.png?resize=300%2C188&amp;ssl=1 300w, https:\/\/i1.wp.com\/batimedianews.com\/live\/wp-content\/uploads\/2021\/09\/image-198.png?resize=10%2C6&amp;ssl=1 10w, https:\/\/i1.wp.com\/batimedianews.com\/live\/wp-content\/uploads\/2021\/09\/image-198.png?resize=432%2C271&amp;ssl=1 432w, https:\/\/i1.wp.com\/batimedianews.com\/live\/wp-content\/uploads\/2021\/09\/image-198.png?resize=396%2C248&amp;ssl=1 396w, https:\/\/i1.wp.com\/batimedianews.com\/live\/wp-content\/uploads\/2021\/09\/image-198.png?resize=660%2C414&amp;ssl=1 660w, https:\/\/i1.wp.com\/batimedianews.com\/live\/wp-content\/uploads\/2021\/09\/image-198.png?resize=351%2C220&amp;ssl=1 351w\" sizes=\"(max-width: 600px) 91vw, (max-width: 900px) 600px, (max-width: 1060px) 50vw, (max-width: 1200px) 520px, (max-width: 1400px) 43vw, 600px\" data-recalc-dims=\"1\" \/><\/figure>\n\n\n\n<p class=\"has-sm-color-primary-color has-text-color\"><strong>L\u2019Agence qualit\u00e9 constrruction (AQC)<\/strong><\/p>\n\n\n\n<p>L\u2019Agence qualit\u00e9 construction (AQC) est une association loi 1901 reconnue d\u2019int\u00e9r\u00eat g\u00e9n\u00e9ral, dont la vocation est la pr\u00e9vention des d\u00e9sordres et l\u2019am\u00e9lioration de la qualit\u00e9 de la construction. Cr\u00e9\u00e9e en 1982, son histoire prend ses racines dans le dispositif mis en place par la loi du 4 janvier 1978, dite \u00ab loi Spinetta \u00bb, relative \u00e0 la responsabilit\u00e9 et \u00e0 l\u2019assurance dans le domaine de la construction.<\/p>\n\n\n\n<p>Lieu de travail et d\u2019\u00e9changes de 47 organismes membres qui se mobilisent autour de la qualit\u00e9 de la construction, l\u2019AQC dispose de trois Commissions sp\u00e9cialis\u00e9es : la Commission Observation, la Commission Pr\u00e9vention Produits mis en oeuvre (C2P) et la Commission Pr\u00e9vention Construction (CPC).<\/p>\n\n\n\n<p>Au coeur de son action et pour la guider, l\u2019AQC dispose de plusieurs bases de donn\u00e9es r\u00e9pondant \u00e0 des objectifs cibl\u00e9s : connaissance des pathologies r\u00e9currentes dans les constructions, anticipation des sinistres s\u00e9riels, \u00e9valuation des potentialit\u00e9s de sinistres li\u00e9es aux \u00e9volutions performancielles, identi\u00a0\u00bbcation des pathologies potentielles li\u00e9es \u00e0 de nouveaux modes constructifs ou \u00e0 des \u00e9volutions r\u00e9glementaires ou normatives.<\/p>\n\n\n\n<p>Partant de cette observation \u00e0 l\u2019\u00e9chelle nationale, toutes les actions de l\u2019AQC et les nombreux outils qu\u2019elle \u00e9labore ont pour fonction d\u2019aider les professionnels sur le terrain dans leurs pratiques quotidiennes et de participer aux progr\u00e8s collectifs du monde du b\u00e2timent.<\/p>\n","protected":false},"excerpt":{"rendered":"<p>L\u2019AQC et le salon Artibat s\u2019associent pour faire conna\u00eetre les enjeux de la qualit\u00e9 de l\u2019air int\u00e9rieur (QAI). L\u2019\u00e9dition 2021 accueillera, \u00e0 Rennes, du 13 au 15 octobre, un stand d\u00e9di\u00e9 cr\u00e9\u00e9 par l\u2019AQC, sur lequel seront propos\u00e9s des outils p\u00e9dagogiques innovants pour comprendre et agir pour l\u2019am\u00e9lioration de la QAI, en construction comme en [&hellip;]<\/p>\n","protected":false},"author":41,"featured_media":12096,"comment_status":"open","ping_status":"open","sticky":false,"template":"","format":"standard","meta":{"spay_email":""},"categories":[4,6,1260],"tags":[1290],"jetpack_featured_media_url":"https:\/\/i1.wp.com\/batimedianews.com\/live\/wp-content\/uploads\/2021\/09\/AQC-Article.jpg?fit=1224%2C512&ssl=1","jetpack_sharing_enabled":true,"jetpack_likes_enabled":true,"jetpack-related-posts":[{"id":22626,"url":"https:\/\/batimedianews.com\/live\/index.php\/2022\/09\/03\/interclima-2022-qualite-dair-interieur-les-industriels-de-la-ventilation-sont-la\/","url_meta":{"origin":12094,"position":0},"title":"INTERCLIMA 2022 &#8211; qualit\u00e9 d&rsquo;air int\u00e9rieur : les industriels de la ventilation sont l\u00e0","date":"3 septembre 2022","format":false,"excerpt":"Apr\u00e8s deux ans de pand\u00e9mie et la m\u00e9diatisation croissante de la pollution atmosph\u00e9rique, la sensibilisation des populations \u00e0 la qualit\u00e9 de l\u2019air int\u00e9rieur et \u00e0 son renouvellement dans les b\u00e2timents s\u2019est accrue. Enjeu de sant\u00e9 publique partout dans le monde, elle fait aujourd\u2019hui l\u2019objet d\u2019une nouvelle prise de conscience. Penser\u2026","rel":"","context":"Dans &quot;Actualit\u00e9s salons&quot;","img":{"alt_text":"","src":"","width":0,"height":0},"classes":[]},{"id":31734,"url":"https:\/\/batimedianews.com\/live\/index.php\/2023\/10\/06\/idk-expose-ses-solutions-en-climatisation-chauffage-enr-ventilation-qai-a-artibat-pole-technique-hall-7-stand-a10\/","url_meta":{"origin":12094,"position":1},"title":"IDK expose ses solutions en climatisation, chauffage ENR, ventilation et QAI \u00e0 ARTIBAT &#8211; P\u00f4le Technique \u2013 hall 7 \u2013 stand A10","date":"6 octobre 2023","format":false,"excerpt":"\u00a0IDK, distributeur ind\u00e9pendant sp\u00e9cialis\u00e9 en accessoires, \u00e9quipements de climatisation, chauffage ENR, ventilation & QAI, sera pr\u00e9sent au salon ARTIBAT, qui se tient du 18 au 20 octobre au Parc des Expositions de Rennes (35). Cet \u00e9v\u00e9nement est l\u2019occasion pour les repr\u00e9sentants de l\u2019agence IDK, implant\u00e9e \u00e0 Nantes (44) depuis avril\u2026","rel":"","context":"Dans &quot;Actualit\u00e9 Entreprises&quot;","img":{"alt_text":"","src":"https:\/\/i0.wp.com\/batimedianews.com\/live\/wp-content\/uploads\/2023\/09\/IDK-articles.jpg?fit=825%2C825&ssl=1&resize=350%2C200","width":350,"height":200},"classes":[]},{"id":33341,"url":"https:\/\/batimedianews.com\/live\/index.php\/2023\/11\/27\/journee-mondiale-de-la-ventilation-aldes-sensibilise-a-lamelioration-et-la-surveillance-de-la-qai-en-milieu-scolaire\/","url_meta":{"origin":12094,"position":2},"title":"Journ\u00e9e mondiale de la ventilation : Aldes sensibilise \u00e0 l\u2019am\u00e9lioration et la surveillance de la QAI en milieu scolaire","date":"27 novembre 2023","format":false,"excerpt":"Le 8 novembre 2023 marque la seconde journ\u00e9e mondiale de la ventilation. A cette occasion, Aldes, groupe engag\u00e9 et sp\u00e9cialiste des solutions de ventilation et de confort thermique, sensibilise et rappelle l\u2019importance d\u2019une bonne ventilation dans les \u00e9tablissements scolaires. Car la qualit\u00e9 de l\u2019air int\u00e9rieur (QAI) a une incidence directe\u2026","rel":"","context":"Dans &quot;qualit\u00e9 d'air&quot;","img":{"alt_text":"","src":"https:\/\/i0.wp.com\/batimedianews.com\/live\/wp-content\/uploads\/2023\/11\/aldes-Image-articles-.jpg?fit=825%2C825&ssl=1&resize=350%2C200","width":350,"height":200},"classes":[]},{"id":38784,"url":"https:\/\/batimedianews.com\/live\/index.php\/2024\/07\/10\/respirer-un-air-sain-en-toute-securite-avec-le-nouveau-diffuseur-qai-de-france-air\/","url_meta":{"origin":12094,"position":3},"title":"Respirer un air sain en toute s\u00e9curit\u00e9 avec le nouveau diffuseur QAI de France Air","date":"10 juillet 2024","format":false,"excerpt":"Nous passons plus de 90 % de notre temps \u00e0 l\u2019int\u00e9rieur (travail, domicile, transports) et l\u2019air int\u00e9rieur est jusqu\u2019\u00e0 8 fois plus pollu\u00e9 que l\u2019air ext\u00e9rieur (source OMS). La bonne ventilation des locaux est devenue ces derni\u00e8res ann\u00e9es un enjeu de sant\u00e9 publique majeur. Renouveler l\u2019air et l\u2019assainir\u00a0 Respirer un\u2026","rel":"","context":"Dans &quot;Actualit\u00e9 Entreprises&quot;","img":{"alt_text":"","src":"https:\/\/i0.wp.com\/batimedianews.com\/live\/wp-content\/uploads\/2024\/07\/France-Air.jpg?fit=825%2C825&ssl=1&resize=350%2C200","width":350,"height":200},"classes":[]},{"id":46783,"url":"https:\/\/batimedianews.com\/live\/index.php\/2025\/09\/24\/en-2025-sp-france-met-le-cap-sur-le-tertiaire-et-place-la-qai-au-coeur-de-sa-strategie\/","url_meta":{"origin":12094,"position":4},"title":"En 2025, S&#038;P France met le cap sur le tertiaire et place la QAI au c\u0153ur de sa strat\u00e9gie","date":"24 septembre 2025","format":false,"excerpt":"Dans un contexte de ralentissement du neuf, S&P France fait le choix d\u2019une strat\u00e9gie claire : renforcer sa pr\u00e9sence sur le march\u00e9 de la r\u00e9novation, prioriser la qualit\u00e9 de l\u2019air int\u00e9rieur (QAI) et accompagner les \u00e9tablissements recevant du public, en particulier les \u00e9coles.\u00a0 \u00c0 la t\u00eate de la filiale fran\u00e7aise\u2026","rel":"","context":"Dans &quot;Actualit\u00e9 Entreprises&quot;","img":{"alt_text":"","src":"https:\/\/i2.wp.com\/batimedianews.com\/live\/wp-content\/uploads\/2025\/09\/SP.jpg?fit=825%2C825&ssl=1&resize=350%2C200","width":350,"height":200},"classes":[]},{"id":20762,"url":"https:\/\/batimedianews.com\/live\/index.php\/2022\/06\/09\/intairieur-le-label-pour-la-qualite-de-lair-interieur-setend-aux-batiments-tertiaires\/","url_meta":{"origin":12094,"position":5},"title":"INTAIRIEUR, le label pour la Qualit\u00e9 de l\u2019Air Int\u00e9rieur s\u2019\u00e9tend aux b\u00e2timents tertiaires.","date":"9 juin 2022","format":false,"excerpt":"Cr\u00e9\u00e9 en novembre 2017, INTAIRIEUR\u00ae, le label pour la qualit\u00e9 de l\u2019air int\u00e9rieur \u00e9tait jusqu\u2019en mai dernier r\u00e9serv\u00e9 aux logements collectifs. Apr\u00e8s avoir lanc\u00e9 en 2021 une version destin\u00e9e \u00e0 la maison individuelle isol\u00e9e, le label continue son d\u00e9veloppement et\u2002\u00e9tend aujourd\u2019hui son champ aux b\u00e2timents tertiaires neufs. INTAIRIEUR\u00ae : Un\u2026","rel":"","context":"Dans &quot;Actualit\u00e9 Entreprises&quot;","img":{"alt_text":"","src":"https:\/\/i0.wp.com\/batimedianews.com\/live\/wp-content\/uploads\/2022\/06\/Intairieur-Article.jpg?fit=1080%2C1080&ssl=1&resize=350%2C200","width":350,"height":200},"classes":[]}],"_links":{"self":[{"href":"https:\/\/batimedianews.com\/live\/index.php\/wp-json\/wp\/v2\/posts\/12094"}],"collection":[{"href":"https:\/\/batimedianews.com\/live\/index.php\/wp-json\/wp\/v2\/posts"}],"about":[{"href":"https:\/\/batimedianews.com\/live\/index.php\/wp-json\/wp\/v2\/types\/post"}],"author":[{"embeddable":true,"href":"https:\/\/batimedianews.com\/live\/index.php\/wp-json\/wp\/v2\/users\/41"}],"replies":[{"embeddable":true,"href":"https:\/\/batimedianews.com\/live\/index.php\/wp-json\/wp\/v2\/comments?post=12094"}],"version-history":[{"count":2,"href":"https:\/\/batimedianews.com\/live\/index.php\/wp-json\/wp\/v2\/posts\/12094\/revisions"}],"predecessor-version":[{"id":12116,"href":"https:\/\/batimedianews.com\/live\/index.php\/wp-json\/wp\/v2\/posts\/12094\/revisions\/12116"}],"wp:featuredmedia":[{"embeddable":true,"href":"https:\/\/batimedianews.com\/live\/index.php\/wp-json\/wp\/v2\/media\/12096"}],"wp:attachment":[{"href":"https:\/\/batimedianews.com\/live\/index.php\/wp-json\/wp\/v2\/media?parent=12094"}],"wp:term":[{"taxonomy":"category","embeddable":true,"href":"https:\/\/batimedianews.com\/live\/index.php\/wp-json\/wp\/v2\/categories?post=12094"},{"taxonomy":"post_tag","embeddable":true,"href":"https:\/\/batimedianews.com\/live\/index.php\/wp-json\/wp\/v2\/tags?post=12094"}],"curies":[{"name":"wp","href":"https:\/\/api.w.org\/{rel}","templated":true}]}}