{"id":12130,"date":"2021-09-20T10:03:50","date_gmt":"2021-09-20T08:03:50","guid":{"rendered":"http:\/\/batimedianews.com\/live\/?p=12130"},"modified":"2022-01-24T11:51:37","modified_gmt":"2022-01-24T10:51:37","slug":"cyme-propulse-lhabitat-durable-dans-le-monde-dapres","status":"publish","type":"post","link":"https:\/\/batimedianews.com\/live\/index.php\/2021\/09\/20\/cyme-propulse-lhabitat-durable-dans-le-monde-dapres\/","title":{"rendered":"CYME propulse l&rsquo;habitat durable dans le monde d&rsquo;apr\u00e8s !"},"content":{"rendered":"\n<p><strong>Tout \u00e0 la fois concepteur et constructeur, parfois m\u00eame promoteur, CYME arrive dans l&rsquo;univers du b\u00e2timent avec une proposition singuli\u00e8re. Sa vision de l&rsquo;habitat durable d\u00e9tonne, tant d&rsquo;un point de vue structurel qu&rsquo;esth\u00e9tique. Son concept balaie les id\u00e9es re\u00e7ues autour de la conception modulaire et ouvre de nouveaux champs des possibles aux particuliers, aux collectivit\u00e9s territoriales et aux professionnels de l&rsquo;immobilier. Sur un march\u00e9 locatif priv\u00e9 fran\u00e7ais en forte p\u00e9nurie d&rsquo;offres de qualit\u00e9, notamment dans les villes de taille moyenne, CYME construit de fa\u00e7on responsable, loue et vend des logements durables, modulables et mobiles, adapt\u00e9s aux territoires sur lesquels ils sont implant\u00e9s. Son projet pilote de r\u00e9sidence \u00e9tudiante \u00e0 Bourges, qui sera livr\u00e9 en mai prochain, t\u00e9moigne de cette innovation.<\/strong><\/p>\n\n\n\n<p><strong>Donner \u00e0 voir une autre image de la construction modulaire<\/strong><\/p>\n\n\n\n<p>Au sortir du premier confinement, 5 profils aujourd&rsquo;hui associ\u00e9s-fondateurs se sont r\u00e9unis (entrepreneur, architecte, constructeur, financier et cr\u00e9atif), pour cr\u00e9er CYME autour de leur vision de l&rsquo;habitat durable. La jeunesse de l&rsquo;entreprise n&rsquo;entame en rien la qualit\u00e9 de sa proposition : une offre cl\u00e9 en main de lieux de vie \u00e9volutifs et \u00e9co-con\u00e7us, \u00e0 la fois esth\u00e9tiques, durables et de qualit\u00e9. Au contraire, c&rsquo;est avec une vision neuve de la construction responsable que cette soci\u00e9t\u00e9 arrive sur le march\u00e9, bien d\u00e9cid\u00e9e \u00e0 casser les codes d&rsquo; un mod\u00e8le qui, selon ses dirigeants, est aujourd&rsquo;hui insuffisamment promu et valoris\u00e9 : celui de la conception modulaire en bois, hors-site.<\/p>\n\n\n\n<div class=\"wp-block-image\"><figure class=\"alignright size-large is-resized\"><img loading=\"lazy\" src=\"https:\/\/i2.wp.com\/batimedianews.com\/live\/wp-content\/uploads\/2021\/09\/image-213.png?resize=157%2C112\" alt=\"\" class=\"wp-image-12131\" width=\"157\" height=\"112\" srcset=\"https:\/\/i2.wp.com\/batimedianews.com\/live\/wp-content\/uploads\/2021\/09\/image-213.png?w=362&amp;ssl=1 362w, https:\/\/i2.wp.com\/batimedianews.com\/live\/wp-content\/uploads\/2021\/09\/image-213.png?resize=300%2C214&amp;ssl=1 300w, https:\/\/i2.wp.com\/batimedianews.com\/live\/wp-content\/uploads\/2021\/09\/image-213.png?resize=10%2C7&amp;ssl=1 10w, https:\/\/i2.wp.com\/batimedianews.com\/live\/wp-content\/uploads\/2021\/09\/image-213.png?resize=309%2C220&amp;ssl=1 309w\" sizes=\"(max-width: 600px) 91vw, (max-width: 900px) 600px, (max-width: 1060px) 50vw, (max-width: 1200px) 520px, (max-width: 1400px) 43vw, 600px\" data-recalc-dims=\"1\" \/><\/figure><\/div>\n\n\n\n<p>La modularit\u00e9 et la personnalisation de ses mod\u00e8les rendent CYME totalement agnostique en mati\u00e8re de r\u00e9alisation. L&rsquo;entreprise est capable de r\u00e9pondre \u00e0 toutes sortes de probl\u00e9matiques : de la simple extension chez un particulier au logement collectif pour un acteur public ou priv\u00e9 (cr\u00e8ches, r\u00e9sidences \u00e9tudiantes, h\u00f4tellerie, salles de classe&#8230;), ainsi que pour les entreprises du tertiaire (bureaux, boutiques \u00e9ph\u00e9m\u00e8res, points de vente&#8230;).<\/p>\n\n\n\n<p><strong>Une technologie brevet\u00e9e qui fait d\u00e9j\u00e0 ses preuves<\/strong><\/p>\n\n\n\n<p>L\u00e0 o\u00f9 l&rsquo; ancien repr\u00e9sente des contraintes pour les occupants (r\u00e9novation thermique, co\u00fbts d&rsquo;entretien, manque de luminosit\u00e9, etc.) et o\u00f9 le neuf en construction classique appara\u00eet encore froid et d\u00e9nu\u00e9 de charme, le modulaire bois apporte des potentiels de flexibilit\u00e9 et de r\u00e9activit\u00e9 adapt\u00e9s aux enjeux actuels. Outre les consid\u00e9rations environnementales inh\u00e9rentes \u00e0 un tel projet, ce march\u00e9 est aussi port\u00e9 par un imp\u00e9ratif en termes de d\u00e9lais de construction, toujours raccourcis, auquel la pr\u00e9fabrication est en mesure de r\u00e9pondre.<\/p>\n\n\n\n<div class=\"wp-block-image\"><figure class=\"alignleft size-large is-resized\"><img loading=\"lazy\" src=\"https:\/\/i1.wp.com\/batimedianews.com\/live\/wp-content\/uploads\/2021\/09\/image-214.png?resize=136%2C146\" alt=\"\" class=\"wp-image-12132\" width=\"136\" height=\"146\" srcset=\"https:\/\/i1.wp.com\/batimedianews.com\/live\/wp-content\/uploads\/2021\/09\/image-214.png?w=290&amp;ssl=1 290w, https:\/\/i1.wp.com\/batimedianews.com\/live\/wp-content\/uploads\/2021\/09\/image-214.png?resize=279%2C300&amp;ssl=1 279w, https:\/\/i1.wp.com\/batimedianews.com\/live\/wp-content\/uploads\/2021\/09\/image-214.png?resize=10%2C10&amp;ssl=1 10w, https:\/\/i1.wp.com\/batimedianews.com\/live\/wp-content\/uploads\/2021\/09\/image-214.png?resize=204%2C220&amp;ssl=1 204w\" sizes=\"(max-width: 600px) 91vw, (max-width: 900px) 600px, (max-width: 1060px) 50vw, (max-width: 1200px) 520px, (max-width: 1400px) 43vw, 600px\" data-recalc-dims=\"1\" \/><\/figure><\/div>\n\n\n\n<p>Pour la conception de ses b\u00e2timents, individuels comme collectifs, CYME recourt au syst\u00e8me constructif brevet\u00e9 Silvalta, adapt\u00e9 aux normes de la nouvelle RE2020 et inspir\u00e9 du fuselage des avions. Cette technique \u00e9prouv\u00e9e et largement r\u00e9pandue dans le monde, permet la construction de b\u00e2timents jusqu&rsquo;\u00e0 14 \u00e9tages, \u00e0 partir de modules en ossature bois extr\u00eamement performants, dont la rigidit\u00e9 permet le transport compl\u00e8tement am\u00e9nag\u00e9. Ce proc\u00e9d\u00e9, qui n&rsquo; a rien de nouveau en soi, est ici r\u00e9volutionn\u00e9 par une approche esth\u00e9tique et mobile unique, qui le sort irr\u00e9sistiblement de son r\u00f4le purement fonctionnel.<\/p>\n\n\n\n<p>Surtout, CYME se veut synonyme d&rsquo; \u00e9volutivit\u00e9, de durabilit\u00e9 et de mobilit\u00e9. Chaque module peut \u00eatre d\u00e9plac\u00e9 si besoin au cours de sa vie, autorisant des usages temporaires de terrains, mais \u00e9vitant \u00e9galement charges et nuisances li\u00e9es \u00e0 la d\u00e9molition.<\/p>\n\n\n\n<div class=\"wp-block-image\"><figure class=\"alignleft size-large is-resized\"><img loading=\"lazy\" src=\"https:\/\/i2.wp.com\/batimedianews.com\/live\/wp-content\/uploads\/2021\/09\/image-215.png?resize=279%2C260\" alt=\"\" class=\"wp-image-12133\" width=\"279\" height=\"260\" srcset=\"https:\/\/i2.wp.com\/batimedianews.com\/live\/wp-content\/uploads\/2021\/09\/image-215.png?w=538&amp;ssl=1 538w, https:\/\/i2.wp.com\/batimedianews.com\/live\/wp-content\/uploads\/2021\/09\/image-215.png?resize=300%2C280&amp;ssl=1 300w, https:\/\/i2.wp.com\/batimedianews.com\/live\/wp-content\/uploads\/2021\/09\/image-215.png?resize=10%2C10&amp;ssl=1 10w, https:\/\/i2.wp.com\/batimedianews.com\/live\/wp-content\/uploads\/2021\/09\/image-215.png?resize=432%2C403&amp;ssl=1 432w, https:\/\/i2.wp.com\/batimedianews.com\/live\/wp-content\/uploads\/2021\/09\/image-215.png?resize=396%2C370&amp;ssl=1 396w, https:\/\/i2.wp.com\/batimedianews.com\/live\/wp-content\/uploads\/2021\/09\/image-215.png?resize=236%2C220&amp;ssl=1 236w\" sizes=\"(max-width: 600px) 91vw, (max-width: 900px) 600px, (max-width: 1060px) 50vw, (max-width: 1200px) 520px, (max-width: 1400px) 43vw, 600px\" data-recalc-dims=\"1\" \/><\/figure><\/div>\n\n\n\n<p><strong>Un projet g\u00e9r\u00e9 de A \u00e0 Z<\/strong><\/p>\n\n\n\n<p>C&rsquo; est en Auvergne, nich\u00e9e au coeur de for\u00eats g\u00e9r\u00e9es durablement o\u00f9 elle s&rsquo;approvisionne que CYME con\u00e7oit et fabrique ses modules. Les ossatures bois sont r\u00e9alis\u00e9es dans l&rsquo;Allier, au sein de son nouvel atelier construit pour le projet. Achemin\u00e9s par camions, ces modules sont ensuite grut\u00e9s directement sur le chantier.<\/p>\n\n\n\n<p><\/p>\n\n\n\n<p>CYME est en mesure d&rsquo; intervenir sur tout ou partie d&rsquo; un projet : design, maquette BIM, fabrication, construction, promotion, am\u00e9nagement int\u00e9rieur (mobiliers con\u00e7us ou recycl\u00e9s, jusqu&rsquo;\u00e0 la vaisselle). Des projets sur mesure et cl\u00e9 en main, qui sortent de terre en 2 fois moins de temps qu&rsquo;une construction traditionnelle et pour un co\u00fbt inf\u00e9rieur estim\u00e9 par CYME de 20 % \u00e0 mat\u00e9riaux \u00e9quivalents, gr\u00e2ce \u00e0 des processus rationnalis\u00e9s, internalis\u00e9s au maximum, et \u00e0 la neutralisation des al\u00e9as climatiques li\u00e9e \u00e0 la conception en atelier.<\/p>\n\n\n\n<p>Cette production permet \u00e9galement une r\u00e9duction importante des nuisances de chantier, puisque 80% du travail est r\u00e9alis\u00e9 hors-site. Enfin, le recours \u00e0 la maquette num\u00e9rique (BIM) permet des visualisations et des pr\u00e9visions jusqu&rsquo;alors inaccessibles, limitant les erreurs et, par extension, le volume de d\u00e9chets.<\/p>\n\n\n\n<p><strong>\u00c0 Bourges, la premi\u00e8re r\u00e9sidence CYME s&rsquo;\u00e9l\u00e8ve<\/strong><\/p>\n\n\n\n<p>Les constructions CYME soignent les apparences. Avec leurs mat\u00e9riaux durables (bois, verre, m\u00e9tal), voire biosourc\u00e9s, ainsi que leur design qui se fond dans leur futur environnement, elles cumulent confort, qualit\u00e9 et esth\u00e9tique. De grandes baies vitr\u00e9es habillent les fa\u00e7ades, tandis que les toits-terrasses se v\u00e9g\u00e9talisent. \u00c0 Bourges, CYME pilote, con\u00e7oit et promeut actuellement son tout premier projet d&rsquo; habitat collectif, qui se veut le t\u00e9moin de son savoir-faire et des avantages de la construction modulaire.<\/p>\n\n\n\n<div class=\"wp-block-image\"><figure class=\"aligncenter size-large is-resized\"><img loading=\"lazy\" src=\"https:\/\/i1.wp.com\/batimedianews.com\/live\/wp-content\/uploads\/2021\/09\/image-216.png?resize=532%2C537\" alt=\"\" class=\"wp-image-12134\" width=\"532\" height=\"537\" srcset=\"https:\/\/i1.wp.com\/batimedianews.com\/live\/wp-content\/uploads\/2021\/09\/image-216.png?w=646&amp;ssl=1 646w, https:\/\/i1.wp.com\/batimedianews.com\/live\/wp-content\/uploads\/2021\/09\/image-216.png?resize=297%2C300&amp;ssl=1 297w, https:\/\/i1.wp.com\/batimedianews.com\/live\/wp-content\/uploads\/2021\/09\/image-216.png?resize=150%2C150&amp;ssl=1 150w, https:\/\/i1.wp.com\/batimedianews.com\/live\/wp-content\/uploads\/2021\/09\/image-216.png?resize=10%2C10&amp;ssl=1 10w, https:\/\/i1.wp.com\/batimedianews.com\/live\/wp-content\/uploads\/2021\/09\/image-216.png?resize=432%2C436&amp;ssl=1 432w, https:\/\/i1.wp.com\/batimedianews.com\/live\/wp-content\/uploads\/2021\/09\/image-216.png?resize=396%2C400&amp;ssl=1 396w, https:\/\/i1.wp.com\/batimedianews.com\/live\/wp-content\/uploads\/2021\/09\/image-216.png?resize=218%2C220&amp;ssl=1 218w\" sizes=\"(max-width: 600px) 91vw, (max-width: 900px) 600px, (max-width: 1060px) 50vw, (max-width: 1200px) 520px, (max-width: 1400px) 43vw, 600px\" data-recalc-dims=\"1\" \/><\/figure><\/div>\n\n\n\n<p>Cet ensemble de 14 logements, allant du T1 au T3 duplex, situ\u00e9 \u00e0 moins de 500 m du nouveau centre universitaire de la ville, se pr\u00e9sente comme un archipel d&rsquo; habitats, de densit\u00e9 et de hauteur mod\u00e9r\u00e9es, empruntant un terrain largement v\u00e9g\u00e9talis\u00e9. Le b\u00e2timent est r\u00e9alis\u00e9 en ossature bois et dot\u00e9 d&rsquo; am\u00e9nagements de grande qualit\u00e9. Le jardin sera ouvert \u00e0 l&rsquo;ensemble des r\u00e9sidents et des cultures pourront y \u00eatre pratiqu\u00e9es. Les appartements, tous traversants et orient\u00e9s vers le sud, b\u00e9n\u00e9ficieront d&rsquo; un acc\u00e8s aux toits-terrasses v\u00e9g\u00e9talis\u00e9s, offrant une belle vue d\u00e9gag\u00e9e sur la cath\u00e9drale Saint-\u00c9tienne. Un espace laverie sera \u00e9galement \u00e0 la disposition des habitants, ainsi qu&rsquo; un hangar \u00e0 v\u00e9los. L&rsquo; ensemble se veut curieux et inventif, v\u00e9g\u00e9tal et sensible \u00e0 son environnement, chaleureux et sociable. Livraison des lots pr\u00e9vue en mai 2022.<\/p>\n\n\n\n<p>\u00ab<em> Qu&rsquo;il s&rsquo;agisse de logements collectifs, de maisons individuelles ou d&rsquo;espaces de bureaux, chacune de nos r\u00e9alisations vise un seul objectif : contribuer \u00e0 la qualit\u00e9 de vie et au bien\u00eatre des usagers. Nous sommes convaincus que la construction en modules ossature bois repr\u00e9sente une solution pour construire plus vite et de fa\u00e7on plus durable, les logements dont la France a imp\u00e9rativement besoin <\/em>\u00bb, souligne Aur\u00e9lien Dahan, cofondateur et responsable du d\u00e9veloppement de CYME.<\/p>\n\n\n\n<p class=\"has-small-font-size\"><strong>A propos de CYME<\/strong><\/p>\n\n\n\n<p class=\"has-small-font-size\">Au sortir du premier confinement, 5 profils aujourd&rsquo;hui associ\u00e9s-fondateurs se sont r\u00e9unis (entrepreneur, architecte, constructeur, financier et cr\u00e9atif), pour cr\u00e9er CYME autour de leur vision de l&rsquo;habitat durable. Tout \u00e0 la fois concepteur et constructeur, parfois m\u00eame promoteur, CYME construit de fa\u00e7on responsable, loue et vend des logements durables, modulables et mobiles, adapt\u00e9s aux territoires sur lesquels ils sont implant\u00e9s. C&rsquo;est en Auvergne, nich\u00e9e au coeur de for\u00eats g\u00e9r\u00e9es durablement o\u00f9 elle s&rsquo; approvisionne que CYME con\u00e7oit et fabrique ses modules. Les ossatures bois sont r\u00e9alis\u00e9es dans l&rsquo; Allier, au sein de son nouvel atelier construit pour le projet. \u00c0 Bourges, CYME pilote, con\u00e7oit et promeut actuellement son tout premier projet d&rsquo; habitat collectif, qui se veut le t\u00e9moin de son savoir-faire et des avantages de la construction modulaire.<\/p>\n\n\n\n<p><\/p>\n","protected":false},"excerpt":{"rendered":"<p>Tout \u00e0 la fois concepteur et constructeur, parfois m\u00eame promoteur, CYME arrive dans l&rsquo;univers du b\u00e2timent avec une proposition singuli\u00e8re. Sa vision de l&rsquo;habitat durable d\u00e9tonne, tant d&rsquo;un point de vue structurel qu&rsquo;esth\u00e9tique. Son concept balaie les id\u00e9es re\u00e7ues autour de la conception modulaire et ouvre de nouveaux champs des possibles aux particuliers, aux collectivit\u00e9s [&hellip;]<\/p>\n","protected":false},"author":41,"featured_media":12136,"comment_status":"open","ping_status":"open","sticky":false,"template":"","format":"standard","meta":{"spay_email":""},"categories":[4,20,73],"tags":[],"jetpack_featured_media_url":"https:\/\/i1.wp.com\/batimedianews.com\/live\/wp-content\/uploads\/2021\/09\/Cyme-Article.jpg?fit=1224%2C512&ssl=1","jetpack_sharing_enabled":true,"jetpack_likes_enabled":true,"jetpack-related-posts":[{"id":31798,"url":"https:\/\/batimedianews.com\/live\/index.php\/2023\/10\/03\/la-capeb-offre-une-maison-durable-a-lassociation-habitat-et-humanisme\/","url_meta":{"origin":12130,"position":0},"title":"La CAPEB offre une maison durable \u00e0 l\u2019association Habitat et Humanisme","date":"3 octobre 2023","format":false,"excerpt":"\u00a0Apr\u00e8s avoir r\u00e9ussi le pari fou de construire une maison durable en deux jours pendant les 47\u00e8me comp\u00e9titions Worldskills, et parce que les artisans sont pleinement acteurs de la cit\u00e9 et de la solidarit\u00e9 urbaine, la CAPEB fait le choix d\u2019offrir cette maison \u00e0 l\u2019association Habitat et Humanisme pour cr\u00e9er\u2026","rel":"","context":"Dans &quot;Actualit\u00e9 Entreprises&quot;","img":{"alt_text":"","src":"https:\/\/i0.wp.com\/batimedianews.com\/live\/wp-content\/uploads\/2023\/09\/CAPEB-articles-1.jpg?fit=825%2C825&ssl=1&resize=350%2C200","width":350,"height":200},"classes":[]},{"id":42126,"url":"https:\/\/batimedianews.com\/live\/index.php\/2025\/01\/14\/domial-et-qualibat-sassocient-pour-renforcer-la-qualite-des-projets-de-construction-et-de-renovation-en-alsace\/","url_meta":{"origin":12130,"position":1},"title":"Domial et Qualibat s\u2019associent pour renforcer la qualit\u00e9 des projets de construction et de r\u00e9novation en Alsace","date":"14 janvier 2025","format":false,"excerpt":"Paris, le 13 janvier 2025 \u2013 Domial, acteur majeur de l\u2019habitat et du logement en Alsace, filiale du Groupe Action Logement, annonce un partenariat strat\u00e9gique avec Qualibat, organisme de r\u00e9f\u00e9rence en mati\u00e8re de qualifications et certifications des entreprises du secteur de la construction. Cette collaboration vise \u00e0 garantir des projets\u2026","rel":"","context":"Dans &quot;Actualit\u00e9 Entreprises&quot;","img":{"alt_text":"","src":"https:\/\/i1.wp.com\/batimedianews.com\/live\/wp-content\/uploads\/2025\/01\/Qualibat.jpg?fit=825%2C825&ssl=1&resize=350%2C200","width":350,"height":200},"classes":[]},{"id":30712,"url":"https:\/\/batimedianews.com\/live\/index.php\/2023\/09\/05\/living-places-un-projet-experimental-de-maisons-bas-carbone\/","url_meta":{"origin":12130,"position":2},"title":"LIVING PLACES : Un projet exp\u00e9rimental de maisons bas carbone","date":"5 septembre 2023","format":false,"excerpt":"\u00catre inspirant : D\u00e8s aujourd\u2019hui et en r\u00e9ponse aux enjeux climatiques, il est possible de construire des maisons dot\u00e9es d'une empreinte carbone trois fois plus faible que celle d\u2019une maison individuelle type, tout en offrant un climat int\u00e9rieur optimal en toutes saisons. C\u2019est ce que d\u00e9montre le projet \u00ab Living\u2026","rel":"","context":"Dans &quot;Actualit\u00e9 Entreprises&quot;","img":{"alt_text":"","src":"https:\/\/i2.wp.com\/batimedianews.com\/live\/wp-content\/uploads\/2023\/08\/Velux-Article.jpg?fit=825%2C825&ssl=1&resize=350%2C200","width":350,"height":200},"classes":[]},{"id":45471,"url":"https:\/\/batimedianews.com\/live\/index.php\/2025\/06\/24\/point-p-et-carbicrete-lancent-les-premiers-blocs-beton-sans-ciment-en-france\/","url_meta":{"origin":12130,"position":3},"title":"POINT.P et CarbiCrete lancent les premiers blocs b\u00e9ton sans ciment en France","date":"24 juin 2025","format":false,"excerpt":"POINT.P, marque du groupe Saint-Gobain, et la soci\u00e9t\u00e9 canadienne CarbiCrete annoncent une premi\u00e8re en France : le d\u00e9marrage, au premier trimestre 2026, d'une ligne de production de plots de b\u00e9ton sans ciment dans les Hauts-de-France. Une ligne de production au service de la construction durable Deux ans apr\u00e8s la signature\u2026","rel":"","context":"Dans &quot;Actualit\u00e9 Entreprises&quot;","img":{"alt_text":"","src":"https:\/\/i1.wp.com\/batimedianews.com\/live\/wp-content\/uploads\/2025\/06\/POINT.P_CarbiCrete.jpg?fit=825%2C825&ssl=1&resize=350%2C200","width":350,"height":200},"classes":[]},{"id":37170,"url":"https:\/\/batimedianews.com\/live\/index.php\/2024\/05\/02\/construction-durable-point-p-sengage-avec-les-castors\/","url_meta":{"origin":12130,"position":4},"title":"Construction Durable : Point.P s&rsquo;engage avec \u00ab\u00a0Les Castors\u00a0\u00bb","date":"2 mai 2024","format":false,"excerpt":"POINT.P a scell\u00e9 un partenariat national avec l'association Les-castors.fr. L'Enseigne s'engage \u00e0 les soutenir et \u00e0 faciliter leurs projets d'auto-construction ou de r\u00e9novation gr\u00e2ce \u00e0 ses 900 agences partout en France. Ce partenariat s'inscrit dans une logique commune de solidarit\u00e9, d'entraide et de promotion d'une construction durable et respectueuse de\u2026","rel":"","context":"Dans &quot;Actualit\u00e9 Entreprises&quot;","img":{"alt_text":"","src":"https:\/\/i1.wp.com\/batimedianews.com\/live\/wp-content\/uploads\/2024\/05\/PointP-.jpg?fit=825%2C825&ssl=1&resize=350%2C200","width":350,"height":200},"classes":[]},{"id":23719,"url":"https:\/\/batimedianews.com\/live\/index.php\/2022\/09\/29\/placo-lance-placo-infini-13-la-premiere-plaque-de-platre-fabriquee-a-partir-de-plus-de-50-de-matiere-recyclee\/","url_meta":{"origin":12130,"position":5},"title":"PLACO lance PLACO INFINI 13 : la premi\u00e8re plaque de pl\u00e2tre fabriqu\u00e9e \u00e0 partir de plus de 50 % de mati\u00e8re recycl\u00e9e","date":"29 septembre 2022","format":false,"excerpt":"Placo\u00ae annonce le lancement de Placo\u00ae Infini 13, la premi\u00e8re plaque de pl\u00e2tre au monde fabriqu\u00e9e \u00e0 partir de plus de 50 % de pl\u00e2tre recycl\u00e9. Commercialis\u00e9e d\u00e8s le premier trimestre 2023, cette plaque a \u00e9t\u00e9 mise au point dans l\u2019usine de Chamb\u00e9ry.\u00a0 Placo\u00ae Infini 13 est d\u00e9j\u00e0 disponible en\u2026","rel":"","context":"Dans &quot;Actualit\u00e9 Entreprises&quot;","img":{"alt_text":"","src":"https:\/\/i0.wp.com\/batimedianews.com\/live\/wp-content\/uploads\/2022\/09\/Placo-Article.jpg?fit=1080%2C1080&ssl=1&resize=350%2C200","width":350,"height":200},"classes":[]}],"_links":{"self":[{"href":"https:\/\/batimedianews.com\/live\/index.php\/wp-json\/wp\/v2\/posts\/12130"}],"collection":[{"href":"https:\/\/batimedianews.com\/live\/index.php\/wp-json\/wp\/v2\/posts"}],"about":[{"href":"https:\/\/batimedianews.com\/live\/index.php\/wp-json\/wp\/v2\/types\/post"}],"author":[{"embeddable":true,"href":"https:\/\/batimedianews.com\/live\/index.php\/wp-json\/wp\/v2\/users\/41"}],"replies":[{"embeddable":true,"href":"https:\/\/batimedianews.com\/live\/index.php\/wp-json\/wp\/v2\/comments?post=12130"}],"version-history":[{"count":2,"href":"https:\/\/batimedianews.com\/live\/index.php\/wp-json\/wp\/v2\/posts\/12130\/revisions"}],"predecessor-version":[{"id":12200,"href":"https:\/\/batimedianews.com\/live\/index.php\/wp-json\/wp\/v2\/posts\/12130\/revisions\/12200"}],"wp:featuredmedia":[{"embeddable":true,"href":"https:\/\/batimedianews.com\/live\/index.php\/wp-json\/wp\/v2\/media\/12136"}],"wp:attachment":[{"href":"https:\/\/batimedianews.com\/live\/index.php\/wp-json\/wp\/v2\/media?parent=12130"}],"wp:term":[{"taxonomy":"category","embeddable":true,"href":"https:\/\/batimedianews.com\/live\/index.php\/wp-json\/wp\/v2\/categories?post=12130"},{"taxonomy":"post_tag","embeddable":true,"href":"https:\/\/batimedianews.com\/live\/index.php\/wp-json\/wp\/v2\/tags?post=12130"}],"curies":[{"name":"wp","href":"https:\/\/api.w.org\/{rel}","templated":true}]}}