{"id":12380,"date":"2021-10-06T09:18:34","date_gmt":"2021-10-06T07:18:34","guid":{"rendered":"http:\/\/batimedianews.com\/live\/?p=12380"},"modified":"2022-08-07T12:56:42","modified_gmt":"2022-08-07T10:56:42","slug":"a-la-veille-de-la-cop26-loxam-devoile-sa-trajectoire-carbone-etablie-dans-le-cadre-dune-demarche-scientifique-sbti","status":"publish","type":"post","link":"https:\/\/batimedianews.com\/live\/index.php\/2021\/10\/06\/a-la-veille-de-la-cop26-loxam-devoile-sa-trajectoire-carbone-etablie-dans-le-cadre-dune-demarche-scientifique-sbti\/","title":{"rendered":"\u00c0 la veille de la COP26, Loxam d\u00e9voile sa trajectoire carbone \u00e9tablie dans le cadre d&rsquo;une d\u00e9marche scientifique (SBTi)"},"content":{"rendered":"\n<div class=\"wp-block-group\"><div class=\"wp-block-group__inner-container\">\n<p>Dans la continuit\u00e9 des engagements du Groupe, et notamment de son adh\u00e9sion aux principes du Global Compact des Nations Unies depuis 2015, Loxam, leader europ\u00e9en de la location de mat\u00e9riel, souhaite acc\u00e9l\u00e9rer sa d\u00e9marche environnementale en soutenant l&rsquo;initiative \u00ab&nbsp;<strong>S<\/strong>cience&nbsp;<strong>B<\/strong>ased&nbsp;<strong>T<\/strong>argets&nbsp;\u00bb, une premi\u00e8re dans le secteur de la location de mat\u00e9riel.&nbsp;<br>&nbsp;<br>Port\u00e9e conjointement par le Global Compact des Nations Unies, le Carbon Disclosure Project, le World Resources Institute (WRI) et le World Wide Fund for Nature (WWF), cette initiative favorise la mise en place de trajectoires climatiques ambitieuses, dont le cadre est valid\u00e9 par des experts.&nbsp;<br>&nbsp;<br>Cet engagement sera officiellement annonc\u00e9 par G\u00e9rard D\u00e9prez, Pr\u00e9sident du Groupe Loxam, \u00e0 l&rsquo;occasion de la 4<sup>\u00e8me<\/sup>&nbsp;\u00e9dition des Rencontres de la S\u00e9curit\u00e9 et de l&rsquo;Environnement organis\u00e9e ce jour \u00e0 Station F \u00e0 Paris.<\/p>\n<\/div><\/div>\n\n\n\n<p class=\"has-sm-color-primary-color has-text-color\"><strong>Un plan d&rsquo;action volontaire, dans la continuit\u00e9 de la strat\u00e9gie RSE de Loxam, mobilisant l&rsquo;ensemble des g\u00e9ographies, des collaborateurs et des partenaires du Groupe<\/strong>&nbsp;<\/p>\n\n\n\n<p>Pour r\u00e9pondre \u00e0 l&rsquo;urgence climatique, Loxam s&rsquo;engage \u00e0 r\u00e9duire, d&rsquo;ici \u00e0 2030, ses \u00e9missions directes de 50% et ses \u00e9missions indirectes de 30%, par rapport \u00e0 2019, son ann\u00e9e de r\u00e9f\u00e9rence. Inscrits dans les Accords de Paris sur le climat, les objectifs affich\u00e9s de Loxam lui permettent ainsi de contribuer \u00e0 limiter le r\u00e9chauffement climatique \u00e0 l&rsquo;objectif ambitieux de 1,5\u00b0C.&nbsp;<\/p>\n\n\n\n<p>\u00ab&nbsp;<em>En tant que loueur de mat\u00e9riel, notre activit\u00e9, au c\u0153ur de l&rsquo;\u00e9conomie du partage, nous donne l&rsquo;opportunit\u00e9 et la responsabilit\u00e9 d&rsquo;accompagner l&rsquo;ensemble du secteur \u00e0 la transformation durable de nos usages. Cette trajectoire s&rsquo;inscrit dans la continuit\u00e9 des actions entreprises de longue date (certification ISO14001 d\u00e8s 2010, gestion des consommations, mat\u00e9riels aux derni\u00e8res normes environnementales, optimisation de notre logistique de transport, etc.). Elle traduit aussi une volont\u00e9 de renforcer notre engagement en la mati\u00e8re et de mobiliser sur cet objectif l&rsquo;ensemble de notre \u00e9cosyst\u00e8me, collaborateurs, clients, fournisseurs et investisseurs \u00bb&nbsp;<\/em>pr\u00e9cise G\u00e9rard D\u00e9prez.&nbsp;<\/p>\n\n\n\n<p class=\"has-sm-color-primary-color has-text-color\"><strong>Un bilan carbone Groupe pour structurer un ensemble d&rsquo;actions<\/strong>&nbsp;<\/p>\n\n\n\n<p>Pour mener \u00e0 bien ce plan global de r\u00e9duction des \u00e9missions de gaz \u00e0 effet de serre, Loxam s&rsquo;appuie sur un bilan carbone r\u00e9alis\u00e9 \u00e0 l&rsquo;\u00e9chelle du Groupe.&nbsp;&nbsp;<\/p>\n\n\n\n<p><em>\u00ab&nbsp;Ce travail pr\u00e9cis de comptabilit\u00e9 carbone nous a permis d&rsquo;identifier nos principales sources d&rsquo;\u00e9missions n\u00e9cessitant un plan d&rsquo;action d\u00e9di\u00e9&nbsp;\u00bb&nbsp;<\/em>pr\u00e9cise Alice H\u00e9nault, Directrice Prospective &amp; D\u00e9veloppement.<em>\u00ab&nbsp;Constatant que 60% des \u00e9missions du Groupe proviennent de l&rsquo;utilisation par nos clients de nos \u00e9quipements, le d\u00e9ploiement de mat\u00e9riels \u00e0 faibles \u00e9missions constitue une priorit\u00e9 pour nous. Aussi, Loxam entend investir de mani\u00e8re significative dans les dix prochaines ann\u00e9es en faveur de mat\u00e9riels \u00e0 faibles \u00e9missions. \u00c0 date, 40% de nos investissements sont d\u00e9j\u00e0 consacr\u00e9s \u00e0 l&rsquo;acquisition de ces nouveaux mat\u00e9riels. En t\u00e9moignent les lancements de la gamme Loxgreen d\u00e8s 2020, et de son \u00e9quivalent Ramigreen au sein de la filiale Ramirent (pays nordiques, baltes et d&rsquo;Europe de l&rsquo;Est) \u00bb.<\/em>&nbsp;<\/p>\n\n\n\n<p>Ce plan d&rsquo;action ne repose pas uniquement sur ces investissements. Le recours aux \u00e9nergies renouvelables, l&rsquo;adaptation des infrastructures \u00e9lectriques de ses agences, le renouvellement des v\u00e9hicules internes en faveur d&rsquo;alternatives durables font parties int\u00e9grantes de la strat\u00e9gie du Groupe Loxam.&nbsp;&nbsp;<\/p>\n\n\n\n<p>\u00ab&nbsp;<em>Nous fixerons des objectifs annuels mesurables, dans chaque pays du Groupe, qui feront l&rsquo;objet d&rsquo;un reporting pr\u00e9cis, suivi par la Direction G\u00e9n\u00e9rale, et int\u00e9gr\u00e9 au rapport extra-financier annuel que nous publions&nbsp;<\/em>\u00bb conclut Alice H\u00e9nault.&nbsp;<\/p>\n\n\n\n<p>Cette d\u00e9marche sera explicit\u00e9e prochainement au cours d&rsquo;une conf\u00e9rence de presse.&nbsp;<\/p>\n\n\n\n<p class=\"has-sm-color-primary-color has-text-color\"><strong>\u00c0 propos de Loxam<\/strong><\/p>\n\n\n\n<p>Num\u00e9ro 1 en Europe et num\u00e9ro 4 mondial, Loxam est leader du march\u00e9 de la construction de mat\u00e9riels et outillage pour les travaux publics, le b\u00e2timent, l&rsquo;industrie, les espaces verts, l&rsquo;\u00e9v\u00e9nementiel et les services. Avec un chiffre d&rsquo;affaires de 2 milliards d&rsquo;euros en 2020, 1 050 agences et 11 050 collaborateurs, le Groupe Loxam est pr\u00e9sent dans 30 pays et dispose de la plus large gamme de mat\u00e9riels sur le march\u00e9, avec plus de 650 000 \u00e9quipements&nbsp; permettant d&rsquo;anticiper, de supporter et de r\u00e9pondre \u00e0 la demande croissante des soci\u00e9t\u00e9s d\u00e9sireuses d&rsquo;externaliser l&rsquo;approvisionnnement, la gestion et la maintenance de leur flotte.<\/p>\n","protected":false},"excerpt":{"rendered":"<p>Un plan d&rsquo;action volontaire, dans la continuit\u00e9 de la strat\u00e9gie RSE de Loxam, mobilisant l&rsquo;ensemble des g\u00e9ographies, des collaborateurs et des partenaires du Groupe&nbsp; Pour r\u00e9pondre \u00e0 l&rsquo;urgence climatique, Loxam s&rsquo;engage \u00e0 r\u00e9duire, d&rsquo;ici \u00e0 2030, ses \u00e9missions directes de 50% et ses \u00e9missions indirectes de 30%, par rapport \u00e0 2019, son ann\u00e9e de r\u00e9f\u00e9rence. [&hellip;]<\/p>\n","protected":false},"author":41,"featured_media":12382,"comment_status":"open","ping_status":"open","sticky":false,"template":"","format":"standard","meta":{"spay_email":""},"categories":[4,1061],"tags":[1318],"jetpack_featured_media_url":"https:\/\/i0.wp.com\/batimedianews.com\/live\/wp-content\/uploads\/2021\/09\/Loxam-Article.jpg?fit=1224%2C512&ssl=1","jetpack_sharing_enabled":true,"jetpack_likes_enabled":true,"jetpack-related-posts":[{"id":1140,"url":"https:\/\/batimedianews.com\/live\/index.php\/2019\/04\/23\/loppbtp-et-loxam-partenaires-pour-promouvoir-la-prevention-et-la-securite\/","url_meta":{"origin":12380,"position":0},"title":"L&#039;OPPBTP et LOXAM partenaires pour promouvoir la Pr\u00e9vention et la S\u00e9curit\u00e9","date":"23 avril 2019","format":false,"excerpt":"LOXAM et l\u2019Organisme Professionnel de Pr\u00e9vention du B\u00e2timent et des Travaux publics (OPPBTP)\u00a0viennent de signer une convention de partenariat afin de promouvoir les bonnes pratiques en\u00a0mati\u00e8re de pr\u00e9vention et de s\u00e9curit\u00e9 aupr\u00e8s de tous les acteurs du BTP. Bas\u00e9 sur des partages\u00a0d\u2019exp\u00e9riences terrain et sur des \u00e9changes de visibilit\u00e9, ce\u2026","rel":"","context":"Dans &quot;Actualit\u00e9 Entreprises&quot;","img":{"alt_text":"","src":"https:\/\/i0.wp.com\/batimedianews.com\/live\/wp-content\/uploads\/2019\/08\/loxam_et_loppbtp_signent_une_convention_de_partenariat.jpg?fit=1200%2C1200&ssl=1&resize=350%2C200","width":350,"height":200},"classes":[]},{"id":3142,"url":"https:\/\/batimedianews.com\/live\/index.php\/2019\/10\/08\/pour-batimat-2019-loxam-sengage-aux-cotes-des-artisans\/","url_meta":{"origin":12380,"position":1},"title":"Pour Batimat 2019 Loxam s&rsquo;engage aux cot\u00e9s des artisans","date":"8 octobre 2019","format":false,"excerpt":"N\u00b0 1 de la location de mat\u00e9riel, LOXAM est le partenaire privil\u00e9gi\u00e9 des artisans. Afin d\u2019offrir aux petites entreprises du b\u00e2timent une offre adapt\u00e9e avec des solutions efficaces et performantes, LOXAM a enrichi sa gamme avec plus de 300 r\u00e9f\u00e9rences de mat\u00e9riels et d\u2019outillages de grandes marques, disponibles dans l\u2019ensemble\u2026","rel":"","context":"Dans &quot;Actualit\u00e9 Entreprises&quot;","img":{"alt_text":"","src":"https:\/\/i1.wp.com\/batimedianews.com\/live\/wp-content\/uploads\/2019\/10\/loxamimage.jpg?fit=992%2C664&ssl=1&resize=350%2C200","width":350,"height":200},"classes":[]},{"id":26026,"url":"https:\/\/batimedianews.com\/live\/index.php\/2023\/02\/08\/loxam-et-bouygues-energies-services-signent-un-partenariat-strategique-pour-accelerer-la-filiere-hydrogene\/","url_meta":{"origin":12380,"position":2},"title":"LOXAM ET BOUYGUES ENERGIES et SERVICES signent un partenariat strat\u00e9gique pour acc\u00e9l\u00e9rer la fili\u00e8re hydrog\u00e8ne","date":"8 f\u00e9vrier 2023","format":false,"excerpt":"Dans le cadre du salon HyVolution, le groupe Loxam, leader fran\u00e7ais et europ\u00e9en, 4e acteur mondial du march\u00e9 de la location de mat\u00e9riels et outillage, et Bouygues Energies & Services, acteur cl\u00e9 de la transition \u00e9nerg\u00e9tique et digitale des territoires, des industries et des b\u00e2timents, annoncent la signature d\u2019un accord\u2026","rel":"","context":"Dans &quot;Actualit\u00e9 Entreprises&quot;","img":{"alt_text":"","src":"https:\/\/i0.wp.com\/batimedianews.com\/live\/wp-content\/uploads\/2023\/02\/Bouygues_Loxam-Article.jpg?fit=1080%2C1080&ssl=1&resize=350%2C200","width":350,"height":200},"classes":[]},{"id":14909,"url":"https:\/\/batimedianews.com\/live\/index.php\/2022\/01\/17\/transition-energetique-btp-evenementiel-loxam-recoit-son-premier-generateur-electro-hydrogene-geh2-eodev\/","url_meta":{"origin":12380,"position":3},"title":"Transition \u00e9nerg\u00e9tique \u2013 BTP \u2013 Ev\u00e9nementiel LOXAM re\u00e7oit son premier g\u00e9n\u00e9rateur \u00e9lectro-hydrog\u00e8ne GEH2\u00ae EODev","date":"17 janvier 2022","format":false,"excerpt":"\u00a7\u00a0\u00a0Le mardi 11 janvier s'est d\u00e9roul\u00e9e la remise officielle du tout premier g\u00e9n\u00e9rateur \u00e9lectro-hydrog\u00e8ne GEH2\u00ae\u00a0EODev\u00a0aux couleurs de son client\u00a0LOXAM.\u00a0 \u00a7\u00a0\u00a0LOXAM, leader de la location de mat\u00e9riel, devient le 1er\u00a0acteur du secteur \u00e0 proposer une alternative fonctionnant \u00e0 l'hydrog\u00e8ne pour la production d'\u00e9lectricit\u00e9 hors r\u00e9seau.\u00a0\u00a0 \u00a7\u00a0\u00a0L'ambition pour les deux entreprises :\u2026","rel":"","context":"Dans &quot;Chantiers&quot;","img":{"alt_text":"","src":"https:\/\/i0.wp.com\/batimedianews.com\/live\/wp-content\/uploads\/2022\/01\/Loxam-Article.jpg?fit=512%2C512&ssl=1&resize=350%2C200","width":350,"height":200},"classes":[]},{"id":36256,"url":"https:\/\/batimedianews.com\/live\/index.php\/2024\/03\/15\/profils-systemes-est-heureuse-dannoncer-que-le-sbti-initiative-science-based-targets-valide-les-objectifs-de-reduction-de-co2-du-groupe-corialis-auquel-elle-appartient\/","url_meta":{"origin":12380,"position":4},"title":"PROFILS SYSTEMES est heureuse d\u2019annoncer que le SBTi (Initiative Science Based Targets) valide les objectifs de r\u00e9duction de CO2 du Groupe CORIALIS\u00ae auquel elle appartient","date":"15 mars 2024","format":false,"excerpt":"\u00a0En ao\u00fbt 2023, le Groupe Corialis\u00ae a soumis ses objectifs de r\u00e9duction des \u00e9missions de carbone \u00e0 la validation du SBTi. Rappelons que le SBTi est une initiative ayant vocation \u00e0 accompagner les entreprises dans la r\u00e9duction de leurs \u00e9missions de CO2, n\u00e9e de la collaboration en 2015, dans le\u2026","rel":"","context":"Dans &quot;Bas carbone&quot;","img":{"alt_text":"","src":"https:\/\/i1.wp.com\/batimedianews.com\/live\/wp-content\/uploads\/2024\/03\/Profils.jpg?fit=825%2C825&ssl=1&resize=350%2C200","width":350,"height":200},"classes":[]},{"id":40703,"url":"https:\/\/batimedianews.com\/live\/index.php\/2024\/10\/15\/salti-lentreprise-familiale-de-quatre-generations-aux-engagements-rse-forts-pour-un-monde-meilleur-et-plus-durable\/","url_meta":{"origin":12380,"position":5},"title":"SALTI, l\u2019entreprise familiale de quatre g\u00e9n\u00e9rations aux engagements RSE forts pour un monde meilleur et plus durable","date":"15 octobre 2024","format":false,"excerpt":"Depuis quatre g\u00e9n\u00e9rations, et fid\u00e8les aux valeurs familiales de l\u2019entreprise, les \u00e9quipes SALTI \u0153uvrent et innovent chaque jour pour apporter leur contribution \u00e0 un monde plus durable. Une ligne conductrice bas\u00e9e sur des engagements forts pris pour la plan\u00e8te, avec ses clients, mais aussi et surtout ses collaborateurs, qui ont\u2026","rel":"","context":"Dans &quot;Actualit\u00e9 Entreprises&quot;","img":{"alt_text":"","src":"https:\/\/i0.wp.com\/batimedianews.com\/live\/wp-content\/uploads\/2024\/10\/Salti-articles-.jpg?fit=825%2C825&ssl=1&resize=350%2C200","width":350,"height":200},"classes":[]}],"_links":{"self":[{"href":"https:\/\/batimedianews.com\/live\/index.php\/wp-json\/wp\/v2\/posts\/12380"}],"collection":[{"href":"https:\/\/batimedianews.com\/live\/index.php\/wp-json\/wp\/v2\/posts"}],"about":[{"href":"https:\/\/batimedianews.com\/live\/index.php\/wp-json\/wp\/v2\/types\/post"}],"author":[{"embeddable":true,"href":"https:\/\/batimedianews.com\/live\/index.php\/wp-json\/wp\/v2\/users\/41"}],"replies":[{"embeddable":true,"href":"https:\/\/batimedianews.com\/live\/index.php\/wp-json\/wp\/v2\/comments?post=12380"}],"version-history":[{"count":2,"href":"https:\/\/batimedianews.com\/live\/index.php\/wp-json\/wp\/v2\/posts\/12380\/revisions"}],"predecessor-version":[{"id":12597,"href":"https:\/\/batimedianews.com\/live\/index.php\/wp-json\/wp\/v2\/posts\/12380\/revisions\/12597"}],"wp:featuredmedia":[{"embeddable":true,"href":"https:\/\/batimedianews.com\/live\/index.php\/wp-json\/wp\/v2\/media\/12382"}],"wp:attachment":[{"href":"https:\/\/batimedianews.com\/live\/index.php\/wp-json\/wp\/v2\/media?parent=12380"}],"wp:term":[{"taxonomy":"category","embeddable":true,"href":"https:\/\/batimedianews.com\/live\/index.php\/wp-json\/wp\/v2\/categories?post=12380"},{"taxonomy":"post_tag","embeddable":true,"href":"https:\/\/batimedianews.com\/live\/index.php\/wp-json\/wp\/v2\/tags?post=12380"}],"curies":[{"name":"wp","href":"https:\/\/api.w.org\/{rel}","templated":true}]}}