{"id":12383,"date":"2021-10-05T13:08:46","date_gmt":"2021-10-05T11:08:46","guid":{"rendered":"http:\/\/batimedianews.com\/live\/?p=12383"},"modified":"2022-08-07T12:56:42","modified_gmt":"2022-08-07T10:56:42","slug":"nouveau-port-de-calais-62-un-plafond-de-vagues-suspendues-aux-proprietes-acoustiques-grace-a-saint-gobain-ecophon","status":"publish","type":"post","link":"https:\/\/batimedianews.com\/live\/index.php\/2021\/10\/05\/nouveau-port-de-calais-62-un-plafond-de-vagues-suspendues-aux-proprietes-acoustiques-grace-a-saint-gobain-ecophon\/","title":{"rendered":"NOUVEAU PORT DE CALAIS (62) : UN PLAFOND DE VAGUES SUSPENDUES AUX PROPRIETES ACOUSTIQUES GR\u00c2CE A SAINT-GOBAIN ECOPHON"},"content":{"rendered":"\n<div class=\"wp-block-image\"><figure class=\"alignleft size-large is-resized\"><img loading=\"lazy\" src=\"https:\/\/i0.wp.com\/batimedianews.com\/live\/wp-content\/uploads\/2021\/09\/image-336.png?resize=237%2C355\" alt=\"\" class=\"wp-image-12385\" width=\"237\" height=\"355\" srcset=\"https:\/\/i0.wp.com\/batimedianews.com\/live\/wp-content\/uploads\/2021\/09\/image-336.png?resize=683%2C1024&amp;ssl=1 683w, https:\/\/i0.wp.com\/batimedianews.com\/live\/wp-content\/uploads\/2021\/09\/image-336.png?resize=200%2C300&amp;ssl=1 200w, https:\/\/i0.wp.com\/batimedianews.com\/live\/wp-content\/uploads\/2021\/09\/image-336.png?resize=768%2C1152&amp;ssl=1 768w, https:\/\/i0.wp.com\/batimedianews.com\/live\/wp-content\/uploads\/2021\/09\/image-336.png?resize=1024%2C1536&amp;ssl=1 1024w, https:\/\/i0.wp.com\/batimedianews.com\/live\/wp-content\/uploads\/2021\/09\/image-336.png?resize=1365%2C2048&amp;ssl=1 1365w, https:\/\/i0.wp.com\/batimedianews.com\/live\/wp-content\/uploads\/2021\/09\/image-336.png?resize=7%2C10&amp;ssl=1 7w, https:\/\/i0.wp.com\/batimedianews.com\/live\/wp-content\/uploads\/2021\/09\/image-336.png?resize=432%2C648&amp;ssl=1 432w, https:\/\/i0.wp.com\/batimedianews.com\/live\/wp-content\/uploads\/2021\/09\/image-336.png?resize=396%2C594&amp;ssl=1 396w, https:\/\/i0.wp.com\/batimedianews.com\/live\/wp-content\/uploads\/2021\/09\/image-336.png?resize=1120%2C1680&amp;ssl=1 1120w, https:\/\/i0.wp.com\/batimedianews.com\/live\/wp-content\/uploads\/2021\/09\/image-336.png?resize=660%2C990&amp;ssl=1 660w, https:\/\/i0.wp.com\/batimedianews.com\/live\/wp-content\/uploads\/2021\/09\/image-336.png?resize=147%2C220&amp;ssl=1 147w, https:\/\/i0.wp.com\/batimedianews.com\/live\/wp-content\/uploads\/2021\/09\/image-336.png?w=2000&amp;ssl=1 2000w, https:\/\/i0.wp.com\/batimedianews.com\/live\/wp-content\/uploads\/2021\/09\/image-336.png?w=1440 1440w\" sizes=\"(max-width: 600px) 91vw, (max-width: 900px) 600px, (max-width: 1060px) 50vw, (max-width: 1200px) 520px, (max-width: 1400px) 43vw, 600px\" data-recalc-dims=\"1\" \/><\/figure><\/div>\n\n\n\n<p>&nbsp;<strong>Le nouveau Port de Calais (62) a \u00e9t\u00e9 inaugur\u00e9 le 9 septembre dernier, apr\u00e8s six ann\u00e9es de travaux. Dans le cadre de ce projet d\u2019exception qui repr\u00e9sente le plus important chantier portuaire europ\u00e9en de la d\u00e9cennie, Saint-Gobain Ecophon a \u00e9t\u00e9 choisi pour \u00e9quiper le tr\u00e8s moderne b\u00e2timent d\u2019entr\u00e9e du Port. Alliant une esth\u00e9tique futuriste avec de hautes propri\u00e9t\u00e9s acoustiques, les baffles Ecophon Solo<\/strong>\u2122 <strong>Baffle Wave ont \u00e9t\u00e9 install\u00e9es dans tout le rez-de-chauss\u00e9e. Imagin\u00e9 \u00e0 la mani\u00e8re d&rsquo;un hall d\u2019exposition, le lieu arbore ainsi un plafond de vagues blanches suspendues qui plonge les visiteurs dans un paysage maritime \u00e9pur\u00e9 hors du commun.&nbsp;<\/strong><\/p>\n\n\n\n<p>&nbsp;V\u00e9ritable vitrine du nouveau Port de Calais, ce b\u00e2timent d\u2019entr\u00e9e labellis\u00e9 BEPOS s\u2019\u00e9tend sur une surface au sol de pr\u00e8s de 1 800 m\u00b2. Pour en habiller le large hall d\u2019entr\u00e9e destin\u00e9 \u00e0 accueillir les visiteurs, le choix d\u2019un plafond aux propri\u00e9t\u00e9s acoustiques s\u2019est impos\u00e9 comme une \u00e9vidence. En effet, le sol dur, les murs ext\u00e9rieurs majoritairement vitr\u00e9s et les volumes importants sont autant de param\u00e8tres qui accentuent la r\u00e9verb\u00e9ration des sons et qui n\u00e9cessitent de mettre en place une correction acoustique efficace.&nbsp;<\/p>\n\n\n\n<p>Pour cela, le cabinet d\u2019architecture en charge du projet, Polyn\u00f4me Architectes, a choisi les Solo\u2122 Baffles Wave de Saint-Gobain Ecophon. Ce syst\u00e8me de baffles acoustiques verticales, dont le design ondul\u00e9 imitant le mouvement des vagues, permet de donner \u00e0 cet espace une dimension singuli\u00e8re, gr\u00e2ce \u00e0 des lignes \u00e0 la fois l\u00e9g\u00e8res et dynamiques qui traversent tout le hall dans sa largeur.&nbsp;<\/p>\n\n\n\n<p><em>\u00ab Ce type de plafond permet \u00e0 la fois d\u2019allier un visuel original avec de tr\u00e8s bonnes performances acoustiques. Le tout offre \u00e0 ce grand hall de 13 000 m3 un confort sonore de grande qualit\u00e9 et un design tr\u00e8s novateur. \u00bb <\/em>commente Thomas Cauvin, ing\u00e9nieur travaux au sein de Bouygues B\u00e2timent Grand Ouest, en charge de la r\u00e9alisation du b\u00e2timent.&nbsp;<\/p>\n\n\n\n<div class=\"wp-block-image\"><figure class=\"alignright size-large is-resized\"><img loading=\"lazy\" src=\"https:\/\/i0.wp.com\/batimedianews.com\/live\/wp-content\/uploads\/2021\/09\/image-337.png?resize=241%2C161\" alt=\"\" class=\"wp-image-12386\" width=\"241\" height=\"161\" srcset=\"https:\/\/i0.wp.com\/batimedianews.com\/live\/wp-content\/uploads\/2021\/09\/image-337.png?w=572&amp;ssl=1 572w, https:\/\/i0.wp.com\/batimedianews.com\/live\/wp-content\/uploads\/2021\/09\/image-337.png?resize=300%2C200&amp;ssl=1 300w, https:\/\/i0.wp.com\/batimedianews.com\/live\/wp-content\/uploads\/2021\/09\/image-337.png?resize=10%2C7&amp;ssl=1 10w, https:\/\/i0.wp.com\/batimedianews.com\/live\/wp-content\/uploads\/2021\/09\/image-337.png?resize=432%2C289&amp;ssl=1 432w, https:\/\/i0.wp.com\/batimedianews.com\/live\/wp-content\/uploads\/2021\/09\/image-337.png?resize=396%2C264&amp;ssl=1 396w, https:\/\/i0.wp.com\/batimedianews.com\/live\/wp-content\/uploads\/2021\/09\/image-337.png?resize=329%2C220&amp;ssl=1 329w\" sizes=\"(max-width: 600px) 91vw, (max-width: 900px) 600px, (max-width: 1060px) 50vw, (max-width: 1200px) 520px, (max-width: 1400px) 43vw, 600px\" data-recalc-dims=\"1\" \/><\/figure><\/div>\n\n\n\n<p>&nbsp;<em>\u00ab En phase de recherche lors des \u00e9tudes de conception, nous avons d\u00e9couvert sur le site internet d\u2019Ecophon les photos d\u2019une r\u00e9alisation dans un centre commercial su\u00e9dois qui a particuli\u00e8rement retenu notre attention par son plafond en vagues et avons d\u00e9cid\u00e9 de nous en inspirer\u00bb <\/em>pr\u00e9cise Solenne Abraham, architecte et co-g\u00e9rante de Polyn\u00f4me Architectes.&nbsp;<\/p>\n\n\n\n<p>Le Bureau d\u2019\u00e9tudes techniques de Saint-Gobain Ecophon a accompagn\u00e9 le bureau d\u2019architecture dans la mise en oeuvre des baffles acoustiques. Compos\u00e9 d\u2019une \u00e9quipe de 5 experts, celui-ci a pour mission d\u2019accompagner les clients dans la r\u00e9ussite de leurs projets, de la conception jusqu\u2019\u00e0 la mise en oeuvre des solutions. Gr\u00e2ce \u00e0 son expertise technique, le bureau d\u2019\u00e9tudes peut intervenir sur toutes les phases du projet afin d\u2019\u00e9tudier sa faisabilit\u00e9, proposer des solutions sur mesure et faciliter leur installation.&nbsp;<\/p>\n\n\n\n<div class=\"wp-block-image\"><figure class=\"alignleft size-large is-resized\"><img loading=\"lazy\" src=\"https:\/\/i1.wp.com\/batimedianews.com\/live\/wp-content\/uploads\/2021\/09\/image-338.png?resize=227%2C305\" alt=\"\" class=\"wp-image-12387\" width=\"227\" height=\"305\" srcset=\"https:\/\/i1.wp.com\/batimedianews.com\/live\/wp-content\/uploads\/2021\/09\/image-338.png?w=458&amp;ssl=1 458w, https:\/\/i1.wp.com\/batimedianews.com\/live\/wp-content\/uploads\/2021\/09\/image-338.png?resize=223%2C300&amp;ssl=1 223w, https:\/\/i1.wp.com\/batimedianews.com\/live\/wp-content\/uploads\/2021\/09\/image-338.png?resize=7%2C10&amp;ssl=1 7w, https:\/\/i1.wp.com\/batimedianews.com\/live\/wp-content\/uploads\/2021\/09\/image-338.png?resize=432%2C581&amp;ssl=1 432w, https:\/\/i1.wp.com\/batimedianews.com\/live\/wp-content\/uploads\/2021\/09\/image-338.png?resize=396%2C533&amp;ssl=1 396w, https:\/\/i1.wp.com\/batimedianews.com\/live\/wp-content\/uploads\/2021\/09\/image-338.png?resize=164%2C220&amp;ssl=1 164w\" sizes=\"(max-width: 600px) 91vw, (max-width: 900px) 600px, (max-width: 1060px) 50vw, (max-width: 1200px) 520px, (max-width: 1400px) 43vw, 600px\" data-recalc-dims=\"1\" \/><\/figure><\/div>\n\n\n\n<p><em>\u00ab Nous avons adapt\u00e9 le montage pour obtenir un espacement de 44 cm entre les rang\u00e9es et ainsi offrir un effet visuel uniforme qui donne une impression de continuit\u00e9 des vagues au plafond. \u00bb <\/em>explique Bessaou Yalaoui, responsable du bureau d\u2019\u00e9tudes techniques de Saint-Gobain Plafonds France.&nbsp;<\/p>\n\n\n\n<p>Ainsi, ce sont 1 308 baffles qui ont \u00e9t\u00e9 install\u00e9es, pour une longueur totale de plus de 2,35 km, permettant d\u2019augmenter la surface d\u2019absorption et d\u2019am\u00e9liorer encore le confort acoustique du lieu.&nbsp;<\/p>\n\n\n\n<p>Cette adaptation a par ailleurs n\u00e9cessit\u00e9 de cr\u00e9er une nouvelle structure interm\u00e9diaire pour supporter l\u2019installation des syst\u00e8mes de fixation et des profils, tout en s\u2019assurant de l\u2019ad\u00e9quation parfaite des alignements entre les points de suspension et le calepinage des panneaux Solo\u2122 Baffle Wave.&nbsp;<\/p>\n\n\n\n<div class=\"wp-block-image\"><figure class=\"alignright size-large is-resized\"><img loading=\"lazy\" src=\"https:\/\/i0.wp.com\/batimedianews.com\/live\/wp-content\/uploads\/2021\/09\/image-339.png?resize=296%2C197\" alt=\"\" class=\"wp-image-12388\" width=\"296\" height=\"197\" srcset=\"https:\/\/i0.wp.com\/batimedianews.com\/live\/wp-content\/uploads\/2021\/09\/image-339.png?w=582&amp;ssl=1 582w, https:\/\/i0.wp.com\/batimedianews.com\/live\/wp-content\/uploads\/2021\/09\/image-339.png?resize=300%2C200&amp;ssl=1 300w, https:\/\/i0.wp.com\/batimedianews.com\/live\/wp-content\/uploads\/2021\/09\/image-339.png?resize=10%2C7&amp;ssl=1 10w, https:\/\/i0.wp.com\/batimedianews.com\/live\/wp-content\/uploads\/2021\/09\/image-339.png?resize=432%2C288&amp;ssl=1 432w, https:\/\/i0.wp.com\/batimedianews.com\/live\/wp-content\/uploads\/2021\/09\/image-339.png?resize=396%2C264&amp;ssl=1 396w, https:\/\/i0.wp.com\/batimedianews.com\/live\/wp-content\/uploads\/2021\/09\/image-339.png?resize=330%2C220&amp;ssl=1 330w\" sizes=\"(max-width: 600px) 91vw, (max-width: 900px) 600px, (max-width: 1060px) 50vw, (max-width: 1200px) 520px, (max-width: 1400px) 43vw, 600px\" data-recalc-dims=\"1\" \/><\/figure><\/div>\n\n\n\n<p><em>\u00ab Le travail de pose a exig\u00e9 une excellente coh\u00e9sion entre les diff\u00e9rents corps d\u2019\u00e9tat, notamment avec le lot \u00e9lectricit\u00e9 \u00bb <\/em>ajoute Micka\u00ebl Martins, g\u00e9rant de Nord France Pl\u00e2trerie. En effet, des luminaires italiens en forme de soucoupes sont install\u00e9s entre les baffles pour compl\u00e9ter l\u2019ambiance futuriste du hall<em>. \u00ab Nous n\u2019avons rien laiss\u00e9 au hasard pour coordonner la suspension des luminaires et l\u2019alignement de l\u2019ensemble des baffles. \u00bb&nbsp;<\/em><\/p>\n\n\n\n<div class=\"wp-block-group\"><div class=\"wp-block-group__inner-container\">\n<p><strong>Fiche identit\u00e9 du chantier :&nbsp;<\/strong><\/p>\n\n\n\n<p>Ma\u00eetre d\u2019ouvrage : SOCIETE DES PORTS DU DETROIT&nbsp;<\/p>\n\n\n\n<p>Concepteur-r\u00e9alisateur : GROUPEMENT CONSTRUCTEUR CALAIS PORT 2015&nbsp;<\/p>\n\n\n\n<p>Architecte : POLYN\u00d4ME ARCHITECTES&nbsp;<\/p>\n\n\n\n<p>Entreprise de pose : NORD FRANCE PLATRERIE&nbsp;<\/p>\n\n\n\n<p>Superficie du b\u00e2timent d\u2019entr\u00e9e : 1 800 m\u00b2&nbsp;<\/p>\n\n\n\n<p>Date de livraison : 2021&nbsp;<\/p>\n<\/div><\/div>\n\n\n\n<div class=\"wp-block-group\"><div class=\"wp-block-group__inner-container\">\n<p><strong><em>A propos d&rsquo;Ecophon&nbsp;<\/em><\/strong><\/p>\n\n\n\n<p>Leader des solutions acoustiques, Ecophon d\u00e9veloppe, produit et commercialise une large gamme de produits et syst\u00e8mes en laine de verre (plafonds modulaires, \u00eelots, baffles, panneaux muraux, ossatures, accessoires, luminaires\u2026) pour les secteurs du tertiaire, de l\u2019industrie, de l\u2019\u00e9ducation et de la sant\u00e9. Par ses solutions, l\u2019entreprise contribue \u00e0 la cr\u00e9ation d\u2019environnements int\u00e9rieurs plus sains et \u00e0 l\u2019am\u00e9lioration de la qualit\u00e9 de vie, du bien-\u00eatre et de la performance professionnelle. La promesse d\u2019Ecophon : avoir \u00ab a sound effect on people \u00bb. Pr\u00e9sente en France depuis plus de 30 ans, Ecophon, dont le si\u00e8ge social se situe en Su\u00e8de, est une soci\u00e9t\u00e9 du groupe Saint-Gobain. Ecophon poss\u00e8de des unit\u00e9s de ventes dans 14 pays, des d\u00e9l\u00e9gations dans 30 autres pays et emploie environ 800 personnes. Elle dispose d\u2019un centre de R&amp;D en Su\u00e8de et de 6 usines de production en France, Su\u00e8de, Pologne, Danemark, Finlande et au Br\u00e9sil.&nbsp;<\/p>\n<\/div><\/div>\n","protected":false},"excerpt":{"rendered":"<p>&nbsp;Le nouveau Port de Calais (62) a \u00e9t\u00e9 inaugur\u00e9 le 9 septembre dernier, apr\u00e8s six ann\u00e9es de travaux. Dans le cadre de ce projet d\u2019exception qui repr\u00e9sente le plus important chantier portuaire europ\u00e9en de la d\u00e9cennie, Saint-Gobain Ecophon a \u00e9t\u00e9 choisi pour \u00e9quiper le tr\u00e8s moderne b\u00e2timent d\u2019entr\u00e9e du Port. Alliant une esth\u00e9tique futuriste avec [&hellip;]<\/p>\n","protected":false},"author":41,"featured_media":12390,"comment_status":"open","ping_status":"open","sticky":false,"template":"","format":"standard","meta":{"spay_email":""},"categories":[3,4,29,94],"tags":[],"jetpack_featured_media_url":"https:\/\/i2.wp.com\/batimedianews.com\/live\/wp-content\/uploads\/2021\/09\/Ecophon-Article-1.jpg?fit=1224%2C512&ssl=1","jetpack_sharing_enabled":true,"jetpack_likes_enabled":true,"jetpack-related-posts":[{"id":16600,"url":"https:\/\/batimedianews.com\/live\/index.php\/2022\/03\/02\/ecophon-et-plafometal-equipent-laeroport-de-marseille\/","url_meta":{"origin":12383,"position":0},"title":"ECOPHON ET PLAFOMETAL \u00e9quipent l&rsquo;a\u00e9roport de Marseille","date":"2 mars 2022","format":false,"excerpt":"L\u2019a\u00e9roport de Marseille-Provence a entam\u00e9 en 2019 une s\u00e9rie de grands travaux destin\u00e9s \u00e0 am\u00e9liorer l\u2019accueil des voyageurs. Dans le cadre de cette r\u00e9habilitation, les marques Saint-Gobain Ecophon et Plafometal ont \u00e9t\u00e9 choisies pour \u00e9quiper les zones de d\u00e9barquement et de r\u00e9cup\u00e9ration des bagages du Terminal 1.\u00a0 L\u2019a\u00e9roport de Marseille-Provence\u2026","rel":"","context":"Dans &quot;Acoustique&quot;","img":{"alt_text":"","src":"https:\/\/i1.wp.com\/batimedianews.com\/live\/wp-content\/uploads\/2022\/02\/Plafometal_Ecophon-Article.jpg?fit=512%2C512&ssl=1&resize=350%2C200","width":350,"height":200},"classes":[]},{"id":11769,"url":"https:\/\/batimedianews.com\/live\/index.php\/2021\/09\/07\/saint-gobain-ecophon-accompagne-les-entreprises-de-pose-et-installateurs-pour-integrer-lacoustique-aux-travaux-de-renovation\/","url_meta":{"origin":12383,"position":1},"title":"SAINT-GOBAIN ECOPHON ACCOMPAGNE LES ENTREPRISES DE POSE ET INSTALLATEURS POUR INTEGRER L\u2019ACOUSTIQUE AUX TRAVAUX DE RENOVATION","date":"7 septembre 2021","format":false,"excerpt":"Le gouvernement fran\u00e7ais a lanc\u00e9 en septembre 2020 un plan de relance ambitieux dans lequel la r\u00e9novation \u00e9nerg\u00e9tique des b\u00e2timents tient une place majeure. Consciente des enjeux li\u00e9s aux probl\u00e9matiques du bruit, la ma\u00eetrise d\u2019ouvrage de l\u2019immobilier public se saisit de cette opportunit\u00e9 pour int\u00e9grer l\u2019acoustique comme une composante centrale\u2026","rel":"","context":"Dans &quot;Acoustique&quot;","img":{"alt_text":"","src":"https:\/\/i0.wp.com\/batimedianews.com\/live\/wp-content\/uploads\/2021\/09\/Ecophon-Article.jpg?fit=512%2C512&ssl=1&resize=350%2C200","width":350,"height":200},"classes":[]},{"id":25483,"url":"https:\/\/batimedianews.com\/live\/index.php\/2022\/12\/30\/ecophon-equipe-lhumatheque-du-campus-condorcet-93-de-ses-solutions-acoustiques\/","url_meta":{"origin":12383,"position":2},"title":"ECOPHON EQUIPE L\u2019HUMATHEQUE DU CAMPUS CONDORCET (93) DE SES SOLUTIONS ACOUSTIQUES","date":"30 d\u00e9cembre 2022","format":false,"excerpt":"\u00a0L\u2019Humath\u00e8que Condorcet d\u2019Aubervilliers (93) est un centre documentaire situ\u00e9 au coeur du nouveau Campus Condorcet, le plus grand campus de sciences sociales d\u2019Europe. Il accueille aussi bien les \u00e9tudiants et enseignants-chercheurs que les habitants du quartier \u00e0 la recherche d\u2019un espace de travail. Afin d\u2019offrir \u00e0 ce large public un\u2026","rel":"","context":"Dans &quot;Acoustique&quot;","img":{"alt_text":"","src":"https:\/\/i1.wp.com\/batimedianews.com\/live\/wp-content\/uploads\/2022\/12\/Ecophon-Article.jpg?fit=1080%2C1080&ssl=1&resize=350%2C200","width":350,"height":200},"classes":[]},{"id":16441,"url":"https:\/\/batimedianews.com\/live\/index.php\/2022\/02\/23\/lentreprise-alsacienne-clipso-rejoint-le-groupe-ecophon-saint-gobain\/","url_meta":{"origin":12383,"position":3},"title":"L&rsquo;entreprise alsacienne CLIPSO rejoint le groupe Ecophon Saint-Gobain","date":"23 f\u00e9vrier 2022","format":false,"excerpt":"Concepteur & fabricant fran\u00e7ais de solutions techniques pour plafonds & murs Suite \u00e0 un accord exclusif, l\u2019entreprise CLIPSO rejoint le Groupe Ecophon Saint-Gobain, leader mondial de syst\u00e8me d\u2019absorption acoustique. CLIPSO con\u00e7oit, fabrique et commercialise des rev\u00eatements textiles pour les plafonds et les murs. Ces solutions techniques offrent une excellente performance\u2026","rel":"","context":"Dans &quot;Actualit\u00e9 Entreprises&quot;","img":{"alt_text":"","src":"https:\/\/i0.wp.com\/batimedianews.com\/live\/wp-content\/uploads\/2022\/02\/Clipso-Article.jpg?fit=512%2C512&ssl=1&resize=350%2C200","width":350,"height":200},"classes":[]},{"id":2575,"url":"https:\/\/batimedianews.com\/live\/index.php\/2019\/09\/03\/ecophon-complete-son-site-internet-avec-une-nouvelle-rubrique-pour-tout-connaitre-sur-le-bruit\/","url_meta":{"origin":12383,"position":4},"title":"ECOPHON COMPL\u00c8TE SON SITE INTERNET AVEC UNE NOUVELLE RUBRIQUE POUR TOUT CONNAITRE SUR LE BRUIT.","date":"3 septembre 2019","format":false,"excerpt":"Soucieux de partager son savoir-faire en acoustique avec le plus grand nombre, Ecophon fait \u00e9voluer son site internet en y int\u00e9grant une plateforme d\u00e9di\u00e9e \u00e0 l\u2019acoustique et ses probl\u00e9matiques. Elle a pour vocation de sensibiliser aussi bien ses clients professionnels que les utilisateurs finaux \u00e0 l\u2019importance de l\u2019acoustique, et de\u2026","rel":"","context":"Dans &quot;Acoustique&quot;","img":{"alt_text":"","src":"https:\/\/i0.wp.com\/batimedianews.com\/live\/wp-content\/uploads\/2019\/09\/ecophon_image.jpg?fit=1058%2C469&ssl=1&resize=350%2C200","width":350,"height":200},"classes":[]},{"id":23688,"url":"https:\/\/batimedianews.com\/live\/index.php\/2022\/09\/28\/solutions-techniques-acoustiques-et-decoratives-pour-murs-et-plafonds\/","url_meta":{"origin":12383,"position":5},"title":"Solutions techniques, acoustiques et d\u00e9coratives pour murs et plafonds !","date":"28 septembre 2022","format":false,"excerpt":"BATIMAT Du 3 au 6 octobre 2022 Paris - Porte de Versailles PAVILLON 1 - STAND F086 Apr\u00e8s trois ann\u00e9es d\u2019absences contraintes, CLIPSO fait son retour \u00e0 BATIMAT sur un stand revisit\u00e9. De forme cubique et \u00e9pur\u00e9e, l\u2019espace architectur\u00e9 joue avec les ouvertures et fait la part belle \u00e0 un\u2026","rel":"","context":"Dans &quot;Actualit\u00e9 Entreprises&quot;","img":{"alt_text":"","src":"https:\/\/i0.wp.com\/batimedianews.com\/live\/wp-content\/uploads\/2022\/09\/Clipso-Article.jpg?fit=1080%2C1080&ssl=1&resize=350%2C200","width":350,"height":200},"classes":[]}],"_links":{"self":[{"href":"https:\/\/batimedianews.com\/live\/index.php\/wp-json\/wp\/v2\/posts\/12383"}],"collection":[{"href":"https:\/\/batimedianews.com\/live\/index.php\/wp-json\/wp\/v2\/posts"}],"about":[{"href":"https:\/\/batimedianews.com\/live\/index.php\/wp-json\/wp\/v2\/types\/post"}],"author":[{"embeddable":true,"href":"https:\/\/batimedianews.com\/live\/index.php\/wp-json\/wp\/v2\/users\/41"}],"replies":[{"embeddable":true,"href":"https:\/\/batimedianews.com\/live\/index.php\/wp-json\/wp\/v2\/comments?post=12383"}],"version-history":[{"count":3,"href":"https:\/\/batimedianews.com\/live\/index.php\/wp-json\/wp\/v2\/posts\/12383\/revisions"}],"predecessor-version":[{"id":12553,"href":"https:\/\/batimedianews.com\/live\/index.php\/wp-json\/wp\/v2\/posts\/12383\/revisions\/12553"}],"wp:featuredmedia":[{"embeddable":true,"href":"https:\/\/batimedianews.com\/live\/index.php\/wp-json\/wp\/v2\/media\/12390"}],"wp:attachment":[{"href":"https:\/\/batimedianews.com\/live\/index.php\/wp-json\/wp\/v2\/media?parent=12383"}],"wp:term":[{"taxonomy":"category","embeddable":true,"href":"https:\/\/batimedianews.com\/live\/index.php\/wp-json\/wp\/v2\/categories?post=12383"},{"taxonomy":"post_tag","embeddable":true,"href":"https:\/\/batimedianews.com\/live\/index.php\/wp-json\/wp\/v2\/tags?post=12383"}],"curies":[{"name":"wp","href":"https:\/\/api.w.org\/{rel}","templated":true}]}}