{"id":12392,"date":"2021-10-06T09:28:16","date_gmt":"2021-10-06T07:28:16","guid":{"rendered":"http:\/\/batimedianews.com\/live\/?p=12392"},"modified":"2022-08-07T12:56:42","modified_gmt":"2022-08-07T10:56:42","slug":"le-groupe-muller-sera-present-au-salon-hexpo-du-28-au-30-septembre-2021","status":"publish","type":"post","link":"https:\/\/batimedianews.com\/live\/index.php\/2021\/10\/06\/le-groupe-muller-sera-present-au-salon-hexpo-du-28-au-30-septembre-2021\/","title":{"rendered":"Le Groupe Muller  pr\u00e9sent au salon H\u2019Expo"},"content":{"rendered":"\n<p>Paris, le 27 septembre 2021, le Groupe Muller, ETI industrielle op\u00e9rant en France, qui con\u00e7oit et fabrique des \u00e9quipements thermiques intelligents et connect\u00e9s pr\u00e9sent au salon H\u2019Expo \u00e0 Bordeaux, \u00e9v\u00e9nement adoss\u00e9 au 81\u00e8me Congr\u00e8s Hlm de l\u2019Union sociale pour l\u2019habitat, du 28 au 30 septembre 2021.<\/p>\n\n\n\n<p class=\"has-text-color\" style=\"color:#a5b9d5\"><strong>AUER et Muller Intuitiv  ont donn\u00e9 rendez-vous stand C58 \/ C 60 pour d\u00e9couvrir sur 4 p\u00f4les les nouvelles solutions compatibles avec la RE 2020 pour les logements collectifs et individuels :<\/strong><\/p>\n\n\n\n<div class=\"wp-block-group\"><div class=\"wp-block-group__inner-container\">\n<p class=\"has-text-color\" style=\"color:#a5b9d5\"><strong>#1. Solution collective pour les logements collectifs<\/strong><\/p>\n\n\n\n<p>Pompe \u00e0 chaleur Z\u00e9PAC 80 kW pour la production collective de chauffage, d\u2019eau chaude sanitaire et de rafra\u00eechissement.<\/p>\n<\/div><\/div>\n\n\n\n<div class=\"wp-block-group\"><div class=\"wp-block-group__inner-container\">\n<p class=\"has-text-color\" style=\"color:#a5b9d5\"><strong>#2. Solution individuelle pour les logements collectifs<\/strong><\/p>\n\n\n\n<p>Solution composite qui associe un chauffe-eau thermodynamique Z\u00e9CET avec des radiateurs \u00e9lectriques et des s\u00e8che-serviettes.<\/p>\n<\/div><\/div>\n\n\n\n<div class=\"wp-block-group\"><div class=\"wp-block-group__inner-container\">\n<p class=\"has-text-color\" style=\"color:#a5b9d5\"><strong>#3. Solution maison individuelle<\/strong><\/p>\n\n\n\n<p>Pompe \u00e0 chaleur haute temp\u00e9rature HTi 70 double service pour la production de chauffage et d\u2019eau chaude sanitaire.<\/p>\n\n\n\n<p>Une variante PAC HTi 70 coupl\u00e9e \u00e0 des radiateurs \u00e9lectriques sera \u00e9galement pr\u00e9sent\u00e9e.<\/p>\n<\/div><\/div>\n\n\n\n<div class=\"wp-block-group\"><div class=\"wp-block-group__inner-container\">\n<p class=\"has-text-color\" style=\"color:#a5b9d5\"><strong>#4. Solutions \u00e9lectriques pour la r\u00e9novation<\/strong><\/p>\n\n\n\n<p>Radiateurs \u00e9lectriques, s\u00e8che serviettes et chauffe-eau thermodynamiques<\/p>\n<\/div><\/div>\n\n\n\n<figure class=\"wp-block-image size-large is-resized\"><img loading=\"lazy\" src=\"https:\/\/i2.wp.com\/batimedianews.com\/live\/wp-content\/uploads\/2021\/09\/image-340.png?resize=72%2C69\" alt=\"\" class=\"wp-image-12393\" width=\"72\" height=\"69\" srcset=\"https:\/\/i2.wp.com\/batimedianews.com\/live\/wp-content\/uploads\/2021\/09\/image-340.png?w=112&amp;ssl=1 112w, https:\/\/i2.wp.com\/batimedianews.com\/live\/wp-content\/uploads\/2021\/09\/image-340.png?resize=10%2C10&amp;ssl=1 10w\" sizes=\"(max-width: 600px) 91vw, (max-width: 900px) 600px, (max-width: 1060px) 50vw, (max-width: 1200px) 520px, (max-width: 1400px) 43vw, 600px\" data-recalc-dims=\"1\" \/><\/figure>\n\n\n\n<p class=\"has-text-color\" style=\"color:#a5b9d5\"><strong>Des solutions innovantes fabriqu\u00e9es en France<\/strong><\/p>\n\n\n\n<p>Le Groupe Muller s\u2019impose comme un acteur majeur de la transition \u00e9nerg\u00e9tique avec des syst\u00e8mes de chauffage et d\u2019eau chaude sanitaire innovants pour la fili\u00e8re du b\u00e2timent.<\/p>\n\n\n\n<p>Aujourd\u2019hui, l\u2019entreprise renforce son d\u00e9veloppement sur les pompes \u00e0 chaleur haute temp\u00e9rature pour accompagner la transition \u00e9nerg\u00e9tique et environnementale. Elle met son savoir-faire fran\u00e7ais au service de la r\u00e9duction des consommations d\u2019\u00e9nergie et contribue \u00e0 la suppression des \u00e9missions de carbone.<\/p>\n\n\n\n<p>D\u00e9velopp\u00e9e depuis 2008, la fabrication en France des pompes \u00e0 chaleur haute temp\u00e9rature est aujourd\u2019hui g\u00e9r\u00e9e de bout en bout et en circuit court. Gr\u00e2ce \u00e0 ses derniers investissements, l\u2019entreprise a renforc\u00e9 son autonomie, assur\u00e9 la mont\u00e9e en comp\u00e9tence et en expertise de ses collaborateurs, le maintien de l\u2019emploi, et \u00e9galement le d\u00e9veloppement de l\u2019activit\u00e9 sur le secteur tr\u00e8s dynamique des \u00e9nergies renouvelables.<\/p>\n\n\n\n<p><strong>\u00c0 propos du Groupe Muller :<\/strong><\/p>\n\n\n\n<p class=\"has-small-font-size\">Le Groupe Muller, filiale du Groupe Glen Dimplex, est pr\u00e9sent commercialement dans plus de 50 pays \u00e0 travers le monde sous les marques Air\u00e9lec, Applimo, Auer, Campa, France \u00c9nergie et Noirot. Le Groupe Muller emploie plus de 1000 collaborateurs, dont de nombreux techniciens, ing\u00e9nieurs et chercheurs. Il s\u2019appuie sur 6 usines et 5 centres de R&amp;D en France. Acteur engag\u00e9 de la transition environnementale, \u00e9nerg\u00e9tique et digitale, le Groupe accompagne la construction et la r\u00e9novation de logements et de b\u00e2timents tertiaires priv\u00e9s et publics. Avec des produits toujours plus performants, intelligents et connect\u00e9s, les innovations con\u00e7ues par les soci\u00e9t\u00e9s du Groupe anticipent les enjeux soci\u00e9taux pour r\u00e9pondre aux nouvelles exigences des b\u00e2timents.<\/p>\n","protected":false},"excerpt":{"rendered":"<p>Paris, le 27 septembre 2021, le Groupe Muller, ETI industrielle op\u00e9rant en France, qui con\u00e7oit et fabrique des \u00e9quipements thermiques intelligents et connect\u00e9s pr\u00e9sent au salon H\u2019Expo \u00e0 Bordeaux, \u00e9v\u00e9nement adoss\u00e9 au 81\u00e8me Congr\u00e8s Hlm de l\u2019Union sociale pour l\u2019habitat, du 28 au 30 septembre 2021. AUER et Muller Intuitiv ont donn\u00e9 rendez-vous stand C58 [&hellip;]<\/p>\n","protected":false},"author":41,"featured_media":12394,"comment_status":"open","ping_status":"open","sticky":false,"template":"","format":"standard","meta":{"spay_email":""},"categories":[4,31,32,59,99,115],"tags":[],"jetpack_featured_media_url":"https:\/\/i1.wp.com\/batimedianews.com\/live\/wp-content\/uploads\/2021\/09\/Muller-Article.jpg?fit=1224%2C512&ssl=1","jetpack_sharing_enabled":true,"jetpack_likes_enabled":true,"jetpack-related-posts":[{"id":198,"url":"https:\/\/batimedianews.com\/live\/index.php\/2018\/10\/04\/salon-hexpo-myral-presente-la-finition-en-joint-debout-destinee-aux-logements-collectifs\/","url_meta":{"origin":12392,"position":0},"title":"Salon H&#039;Expo : Myral pr\u00e9sente la finition en joint debout destin\u00e9e aux logements collectifs","date":"4 octobre 2018","format":false,"excerpt":"Myral,\u00a0expert en isolation thermique par l'ext\u00e9rieur\u00a0et\u00a0acteur\u00a0majeur\u00a0du logement social,\u00a0sera pr\u00e9sent\u00a0au\u00a079\u00e8me\u00a0Congr\u00e8s de l'Union sociale pour\u00a0l'habitat\u00a0qui se tiendra cette ann\u00e9e\u00a0du\u00a09 au 11 octobre\u00a0au\u00a0Parc Chanot \u00e0 Marseille. > L'\u00e9quipe prescription pr\u00e9sentera\u00a0la\u00a0nouvelle solution \u00e0 l'esth\u00e9tique joint debout. Une innovation simple de mise en\u00a0\u0153uvre et \u00e9conomique qui, seule ou mix\u00e9e, offre un style moderne et contemporain\u2026","rel":"","context":"Dans &quot;Isolation&quot;","img":{"alt_text":"","src":"https:\/\/i1.wp.com\/batimedianews.com\/live\/wp-content\/uploads\/2018\/10\/unnamed.jpg?fit=384%2C256&ssl=1&resize=350%2C200","width":350,"height":200},"classes":[]},{"id":46630,"url":"https:\/\/batimedianews.com\/live\/index.php\/2025\/09\/24\/panasonic-presente-ses-innovations-sur-les-salons-h-expo-sifa-et-artibat\/","url_meta":{"origin":12392,"position":1},"title":"Panasonic pr\u00e9sente ses innovations sur les salons H Expo, Sifa et Artibat","date":"24 septembre 2025","format":false,"excerpt":"Gennevilliers \u2013 Panasonic heating & cooling solutions annonce sa pr\u00e9sence sur trois salons incontournables de la rentr\u00e9e : H\u2019Expo, le SIFA et Artibat.\u00a0 H\u2019EXPO, du 23 au 25 septembre 2025, Paris Expo, Porte de Versailles, Pavillon 4\u00a0 Le Salon H\u2019Expo, au sein du Congr\u00e8s annuel du Mouvement Hlm, rassemble plus\u2026","rel":"","context":"Dans &quot;Actualit\u00e9 Entreprises&quot;","img":{"alt_text":"","src":"https:\/\/i0.wp.com\/batimedianews.com\/live\/wp-content\/uploads\/2025\/09\/Panasonic.jpg?fit=825%2C825&ssl=1&resize=350%2C200","width":350,"height":200},"classes":[]},{"id":19484,"url":"https:\/\/batimedianews.com\/live\/index.php\/2022\/05\/02\/renouvellement-du-parc-des-equipements-de-chauffage-dans-les-logements-une-necessite-face-a-la-hausse-du-prix-des-energies-aux-enjeux-environnementaux\/","url_meta":{"origin":12392,"position":2},"title":"Renouvellement du parc des \u00e9quipements de chauffage dans les logements : une n\u00e9cessit\u00e9 face \u00e0 la hausse du prix des \u00e9nergies aux enjeux environnementaux","date":"2 mai 2022","format":false,"excerpt":"Depuis d\u00e9cembre 2021, les tarifs du fioul domestique ont augment\u00e9 de pr\u00e8s de 50%, les prix de march\u00e9 du gaz de 70% et de l'\u00e9lectricit\u00e9, de 35%. Ces hausses massives, qui semblent amen\u00e9es \u00e0 se poursuivre, impactent fortement le pouvoir d'achat des m\u00e9nages fran\u00e7ais. Un pouvoir d'achat pris en \u00e9tau\u2026","rel":"","context":"Dans &quot;Chauffage&quot;","img":{"alt_text":"","src":"https:\/\/i2.wp.com\/batimedianews.com\/live\/wp-content\/uploads\/2022\/04\/Groupe-Muller-article.jpg?fit=1080%2C1080&ssl=1&resize=350%2C200","width":350,"height":200},"classes":[]},{"id":2818,"url":"https:\/\/batimedianews.com\/live\/index.php\/2019\/09\/25\/salon-hexpo-2019-forbo-flooring-presente-son-expertise-et-sa-palette-de-solutions-dediees-a-lhabitat\/","url_meta":{"origin":12392,"position":3},"title":"Salon H\u2019Expo 2019, Forbo Flooring pr\u00e9sente son expertise et sa palette de solutions d\u00e9di\u00e9es \u00e0 l\u2019habitat","date":"25 septembre 2019","format":false,"excerpt":"Sp\u00e9cialiste du rev\u00eatement de sol souple, Forbo Flooring d\u00e9cline un large \u00e9ventail de gammes pour le march\u00e9 de l\u2019habitat. Forbo Flooring a ainsi choisi de d\u00e9rouler les atouts de ses rev\u00eatements, pour ce segment sp\u00e9cifique, sur le salon H\u2019Expo 2019 (Paris, Porte de Versailles, du 24 au 26 septembre) :\u2026","rel":"","context":"Dans &quot;Actualit\u00e9 Entreprises&quot;","img":{"alt_text":"","src":"https:\/\/i0.wp.com\/batimedianews.com\/live\/wp-content\/uploads\/2019\/09\/forbo1image2.jpg?fit=699%2C478&ssl=1&resize=350%2C200","width":350,"height":200},"classes":[]},{"id":31141,"url":"https:\/\/batimedianews.com\/live\/index.php\/2023\/09\/11\/la-societe-rairies-montrieux-presente-au-salon-hexpo\/","url_meta":{"origin":12392,"position":4},"title":"La soci\u00e9t\u00e9 Rairies Montrieux pr\u00e9sente au salon H&rsquo;Expo","date":"11 septembre 2023","format":false,"excerpt":"LA SOCI\u00c9T\u00c9 RAIRIES MONTRIEUX sera pr\u00e9sente au salon H'Expo,\u00a0qui se tiendra du 3 au 5 octobre au parc des Expositions de la Beaujoire\u00a0\u00e0 Nantes.\u00a0 Le salon H\u2019Expo est aujourd\u2019hui l\u2019\u00e9v\u00e8nement national incontournable d\u00e9di\u00e9 aux professionnels de l\u2019habitat social, il s\u2019inscrit dans un \u00e9v\u00e8nement global qui est le Congr\u00e8s de l\u2019Union\u2026","rel":"","context":"Dans &quot;Actualit\u00e9 Entreprises&quot;","img":{"alt_text":"","src":"https:\/\/i1.wp.com\/batimedianews.com\/live\/wp-content\/uploads\/2023\/09\/Rairies-Montrieux-articles.jpg?fit=825%2C825&ssl=1&resize=350%2C200","width":350,"height":200},"classes":[]},{"id":23104,"url":"https:\/\/batimedianews.com\/live\/index.php\/2022\/09\/15\/le-groupe-muller-devient-intuis\/","url_meta":{"origin":12392,"position":5},"title":"Le GROUPE MULLER devient intuis","date":"15 septembre 2022","format":false,"excerpt":"Aujourd\u2019hui, le GROUPE MULLER doit r\u00e9pondre \u00e0 de nouveaux d\u00e9fis et pas des moindres: la crise sanitaire, avec \u00e0 la fois un challenge industriel \u00e0 relever et un confort int\u00e9rieur \u00e0 repenser. Le r\u00e9chauffement climatique, qui impose de nouveaux comportements. Le conflit aux fronti\u00e8res de l\u2019Europe, qui impacte la politique\u2026","rel":"","context":"Dans &quot;Actualit\u00e9 Entreprises&quot;","img":{"alt_text":"","src":"https:\/\/i2.wp.com\/batimedianews.com\/live\/wp-content\/uploads\/2022\/09\/intuis-Article.jpg?fit=1080%2C1080&ssl=1&resize=350%2C200","width":350,"height":200},"classes":[]}],"_links":{"self":[{"href":"https:\/\/batimedianews.com\/live\/index.php\/wp-json\/wp\/v2\/posts\/12392"}],"collection":[{"href":"https:\/\/batimedianews.com\/live\/index.php\/wp-json\/wp\/v2\/posts"}],"about":[{"href":"https:\/\/batimedianews.com\/live\/index.php\/wp-json\/wp\/v2\/types\/post"}],"author":[{"embeddable":true,"href":"https:\/\/batimedianews.com\/live\/index.php\/wp-json\/wp\/v2\/users\/41"}],"replies":[{"embeddable":true,"href":"https:\/\/batimedianews.com\/live\/index.php\/wp-json\/wp\/v2\/comments?post=12392"}],"version-history":[{"count":4,"href":"https:\/\/batimedianews.com\/live\/index.php\/wp-json\/wp\/v2\/posts\/12392\/revisions"}],"predecessor-version":[{"id":12601,"href":"https:\/\/batimedianews.com\/live\/index.php\/wp-json\/wp\/v2\/posts\/12392\/revisions\/12601"}],"wp:featuredmedia":[{"embeddable":true,"href":"https:\/\/batimedianews.com\/live\/index.php\/wp-json\/wp\/v2\/media\/12394"}],"wp:attachment":[{"href":"https:\/\/batimedianews.com\/live\/index.php\/wp-json\/wp\/v2\/media?parent=12392"}],"wp:term":[{"taxonomy":"category","embeddable":true,"href":"https:\/\/batimedianews.com\/live\/index.php\/wp-json\/wp\/v2\/categories?post=12392"},{"taxonomy":"post_tag","embeddable":true,"href":"https:\/\/batimedianews.com\/live\/index.php\/wp-json\/wp\/v2\/tags?post=12392"}],"curies":[{"name":"wp","href":"https:\/\/api.w.org\/{rel}","templated":true}]}}