{"id":12396,"date":"2021-10-06T09:45:43","date_gmt":"2021-10-06T07:45:43","guid":{"rendered":"http:\/\/batimedianews.com\/live\/?p=12396"},"modified":"2022-08-07T12:56:42","modified_gmt":"2022-08-07T10:56:42","slug":"atlantem-devoile-sa-vision-de-linnovation-numerique-digitam-plateforme-de-gestion-inedite-et-une-offre-de-produits-domotises","status":"publish","type":"post","link":"https:\/\/batimedianews.com\/live\/index.php\/2021\/10\/06\/atlantem-devoile-sa-vision-de-linnovation-numerique-digitam-plateforme-de-gestion-inedite-et-une-offre-de-produits-domotises\/","title":{"rendered":"ATLANTEM D\u00c9VOILE SA VISION DE L\u2019INNOVATION NUM\u00c9RIQUE : DIGIT\u2019AM, PLATEFORME DE GESTION IN\u00c9DITE ET UNE OFFRE DE PRODUITS DOMOTIS\u00c9S"},"content":{"rendered":"\n<figure class=\"wp-block-image size-large is-resized\"><img loading=\"lazy\" src=\"https:\/\/i2.wp.com\/batimedianews.com\/live\/wp-content\/uploads\/2021\/09\/image-341.png?resize=621%2C621\" alt=\"\" class=\"wp-image-12397\" width=\"621\" height=\"621\" srcset=\"https:\/\/i2.wp.com\/batimedianews.com\/live\/wp-content\/uploads\/2021\/09\/image-341.png?w=678&amp;ssl=1 678w, https:\/\/i2.wp.com\/batimedianews.com\/live\/wp-content\/uploads\/2021\/09\/image-341.png?resize=300%2C300&amp;ssl=1 300w, https:\/\/i2.wp.com\/batimedianews.com\/live\/wp-content\/uploads\/2021\/09\/image-341.png?resize=150%2C150&amp;ssl=1 150w, https:\/\/i2.wp.com\/batimedianews.com\/live\/wp-content\/uploads\/2021\/09\/image-341.png?resize=10%2C10&amp;ssl=1 10w, https:\/\/i2.wp.com\/batimedianews.com\/live\/wp-content\/uploads\/2021\/09\/image-341.png?resize=432%2C432&amp;ssl=1 432w, https:\/\/i2.wp.com\/batimedianews.com\/live\/wp-content\/uploads\/2021\/09\/image-341.png?resize=396%2C396&amp;ssl=1 396w, https:\/\/i2.wp.com\/batimedianews.com\/live\/wp-content\/uploads\/2021\/09\/image-341.png?resize=660%2C660&amp;ssl=1 660w, https:\/\/i2.wp.com\/batimedianews.com\/live\/wp-content\/uploads\/2021\/09\/image-341.png?resize=220%2C220&amp;ssl=1 220w\" sizes=\"(max-width: 600px) 91vw, (max-width: 900px) 600px, (max-width: 1060px) 50vw, (max-width: 1200px) 520px, (max-width: 1400px) 43vw, 600px\" data-recalc-dims=\"1\" \/><\/figure>\n\n\n\n<p class=\"has-text-color has-small-font-size\" style=\"color:#f989d6\">&nbsp;<strong>ATLANTEM&nbsp;<\/strong><\/p>\n\n\n\n<p class=\"has-small-font-size\">Filiale du Groupe HERIGE, ATLANTEM con\u00e7oit, fabrique et commercialise aupr\u00e8s des professionnels une offre compl\u00e8te multi-mat\u00e9riaux de menuiseries, volets, portes d\u2019entr\u00e9e, portes de garage et portails r\u00e9alis\u00e9s dans ses onze usines fran\u00e7aises.&nbsp;<\/p>\n\n\n\n<p>ATLANTEM aborde la rentr\u00e9e 2021 dans une dynamique d\u2019innovation forte, confirmant sa d\u00e9marche d\u2019acc\u00e9l\u00e9ration entam\u00e9e il y a plus d\u2019un an. Il poursuit sa transformation digitale qui sera le fil rouge de son stand Equipbaie.&nbsp;<\/p>\n\n\n\n<p>L\u2019industriel fran\u00e7ais commercialise depuis plus de 25 ans une offre de menuiseries labellis\u00e9es OFG (Origine France Garantie), couvrant toutes les familles d\u2019ouvertures et de fermetures fabriqu\u00e9es avec une importante exigence de qualit\u00e9, attest\u00e9e par l\u2019obtention du label NF. <strong>Il ajoute cette ann\u00e9e \u00e0 son expertise produit, un nouveau service digital optimal et unique sur le march\u00e9 de la menuiserie, qui r\u00e9pond aux enjeux des artisans et TPE dont le m\u00e9tier \u00e9volue dans un monde qui acc\u00e9l\u00e8re constamment. <\/strong>Comment participer \u00e0 l\u2019optimisation de leur efficacit\u00e9 ? Comment leur faire gagner du temps ? Comment les accompagner vers une croissance de leur business ? Baptis\u00e9 <strong>Digit\u2019AM, cet outil de gestion et d\u2019organisation des donn\u00e9es ouvre la porte \u00e0 plus de fluidit\u00e9 et d\u2019efficacit\u00e9 sur le plan commercial et sur le pilotage op\u00e9rationnel de l\u2019activit\u00e9<\/strong>.&nbsp;<\/p>\n\n\n\n<p>Ce d\u00e9veloppement r\u00e9sulte d\u2019un projet initi\u00e9 il y a plusieurs ann\u00e9es et qui s\u2019appuie sur l\u2019h\u00e9ritage de valeurs fortes qui placent l\u2019exp\u00e9rience du client et son confort au coeur des priorit\u00e9s. Digit\u2019AM se veut aussi simple que pratique et flexible. Chaque d\u00e9tail est pens\u00e9 pour r\u00e9pondre \u00e0 un besoin pr\u00e9cis, \u00e0 travers une d\u00e9clinaison en <strong>cinq box permettant une couverture graduelle des besoins<\/strong>.&nbsp;<\/p>\n\n\n\n<p>Le stand fait \u00e9galement la part belle \u00e0 <strong>trois nouveaut\u00e9s produits domotis\u00e9s \u00e0 la pointe de la technologie <\/strong>: une fen\u00eatre \u00e9quip\u00e9e d\u2019un capteur de positionnement, un coulissant motoris\u00e9 et un barillet motoris\u00e9 pour porte d\u2019entr\u00e9e. Ces solutions s\u2019int\u00e8grent dans l\u2019habitat intelligent et connect\u00e9, de plus en plus pl\u00e9biscit\u00e9 par les foyers en qu\u00eate de praticit\u00e9 et de confort.&nbsp;<\/p>\n\n\n\n<div class=\"wp-block-columns\">\n<div class=\"wp-block-column\" style=\"flex-basis:50%\">\n<figure class=\"wp-block-image size-large is-resized\"><img loading=\"lazy\" src=\"https:\/\/i0.wp.com\/batimedianews.com\/live\/wp-content\/uploads\/2021\/09\/image-342.png?resize=336%2C342\" alt=\"\" class=\"wp-image-12398\" width=\"336\" height=\"342\" srcset=\"https:\/\/i0.wp.com\/batimedianews.com\/live\/wp-content\/uploads\/2021\/09\/image-342.png?w=728&amp;ssl=1 728w, https:\/\/i0.wp.com\/batimedianews.com\/live\/wp-content\/uploads\/2021\/09\/image-342.png?resize=295%2C300&amp;ssl=1 295w, https:\/\/i0.wp.com\/batimedianews.com\/live\/wp-content\/uploads\/2021\/09\/image-342.png?resize=10%2C10&amp;ssl=1 10w, https:\/\/i0.wp.com\/batimedianews.com\/live\/wp-content\/uploads\/2021\/09\/image-342.png?resize=432%2C439&amp;ssl=1 432w, https:\/\/i0.wp.com\/batimedianews.com\/live\/wp-content\/uploads\/2021\/09\/image-342.png?resize=396%2C403&amp;ssl=1 396w, https:\/\/i0.wp.com\/batimedianews.com\/live\/wp-content\/uploads\/2021\/09\/image-342.png?resize=660%2C671&amp;ssl=1 660w, https:\/\/i0.wp.com\/batimedianews.com\/live\/wp-content\/uploads\/2021\/09\/image-342.png?resize=216%2C220&amp;ssl=1 216w\" sizes=\"(max-width: 600px) 91vw, (max-width: 900px) 600px, (max-width: 1060px) 50vw, (max-width: 1200px) 520px, (max-width: 1400px) 43vw, 600px\" data-recalc-dims=\"1\" \/><\/figure>\n<\/div>\n\n\n\n<div class=\"wp-block-column\" style=\"flex-basis:50%\">\n<p class=\"has-background\" style=\"background-color:#5da1ef\">Le stand d\u2019ATLANTEM refl\u00e8te son engagement RSE qui se traduit par une action sp\u00e9cifique \u00e0 deux niveaux. ATLANTEM s\u2019attache \u00e0 <strong>assurer la tra\u00e7abilit\u00e9 de r\u00e9utilisation ou de recyclage de chaque composant<\/strong>. Ils sont unitairement identifi\u00e9s afin de les proposer \u00e0 des collaborateurs, clients ou acteurs de la soci\u00e9t\u00e9 civile. Par exemple, les portants facilement d\u00e9montables seront r\u00e9utilis\u00e9s dans des show-rooms, le bandeau d\u2019appel au-dessus du stand, con\u00e7u par tron\u00e7ons de 2 m, pourra par la suite servir de banc. ATLANTEM a <strong>calcul\u00e9 l\u2019impact carbone de sa participation \u00e0 l\u2019\u00e9v\u00e8nement et s\u2019engage aupr\u00e8s de Reforest\u2019action <\/strong>en soutenant un projet de reforestation \u00e0 hauteur des \u00e9missions CO2 calcul\u00e9es.&nbsp;<\/p>\n<\/div>\n<\/div>\n\n\n\n<h4 class=\"has-text-color\" style=\"color:#025eb9\"><strong>D<\/strong><strong>IGIT<\/strong><strong>\u2019AM : <\/strong><strong>VIVRE UNE NOUVELLE EXP\u00c9RIENCE DU SERVICE NUM\u00c9RIQUE&nbsp;<\/strong><\/h4>\n\n\n\n<p>La profession \u00e9volue ind\u00e9niablement : de plus en plus d\u2019informations sont disponibles et n\u00e9cessaires \u00e0 l\u2019artisan, que ce soit dans ses relations commerciales avec ses clients ou administratives avec ses fournisseurs. La plateforme Digit\u2019AM, la premi\u00e8re de ce type du march\u00e9, s\u2019inscrit dans la volont\u00e9 d\u2019ATLANTEM de renforcer ses liens de proximit\u00e9 avec les artisans. L\u2019acc\u00e9l\u00e9ration de l\u2019automatisation contribue \u00e0 <strong>optimiser le traitement des commandes et \u00e0 r\u00e9duire les al\u00e9as<\/strong>.&nbsp;<\/p>\n\n\n\n<p>Digit\u2019AM a \u00e9t\u00e9 con\u00e7u comme <strong>un point de ralliement unique o\u00f9 le professionnel stocke et retrouve, dans un seul et m\u00eame environnement, l\u2019ensemble de ses documents et donn\u00e9es relatifs \u00e0 une affaire, \u00e0 la fois dans sa relation avec l\u2019industriel et avec le client final<\/strong>.&nbsp;<\/p>\n\n\n\n<p>Fini la multiplication des supports ! Il peut ainsi <strong>constituer un v\u00e9ritable \u00ab dossier num\u00e9rique \u00bb s\u00e9curis\u00e9 <\/strong>de ses affaires, complet, consultable \u00e0 tout moment, et partageable avec ses collaborateurs via un syst\u00e8me de droits d\u2019acc\u00e8s.&nbsp;<\/p>\n\n\n\n<div class=\"wp-block-group has-background\" style=\"background-color:#6aacf6\"><div class=\"wp-block-group__inner-container\">\n<p><strong>Cette bo\u00eete \u00e0 outils num\u00e9rique se veut \u00e9volutive selon la taille de l\u2019entreprise et les besoins de l\u2019artisan gr\u00e2ce \u00e0 une segmentation en cinq box. Le pack AM-WEB en constitue le socle commun en r\u00e9unissant les fondamentaux ATLANTEM.&nbsp;<\/strong><\/p>\n\n\n\n<p><strong>Plus on progresse vers les quatre autres modules, plus ATLANTEM propose une mont\u00e9e en puissance des services. <\/strong>Pour plus de simplicit\u00e9, chaque box int\u00e8gre les fonctions de la box pr\u00e9c\u00e9dente ainsi que de nouvelles fonctions. Les choix d\u2019abonnements sont r\u00e9versibles \u00e0 tout moment et peuvent porter sur un ou plusieurs utilisateurs dans une m\u00eame entreprise.&nbsp;<\/p>\n\n\n\n<p><strong>Bas\u00e9 sur une technologie Full Web, Digit\u2019AM joue aussi la carte de la simplicit\u00e9 d\u2019usage. <\/strong>Plus de mise \u00e0 jour ou d\u2019interrogations sur les \u00e9volutions de l\u2019offre : Digit\u2019AM est, par d\u00e9finition, \u00e0 jour en permanence. Il s\u2019utilise autant sur un ordinateur qu\u2019une tablette, 7j\/7 et 24h\/24. Le changement de support n\u2019a aucune incidence : il suffit de saisir ses identifiants pour retrouver son univers de travail. Une \u00e9quipe de support interne reste disponible pour accompagner la prise en main de l\u2019outil. ATLANTEM fournit \u00e9galement une documentation d\u2019utilisation ainsi que des vid\u00e9os d\u2019explication.&nbsp;<\/p>\n<\/div><\/div>\n\n\n\n<p class=\"has-text-color\" style=\"color:#025eb9\">\u25aa <strong>U<\/strong><strong>N SERVICE PERSONNALIS\u00c9 <\/strong><strong>: <\/strong><strong>\u00c0 CHAQUE ARTISAN <\/strong><strong>LA <\/strong><strong>BOX <\/strong><strong>D<\/strong><strong>IGIT<\/strong><strong>\u2019AM <\/strong><strong>ADAPT\u00c9E <\/strong><strong>!&nbsp;<\/strong><\/p>\n\n\n\n<p class=\"has-text-color\" style=\"color:#025eb9\">AM-WEB ATLANTEM <\/p>\n\n\n\n<p>offre <strong>un acc\u00e8s gratuit et un usage g\u00e9n\u00e9ralis\u00e9 de cette box \u00e0 l\u2019ensemble de ses clients <\/strong>: AM-WEB constitue ainsi le point d\u2019entr\u00e9e de l\u2019exp\u00e9rience. L\u2019artisan y retrouvera les informations les plus fr\u00e9quemment \u00e9chang\u00e9es avec l\u2019industriel : une base documentaire (avis techniques, guides techniques, PV d\u2019essais, notices de pose\u2026), ses commandes effectu\u00e9es, une copie des factures, la possibilit\u00e9 de cr\u00e9er et suivre des r\u00e9clamations en int\u00e9grant des pi\u00e8ces jointes, un catalogue de pi\u00e8ces d\u00e9tach\u00e9es pour commande directe. Les principales \u00e9tapes de la vie de ses commandes sont consultables et trac\u00e9es via un syst\u00e8me de notifications.&nbsp;<\/p>\n\n\n\n<p class=\"has-text-color\" style=\"color:#025eb9\">AM-FACILE <\/p>\n\n\n\n<p>Cette box permet, en compl\u00e9ment des fonctions d\u2019AM-WEB, de <strong>constituer et g\u00e9rer son fichier clients<\/strong>. L\u2019artisan acc\u00e8de au chiffrage de l\u2019ensemble des offres. Ses remises sont automatiquement int\u00e9gr\u00e9es. Il peut ajouter ses coefficients de vente pour \u00e9laborer ses devis, les affecter \u00e0 un collaborateur et suivre le portefeuille d\u2019affaires, de la cr\u00e9ation \u00e0 la facturation. Autre valeur ajout\u00e9e, l\u2019\u00e9tablissement des factures clients avec une num\u00e9rotation conforme aux exigences r\u00e9glementaires.&nbsp;<\/p>\n\n\n\n<p>En quelques clics, l\u2019artisan passe commande aupr\u00e8s d\u2019ATLANTEM en mode PDF ou par EDI (\u00c9change de Donn\u00e9es Informatis\u00e9). <strong>Transversale<\/strong>, la plateforme permet \u00e9galement d\u2019importer en quelques instants des biblioth\u00e8ques de produits compl\u00e9mentaires comme par exemple le catalogue CEDEO pour r\u00e9aliser des devis complets.&nbsp;<\/p>\n\n\n\n<p class=\"has-text-color\" style=\"color:#025eb9\">AM-3D <\/p>\n\n\n\n<p>Elle constitue <strong>un \u00ab booster \u00bb pour la commercialisation des portes d\u2019entr\u00e9e, de garage et des portails<\/strong>, dont le crit\u00e8re de choix premier est le design. L\u2019artisan invite son client \u00e0 une immersion dans son projet gr\u00e2ce \u00e0 un configurateur simple d\u2019utilisation. Il peut importer des produits sur une photo de la propri\u00e9t\u00e9 pour un rendu r\u00e9aliste. Le consommateur peut ainsi se projeter et modifier en temps r\u00e9el sa configuration (mod\u00e8le, couleur, forme, etc.).&nbsp;<\/p>\n\n\n\n<p class=\"has-text-color\" style=\"color:#025eb9\">AM-PRO <\/p>\n\n\n\n<p>L\u2019utilisateur entre dans <strong>une autre dimension de l\u2019efficacit\u00e9 commerciale gr\u00e2ce \u00e0 de nouvelles fonctions<\/strong>. Une synth\u00e8se de son activit\u00e9 commerciale lui indique par exemple le panier moyen ou le taux de transformation. Ces statistiques peuvent \u00eatre suivies par vendeur. Il peut g\u00e9n\u00e9rer des op\u00e9rations d\u2019e-mailing \u00e0 partir de sa base client. En cas de SAV, il peut l\u2019organiser et le suivre aupr\u00e8s du consommateur. Autre astuce : la planification et les affectations des rendez-vous commerciaux, des m\u00e9tr\u00e9s et du planning de pose.&nbsp;<\/p>\n\n\n\n<p>Source de gain de temps, la m\u00e9morisation des conceptions les plus fr\u00e9quentes permet de les int\u00e9grer directement dans un nouveau devis. La biblioth\u00e8que peut \u00e9galement s\u2019enrichir d\u2019une s\u00e9lection de produits additionnels tels qu\u2019une pergola ou des stores.&nbsp;<\/p>\n\n\n\n<p class=\"has-text-color\" style=\"color:#025eb9\">AM-FULL <\/p>\n\n\n\n<p>Cette box constitue par excellence l\u2019outil de <strong>gestion des affaires et des marges de l\u2019entreprise<\/strong>. L\u2019artisan peut d\u00e9clarer des chantiers et b\u00e9n\u00e9ficier d\u2019une vision compl\u00e8te des charges et des produits qui lui sont li\u00e9s. Chaque chantier est aliment\u00e9 par les devis r\u00e9alis\u00e9s avec le donneur d\u2019ordre. Il peut identifier les sous-traitants, les ouvrages sur lesquels ils interviennent et renseigner les co\u00fbts associ\u00e9s. L\u2019enregistrement des frais g\u00e9n\u00e9raux et leur ventilation par affaire repr\u00e9sente \u00e9galement une fonction de gestion tr\u00e8s utile. L\u2019artisan peut ainsi affecter l\u2019ensemble des facturations et des co\u00fbts associ\u00e9s \u00e0 une affaire pour mesurer les marges et donc la rentabilit\u00e9.&nbsp;<\/p>\n\n\n\n<h4 class=\"has-text-color\" style=\"color:#025eb9\"><strong>D<\/strong><strong>E NOUVELLES SOLUTIONS DOMOTIS\u00c9ES DANS L<\/strong><strong>\u2019<\/strong><strong>OFFRE PRODUITS&nbsp;<\/strong><\/h4>\n\n\n\n<p>Le d\u00e9veloppement technologique d\u2019ATLANTEM s\u2019\u00e9tend \u00e9galement sur l\u2019offre produits avec trois nouveaut\u00e9s : <strong>un coulissant motoris\u00e9, une fen\u00eatre \u00e0 capteur d\u2019ouverture, une porte d\u2019entr\u00e9e avec barillet motoris\u00e9<\/strong>. Toutes ces nouveaut\u00e9s sont bas\u00e9es sur la gamme AM-X et viennent souligner l\u2019aspect innovant de cette gamme de fen\u00eatres, baies coulissantes et portes d\u2019entr\u00e9e.&nbsp;<\/p>\n\n\n\n<p class=\"has-text-color\" style=\"color:#025eb9\">\u25aa <strong>Fen\u00eatre connect\u00e9e AM-X&nbsp;<\/strong><\/p>\n\n\n\n<p>L\u2019int\u00e9gration de cette fen\u00eatre AM-X connect\u00e9e ouvre un nouveau champ des possibles. Le particulier peut ainsi \u00e0 tout moment savoir quels sont <strong>la position et l\u2019\u00e9tat de verrouillage de sa fen\u00eatre<\/strong>. Un <strong>capteur <\/strong>informe en permanence l\u2019utilisateur : fen\u00eatre ferm\u00e9e, ouverte \u00e0 la fran\u00e7aise, ouverte en oscillo-battant, cr\u00e9mone verrouill\u00e9e&#8230; Le capteur peut \u00e9galement, au travers de la d\u00e9tection d\u2019une position anormale ou de vibrations, <strong>identifier une tentative d\u2019intrusion et alerter le consommateur<\/strong>. Son int\u00e9gration dans un \u00e9co-syst\u00e8me domotique de la maison permet d\u2019aller plus loin, par exemple en d\u00e9clenchant des fonctions de pr\u00e9venance et d\u2019alarme. <strong>Un v\u00e9ritable atout s\u00e9curit\u00e9 pour le particulier<\/strong>.&nbsp;<\/p>\n\n\n\n<p class=\"has-text-color\" style=\"color:#025eb9\"><strong>\u25aa Coulissant motoris\u00e9 AM-X&nbsp;<\/strong><\/p>\n\n\n\n<p>ATLANTEM int\u00e8gre sur la partie haute de son coulissant \u00e0 2 vantaux un <strong>bloc motorisation pour g\u00e9rer l\u2019ouverture et la fermeture du vantail principal \u00e0 partir d&rsquo;une application smartphone<\/strong>. Ce syst\u00e8me de t\u00e9l\u00e9commande facilite notamment les d\u00e9placements des <strong>Personnes \u00e0 Mobilit\u00e9 R\u00e9duite <\/strong>qui gagnent en autonomie. Il permet \u00e9galement de g\u00e9rer une ventilation de l\u2019habitat avec des fonctions d\u2019ouverture programm\u00e9e, associ\u00e9es \u00e0 une fonction de s\u00e9curisation. Rafra\u00eechir son habitat par une ouverture temporaire de nuit devient par exemple automatisable.&nbsp;<\/p>\n\n\n\n<p class=\"has-text-color\" style=\"color:#025eb9\"><strong>\u25aa Barillet motoris\u00e9 sur porte d&rsquo;entr\u00e9e AM-X&nbsp;<\/strong><\/p>\n\n\n\n<p>Il permet \u00e0 l\u2019utilisateur un <strong>pilotage \u00e0 distance<\/strong>, avec smartphone, pour le verrouillage ou le d\u00e9verrouillage de la porte d&rsquo;entr\u00e9e. Pratique pour s\u2019assurer que les enfants ont bien ferm\u00e9 la porte ou encore pour ouvrir \u00e0 la femme de m\u00e9nage. En cas de d\u00e9faillance de la pile, le verrouillage et le d\u00e9verrouillage peuvent s\u2019effectuer manuellement.&nbsp;<\/p>\n\n\n\n<p>Pr\u00e9-install\u00e9 en usine par ATLANTEM le barillet motoris\u00e9 <strong>ne n\u00e9cessite pas de manipulation particuli\u00e8re pour l\u2019installateur<\/strong>. La mise en oeuvre reste simple : le syst\u00e8me de batterie ne requiert pas d\u2019alimentation et donc de c\u00e2bles \u00e9lectriques \u00e0 tirer. <strong>Pratique autant en neuf qu\u2019en r\u00e9novation !&nbsp;<\/strong><\/p>\n","protected":false},"excerpt":{"rendered":"<p>&nbsp;ATLANTEM&nbsp; Filiale du Groupe HERIGE, ATLANTEM con\u00e7oit, fabrique et commercialise aupr\u00e8s des professionnels une offre compl\u00e8te multi-mat\u00e9riaux de menuiseries, volets, portes d\u2019entr\u00e9e, portes de garage et portails r\u00e9alis\u00e9s dans ses onze usines fran\u00e7aises.&nbsp; ATLANTEM aborde la rentr\u00e9e 2021 dans une dynamique d\u2019innovation forte, confirmant sa d\u00e9marche d\u2019acc\u00e9l\u00e9ration entam\u00e9e il y a plus d\u2019un an. Il [&hellip;]<\/p>\n","protected":false},"author":41,"featured_media":12400,"comment_status":"open","ping_status":"open","sticky":false,"template":"","format":"standard","meta":{"spay_email":""},"categories":[4,53,690],"tags":[1319],"jetpack_featured_media_url":"https:\/\/i0.wp.com\/batimedianews.com\/live\/wp-content\/uploads\/2021\/09\/AtlanteM-Article.jpg?fit=1224%2C512&ssl=1","jetpack_sharing_enabled":true,"jetpack_likes_enabled":true,"jetpack-related-posts":[{"id":29454,"url":"https:\/\/batimedianews.com\/live\/index.php\/2023\/06\/17\/les-enjeux-dans-la-menuiserie-bois-atlantem-mise-sur-la-croissance-externe\/","url_meta":{"origin":12396,"position":0},"title":"Les enjeux dans la menuiserie bois : atlantem mise sur la croissance externe","date":"17 juin 2023","format":false,"excerpt":"De mani\u00e8re constante ces derni\u00e8res ann\u00e9es et d\u2019autant plus forte en 2022, Atlantem, activit\u00e9 Menuiserie du Groupe HERIGE, prend une nouvelle dimension en compl\u00e9tant sa croissance organique par des opportunit\u00e9s de croissance externe. En t\u00e9moignent les quatre acquisitions successives (Activence, MGT Menuiseries Bois, Poralu et Coferm\u2019Ing) venues densifier le maillage\u2026","rel":"","context":"Dans &quot;Actualit\u00e9 Entreprises&quot;","img":{"alt_text":"","src":"https:\/\/i0.wp.com\/batimedianews.com\/live\/wp-content\/uploads\/2023\/06\/atlantem-image-.png?fit=1200%2C1200&ssl=1&resize=350%2C200","width":350,"height":200},"classes":[]},{"id":31264,"url":"https:\/\/batimedianews.com\/live\/index.php\/2023\/09\/13\/atlantem-etend-son-expertise-en-mutualisant-ses-savoir-faire-avec-poralu-groupe-renforcement-dans-le-sud-est-et-percee-sur-le-marche-de-la-promotion\/","url_meta":{"origin":12396,"position":1},"title":"ATLANTEM \u00e9tend son expertise en mutualisant ses savoir-faire avec PORALU GROUPE : renforcement dans le sud-est et perc\u00e9e sur le march\u00e9 de la promotion","date":"13 septembre 2023","format":false,"excerpt":"\u00a0Cr\u00e9dit photo Charles Marion\u00a0 UNE ACQUISITION PLEINE DE PROMESSES\u00a0 POUR LE DEVELOPPEMENT D\u2019ATLANTEM\u00a0 De mani\u00e8re constante ces derni\u00e8res ann\u00e9es et d\u2019autant plus forte en 2022, Atlantem, activit\u00e9 Menuiserie du Groupe HERIGE, prend une nouvelle dimension avec notamment des opportunit\u00e9s de croissance externe*. L\u2019acquisition de l\u2019entreprise PORALU Groupe, fin novembre 2022,\u2026","rel":"","context":"Dans &quot;Actualit\u00e9 Entreprises&quot;","img":{"alt_text":"","src":"https:\/\/i2.wp.com\/batimedianews.com\/live\/wp-content\/uploads\/2023\/09\/Atlantem-articles.jpg?fit=825%2C825&ssl=1&resize=350%2C200","width":350,"height":200},"classes":[]},{"id":17902,"url":"https:\/\/batimedianews.com\/live\/index.php\/2022\/03\/23\/atlantem-developpe-son-activite-portail-aluminium-avec-lextension-de-son-site-de-carentoir-56\/","url_meta":{"origin":12396,"position":2},"title":"ATLANTEM D\u00c9VELOPPE SON ACTIVIT\u00c9 PORTAIL ALUMINIUM AVEC L\u2019EXTENSION DE SON SITE DE CARENTOIR (56)","date":"23 mars 2022","format":false,"excerpt":"\u00a0ATLANTEM, activit\u00e9 menuiserie du Groupe HERIGE, poursuit l\u2019acc\u00e9l\u00e9ration de sa transformation. L\u2019industriel se saisit de la mont\u00e9e en puissance du portail aluminium dans son activit\u00e9 pour cr\u00e9er de la croissance et de l\u2019emploi. Il a ainsi engag\u00e9 des investissements importants de l\u2019ordre de 2,5 millions d\u2019euros sur son site de\u2026","rel":"","context":"Dans &quot;Actualit\u00e9 Entreprises&quot;","img":{"alt_text":"","src":"https:\/\/i2.wp.com\/batimedianews.com\/live\/wp-content\/uploads\/2022\/03\/Atlantem-Article.jpg?fit=512%2C512&ssl=1&resize=350%2C200","width":350,"height":200},"classes":[]},{"id":49833,"url":"https:\/\/batimedianews.com\/live\/index.php\/2026\/03\/23\/atlantem-devoile-sa-nouvelle-collection-de-portes-dentree-2026-design-personnalisation-et-securite-au-coeur-de-loffre\/","url_meta":{"origin":12396,"position":3},"title":"ATLANTEM d\u00e9voile sa nouvelle collection de portes d\u2019entr\u00e9e 2026 : design, personnalisation et s\u00e9curit\u00e9 au c\u0153ur de l\u2019offre","date":"23 mars 2026","format":false,"excerpt":"Atlantem enrichit son offre de portes d\u2019entr\u00e9e avec une nouvelle dynamique dans ses collections Grand Vitrage, Design et Tradition. Pens\u00e9es pour r\u00e9pondre aux attentes esth\u00e9tiques et techniques du march\u00e9, elles conjuguent design diff\u00e9renciant, personnalisation avanc\u00e9e et hautes performances en mati\u00e8re de s\u00e9curit\u00e9 et d\u2019isolation. Ces innovations s\u2019accompagnent du lancement du\u2026","rel":"","context":"Dans &quot;Actualit\u00e9 Entreprises&quot;","img":{"alt_text":"","src":"https:\/\/i1.wp.com\/batimedianews.com\/live\/wp-content\/uploads\/2026\/03\/Atlantem.jpg?fit=825%2C825&ssl=1&resize=350%2C200","width":350,"height":200},"classes":[]},{"id":29441,"url":"https:\/\/batimedianews.com\/live\/index.php\/2023\/06\/17\/atlantem-une-nouvelle-marque-employeur-pour-accompagner-sa-croissance\/","url_meta":{"origin":12396,"position":4},"title":"Atlantem, une nouvelle marque employeur pour accompagner sa croissance","date":"17 juin 2023","format":false,"excerpt":"https:\/\/www.youtube.com\/watch?v=ZL9XQEZmpVk \u00a0Avec sa croissance organique et externe grandissante, Atlantem, activit\u00e9 menuiseries du Groupe HERIGE, consacre une attention particuli\u00e8re \u00e0 la fid\u00e9lisation de ses \u00e9quipes et au recrutement de nouveaux talents pour accompagner sa transformation et ses ambitions. En 2022, ce sont plus de 150 postes qui ont \u00e9t\u00e9 cr\u00e9\u00e9s sur\u2026","rel":"","context":"Dans &quot;Menuiserie&quot;","img":{"alt_text":"","src":"https:\/\/i1.wp.com\/batimedianews.com\/live\/wp-content\/uploads\/2023\/06\/atlantem-marque-employeur-.png?fit=778%2C436&ssl=1&resize=350%2C200","width":350,"height":200},"classes":[]},{"id":39189,"url":"https:\/\/batimedianews.com\/live\/index.php\/2024\/08\/01\/atlantem-propose-une-experience-au-coeur-de-linnovation\/","url_meta":{"origin":12396,"position":5},"title":"Atlantem propose une exp\u00e9rience au coeur de l\u2019innovation","date":"1 ao\u00fbt 2024","format":false,"excerpt":"\u00a0PRE-BATIMAT 2024\u00a0 HALL 6 - STANDS E022 ET F032\u00a0 Une \u00e9dition qui marque un tournant historique pour Atlantem\u00a0 Filiale d\u2019HERIGE Industries, Atlantem est l\u2019activit\u00e9 sp\u00e9cialis\u00e9e dans la fabrication de menuiseries industrielles, qui se distingue sur le march\u00e9 par une offre multi-produits et multi-mat\u00e9riaux couvrant l\u2019ensemble des ouvertures et fermetures de\u2026","rel":"","context":"Dans &quot;Actualit\u00e9 Entreprises&quot;","img":{"alt_text":"","src":"https:\/\/i1.wp.com\/batimedianews.com\/live\/wp-content\/uploads\/2024\/07\/Atlantem-articles-.jpg?fit=825%2C825&ssl=1&resize=350%2C200","width":350,"height":200},"classes":[]}],"_links":{"self":[{"href":"https:\/\/batimedianews.com\/live\/index.php\/wp-json\/wp\/v2\/posts\/12396"}],"collection":[{"href":"https:\/\/batimedianews.com\/live\/index.php\/wp-json\/wp\/v2\/posts"}],"about":[{"href":"https:\/\/batimedianews.com\/live\/index.php\/wp-json\/wp\/v2\/types\/post"}],"author":[{"embeddable":true,"href":"https:\/\/batimedianews.com\/live\/index.php\/wp-json\/wp\/v2\/users\/41"}],"replies":[{"embeddable":true,"href":"https:\/\/batimedianews.com\/live\/index.php\/wp-json\/wp\/v2\/comments?post=12396"}],"version-history":[{"count":2,"href":"https:\/\/batimedianews.com\/live\/index.php\/wp-json\/wp\/v2\/posts\/12396\/revisions"}],"predecessor-version":[{"id":12603,"href":"https:\/\/batimedianews.com\/live\/index.php\/wp-json\/wp\/v2\/posts\/12396\/revisions\/12603"}],"wp:featuredmedia":[{"embeddable":true,"href":"https:\/\/batimedianews.com\/live\/index.php\/wp-json\/wp\/v2\/media\/12400"}],"wp:attachment":[{"href":"https:\/\/batimedianews.com\/live\/index.php\/wp-json\/wp\/v2\/media?parent=12396"}],"wp:term":[{"taxonomy":"category","embeddable":true,"href":"https:\/\/batimedianews.com\/live\/index.php\/wp-json\/wp\/v2\/categories?post=12396"},{"taxonomy":"post_tag","embeddable":true,"href":"https:\/\/batimedianews.com\/live\/index.php\/wp-json\/wp\/v2\/tags?post=12396"}],"curies":[{"name":"wp","href":"https:\/\/api.w.org\/{rel}","templated":true}]}}