{"id":12700,"date":"2021-10-08T16:46:31","date_gmt":"2021-10-08T14:46:31","guid":{"rendered":"http:\/\/batimedianews.com\/live\/?p=12700"},"modified":"2022-08-07T12:55:59","modified_gmt":"2022-08-07T10:55:59","slug":"sto-present-au-salon-artibat","status":"publish","type":"post","link":"https:\/\/batimedianews.com\/live\/index.php\/2021\/10\/08\/sto-present-au-salon-artibat\/","title":{"rendered":"Sto pr\u00e9sent au salon Artibat"},"content":{"rendered":"\n<p><strong>Rendez-vous Hall 10B &#8211; stand G21 pour parler \u00e9l\u00e9ments d\u00e9coratifs de fa\u00e7ade et formation des artisans<\/strong><\/p>\n\n\n\n<figure class=\"wp-block-image size-large\"><img loading=\"lazy\" width=\"448\" height=\"252\" src=\"https:\/\/i1.wp.com\/batimedianews.com\/live\/wp-content\/uploads\/2021\/10\/image-96.png?resize=448%2C252\" alt=\"\" class=\"wp-image-12701\" srcset=\"https:\/\/i1.wp.com\/batimedianews.com\/live\/wp-content\/uploads\/2021\/10\/image-96.png?w=448&amp;ssl=1 448w, https:\/\/i1.wp.com\/batimedianews.com\/live\/wp-content\/uploads\/2021\/10\/image-96.png?resize=300%2C169&amp;ssl=1 300w, https:\/\/i1.wp.com\/batimedianews.com\/live\/wp-content\/uploads\/2021\/10\/image-96.png?resize=150%2C84&amp;ssl=1 150w, https:\/\/i1.wp.com\/batimedianews.com\/live\/wp-content\/uploads\/2021\/10\/image-96.png?resize=10%2C6&amp;ssl=1 10w, https:\/\/i1.wp.com\/batimedianews.com\/live\/wp-content\/uploads\/2021\/10\/image-96.png?resize=432%2C243&amp;ssl=1 432w, https:\/\/i1.wp.com\/batimedianews.com\/live\/wp-content\/uploads\/2021\/10\/image-96.png?resize=396%2C223&amp;ssl=1 396w, https:\/\/i1.wp.com\/batimedianews.com\/live\/wp-content\/uploads\/2021\/10\/image-96.png?resize=391%2C220&amp;ssl=1 391w\" sizes=\"(max-width: 600px) 91vw, (max-width: 900px) 600px, (max-width: 1060px) 50vw, (max-width: 1200px) 520px, (max-width: 1400px) 43vw, 600px\" data-recalc-dims=\"1\" \/><\/figure>\n\n\n\n<figure class=\"wp-block-image size-large\"><img loading=\"lazy\" width=\"382\" height=\"252\" src=\"https:\/\/i0.wp.com\/batimedianews.com\/live\/wp-content\/uploads\/2021\/10\/image-97.png?resize=382%2C252\" alt=\"\" class=\"wp-image-12702\" srcset=\"https:\/\/i0.wp.com\/batimedianews.com\/live\/wp-content\/uploads\/2021\/10\/image-97.png?w=382&amp;ssl=1 382w, https:\/\/i0.wp.com\/batimedianews.com\/live\/wp-content\/uploads\/2021\/10\/image-97.png?resize=300%2C198&amp;ssl=1 300w, https:\/\/i0.wp.com\/batimedianews.com\/live\/wp-content\/uploads\/2021\/10\/image-97.png?resize=150%2C99&amp;ssl=1 150w, https:\/\/i0.wp.com\/batimedianews.com\/live\/wp-content\/uploads\/2021\/10\/image-97.png?resize=10%2C7&amp;ssl=1 10w, https:\/\/i0.wp.com\/batimedianews.com\/live\/wp-content\/uploads\/2021\/10\/image-97.png?resize=333%2C220&amp;ssl=1 333w\" sizes=\"(max-width: 600px) 91vw, (max-width: 900px) 600px, (max-width: 1060px) 50vw, (max-width: 1200px) 520px, (max-width: 1400px) 43vw, 600px\" data-recalc-dims=\"1\" \/><\/figure>\n\n\n\n<p>La 17<sup>\u00e8me<\/sup>&nbsp;\u00e9dition du Salon ARTIBAT, Salon de la Construction et des Travaux Publics approche \u00e0 grands pas&nbsp;! Elle se tiendra Parc des Expositions de Rennes du 13 au 15 octobre 2021.<br>Organis\u00e9 par la &nbsp;CAPEB Pays de la Loire, ARTIBAT r\u00e9unit tous les 2 ans \u00e0 Rennes plus de &nbsp;1 000 exposants leaders dans leur domaine et accueille pr\u00e8s de 40 000 visiteurs professionnels en veille constante sur les innovations du march\u00e9 et les solutions industrielles.<br><br>Sto est heureux d&rsquo;annoncer sa pr\u00e9sence les 13, 14 et 15 octobre 2021 au salon ARTIBAT au sein du p\u00f4le Gros \u0152uvre Hall 10B &#8211; Stand G21. L&rsquo;occasion de d\u00e9couvrir sa gamme \u00ab&nbsp;les essentiels StoDeco&nbsp;\u00bb, des \u00e9l\u00e9ments d\u00e9coratifs et mod\u00e9natures pour cr\u00e9er du rythme et du relief en fa\u00e7ade&nbsp;disponibles rapidement dans les agences Sto : encadrements et appuis de fen\u00eatre, bandeaux filants, corniches, cha\u00eenages, bossages et colombages.<br><br>La formation des artisans sera \u00e9galement mise \u00e0 l&rsquo;honneur au travers du centre Sto \u00e0 Bezons (95), r\u00e9cemment certifi\u00e9 Qualiopi pour la qualit\u00e9 de ses formations dans le domaine de la fa\u00e7ade (ITE, ravalement, bardage).<\/p>\n\n\n\n<p><strong>Informations pratiques<\/strong><br><br>Parc Expo Rennes A\u00e9roport &#8211;&nbsp;<a rel=\"noreferrer noopener\" href=\"https:\/\/www.google.com\/maps\/search\/La+Haie+Gautrais+-35170+BRUZ?entry=gmail&amp;source=g\" target=\"_blank\">La Haie Gautrais -35170 BRUZ<\/a><br>Mercredi 13 Octobre&nbsp;: 9:00 &#8211; 19:00<br>Jeudi 14 Octobre&nbsp;: 9:00 &#8211; 21:00 Nocturne<br>Vendredi 15 Octobre&nbsp;: 9:00 &#8211; 18:00<br>&nbsp;<br>Le pass sanitaire sera obligatoire pour acc\u00e9der au salon ARTIBAT.<br><\/p>\n","protected":false},"excerpt":{"rendered":"<p>Rendez-vous Hall 10B &#8211; stand G21 pour parler \u00e9l\u00e9ments d\u00e9coratifs de fa\u00e7ade et formation des artisans La 17\u00e8me&nbsp;\u00e9dition du Salon ARTIBAT, Salon de la Construction et des Travaux Publics approche \u00e0 grands pas&nbsp;! Elle se tiendra Parc des Expositions de Rennes du 13 au 15 octobre 2021.Organis\u00e9 par la &nbsp;CAPEB Pays de la Loire, ARTIBAT [&hellip;]<\/p>\n","protected":false},"author":41,"featured_media":12704,"comment_status":"open","ping_status":"open","sticky":false,"template":"","format":"standard","meta":{"spay_email":""},"categories":[4,1260,64,70],"tags":[],"jetpack_featured_media_url":"https:\/\/i2.wp.com\/batimedianews.com\/live\/wp-content\/uploads\/2021\/10\/sto-Article.jpg?fit=1224%2C512&ssl=1","jetpack_sharing_enabled":true,"jetpack_likes_enabled":true,"jetpack-related-posts":[{"id":32368,"url":"https:\/\/batimedianews.com\/live\/index.php\/2023\/10\/16\/nos-experts-et-nos-influenceurs-partenaires-vous-donnent-rdv-sur-artibat-du-18-au-20-octobre-a-rennes\/","url_meta":{"origin":12700,"position":0},"title":"Nos experts et nos influenceurs partenaires vous donnent RDV sur Artibat du 18 au 20 octobre \u00e0 Rennes !","date":"16 octobre 2023","format":false,"excerpt":"Il\u00a0est de retour\u00a0! Apr\u00e8s une \u00e9dition 2021 r\u00e9ussie,\u00a0Artibat, le salon de r\u00e9f\u00e9rence pour les pros du b\u00e2timent revient au Parc des Expo de Rennes du mercredi 18 au vendredi 20 octobre 2023. L'occasion d'\u00e9changer avec nos experts sur nos nouveaut\u00e9s et vos besoins. Mais aussi de venir \u00e0 la rencontre\u2026","rel":"","context":"Dans &quot;Actualit\u00e9 Entreprises&quot;","img":{"alt_text":"","src":"https:\/\/i0.wp.com\/batimedianews.com\/live\/wp-content\/uploads\/2023\/10\/artibat_Leborgne-scaled.jpg?fit=1200%2C1200&ssl=1&resize=350%2C200","width":350,"height":200},"classes":[]},{"id":12751,"url":"https:\/\/batimedianews.com\/live\/index.php\/2021\/10\/11\/panasonic-solutions-chauffage-refroidissement-presente-ses-dernieres-innovations-sur-le-salon-artibat\/","url_meta":{"origin":12700,"position":1},"title":"Panasonic solutions chauffage &amp; refroidissement pr\u00e9sente ses derni\u00e8res innovations sur le Salon Artibat","date":"11 octobre 2021","format":false,"excerpt":"Parc des expositions de Rennes Les 13, 14 et 15 octobre 2021 Hall 7 - Stand B31 Gennevilliers, le 8 octobre 2021 \u2013 Panasonic solutions chauffage & refroidissement annonce sa pr\u00e9sence sur Artibat, le salon de la construction de l\u2019ouest pour les professionnels. Les 13, 14 et 15 Octobre, le\u2026","rel":"","context":"Dans &quot;Actualit\u00e9 Entreprises&quot;","img":{"alt_text":"","src":"https:\/\/i0.wp.com\/batimedianews.com\/live\/wp-content\/uploads\/2021\/10\/Panasonic-Article.jpg?fit=512%2C512&ssl=1&resize=350%2C200","width":350,"height":200},"classes":[]},{"id":12938,"url":"https:\/\/batimedianews.com\/live\/index.php\/2021\/10\/17\/artibat-2021-magnifique-et-bravo\/","url_meta":{"origin":12700,"position":2},"title":"ARTIBAT 2021 : MAGNIFIQUE ET BRAVO","date":"17 octobre 2021","format":false,"excerpt":"Cela nous a fait \u00e9norm\u00e9ment plaisir de vivre trois jours d'Artibat. Une affluence similaire \u00e0 la derni\u00e8re \u00e9dition, c'\u00e9tait d\u00e9j\u00e0 une belle performance mais au del\u00e0 des chiffres, la qualit\u00e9 de l'ambiance a semble-t-il permis une satisfaction totale de la part des exposants et celles des visiteurs qui ont pu\u2026","rel":"","context":"Dans &quot;Actualit\u00e9 Entreprises&quot;","img":{"alt_text":"","src":"https:\/\/i2.wp.com\/batimedianews.com\/live\/wp-content\/uploads\/2021\/10\/image-226.png?fit=1200%2C1200&ssl=1&resize=350%2C200","width":350,"height":200},"classes":[]},{"id":12455,"url":"https:\/\/batimedianews.com\/live\/index.php\/2021\/10\/06\/eqiom-accompagne-la-construction-durable-au-salon-artibat\/","url_meta":{"origin":12700,"position":3},"title":"EQIOM accompagne la construction durable au salon ARTIBAT","date":"6 octobre 2021","format":false,"excerpt":"Courbevoie, le 29\u00a0septembre 2021\u00a0\u2013 Du\u00a013 au 14 octobre 2021,\u00a0EQIOM, acteur engag\u00e9 et majeur dans les mat\u00e9riaux de construction, rejoint l'Ouest pour participer \u00e0 la\u00a017e \u00e9dition\u00a0d'ARTIBAT, le salon de la construction et des travaux publics, afin de valoriser son programme\u00a0d'accompagnement de la transition environnementale du secteur du b\u00e2timent. C'est l'occasion de\u00a0d\u00e9voiler\u2026","rel":"","context":"Dans &quot;Actualit\u00e9 Entreprises&quot;","img":{"alt_text":"","src":"https:\/\/i0.wp.com\/batimedianews.com\/live\/wp-content\/uploads\/2021\/10\/EQIOM-Article.jpg?fit=512%2C512&ssl=1&resize=350%2C200","width":350,"height":200},"classes":[]},{"id":157,"url":"https:\/\/batimedianews.com\/live\/index.php\/2018\/09\/28\/toute-lexpertise-de-xella-en-matiere-de-solutions-constructives-saines-et-durables-a-decouvrir-sur-le-salon-artibat\/","url_meta":{"origin":12700,"position":4},"title":"TOUTE L\u2019EXPERTISE DE XELLA EN MATI\u00c8RE DE SOLUTIONS CONSTRUCTIVES SAINES ET DURABLES A D\u00c9COUVRIR SUR LE SALON ARTIBAT !","date":"28 septembre 2018","format":false,"excerpt":"Retrouvez Xella au salon Artibat, du 24 au 26 octobre \u00e0 Rennes. Nos experts seront sur place et vous accueilleront dans un espace enti\u00e8rement d\u00e9di\u00e9 aux solutions b\u00e9ton cellulaire Ytong : construction gros oeuvre, isolation thermique par l\u2019ext\u00e9rieur, cloison et am\u00e9nagement int\u00e9rieur, mur coupe-feu... Vous pourrez d\u00e9couvrir la solution constructive\u2026","rel":"","context":"Dans &quot;Artibat 2018&quot;","img":{"alt_text":"","src":"https:\/\/i0.wp.com\/batimedianews.com\/live\/wp-content\/uploads\/2018\/09\/xella_image.jpg?fit=1035%2C664&ssl=1&resize=350%2C200","width":350,"height":200},"classes":[]},{"id":12430,"url":"https:\/\/batimedianews.com\/live\/index.php\/2021\/10\/06\/au-salon-artibat-unilin-insulation-met-en-avant-sa-gamme-comfort-conforme-a-la-re2020\/","url_meta":{"origin":12700,"position":5},"title":"Au salon ARTIBAT, Unilin Insulation met en avant sa gamme Comfort, conforme \u00e0 la RE2020","date":"6 octobre 2021","format":false,"excerpt":"Leader europ\u00e9en sur le march\u00e9 des panneaux de toiture et 2\u00e8me producteur de plaques de polyur\u00e9thane, Unilin Insulation participe \u00e0 la 17\u00e8me \u00e9dition du Salon ARTIBAT, \u00e9v\u00e9nement majeur de la construction, qui se tiendra les 13, 14 et 15 octobre prochains \u00e0 Rennes. Pour cette \u00e9dition, Unilin Insulation met l\u2019accent\u2026","rel":"","context":"Dans &quot;Actualit\u00e9 Entreprises&quot;","img":{"alt_text":"","src":"https:\/\/i1.wp.com\/batimedianews.com\/live\/wp-content\/uploads\/2021\/09\/Unilin-Article.jpg?fit=512%2C512&ssl=1&resize=350%2C200","width":350,"height":200},"classes":[]}],"_links":{"self":[{"href":"https:\/\/batimedianews.com\/live\/index.php\/wp-json\/wp\/v2\/posts\/12700"}],"collection":[{"href":"https:\/\/batimedianews.com\/live\/index.php\/wp-json\/wp\/v2\/posts"}],"about":[{"href":"https:\/\/batimedianews.com\/live\/index.php\/wp-json\/wp\/v2\/types\/post"}],"author":[{"embeddable":true,"href":"https:\/\/batimedianews.com\/live\/index.php\/wp-json\/wp\/v2\/users\/41"}],"replies":[{"embeddable":true,"href":"https:\/\/batimedianews.com\/live\/index.php\/wp-json\/wp\/v2\/comments?post=12700"}],"version-history":[{"count":2,"href":"https:\/\/batimedianews.com\/live\/index.php\/wp-json\/wp\/v2\/posts\/12700\/revisions"}],"predecessor-version":[{"id":12729,"href":"https:\/\/batimedianews.com\/live\/index.php\/wp-json\/wp\/v2\/posts\/12700\/revisions\/12729"}],"wp:featuredmedia":[{"embeddable":true,"href":"https:\/\/batimedianews.com\/live\/index.php\/wp-json\/wp\/v2\/media\/12704"}],"wp:attachment":[{"href":"https:\/\/batimedianews.com\/live\/index.php\/wp-json\/wp\/v2\/media?parent=12700"}],"wp:term":[{"taxonomy":"category","embeddable":true,"href":"https:\/\/batimedianews.com\/live\/index.php\/wp-json\/wp\/v2\/categories?post=12700"},{"taxonomy":"post_tag","embeddable":true,"href":"https:\/\/batimedianews.com\/live\/index.php\/wp-json\/wp\/v2\/tags?post=12700"}],"curies":[{"name":"wp","href":"https:\/\/api.w.org\/{rel}","templated":true}]}}