{"id":1313,"date":"2019-06-03T16:04:44","date_gmt":"2019-06-03T14:04:44","guid":{"rendered":"http:\/\/batimedialive.com\/?p=1313"},"modified":"2021-10-20T12:52:09","modified_gmt":"2021-10-20T10:52:09","slug":"raoul-de-parisot-un-deuxieme-mandat-a-la-presidence-du-sfic","status":"publish","type":"post","link":"https:\/\/batimedianews.com\/live\/index.php\/2019\/06\/03\/raoul-de-parisot-un-deuxieme-mandat-a-la-presidence-du-sfic\/","title":{"rendered":"Raoul de Parisot : un deuxi\u00e8me mandat \u00e0 la pr\u00e9sidence du SFIC"},"content":{"rendered":"<h3 style=\"text-align:justify;\">D\u00e9j\u00e0 pr\u00e9sident du SFIC entre 2015 et 2017, vice-pr\u00e9sident de\u00a0 Cembureau, l\u2019Association\u00a0europ\u00e9enne du ciment, depuis 2017, c\u2019est tout naturellement que Raoul de Parisot,\u00a0poss\u00e9dant une ma\u00eetrise totale des enjeux du secteur, revient \u00e0 la t\u00eate du SFIC (Syndicat\u00a0Fran\u00e7ais de l\u2019Industrie Cimenti\u00e8re).<\/h3>\n<h2>Un parcours et une expertise de tr\u00e8s haut niveau<\/h2>\n<p style=\"text-align:justify;\"><img loading=\"lazy\" class=\" size-full wp-image-1314 alignleft\" src=\"https:\/\/batimedialive.files.wordpress.com\/2019\/06\/40vicat_photo_raoul_de_parisot1.jpg?resize=284%2C394\" alt=\"@VICAT_PHOTO_RAOUL_DE_PARISOT1\" width=\"284\" height=\"394\" data-recalc-dims=\"1\" \/>Ing\u00e9nieur de l\u2019\u00c9cole des Mines de Nancy, dipl\u00f4m\u00e9 en sciences\u00a0\u00e9conomiques et en sciences de l\u2019Universit\u00e9 de Stanford, Raoul de\u00a0Parisot d\u00e9bute son parcours au sein d\u2019une raffinerie du groupe BP.<br \/>\nIl int\u00e8gre ensuite le groupe Vicat d\u00e8s le d\u00e9but des ann\u00e9es 80. Raoul\u00a0de Parisot y effectuera l\u2019essentiel de sa carri\u00e8re en tant qu\u2019ing\u00e9nieur\u00a0production, directeur d\u2019usine, directeur industriel, directeur pays,\u00a0directeur g\u00e9n\u00e9ral adjoint, puis directeur g\u00e9n\u00e9ral d\u00e9l\u00e9gu\u00e9 de toutes\u00a0les activit\u00e9s pour la France, l\u2019Italie, et l\u2019Espagne avant de mettre \u00e0\u00a0profit son exp\u00e9rience pour conseiller le pr\u00e9sident du groupe.<\/p>\n<p>&nbsp;<\/p>\n<h2>Un expert reconnu en France comme en Europe<\/h2>\n<p style=\"text-align:justify;\">Pr\u00e9sident du SFIC, Raoul de Parisot est, par ailleurs, vice-pr\u00e9sident de Cembureau,\u00a0l\u2019association europ\u00e9enne du ciment, ce qui constitue un atout ind\u00e9niable pour l\u2019industrie\u00a0cimenti\u00e8re fran\u00e7aise. L\u2019association joue, en effet, un r\u00f4le important dans le d\u00e9veloppement\u00a0durable du ciment. L\u2019expertise de Raoul de Parisot sur des\u00a0 th\u00e9matiques telles que les quotas\u00a0carbone, la transition \u00e9nerg\u00e9tique et le r\u00f4le structurant des cimenteries dans l&rsquo;\u00e9conomie\u00a0circulaire sera ainsi port\u00e9e aussi bien en France qu\u2019\u00e0 l\u2019\u00e9chelon europ\u00e9en.<br \/>\nEn plus de ce sujet \u00ab climat \u00bb qui est une pr\u00e9occupation majeure de l\u2019industrie\u00a0 cimenti\u00e8re, le\u00a0SFIC intervient dans des domaines g\u00e9n\u00e9raux, d\u2019ordre \u00e9conomiques, sociaux et\u00a0environnementaux. Dans ce cadre, il est l\u2019interlocuteur privil\u00e9gi\u00e9 des pouvoirs publics et des\u00a0partenaires sociaux de la branche de l\u2019industrie cimenti\u00e8re.<\/p>\n<h2>A propos du SFIC :<\/h2>\n<p style=\"text-align:justify;\">Le SFIC est l\u2019organisation professionnelle regroupant la quasi-totalit\u00e9 des fabricants de liants\u00a0hydrauliques : ciments, chaux hydrauliques et liants routiers. Pr\u00e9sentes en France au travers de 41 sites\u00a0industriels, les entreprises regroup\u00e9es au sein du SFIC emploient pr\u00e8s de 5000 personnes et g\u00e9n\u00e8rent\u00a0un chiffre d\u2019affaires annuel de 2,1 milliards d\u2019euros\u00a0 (2017). Pour en savoir plus : <a href=\"http:\/\/www.infociments.fr\">www.infociments.fr<\/a><\/p>\n","protected":false},"excerpt":{"rendered":"<p>D\u00e9j\u00e0 pr\u00e9sident du SFIC entre 2015 et 2017, vice-pr\u00e9sident de\u00a0 Cembureau, l\u2019Association\u00a0europ\u00e9enne du ciment, depuis 2017, c\u2019est tout naturellement que Raoul de Parisot,\u00a0poss\u00e9dant une ma\u00eetrise totale des enjeux du secteur, revient \u00e0 la t\u00eate du SFIC (Syndicat\u00a0Fran\u00e7ais de l\u2019Industrie Cimenti\u00e8re). Un parcours et une expertise de tr\u00e8s haut niveau Ing\u00e9nieur de l\u2019\u00c9cole des Mines de [&hellip;]<\/p>\n","protected":false},"author":2,"featured_media":0,"comment_status":"open","ping_status":"open","sticky":false,"template":"","format":"standard","meta":{"spay_email":""},"categories":[4,88],"tags":[],"jetpack_featured_media_url":"","jetpack_sharing_enabled":true,"jetpack_likes_enabled":true,"jetpack-related-posts":[{"id":22115,"url":"https:\/\/batimedianews.com\/live\/index.php\/2022\/07\/19\/benoit-coquart-reelu-president-dignes-lalliance-des-solutions-electriques-et-numeriques-du-batiment\/","url_meta":{"origin":1313,"position":0},"title":"Beno\u00eet COQUART r\u00e9\u00e9lu Pr\u00e9sident d\u2019IGNES, l\u2019Alliance des solutions \u00e9lectriques et num\u00e9riques du b\u00e2timent","date":"19 juillet 2022","format":false,"excerpt":"A l\u2019occasion de son Assembl\u00e9e G\u00e9n\u00e9rale, les administrateurs d\u2019IGNES ont renouvel\u00e9 toute leur confiance \u00e0 l\u2019actuelle gouvernance. Beno\u00eet COQUART, Directeur G\u00e9n\u00e9ral du groupe Legrand et les membres du Bureau ont \u00e9t\u00e9 r\u00e9\u00e9lus pour une dur\u00e9e de trois ans.\u00a0 Beno\u00eet COQUART, 48 ans, dipl\u00f4m\u00e9 de Sciences Po Paris et de l\u2019Essec,\u2026","rel":"","context":"Dans &quot;Actualit\u00e9 Entreprises&quot;","img":{"alt_text":"","src":"https:\/\/i0.wp.com\/batimedianews.com\/live\/wp-content\/uploads\/2022\/07\/IGNES-Article.jpg?fit=1080%2C1080&ssl=1&resize=350%2C200","width":350,"height":200},"classes":[]},{"id":416,"url":"https:\/\/batimedianews.com\/live\/index.php\/2018\/10\/22\/nomination-jean-marc-berg-nouveau-president-fischer-france\/","url_meta":{"origin":1313,"position":1},"title":"NOMINATION : Jean-Marc BERG Nouveau Pr\u00e9sident fischer France","date":"22 octobre 2018","format":false,"excerpt":"Jean-Marc BERG a \u00e9t\u00e9 nomm\u00e9 Pr\u00e9sident de fischer France, la filiale du groupe allemand fischer, leader mondial des syst\u00e8mes de fixation. Apr\u00e8s 12 ann\u00e9es pass\u00e9es au sein de la filiale fran\u00e7aise du groupe fischer, o\u00f9 il a occup\u00e9 successivement les postes de Directeur Technique Marketing et OEM Industrie, Directeur G\u00e9n\u00e9ral\u2026","rel":"","context":"Dans &quot;Nominations&quot;","img":{"alt_text":"","src":"https:\/\/i0.wp.com\/batimedianews.com\/live\/wp-content\/uploads\/2018\/10\/23573_berg-jean-marc-2018.jpg?fit=1200%2C1200&ssl=1&resize=350%2C200","width":350,"height":200},"classes":[]},{"id":44063,"url":"https:\/\/batimedianews.com\/live\/index.php\/2025\/04\/03\/bieber-menuiseries-accueille-bernard-garnier-a-sa-direction-generale\/","url_meta":{"origin":1313,"position":2},"title":"Bieber Menuiseries accueille Bernard Garnier \u00e0 sa Direction G\u00e9n\u00e9rale","date":"3 avril 2025","format":false,"excerpt":"Un profil industriel d\u2019envergure pour accompagner la croissance de la marque alsacienne Bernard Garnier a pris les fonctions de Directeur G\u00e9n\u00e9ral de Bieber Menuiseries. Fort de plus de 25 ann\u00e9es d\u2019exp\u00e9rience dans l\u2019industrie de la menuiserie, il rejoint l\u2019entreprise alsacienne pour mettre son expertise au service du d\u00e9veloppement de la\u2026","rel":"","context":"Dans &quot;Actualit\u00e9 Entreprises&quot;","img":{"alt_text":"","src":"https:\/\/i1.wp.com\/batimedianews.com\/live\/wp-content\/uploads\/2025\/04\/Bieber-articles-.jpg?fit=825%2C825&ssl=1&resize=350%2C200","width":350,"height":200},"classes":[]},{"id":82,"url":"https:\/\/batimedianews.com\/live\/index.php\/2018\/09\/21\/vicat-hugues-chomel-nomme-directeur-financier-du-groupe-vicat\/","url_meta":{"origin":1313,"position":3},"title":"Vicat &#8211; Hugues Chomel nomm\u00e9 Directeur financier du Groupe Vicat","date":"21 septembre 2018","format":false,"excerpt":"Paris La D\u00e9fense, le 21 septembre 2018 : le Groupe Vicat (Euronext Paris :\u00a0FR0000031775 \u2013 VCT) annonce la nomination d\u2019Hugues Chomel comme\u00a0Directeur financier du Groupe, en remplacement de Jean-Pierre Souchet,\u00a0Directeur g\u00e9n\u00e9ral adjoint, qui devient Conseiller du Pr\u00e9sident Directeur G\u00e9n\u00e9ral. Hugues Chomel \u00e9tait Directeur financier d\u00e9l\u00e9gu\u00e9 du Groupe Vicat depuis 2013.\u00a0Il\u2026","rel":"","context":"Dans &quot;Nominations&quot;","img":{"alt_text":"","src":"https:\/\/batimedialive.files.wordpress.com\/2018\/09\/logo_vicat.jpg?w=350&h=200&crop=1","width":350,"height":200},"classes":[]},{"id":35216,"url":"https:\/\/batimedianews.com\/live\/index.php\/2024\/02\/12\/jerome-seurre-nomme-president-de-la-commission-technique-du-snbpe\/","url_meta":{"origin":1313,"position":4},"title":"J\u00e9r\u00f4me Seurre nomm\u00e9 Pr\u00e9sident de la Commission technique du SNBPE","date":"12 f\u00e9vrier 2024","format":false,"excerpt":"J\u00e9r\u00f4me Seurre devient le nouveau chef d\u2019orchestre de la Commission technique du Syndicat national du B\u00e9ton Pr\u00eat \u00e0 l\u2019emploi (SNBPE).\u00a0 Fort de 26 ans d\u2019exp\u00e9rience et d\u2019expertise dans le domaine du b\u00e9ton, il succ\u00e8de \u00e0 Jean-Michel Laye dont l\u2019investissement au sein de la Commission est salu\u00e9 par ses membres.\u00a0 \u00a0Le\u2026","rel":"","context":"Dans &quot;Actualit\u00e9 Entreprises&quot;","img":{"alt_text":"","src":"https:\/\/i0.wp.com\/batimedianews.com\/live\/wp-content\/uploads\/2024\/02\/SNBPE.jpg?fit=825%2C825&ssl=1&resize=350%2C200","width":350,"height":200},"classes":[]},{"id":10477,"url":"https:\/\/batimedianews.com\/live\/index.php\/2021\/06\/25\/philippe-denece-nomme-directeur-general-du-groupe-muller\/","url_meta":{"origin":1313,"position":5},"title":"Philippe D\u00c9NEC\u00c9 nomm\u00e9 Directeur G\u00e9n\u00e9ral du Groupe Muller","date":"25 juin 2021","format":false,"excerpt":"Paris - le 8 juin 2021, Le Groupe Muller, ETI industrielle familiale fran\u00e7aise qui con\u00e7oit et fabrique des \u00e9quipements thermiques intelligents et connect\u00e9s \u00e0 travers les marques Air\u00e9lec, Applimo, Auer, Campa, France \u00c9nergie et Noirot, annonce la nomination de Philippe D\u00c9NEC\u00c9 au poste de Directeur G\u00e9n\u00e9ral. Fort de plus de\u2026","rel":"","context":"Dans &quot;Actualit\u00e9 Entreprises&quot;","img":{"alt_text":"","src":"https:\/\/i1.wp.com\/batimedianews.com\/live\/wp-content\/uploads\/2021\/06\/Muller-Article.jpg?fit=512%2C512&ssl=1&resize=350%2C200","width":350,"height":200},"classes":[]}],"_links":{"self":[{"href":"https:\/\/batimedianews.com\/live\/index.php\/wp-json\/wp\/v2\/posts\/1313"}],"collection":[{"href":"https:\/\/batimedianews.com\/live\/index.php\/wp-json\/wp\/v2\/posts"}],"about":[{"href":"https:\/\/batimedianews.com\/live\/index.php\/wp-json\/wp\/v2\/types\/post"}],"author":[{"embeddable":true,"href":"https:\/\/batimedianews.com\/live\/index.php\/wp-json\/wp\/v2\/users\/2"}],"replies":[{"embeddable":true,"href":"https:\/\/batimedianews.com\/live\/index.php\/wp-json\/wp\/v2\/comments?post=1313"}],"version-history":[{"count":1,"href":"https:\/\/batimedianews.com\/live\/index.php\/wp-json\/wp\/v2\/posts\/1313\/revisions"}],"predecessor-version":[{"id":13047,"href":"https:\/\/batimedianews.com\/live\/index.php\/wp-json\/wp\/v2\/posts\/1313\/revisions\/13047"}],"wp:attachment":[{"href":"https:\/\/batimedianews.com\/live\/index.php\/wp-json\/wp\/v2\/media?parent=1313"}],"wp:term":[{"taxonomy":"category","embeddable":true,"href":"https:\/\/batimedianews.com\/live\/index.php\/wp-json\/wp\/v2\/categories?post=1313"},{"taxonomy":"post_tag","embeddable":true,"href":"https:\/\/batimedianews.com\/live\/index.php\/wp-json\/wp\/v2\/tags?post=1313"}],"curies":[{"name":"wp","href":"https:\/\/api.w.org\/{rel}","templated":true}]}}