{"id":13360,"date":"2021-10-28T08:42:16","date_gmt":"2021-10-28T06:42:16","guid":{"rendered":"http:\/\/batimedianews.com\/live\/?p=13360"},"modified":"2022-01-24T11:12:52","modified_gmt":"2022-01-24T10:12:52","slug":"artibat-2021-conforte-son-positionnement-de-salon-de-reference-pour-la-filiere","status":"publish","type":"post","link":"https:\/\/batimedianews.com\/live\/index.php\/2021\/10\/28\/artibat-2021-conforte-son-positionnement-de-salon-de-reference-pour-la-filiere\/","title":{"rendered":"ARTIBAT 2021 conforte son positionnement de salon de r\u00e9f\u00e9rence pour la fili\u00e8re"},"content":{"rendered":"\n<div class=\"wp-block-image\"><figure class=\"alignright size-large is-resized\"><img loading=\"lazy\" src=\"https:\/\/i2.wp.com\/batimedianews.com\/live\/wp-content\/uploads\/2021\/10\/image-277.png?resize=295%2C196\" alt=\"\" class=\"wp-image-13361\" width=\"295\" height=\"196\" srcset=\"https:\/\/i2.wp.com\/batimedianews.com\/live\/wp-content\/uploads\/2021\/10\/image-277.png?w=852&amp;ssl=1 852w, https:\/\/i2.wp.com\/batimedianews.com\/live\/wp-content\/uploads\/2021\/10\/image-277.png?resize=600%2C399&amp;ssl=1 600w, https:\/\/i2.wp.com\/batimedianews.com\/live\/wp-content\/uploads\/2021\/10\/image-277.png?resize=768%2C511&amp;ssl=1 768w, https:\/\/i2.wp.com\/batimedianews.com\/live\/wp-content\/uploads\/2021\/10\/image-277.png?resize=10%2C7&amp;ssl=1 10w, https:\/\/i2.wp.com\/batimedianews.com\/live\/wp-content\/uploads\/2021\/10\/image-277.png?resize=432%2C287&amp;ssl=1 432w, https:\/\/i2.wp.com\/batimedianews.com\/live\/wp-content\/uploads\/2021\/10\/image-277.png?resize=396%2C264&amp;ssl=1 396w, https:\/\/i2.wp.com\/batimedianews.com\/live\/wp-content\/uploads\/2021\/10\/image-277.png?resize=660%2C439&amp;ssl=1 660w, https:\/\/i2.wp.com\/batimedianews.com\/live\/wp-content\/uploads\/2021\/10\/image-277.png?resize=331%2C220&amp;ssl=1 331w\" sizes=\"(max-width: 600px) 91vw, (max-width: 900px) 600px, (max-width: 1060px) 50vw, (max-width: 1200px) 520px, (max-width: 1400px) 43vw, 600px\" data-recalc-dims=\"1\" \/><\/figure><\/div>\n\n\n\n<p class=\"has-sm-light-tertiary-background-color has-background\"><strong>Dans un contexte de forte activit\u00e9 des entreprises, ARTIBAT 2021 a confirm\u00e9 toute sa dynamique avec plus de 900 exposants pour 39 852 visiteurs accueillis (dont 22 % le premier jour, 46 % le deuxi\u00e8me jour et 32 % le troisi\u00e8me jour).<\/strong><\/p>\n\n\n\n<p>C\u00f4t\u00e9 r\u00e9partition, ARTIBAT conforte son positionnement habituel, avec l\u2019accueil de tous les corps de m\u00e9tier au travers de ces 5 p\u00f4les d\u2019activit\u00e9 synonymes d\u2019offre globale. Ainsi, les entreprises de moins de 20 salari\u00e9s repr\u00e9sentent 45 % du visitorat et les entreprises de plus de 20 salari\u00e9s 18 %. La prescription n\u2019\u00e9tait pas en reste puisque 17 % de profils d\u2019architectes et ma\u00eetres d\u2019oeuvre se sont d\u00e9plac\u00e9s sur le salon pour y d\u00e9couvrir les nouveaut\u00e9s, mill\u00e9sime 2021. Notons que le visitorat \u00e9tait \u00e9galement compos\u00e9 de 7 % de fabricants, 5 % de distributeurs et 4 % de soci\u00e9t\u00e9s de services. Enfin, soulignons une particularit\u00e9 pour cette \u00e9dition 2021 : la forte fr\u00e9quentation des apprentis, notamment des CFA de Bretagne et Pays-de-Loire. Ces futurs professionnels (4 % du visitorat) sont en effet venus nombreux, comme s\u2019en f\u00e9licite Val\u00e9rie Sfartz, Directrice du Salon : <em>\u00ab \u00c0 l\u2019heure o\u00f9 le recrutement constitue une vraie probl\u00e9matique pour l\u2019ensemble du secteur, ARTIBAT s\u2019est impos\u00e9 cette ann\u00e9e comme lieu incontournable de rassemblement de toute la fili\u00e8re, avec une forte mobilisation des professionnels de demain venus \u00e9changer avec leurs pairs et futurs fournisseurs. \u00bb<\/em><\/p>\n\n\n\n<p><strong>Au-del\u00e0 d\u2019une convivialit\u00e9 reconnue et appr\u00e9ci\u00e9e de tous, ce salon d\u2019affaires s\u2019est \u00e0 nouveau inscrit en v\u00e9ritable temps fort incontournable pour les professionnels fran\u00e7ais du BTP, appr\u00e9ciant d\u00e9couverte des innovations, qualit\u00e9 des \u00e9changes et business, comme en t\u00e9moignent ces exposants.<\/strong><\/p>\n\n\n\n<div class=\"wp-block-group\"><div class=\"wp-block-group__inner-container\">\n<p class=\"has-text-color\" style=\"color:#03a6ec\"><strong>EDYCEM<\/strong> :<\/p>\n\n\n\n<p><strong>Olivier Collin, Directeur G\u00e9n\u00e9ral<\/strong><\/p>\n\n\n\n<p>\u00ab L\u2019\u00e9dition Artibat 2021 aura \u00e9t\u00e9 une tr\u00e8s belle occasion de retrouver l\u2019ensemble de nos partenaires professionnels, un rendez-vous de qualit\u00e9 tant par son contenu que par sa fr\u00e9quentation. Nous avons eu le plaisir de pr\u00e9senter au public nos innovations, et tout particuli\u00e8rement notre gamme de b\u00e9tons bas carbone Vitaliss, l\u2019obtention du DTA pour notre chape sans pellicule Kalkiss SP Evolution, et le Vertical Bloc qui conna\u00eet un grand succ\u00e8s aupr\u00e8s de nos clients. \u00bb<\/p>\n<\/div><\/div>\n\n\n\n<div class=\"wp-block-group\"><div class=\"wp-block-group__inner-container\">\n<p class=\"has-text-color\" style=\"color:#03acf4\"><strong>MALERBA<\/strong> :<\/p>\n\n\n\n<p><strong>Lydie Chastan, Responsable Communication &amp; Marketing<\/strong><\/p>\n\n\n\n<p>\u00ab Artibat 2021 \u00e9tait une tr\u00e8s belle \u00e9dition plac\u00e9e sous le signe du soleil et de la bonne humeur. Au-del\u00e0 du plaisir de se rencontrer \u00e0 nouveau et d\u2019\u00e9changer de vive voix, c\u2019\u00e9tait aussi la vitrine parfaite pour pr\u00e9senter les nombreuses nouveaut\u00e9s mises au point au cours de ces longs mois de confinement. Salon apr\u00e8s salon, ARTIBAT confirme qu\u2019il est un RDV attendu et incontournable pour les professionnels du b\u00e2timent. \u00bb<\/p>\n<\/div><\/div>\n\n\n\n<div class=\"wp-block-group\"><div class=\"wp-block-group__inner-container\">\n<p class=\"has-text-color\" style=\"color:#03aaf1\"><strong>SCH\u00d6CK<\/strong> :<\/p>\n\n\n\n<p><strong>Daniel Costa, Directeur Commercial &amp; Marketing<\/strong><\/p>\n\n\n\n<p>\u00ab Les 3 jours pass\u00e9s au salon Artibat ont r\u00e9pondu \u00e0 nos attentes, tant en termes d\u2019organisation que de qualit\u00e9 du visitorat et des \u00e9changes que nous avons pu avoir au fil de nos rencontres. Notre participation au salon nous a notamment permis de pr\u00e9senter notre nouveau logiciel Open BIM Sch\u00f6ck, avec la pr\u00e9sence de notre partenaire et d\u00e9veloppeur CYPE France sur notre stand qui a r\u00e9alis\u00e9 des d\u00e9monstrations en avant-premi\u00e8re ! R\u00e9sultat : une approche interactive pour pr\u00e9senter nos nouveaut\u00e9s, obtenir de premiers retours et \u00e9changer de mani\u00e8re constructive sur les d\u00e9fis auxquels doit faire face le secteur du b\u00e2timent en mati\u00e8re de sobri\u00e9t\u00e9 \u00e9nerg\u00e9tique et d\u00e9carbonation avec nos partenaires ma\u00eetres d\u2019ouvrages, architectes, bureaux d\u2019\u00e9tudes thermique et structure. \u00bb<\/p>\n<\/div><\/div>\n\n\n\n<div class=\"wp-block-group\"><div class=\"wp-block-group__inner-container\">\n<p class=\"has-text-color\" style=\"color:#03abf3\"><strong>WEBER<\/strong> :<\/p>\n\n\n\n<p><strong>Fr\u00e9d\u00e9ric Sevestre, Chef de Projet Communication<\/strong><\/p>\n\n\n\n<p>\u00ab La richesse des \u00e9changes avec nos clients et le plaisir de nous retrouver dans un cadre convivial confirment plus que jamais l\u2019importance de la proximit\u00e9 et du contact humain dans nos m\u00e9tiers. Ann\u00e9e apr\u00e8s ann\u00e9e, Artibat continue de s\u2019imposer comme un lieu de rencontre et de partage incontournable pour les professionnels du b\u00e2timent. \u00bb<\/p>\n<\/div><\/div>\n\n\n\n<p class=\"has-text-align-center has-text-color has-medium-font-size\" style=\"color:#03a9ef\"><strong>Prochain rendez-vous 18, 19 et 20 octobre 2023<\/strong><\/p>\n\n\n\n<p><\/p>\n","protected":false},"excerpt":{"rendered":"<p>Dans un contexte de forte activit\u00e9 des entreprises, ARTIBAT 2021 a confirm\u00e9 toute sa dynamique avec plus de 900 exposants pour 39 852 visiteurs accueillis (dont 22 % le premier jour, 46 % le deuxi\u00e8me jour et 32 % le troisi\u00e8me jour). C\u00f4t\u00e9 r\u00e9partition, ARTIBAT conforte son positionnement habituel, avec l\u2019accueil de tous les corps [&hellip;]<\/p>\n","protected":false},"author":41,"featured_media":13363,"comment_status":"open","ping_status":"open","sticky":false,"template":"","format":"standard","meta":{"spay_email":""},"categories":[4,1260],"tags":[],"jetpack_featured_media_url":"https:\/\/i0.wp.com\/batimedianews.com\/live\/wp-content\/uploads\/2021\/10\/ARTIBAT-Article-1.jpg?fit=1224%2C512&ssl=1","jetpack_sharing_enabled":true,"jetpack_likes_enabled":true,"jetpack-related-posts":[{"id":12938,"url":"https:\/\/batimedianews.com\/live\/index.php\/2021\/10\/17\/artibat-2021-magnifique-et-bravo\/","url_meta":{"origin":13360,"position":0},"title":"ARTIBAT 2021 : MAGNIFIQUE ET BRAVO","date":"17 octobre 2021","format":false,"excerpt":"Cela nous a fait \u00e9norm\u00e9ment plaisir de vivre trois jours d'Artibat. Une affluence similaire \u00e0 la derni\u00e8re \u00e9dition, c'\u00e9tait d\u00e9j\u00e0 une belle performance mais au del\u00e0 des chiffres, la qualit\u00e9 de l'ambiance a semble-t-il permis une satisfaction totale de la part des exposants et celles des visiteurs qui ont pu\u2026","rel":"","context":"Dans &quot;Actualit\u00e9 Entreprises&quot;","img":{"alt_text":"","src":"https:\/\/i2.wp.com\/batimedianews.com\/live\/wp-content\/uploads\/2021\/10\/image-226.png?fit=1200%2C1200&ssl=1&resize=350%2C200","width":350,"height":200},"classes":[]},{"id":13281,"url":"https:\/\/batimedianews.com\/live\/index.php\/2021\/10\/22\/demonstration-live-artibat-2021-viessmann\/","url_meta":{"origin":13360,"position":1},"title":"DEMONSTRATION LIVE ARTIBAT 2021: VIESSMANN","date":"22 octobre 2021","format":false,"excerpt":"Batim\u00e9dia vous propose une information professionnelle en direct des fabricants. Nous avons r\u00e9alis\u00e9 une vid\u00e9o d\u00e9monstration live sur le stand de VIESSMANN Nous vous remercions de votre \u00e9coute. Pour suivre notre fil d\u2019actualit\u00e9\u00a0 http:\/\/www.batimedialive.com \u00a0http:\/\/www.batimedianews.com\u00a0 Chaine batimedialive :\u00a0https:\/\/www.youtube.com\/playlist?list=PLg80m-0ZHETfo-qzvjx3J88wU3tKk6ywA ________________________________________________________________________ Viessmann est le principal fournisseur de solutions de confort thermique pour\u2026","rel":"","context":"Dans &quot;Artibat 2021&quot;","img":{"alt_text":"","src":"https:\/\/i0.wp.com\/batimedianews.com\/live\/wp-content\/uploads\/2021\/10\/VIESSMANN8IMAGE.jpg?fit=1080%2C1080&ssl=1&resize=350%2C200","width":350,"height":200},"classes":[]},{"id":11670,"url":"https:\/\/batimedianews.com\/live\/index.php\/2021\/09\/01\/la-filiere-btp-se-donne-rendez-vous-sur-artibat-en-octobre\/","url_meta":{"origin":13360,"position":2},"title":"La fili\u00e8re BTP se donne rendez-vous sur ARTIBAT en octobre","date":"1 septembre 2021","format":false,"excerpt":"\u00a0Ev\u00e9nement majeur de la rentr\u00e9e pour tous les acteurs de la fili\u00e8re BTP, la 17\u00e8me \u00e9dition du Salon ARTIBAT, qui se tiendra \u00e0 Rennes les 13, 14 et 15 octobre prochains, s\u2019annonce d\u2019ores et d\u00e9j\u00e0 exceptionnelle. Synonyme de rencontres et d\u2019affaires, ARTIBAT, le salon des territoires, s\u2019impose \u00e9galement comme une\u2026","rel":"","context":"Dans &quot;Actualit\u00e9 Entreprises&quot;","img":{"alt_text":"","src":"https:\/\/i2.wp.com\/batimedianews.com\/live\/wp-content\/uploads\/2021\/09\/1-ARTIBAT-2021_Nouveautes.jpg?fit=849%2C567&ssl=1&resize=350%2C200","width":350,"height":200},"classes":[]},{"id":12455,"url":"https:\/\/batimedianews.com\/live\/index.php\/2021\/10\/06\/eqiom-accompagne-la-construction-durable-au-salon-artibat\/","url_meta":{"origin":13360,"position":3},"title":"EQIOM accompagne la construction durable au salon ARTIBAT","date":"6 octobre 2021","format":false,"excerpt":"Courbevoie, le 29\u00a0septembre 2021\u00a0\u2013 Du\u00a013 au 14 octobre 2021,\u00a0EQIOM, acteur engag\u00e9 et majeur dans les mat\u00e9riaux de construction, rejoint l'Ouest pour participer \u00e0 la\u00a017e \u00e9dition\u00a0d'ARTIBAT, le salon de la construction et des travaux publics, afin de valoriser son programme\u00a0d'accompagnement de la transition environnementale du secteur du b\u00e2timent. C'est l'occasion de\u00a0d\u00e9voiler\u2026","rel":"","context":"Dans &quot;Actualit\u00e9 Entreprises&quot;","img":{"alt_text":"","src":"https:\/\/i0.wp.com\/batimedianews.com\/live\/wp-content\/uploads\/2021\/10\/EQIOM-Article.jpg?fit=512%2C512&ssl=1&resize=350%2C200","width":350,"height":200},"classes":[]},{"id":12430,"url":"https:\/\/batimedianews.com\/live\/index.php\/2021\/10\/06\/au-salon-artibat-unilin-insulation-met-en-avant-sa-gamme-comfort-conforme-a-la-re2020\/","url_meta":{"origin":13360,"position":4},"title":"Au salon ARTIBAT, Unilin Insulation met en avant sa gamme Comfort, conforme \u00e0 la RE2020","date":"6 octobre 2021","format":false,"excerpt":"Leader europ\u00e9en sur le march\u00e9 des panneaux de toiture et 2\u00e8me producteur de plaques de polyur\u00e9thane, Unilin Insulation participe \u00e0 la 17\u00e8me \u00e9dition du Salon ARTIBAT, \u00e9v\u00e9nement majeur de la construction, qui se tiendra les 13, 14 et 15 octobre prochains \u00e0 Rennes. Pour cette \u00e9dition, Unilin Insulation met l\u2019accent\u2026","rel":"","context":"Dans &quot;Actualit\u00e9 Entreprises&quot;","img":{"alt_text":"","src":"https:\/\/i1.wp.com\/batimedianews.com\/live\/wp-content\/uploads\/2021\/09\/Unilin-Article.jpg?fit=512%2C512&ssl=1&resize=350%2C200","width":350,"height":200},"classes":[]},{"id":6007,"url":"https:\/\/batimedianews.com\/live\/index.php\/2020\/09\/24\/artibat-les-exposants-ont-repondu-presents-pour-ledition-2021\/","url_meta":{"origin":13360,"position":5},"title":"ARTIBAT : les exposants ont r\u00e9pondu pr\u00e9sents pour l\u2019\u00e9dition 2021","date":"24 septembre 2020","format":false,"excerpt":"Salon d\u2019affaires et des territoires par essence, ARTIBAT peut compter sur la fid\u00e9lit\u00e9 de ses exposants et le renouvellement de leur confiance suite au report du salon, initialement pr\u00e9vu en 2020, reprogramm\u00e9 aux 13, 14 et 15 octobre 2021. ARTIBAT, identifi\u00e9 comme une marque de confiance forte pour les industriels\u2026","rel":"","context":"Dans &quot;accessibilit\u00e9 Universelle&quot;","img":{"alt_text":"","src":"https:\/\/i2.wp.com\/batimedianews.com\/live\/wp-content\/uploads\/2020\/09\/artibat6.jpg?fit=937%2C937&ssl=1&resize=350%2C200","width":350,"height":200},"classes":[]}],"_links":{"self":[{"href":"https:\/\/batimedianews.com\/live\/index.php\/wp-json\/wp\/v2\/posts\/13360"}],"collection":[{"href":"https:\/\/batimedianews.com\/live\/index.php\/wp-json\/wp\/v2\/posts"}],"about":[{"href":"https:\/\/batimedianews.com\/live\/index.php\/wp-json\/wp\/v2\/types\/post"}],"author":[{"embeddable":true,"href":"https:\/\/batimedianews.com\/live\/index.php\/wp-json\/wp\/v2\/users\/41"}],"replies":[{"embeddable":true,"href":"https:\/\/batimedianews.com\/live\/index.php\/wp-json\/wp\/v2\/comments?post=13360"}],"version-history":[{"count":2,"href":"https:\/\/batimedianews.com\/live\/index.php\/wp-json\/wp\/v2\/posts\/13360\/revisions"}],"predecessor-version":[{"id":13477,"href":"https:\/\/batimedianews.com\/live\/index.php\/wp-json\/wp\/v2\/posts\/13360\/revisions\/13477"}],"wp:featuredmedia":[{"embeddable":true,"href":"https:\/\/batimedianews.com\/live\/index.php\/wp-json\/wp\/v2\/media\/13363"}],"wp:attachment":[{"href":"https:\/\/batimedianews.com\/live\/index.php\/wp-json\/wp\/v2\/media?parent=13360"}],"wp:term":[{"taxonomy":"category","embeddable":true,"href":"https:\/\/batimedianews.com\/live\/index.php\/wp-json\/wp\/v2\/categories?post=13360"},{"taxonomy":"post_tag","embeddable":true,"href":"https:\/\/batimedianews.com\/live\/index.php\/wp-json\/wp\/v2\/tags?post=13360"}],"curies":[{"name":"wp","href":"https:\/\/api.w.org\/{rel}","templated":true}]}}