{"id":13721,"date":"2021-11-10T09:53:16","date_gmt":"2021-11-10T08:53:16","guid":{"rendered":"http:\/\/batimedianews.com\/live\/?p=13721"},"modified":"2022-02-03T11:11:27","modified_gmt":"2022-02-03T10:11:27","slug":"la-mairie-du-15e-arrondissement-de-paris-et-colas-devoilent-des-premiers-resultats-positifs-pour-la-solution-innovante-flowell","status":"publish","type":"post","link":"https:\/\/batimedianews.com\/live\/index.php\/2021\/11\/10\/la-mairie-du-15e-arrondissement-de-paris-et-colas-devoilent-des-premiers-resultats-positifs-pour-la-solution-innovante-flowell\/","title":{"rendered":"La Mairie du 15e arrondissement de Paris et Colas d\u00e9voilent des premiers r\u00e9sultats positifs pour la solution innovante Flowell"},"content":{"rendered":"\n<p><strong>Dans le 15e arrondissement de Paris, les premiers r\u00e9sultats de l\u2019exp\u00e9rimentation de Flowell, solution de marquage au sol lumineux actif, indiquent un renforcement de la s\u00e9curit\u00e9 des usagers. Apr\u00e8s quelques mois d\u2019installation sur un passage pi\u00e9ton dans une zone tr\u00e8s passante, les comportements des conducteurs se sont am\u00e9lior\u00e9s et les pi\u00e9tons se sentent davantage en s\u00e9curit\u00e9.&nbsp;<\/strong><\/p>\n\n\n\n<figure class=\"wp-block-image size-large\"><img loading=\"lazy\" width=\"720\" height=\"480\" src=\"https:\/\/i2.wp.com\/batimedianews.com\/live\/wp-content\/uploads\/2021\/11\/image-99.png?resize=720%2C480\" alt=\"\" class=\"wp-image-13724\" srcset=\"https:\/\/i2.wp.com\/batimedianews.com\/live\/wp-content\/uploads\/2021\/11\/image-99.png?resize=1024%2C683&amp;ssl=1 1024w, https:\/\/i2.wp.com\/batimedianews.com\/live\/wp-content\/uploads\/2021\/11\/image-99.png?resize=600%2C400&amp;ssl=1 600w, https:\/\/i2.wp.com\/batimedianews.com\/live\/wp-content\/uploads\/2021\/11\/image-99.png?resize=768%2C512&amp;ssl=1 768w, https:\/\/i2.wp.com\/batimedianews.com\/live\/wp-content\/uploads\/2021\/11\/image-99.png?resize=1536%2C1024&amp;ssl=1 1536w, https:\/\/i2.wp.com\/batimedianews.com\/live\/wp-content\/uploads\/2021\/11\/image-99.png?resize=2048%2C1365&amp;ssl=1 2048w, https:\/\/i2.wp.com\/batimedianews.com\/live\/wp-content\/uploads\/2021\/11\/image-99.png?resize=10%2C7&amp;ssl=1 10w, https:\/\/i2.wp.com\/batimedianews.com\/live\/wp-content\/uploads\/2021\/11\/image-99.png?resize=432%2C288&amp;ssl=1 432w, https:\/\/i2.wp.com\/batimedianews.com\/live\/wp-content\/uploads\/2021\/11\/image-99.png?resize=396%2C264&amp;ssl=1 396w, https:\/\/i2.wp.com\/batimedianews.com\/live\/wp-content\/uploads\/2021\/11\/image-99.png?resize=1120%2C747&amp;ssl=1 1120w, https:\/\/i2.wp.com\/batimedianews.com\/live\/wp-content\/uploads\/2021\/11\/image-99.png?resize=660%2C440&amp;ssl=1 660w, https:\/\/i2.wp.com\/batimedianews.com\/live\/wp-content\/uploads\/2021\/11\/image-99.png?resize=330%2C220&amp;ssl=1 330w, https:\/\/i2.wp.com\/batimedianews.com\/live\/wp-content\/uploads\/2021\/11\/image-99.png?w=1440 1440w, https:\/\/i2.wp.com\/batimedianews.com\/live\/wp-content\/uploads\/2021\/11\/image-99.png?w=2160 2160w\" sizes=\"(max-width: 600px) 91vw, (max-width: 900px) 600px, (max-width: 1060px) 50vw, (max-width: 1200px) 520px, (max-width: 1400px) 43vw, 600px\" data-recalc-dims=\"1\" \/><\/figure>\n\n\n\n<p class=\"has-sm-dark-primary-color has-text-color\">&nbsp;<em>Renforcement de la s\u00e9curit\u00e9 des usagers&nbsp;<\/em><\/p>\n\n\n\n<p>La solution, compos\u00e9e de dalles de LEDs encapsul\u00e9es dans la chauss\u00e9e et le trottoir, est install\u00e9e porte de S\u00e8vres sur un passage pi\u00e9ton dangereux, au niveau d\u2019une bretelle d\u2019acc\u00e8s au p\u00e9riph\u00e9rique.&nbsp;<\/p>\n\n\n\n<p>Depuis sa mise en place, 94% des v\u00e9hicules c\u00e8dent le passage aux pi\u00e9tons, soit une progression de 27 points par rapport aux mesures r\u00e9alis\u00e9es avant l\u2019exp\u00e9rimentation. Et 55% des v\u00e9hicules le font au moins 2 m\u00e8tres avant le passage pi\u00e9ton, soit une hausse de 27 points \u00e9galement.&nbsp;<\/p>\n\n\n\n<p>De leur c\u00f4t\u00e9, 87% des pi\u00e9tons interrog\u00e9s d\u00e9clarent se sentir en s\u00e9curit\u00e9 ou plus en s\u00e9curit\u00e9 lors de la travers\u00e9e gr\u00e2ce \u00e0 Flowell, contre 59% avant le dispositif. Et les personnes \u00e0 mobilit\u00e9 r\u00e9duite appr\u00e9cient la meilleure d\u00e9limitation de la zone de travers\u00e9e et la vigilance accrue li\u00e9e aux r\u00e9glettes pi\u00e9tonnes.&nbsp;<\/p>\n\n\n\n<p>Ces r\u00e9sultats sont issus d\u2019\u00e9tudes quantitatives et qualitatives men\u00e9es par des soci\u00e9t\u00e9s priv\u00e9es ind\u00e9pendantes, analys\u00e9es avec le Cerema (Centre d&rsquo;\u00e9tudes et d&rsquo;expertise sur les risques, l&rsquo;environnement, la mobilit\u00e9 et l&rsquo;am\u00e9nagement).&nbsp;<\/p>\n\n\n\n<p class=\"has-sm-dark-primary-color has-text-color\">&nbsp;<em>Un travail conjoint de la Mairie du 15<\/em><em>e <\/em><em>et de Colas&nbsp;<\/em><\/p>\n\n\n\n<p>Le site de la porte de S\u00e8vres s\u2019inscrit dans une d\u00e9marche plus globale pour pr\u00e9parer l\u2019int\u00e9gration de la solution \u00e0 la r\u00e9glementation, pr\u00e9alable \u00e0 sa commercialisation. Ces exp\u00e9rimentations visent \u00e0 confronter Flowell \u00e0 diff\u00e9rents environnements (routes rurales, villes interm\u00e9diaires, carrefours complexes en zones tr\u00e8s urbanis\u00e9es), pour proposer une solution adapt\u00e9e renfor\u00e7ant la s\u00e9curit\u00e9 des usagers et le bien-vivre en ville.&nbsp;<\/p>\n\n\n\n<p>Flowell est une solution innovante d\u00e9velopp\u00e9e par Colas, en partenariat avec CEA Tech. Fond\u00e9e sur une signalisation lumineuse \u00e9volutive n\u00e9cessitant peu de travaux et circulable par tous les v\u00e9hicules, elle permet d\u2019adapter \u00e0 chaque instant l\u2019usage de la rue et de la route pour toutes les mobilit\u00e9s.&nbsp;<\/p>\n\n\n\n<p>Trois ann\u00e9es ont \u00e9t\u00e9 n\u00e9cessaires pour mettre en oeuvre ce projet cofinanc\u00e9 par la Mairie du 15e et Colas et exp\u00e9riment\u00e9 sur l\u2019un des carrefours parisiens les plus complexes en termes de gestion de la circulation, de partage de l\u2019espace public et de s\u00e9curit\u00e9.&nbsp;<\/p>\n\n\n\n<p>\u00ab <em>Le 15<\/em><em>e <\/em><em>arrondissement est un territoire d\u2019exp\u00e9rimentation, chacune devant permettre d\u2019am\u00e9liorer le cadre de vie des habitants mais \u00e9galement de tous ceux qui y travaillent. Nous souhaitons que cette premi\u00e8re exp\u00e9rimentation avec Flowell renforce l\u2019impact des feux de signalisation pour la s\u00e9curit\u00e9 de tous les usagers de l\u2019espace public <\/em>\u00bb indique Philippe Goujon, Maire du 15e arrondissement de Paris et conseiller communautaire.&nbsp;<\/p>\n\n\n\n<p>\u00ab <em>Flowell apporte de multiples services aux collectivit\u00e9s. Dans le 15e arrondissement de Paris, cette solution innovante d\u00e9montre son efficacit\u00e9 pour inciter au respect du code de la route et am\u00e9liorer ainsi la s\u00e9curit\u00e9 routi\u00e8re <\/em>\u00bb, indique Thierry M\u00e9line, Directeur G\u00e9n\u00e9ral France et Oc\u00e9an Indien de Colas.&nbsp;<\/p>\n\n\n\n<p class=\"has-sm-dark-primary-color has-text-color\"><strong>\u00c0 propos de la Mairie du 15e&nbsp;<\/strong><\/p>\n\n\n\n<p><strong>Le 15e, coeur battant de l\u2019innovation \u00e0 Paris&nbsp;<\/strong><\/p>\n\n\n\n<p>D\u2019arrondissement familial, le 15e est devenu en quelques ann\u00e9es un arrondissement attractif, pl\u00e9biscit\u00e9 par les investisseurs et acteurs \u00e9conomiques, fruit de nombreuses ann\u00e9es de travail men\u00e9es par l\u2019\u00e9quipe municipale. C\u2019est ainsi que le sud du 15e a pris le surnom de \u00ab Silicon Alley \u00bb, avec les implantations r\u00e9centes de Colas, Nestl\u00e9, La Poste, Softbank ou encore du minist\u00e8re des Arm\u00e9es, mais \u00e9galement de \u00ab Triangle d\u2019or des m\u00e9dias \u00bb avec l\u2019implantation r\u00e9cente du groupe Altice, Lagard\u00e8re Active et LVMH-M\u00e9dias qui s\u2019ajoute aux m\u00e9dias d\u00e9j\u00e0 pr\u00e9sents comme France T\u00e9l\u00e9visions et Le Point. Le 15e est \u00e9galement concern\u00e9 par de nombreux projets d\u2019am\u00e9nagement urbain, comme le parc des Expositions en travaux jusqu\u2019en 2023, la porte Brancion et le 49 quai d\u2019Issy dans le cadre d\u2019Inventons la M\u00e9tropole du Grand Paris pour y implanter des usages innovants (logistique urbaine, incubateurs,\u2026) ou encore l\u2019immeuble Pong, rue Cambronne, transform\u00e9 en espace de co-living, de co-working et du premier centre e-sport europ\u00e9en.&nbsp;<\/p>\n\n\n\n<p>Le 15e est \u00e9galement devenu en quelques ann\u00e9es l\u2019arrondissement des \u00e9tudiants, qui sont pass\u00e9s de 14 000 \u00e0 32 000 (et 40 000 d\u2019ici \u00e0 2022), incitant la municipalit\u00e9 du 15e \u00e0 proposer des solutions pour les accueillir (multiplication des r\u00e9sidences \u00e9tudiantes, organisation d\u2019actions de pr\u00e9vention, sant\u00e9 et de job datings, etc.).&nbsp;<\/p>\n\n\n\n<p>Enfin, le 15e est un territoire d\u2019exp\u00e9rimentation, avec de la logistique urbaine, du smart-lighting (une centaine de capteurs ont \u00e9t\u00e9 install\u00e9s pour la premi\u00e8re fois \u00e0 Paris) et un enrob\u00e9 phonique et anti-ilot de chaleur rues Lecourbe et Fr\u00e9micourt.&nbsp;<\/p>\n\n\n\n<p class=\"has-sm-dark-primary-color has-text-color\"><strong>\u00c0 propos de Colas&nbsp;<\/strong><\/p>\n\n\n\n<p>Colas, filiale du groupe Bouygues, a pour mission d\u2019imaginer, de construire et d\u2019entretenir des infrastructures de transport de fa\u00e7on responsable. Implant\u00e9 dans plus de 50 pays sur les cinq continents, \u00e0 travers un r\u00e9seau de 800 unit\u00e9s d\u2019exploitation de travaux et 3 000 unit\u00e9s de production de mat\u00e9riaux, Colas rassemble 55 000 collaborateurs engag\u00e9s dans leur territoire pour relier les hommes et faciliter les \u00e9changes dans le monde d\u2019aujourd\u2019hui et de demain.&nbsp;<\/p>\n\n\n\n<p>L\u2019ambition de Colas est d\u2019\u00eatre le leader mondial des solutions de mobilit\u00e9 innovantes et responsables.&nbsp;<\/p>\n\n\n\n<p>En 2020, Colas a r\u00e9alis\u00e9 un chiffre d\u2019affaires consolid\u00e9 de 12,3 milliards d\u2019euros, dont 55% \u00e0 l\u2019international.&nbsp;<\/p>\n","protected":false},"excerpt":{"rendered":"<p>Dans le 15e arrondissement de Paris, les premiers r\u00e9sultats de l\u2019exp\u00e9rimentation de Flowell, solution de marquage au sol lumineux actif, indiquent un renforcement de la s\u00e9curit\u00e9 des usagers. Apr\u00e8s quelques mois d\u2019installation sur un passage pi\u00e9ton dans une zone tr\u00e8s passante, les comportements des conducteurs se sont am\u00e9lior\u00e9s et les pi\u00e9tons se sentent davantage en [&hellip;]<\/p>\n","protected":false},"author":41,"featured_media":13723,"comment_status":"open","ping_status":"open","sticky":false,"template":"","format":"standard","meta":{"spay_email":""},"categories":[4],"tags":[1421],"jetpack_featured_media_url":"https:\/\/i2.wp.com\/batimedianews.com\/live\/wp-content\/uploads\/2021\/11\/Mairie15eParis-Article.jpg?fit=1224%2C512&ssl=1","jetpack_sharing_enabled":true,"jetpack_likes_enabled":true,"jetpack-related-posts":[{"id":9347,"url":"https:\/\/batimedianews.com\/live\/index.php\/2021\/04\/25\/portalp-rs-la-nouvelle-generation-de-portes-automatiques-pietonnes-connectees\/","url_meta":{"origin":13721,"position":0},"title":"PORTALP RS, la nouvelle g\u00e9n\u00e9ration de portes automatiques pi\u00e9tonnes connect\u00e9es","date":"25 avril 2021","format":false,"excerpt":"Passant presque inaper\u00e7ues, les portes automatiques pi\u00e9tonnes \u00e9quipent une grande diversit\u00e9 d\u2019\u00e9tablissements recevant du public (commerces, administrations, centres hospitaliers\u2026). Elles jouent pourtant un r\u00f4le essentiel en mati\u00e8re d\u2019accessibilit\u00e9, de s\u00e9curit\u00e9, et de performance \u00e9nerg\u00e9tique des b\u00e2timents. Dans le contexte sanitaire actuel, elles contribuent plus que jamais \u00e0 limiter la propagation\u2026","rel":"","context":"Dans &quot;Actualit\u00e9 Entreprises&quot;","img":{"alt_text":"","src":"https:\/\/i1.wp.com\/batimedianews.com\/live\/wp-content\/uploads\/2021\/04\/image-184.png?fit=446%2C446&ssl=1&resize=350%2C200","width":350,"height":200},"classes":[]},{"id":14110,"url":"https:\/\/batimedianews.com\/live\/index.php\/2021\/12\/03\/des-camions-toupies-unibeton-toujours-plus-surs-et-ergonomiques-avec-econic\/","url_meta":{"origin":13721,"position":1},"title":"Des camions-toupies Unib\u00e9ton toujours plus s\u00fbrs et ergonomiques avec Econic","date":"3 d\u00e9cembre 2021","format":false,"excerpt":"Particuli\u00e8rement attentifs \u00e0 la s\u00e9curit\u00e9 des usagers de la route, notamment en zone urbaine, ainsi qu\u2019\u00e0 une ergonomie optimale des cabines de camion pour le confort des conducteurs, Unib\u00e9ton et son partenaire transporteur GROUPE SOLA ont mis en circulation en octobre, \u00e0 Paris et \u00e0 Nantes, deux camions-toupies avec porteurs\u2026","rel":"","context":"Dans &quot;Actualit\u00e9 Entreprises&quot;","img":{"alt_text":"","src":"https:\/\/i2.wp.com\/batimedianews.com\/live\/wp-content\/uploads\/2021\/11\/Unibeton-Article.jpg?fit=512%2C512&ssl=1&resize=350%2C200","width":350,"height":200},"classes":[]},{"id":17634,"url":"https:\/\/batimedianews.com\/live\/index.php\/2022\/03\/16\/chantier-les-plaques-stabilisatrices-de-gravier-pour-zone-urbaine-urbangravel-de-jouplast-seduisent-a-chambery-580-m2-mis-en-oeuvre-pour-creer-un-parking-de-covoiturage\/","url_meta":{"origin":13721,"position":2},"title":"Chantier &#8211; les plaques stabilisatrices de gravier pour zone urbaine URBANGRAVEL\u00ae de JOUPLAST\u00ae  s\u00e9duisent \u00e0 Chamb\u00e9ry. 580 m2 mis en \u0153uvre pour cr\u00e9er un parking de covoiturage","date":"16 mars 2022","format":false,"excerpt":"L'imperm\u00e9abilisation des surfaces urbaines va de pair avec le ph\u00e9nom\u00e8ne de ruissellement des eaux pluviales, dont les cons\u00e9quences dommageable sont connues : inondations, concentration de pollution, impact sur le cadre de vie et jusqu'\u00e0 la s\u00e9curit\u00e9 des biens et des personnes. C'est pourquoi, les rev\u00eatements drainants sont de plus en\u2026","rel":"","context":"Dans &quot;Actualit\u00e9 Entreprises&quot;","img":{"alt_text":"","src":"https:\/\/i2.wp.com\/batimedianews.com\/live\/wp-content\/uploads\/2022\/03\/Jouplast-Article.jpg?fit=512%2C512&ssl=1&resize=350%2C200","width":350,"height":200},"classes":[]},{"id":13551,"url":"https:\/\/batimedianews.com\/live\/index.php\/2021\/11\/03\/le-departement-du-cher-deploie-avec-colas-le-service-anais-pour-lamelioration-preventive-de-la-securite-de-ses-routes\/","url_meta":{"origin":13721,"position":3},"title":"Le D\u00e9partement du Cher d\u00e9ploie avec Colas le service ANAIS pour l\u2019am\u00e9lioration pr\u00e9ventive de la s\u00e9curit\u00e9 de ses routes","date":"3 novembre 2021","format":false,"excerpt":"Le D\u00e9partement du Cher et Colas, via Mobility by Colas, ont sign\u00e9 un contrat de 2 ans qui permet \u00e0 la collectivit\u00e9 de disposer d\u2019ANAIS, un service num\u00e9rique d\u2019aide \u00e0 la d\u00e9cision fond\u00e9 sur l\u2019utilisation de donn\u00e9es collect\u00e9es par les v\u00e9hicules. L\u2019objectif est de contribuer au renforcement de la s\u00e9curit\u00e9\u2026","rel":"","context":"Dans &quot;s\u00e9curit\u00e9&quot;","img":{"alt_text":"","src":"https:\/\/i1.wp.com\/batimedianews.com\/live\/wp-content\/uploads\/2021\/11\/Cher-Dept-Article.jpg?fit=512%2C512&ssl=1&resize=350%2C200","width":350,"height":200},"classes":[]},{"id":12002,"url":"https:\/\/batimedianews.com\/live\/index.php\/2021\/09\/14\/paris-habitat-a-la-conquete-de-futurs-ilots-de-fraicheur\/","url_meta":{"origin":13721,"position":4},"title":"Paris Habitat, \u00e0 la conqu\u00eate de futurs ilots de fra\u00eecheur","date":"14 septembre 2021","format":false,"excerpt":"Paris Habitat est engag\u00e9 aupr\u00e8s des locataires pour am\u00e9liorer leur cadre et qualit\u00e9 de vie. Dans un contexte o\u00f9 les \u00e9pisodes de chaleur sont amen\u00e9s \u00e0 se multiplier, et la vague tardive de chaleur de ce mois de septembre le rappelle, l\u2019\u00e9tablissement, signataire de la charte Paris action climat s\u2019emploie\u2026","rel":"","context":"Dans &quot;Actualit\u00e9 Entreprises&quot;","img":{"alt_text":"","src":"https:\/\/i2.wp.com\/batimedianews.com\/live\/wp-content\/uploads\/2021\/09\/ParisHabitat-Article.jpg?fit=512%2C512&ssl=1&resize=350%2C200","width":350,"height":200},"classes":[]},{"id":23633,"url":"https:\/\/batimedianews.com\/live\/index.php\/2022\/09\/26\/galinoin-et-galino-portes-automatiques-dinterieur-en-galandage-pour-des-espaces-de-travail-amenages-avec-elegance-et-modernite\/","url_meta":{"origin":13721,"position":5},"title":"GALINO\u2019IN et GALINO, portes automatiques d\u2019int\u00e9rieur en galandage pour des espaces de travail am\u00e9nag\u00e9s avec \u00e9l\u00e9gance et modernit\u00e9.","date":"26 septembre 2022","format":false,"excerpt":"L\u2019activit\u00e9 de SOFTICA est partie de l\u2019intuition qu\u2019un besoin existait pour l\u2019automatisation de portes d\u2019int\u00e9rieur. Avant m\u00eame la conception de portes automatiques pi\u00e9tonnes, SOFTICA avait d\u00e9j\u00e0\u2002con\u00e7u une porte automatique coulissante d\u2019int\u00e9rieur en applique et une en galandage. R\u00e9solument tendances, pratiques et design, les portes automatiques coulissantes d\u2019int\u00e9rieur GALINO de SOFTICA\u2026","rel":"","context":"Dans &quot;Actualit\u00e9 Entreprises&quot;","img":{"alt_text":"","src":"https:\/\/i1.wp.com\/batimedianews.com\/live\/wp-content\/uploads\/2022\/09\/Softica-Article.jpg?fit=1080%2C1080&ssl=1&resize=350%2C200","width":350,"height":200},"classes":[]}],"_links":{"self":[{"href":"https:\/\/batimedianews.com\/live\/index.php\/wp-json\/wp\/v2\/posts\/13721"}],"collection":[{"href":"https:\/\/batimedianews.com\/live\/index.php\/wp-json\/wp\/v2\/posts"}],"about":[{"href":"https:\/\/batimedianews.com\/live\/index.php\/wp-json\/wp\/v2\/types\/post"}],"author":[{"embeddable":true,"href":"https:\/\/batimedianews.com\/live\/index.php\/wp-json\/wp\/v2\/users\/41"}],"replies":[{"embeddable":true,"href":"https:\/\/batimedianews.com\/live\/index.php\/wp-json\/wp\/v2\/comments?post=13721"}],"version-history":[{"count":4,"href":"https:\/\/batimedianews.com\/live\/index.php\/wp-json\/wp\/v2\/posts\/13721\/revisions"}],"predecessor-version":[{"id":13774,"href":"https:\/\/batimedianews.com\/live\/index.php\/wp-json\/wp\/v2\/posts\/13721\/revisions\/13774"}],"wp:featuredmedia":[{"embeddable":true,"href":"https:\/\/batimedianews.com\/live\/index.php\/wp-json\/wp\/v2\/media\/13723"}],"wp:attachment":[{"href":"https:\/\/batimedianews.com\/live\/index.php\/wp-json\/wp\/v2\/media?parent=13721"}],"wp:term":[{"taxonomy":"category","embeddable":true,"href":"https:\/\/batimedianews.com\/live\/index.php\/wp-json\/wp\/v2\/categories?post=13721"},{"taxonomy":"post_tag","embeddable":true,"href":"https:\/\/batimedianews.com\/live\/index.php\/wp-json\/wp\/v2\/tags?post=13721"}],"curies":[{"name":"wp","href":"https:\/\/api.w.org\/{rel}","templated":true}]}}