{"id":14222,"date":"2021-12-06T09:35:51","date_gmt":"2021-12-06T08:35:51","guid":{"rendered":"http:\/\/batimedianews.com\/live\/?p=14222"},"modified":"2022-04-11T10:23:18","modified_gmt":"2022-04-11T08:23:18","slug":"vsb-energies-nouvelles-sur-energaia-2021","status":"publish","type":"post","link":"https:\/\/batimedianews.com\/live\/index.php\/2021\/12\/06\/vsb-energies-nouvelles-sur-energaia-2021\/","title":{"rendered":"VSB \u00e9nergies nouvelles sur EnerGa\u00efa 2021"},"content":{"rendered":"\n<figure class=\"wp-block-pullquote\"><blockquote><p>Les 8 &amp; 9 d\u00e9cembre 2021<\/p><p>Parc des Expositions de Montpellier<\/p><p>Stand 23, Hall B2<\/p><\/blockquote><\/figure>\n\n\n\n<p>N\u00eemes le 1er d\u00e9cembre 2021<\/p>\n\n\n\n<p><strong>Le d\u00e9veloppeur d\u2019\u00e9nergies renouvelables VSB \u00e9nergies nouvelles annonce sa pr\u00e9sence au Forum EnerGa\u00efa qui a lieu les 8 et 9 d\u00e9cembre 2021 au Parc des Expositions de Montpellier.<\/strong><\/p>\n\n\n\n<p>Rendez-vous incontournable sur le march\u00e9 des \u00e9nergies renouvelables, le Forum EnerGa\u00efa accompagne depuis 15 ans la fili\u00e8re des \u00e9nergies renouvelables en proposant de v\u00e9ritables solutions environnementales pour les territoires, les villes ainsi que les industries. Acteur de r\u00e9f\u00e9rence, le Forum propose conf\u00e9rences, tables rondes, pitchs et ateliers, ainsi qu\u2019une zone d\u2019exposition o\u00f9 200 acteurs sont attendus.<\/p>\n\n\n\n<p>VSB \u00e9nergies nouvelles participe pour la 1\u00e8re fois au Forum. Cette ann\u00e9e, le d\u00e9veloppeur c\u00e9l\u00e8bre ses 20 ans et pr\u00e9sente son plan strat\u00e9gique 2025 qui fixe des objectifs ambitieux : op\u00e9rer pour ses propres projets pour se positionner comme un \u00e9nerg\u00e9ticien \u00e0 part enti\u00e8re et int\u00e9grer le Top 10 des producteurs d\u2019\u00e9nergie ind\u00e9pendants europ\u00e9ens.<\/p>\n\n\n\n<p>Concr\u00e8tement, VSB \u00e9nergies nouvelles ambitionne de disposer de 3,5 GW en d\u00e9veloppement et de renouveler l\u2019\u00e9quivalent de 100 MW \u00e0 horizon 2025.<\/p>\n\n\n\n<h2>&nbsp;Fiche d\u2019identit\u00e9 VSB \u00e9nergies nouvelles<\/h2>\n\n\n\n<p class=\"has-sm-light-primary-color has-text-color has-background has-medium-font-size\" style=\"background-color:#018dc9\">&nbsp;<strong>Qui est VSB ?<\/strong><\/p>\n\n\n\n<div class=\"wp-block-image\"><figure class=\"alignright size-large is-resized\"><img loading=\"lazy\" src=\"https:\/\/i0.wp.com\/batimedianews.com\/live\/wp-content\/uploads\/2021\/12\/image-38.png?resize=145%2C213\" alt=\"\" class=\"wp-image-14223\" width=\"145\" height=\"213\" srcset=\"https:\/\/i0.wp.com\/batimedianews.com\/live\/wp-content\/uploads\/2021\/12\/image-38.png?w=272&amp;ssl=1 272w, https:\/\/i0.wp.com\/batimedianews.com\/live\/wp-content\/uploads\/2021\/12\/image-38.png?resize=7%2C10&amp;ssl=1 7w, https:\/\/i0.wp.com\/batimedianews.com\/live\/wp-content\/uploads\/2021\/12\/image-38.png?resize=150%2C220&amp;ssl=1 150w\" sizes=\"(max-width: 600px) 91vw, (max-width: 900px) 600px, (max-width: 1060px) 50vw, (max-width: 1200px) 520px, (max-width: 1400px) 43vw, 600px\" data-recalc-dims=\"1\" \/><\/figure><\/div>\n\n\n\n<p>&nbsp;Install\u00e9e \u00e0 N\u00eemes et filiale du Groupe VSB, VSB \u00e9nergies nouvelles est depuis 20 ans un des acteurs majeurs du secteur de l\u2019\u00e9nergie renouvelable en France. Reconnu pour son savoir-faire et la qualit\u00e9 de ses projets, <strong>VSB \u00e9nergies nouvelles couvre l\u2019int\u00e9gralit\u00e9 de la chaine de valeur : du d\u00e9veloppement \u00e0 la valorisation et la production d\u2019\u00e9nergies renouvelables en passant par le financement, la construction, l\u2019exploitation, la maintenance, et la gestion administrative.<\/strong><\/p>\n\n\n\n<p>Forte d\u2019une centaine de collaborateurs r\u00e9partis sur 6 agences couvrant tout le territoire, VSB \u00e9nergies nouvelles a r\u00e9alis\u00e9 un chiffre d\u2019affaires de 23 millions d\u2019euros en 2020 et g\u00e8re pour plus de 900 MW d\u2019actifs \u00e9oliens et solaires produisant l\u2019\u00e9quivalent de la consommation de plus de 900 000 habitants.<\/p>\n\n\n\n<p><strong>VSB \u00e9nergies nouvelles rayonne en France et \u00e0 l\u2019\u00e9tranger avec des filiales en Espagne et Tunisie.<\/strong><\/p>\n\n\n\n<p class=\"has-sm-light-primary-color has-text-color has-background has-medium-font-size\" style=\"background-color:#0186bf\">&nbsp;<strong>Valeurs<\/strong><\/p>\n\n\n\n<div class=\"wp-block-group\"><div class=\"wp-block-group__inner-container\">\n<div class=\"wp-block-group has-background\" style=\"background-color:#dff2f9\"><div class=\"wp-block-group__inner-container\">\n<p>&nbsp;<em>\u00ab Chez VSB \u00e9nergies nouvelles, nous avons -chevill\u00e9e au corps -l\u2019envie de participer \u00e0 un avenir \u00e9nerg\u00e9tique durable et responsable. Le vent et le soleil sont des sources in\u00e9puisables d\u2019\u00e9nergie. Nous permettons chaque jour que ces sources d\u2019\u00e9nergie produisent une \u00e9lectricit\u00e9 verte au plus proche des consommateurs et dans le respect des territoires ! \u00bb<\/em><\/p>\n\n\n\n<p class=\"has-text-align-right\"><strong>Fran\u00e7ois TRABUCCO, Directeur G\u00e9n\u00e9ral de VSB \u00e9nergies nouvelles<\/strong><\/p>\n<\/div><\/div>\n\n\n\n<p class=\"has-sm-light-primary-color has-text-color has-background has-medium-font-size\" style=\"background-color:#0288c1\">&nbsp;<strong>Objectifs<\/strong><\/p>\n\n\n\n<p>VSB \u00e9nergies nouvelles entend cr\u00e9er un \u00e9cosyst\u00e8me p\u00e9renne pour l\u2019ensemble des acteurs de la transition \u00e9nerg\u00e9tique. Son objectif est de faire des territoires les acteurs de leur mod\u00e8le \u00e9nerg\u00e9tique en s\u2019appuyant sur son expertise technique et innovante.&nbsp;<\/p>\n\n\n\n<p>VSB \u00e9nergies nouvelles anticipe les \u00e9volutions technologiques, num\u00e9riques et soci\u00e9tales.<\/p>\n<\/div><\/div>\n\n\n\n<p class=\"has-text-align-center\">&#8211;<em>Les activit\u00e9s<\/em>\u2013<\/p>\n\n\n\n<h2>Un d\u00e9veloppeur expert des \u00e9nergies renouvelables<\/h2>\n\n\n\n<p><strong>D\u00e9veloppeur et producteur d\u2019\u00e9lectricit\u00e9 \u00e0 partir des \u00e9nergies renouvelables, VSB \u00e9nergies nouvelles maitrise toute la cha\u00eene de valeur de la production d\u2019\u00e9nergie verte, de l\u2019implantation d\u2019un parc jusqu\u2019\u00e0 la revente de l\u2019\u00e9lectricit\u00e9.&nbsp;<\/strong><\/p>\n\n\n\n<p>Pour son compte, VSB \u00e9nergies nouvelles d\u00e9veloppe, finance, construit, exploite, g\u00e8re la maintenance (photovolta\u00efque et hydro\u00e9lectrique) et valorise ses propres parcs.&nbsp;<\/p>\n\n\n\n<p>Particuli\u00e8rement engag\u00e9es, les \u00e9quipes de VSB \u00e9nergies nouvelles veillent particuli\u00e8rement \u00e0 accompagner les collectivit\u00e9s locales et leurs habitants vers la production d\u2019\u00e9nergies vertes sur leur territoire.<\/p>\n\n\n\n<div class=\"wp-block-group has-background\" style=\"background-color:#e6f5fb\"><div class=\"wp-block-group__inner-container\">\n<p><strong>L\u2019\u00e9nergie du vent&nbsp;<\/strong><\/p>\n\n\n\n<p>Avec plus de 900 MW d\u2019autorisations obtenues depuis 2001, VSB \u00e9nergies nouvelles s\u2019impose aujourd\u2019hui comme acteur de r\u00e9f\u00e9rence pour d\u00e9velopper des projets \u00e9oliens. Son expertise repose particuli\u00e8rement sur des valeurs et des exp\u00e9riences partag\u00e9es au quotidien avec les \u00e9lus et les administrations.<\/p>\n\n\n\n<p>VSB \u00e9nergies nouvelles porte ainsi une attention particuli\u00e8re \u00e0 la communication avec l&rsquo;ensemble des parties prenantes, et notamment les riverains. Expliquer au plus grand nombre pour susciter l&rsquo;adh\u00e9sion, telle est la cl\u00e9 pour r\u00e9ussir la transition \u00e9nerg\u00e9tique au coeur des territoires.<\/p>\n\n\n\n<p><strong>VSB \u00e9nergies nouvelles privil\u00e9gie les actions de co-d\u00e9veloppements, de partenariats et de financements participatifs avec les collectivit\u00e9s et les habitants, afin de permettre \u00e0 tous les acteurs de s&rsquo;approprier ces projets au combien structurants pour les territoires.<\/strong><\/p>\n<\/div><\/div>\n\n\n\n<div class=\"wp-block-group has-background\" style=\"background-color:#edf2c0\"><div class=\"wp-block-group__inner-container\">\n<p><strong>L\u2019\u00e9nergie du rayonnement solaire<\/strong><\/p>\n\n\n\n<p>VSB \u00e9nergies nouvelles poss\u00e8de son propre bureau d\u2019\u00e9tude ce qui permet de revendiquer une grande r\u00e9activit\u00e9 et une cr\u00e9ativit\u00e9 \u00e0 la hauteur des besoins dans le contexte r\u00e9glementaire et tarifaire actuel.<\/p>\n\n\n\n<p><strong>VSB \u00e9nergies nouvelles d\u00e9veloppe un large portefeuille de centrales en toiture, des ombri\u00e8res de parking, mais aussi des centrales au sol sur sites d\u00e9grad\u00e9s ou sur zones naturelles, ainsi que des centrales flottantes (plans d\u2019eau).<\/strong><\/p>\n\n\n\n<p>VSB propose \u00e9galement \u00e0 ses clients une large gamme de prestations de services (bureau d\u2019\u00e9tudes, assistance \u00e0 ma\u00eetrise d\u2019ouvrage, contrats de ma\u00eetrise d\u2019oeuvre, contractance g\u00e9n\u00e9rale<\/p>\n<\/div><\/div>\n\n\n\n<p class=\"has-text-align-center\"><em>-Les services &#8211;<\/em><\/p>\n\n\n\n<h2 class=\"has-text-align-center\">La culture de l\u2019excellence<\/h2>\n\n\n\n<p>VSB \u00e9nergies nouvelles met \u00e9galement son expertise au services de tiers pour garantir un investissement rentable et efficace.&nbsp;<\/p>\n\n\n\n<p><strong>Financement \/ Construction \/ Gestion d\u2019actifs \/ Autoconsommation \/ Repowering<\/strong><\/p>\n\n\n\n<h2 class=\"has-text-align-center\"><em style=\"font-weight: bold\">\u00ab Agir pour un <\/em><strong>a<em>venir \u00e9nerg\u00e9tique dur<\/em>a<em>ble,&nbsp;respons<\/em>a<em>ble et <\/em>a<em>ccessible \u00e0 tous \u00bb<\/em><\/strong><\/h2>\n\n\n\n<p><strong>VSB \u00e9nergies nouvelles place le respect de l\u2019environnement humain au coeur de son \u00e9thique.&nbsp;Son organisation, son savoir-faire et toutes ses actions refl\u00e8tent cet engagement.<\/strong><\/p>\n\n\n\n<p class=\"has-text-align-center has-text-color has-background\" style=\"background-color:#d8eef8;color:#61c5ef\"><strong>Un acteur engag\u00e9 dans sa fili\u00e8re<\/strong><\/p>\n\n\n\n<p>VSB \u00e9nergies nouvelles est une entreprise engag\u00e9e aupr\u00e8s de la fili\u00e8re \u00e9conomique des \u00e9nergies renouvelables. En tant que producteur d\u2019\u00e9nergie verte et acteur ind\u00e9pendant du secteur, VSB accompagne la transition \u00e9nerg\u00e9tique en France et agit positivement au d\u00e9veloppement de l\u2019\u00e9olien, du photovolta\u00efque et de l&rsquo;hydro\u00e9lectrique sur son territoire, en partenariat avec les syndicats interprofessionnels et clusters de la fili\u00e8re.<\/p>\n\n\n\n<p class=\"has-text-align-center has-text-color has-background\" style=\"background-color:#edf2c0;color:#61c5ef\"><strong>Des chantiers plus respectueux de l\u2019environnement !<\/strong><\/p>\n\n\n\n<p>Depuis 2018, VSB \u00e9nergies nouvelles est signataire de la <strong>Charte \u00ab Chantier Vert \u00bb <\/strong>engageant l&rsquo;entreprise, les ma\u00eetres d&rsquo;ouvrage et ma\u00eetres d&rsquo;oeuvre \u00e0 un strict respect de l\u2019environnement dans le cadre du d\u00e9ploiement de ses travaux. En d\u00e9cembre 2019, VSB \u00e9nergies nouvelles a affich\u00e9 cette volont\u00e9 au niveau r\u00e9gional en Occitanie en signant <strong>la \u00ab Charte de bonnes pratiques pour la pr\u00e9servation de la Biodiversit\u00e9 \u00bb <\/strong>du cluster CEMATER. En 2020, la charte <strong>\u00ab Chantier Z\u00e9ro Accident \u00bb <\/strong>vient compl\u00e9ter ces d\u00e9marches en respectant divers engagements pour des chantiers sans accidents du travail et maladies professionnelles.<\/p>\n\n\n\n<p class=\"has-text-align-center has-text-color has-background\" style=\"background-color:#e2f2f9;color:#61c5ef\"><strong>Une entreprise engag\u00e9e pour l\u2019humanitaire !<\/strong><\/p>\n\n\n\n<p>VSB \u00e9nergies nouvelles est fi\u00e8rement engag\u00e9e aupr\u00e8s de <strong>Synergie Solaire <\/strong>pour accompagner financi\u00e8rement et techniquement des ONG s\u00e9lectionn\u00e9es, porteuses de projets humanitaires d\u2019acc\u00e8s \u00e0 l\u2019\u00e9nergie partout dans le monde. Synergie Solaire centralise des fonds mais aussi les comp\u00e9tences des entreprises du secteur des \u00e9nergies renouvelables, pour contribuer \u00e0 un monde meilleur pour les Hommes et la plan\u00e8te.<\/p>\n\n\n\n<ul><li>En 2021, l\u2019ensemble des collaborateurs VSB ont choisi de soutenir le <strong>projet \u00ab\u00a0Du d\u00e9chet \u00e0 la lumi\u00e8re\u00a0\u00bb<\/strong>permettant d&rsquo;\u00e9quiper 650 enfants de lampes solaires individuelles et d&rsquo;accompagner un programme de tri et de recyclage au <strong>Togo<\/strong>.<\/li><li>En 2020, les collaborateurs VSB avaient choisi d\u2019attribuer la totalit\u00e9 du m\u00e9c\u00e9nat au projet d\u2019<strong>\u00e9lectrification solaire des services collectifs du village de Kambacoen Guin\u00e9e-Conakry<\/strong>. L\u2019association Electriciens sans fronti\u00e8re qui portait le projet pr\u00e9voyait d\u2019\u00e9lectrifier l\u2019\u00e9cole, le centre de sant\u00e9, d\u2019installer l\u2019\u00e9clairage public et de cr\u00e9er un acc\u00e8s \u00e0 l\u2019eau par pompage solaire.<\/li><\/ul>\n\n\n\n<p>VSB \u00e9nergies nouvelles est \u00e9galement le principal m\u00e9c\u00e8ne de l\u2019association <strong>Green Sailing<\/strong>, oeuvrant pour la sensibilisation au \u00ablowd\u00e9chet\u00bb entre la France et l\u2019arc antillais \u00e0 travers des actions \u00e9co-responsables et la navigation d\u2019un voilier 100% autonome en \u00e9nergie.&nbsp;<\/p>\n\n\n\n<h2 class=\"has-text-align-center\"><strong>Quelques r\u00e9alisations&nbsp;<\/strong><\/h2>\n\n\n\n<p class=\"has-text-align-center\"><em>-D\u00e9veloppement, construction, exploitation &#8211;<\/em><\/p>\n\n\n\n<p class=\"has-sm-light-primary-color has-text-color has-background\" style=\"background-color:#d9ebf3\"><strong>Parc \u00e9olien de Bul\u00e9on<\/strong><\/p>\n\n\n\n<div class=\"wp-block-image\"><figure class=\"alignleft size-large is-resized\"><img loading=\"lazy\" src=\"https:\/\/i2.wp.com\/batimedianews.com\/live\/wp-content\/uploads\/2021\/12\/image-40.png?resize=409%2C209\" alt=\"\" class=\"wp-image-14225\" width=\"409\" height=\"209\" srcset=\"https:\/\/i2.wp.com\/batimedianews.com\/live\/wp-content\/uploads\/2021\/12\/image-40.png?w=536&amp;ssl=1 536w, https:\/\/i2.wp.com\/batimedianews.com\/live\/wp-content\/uploads\/2021\/12\/image-40.png?resize=10%2C5&amp;ssl=1 10w, https:\/\/i2.wp.com\/batimedianews.com\/live\/wp-content\/uploads\/2021\/12\/image-40.png?resize=432%2C221&amp;ssl=1 432w, https:\/\/i2.wp.com\/batimedianews.com\/live\/wp-content\/uploads\/2021\/12\/image-40.png?resize=396%2C202&amp;ssl=1 396w, https:\/\/i2.wp.com\/batimedianews.com\/live\/wp-content\/uploads\/2021\/12\/image-40.png?resize=430%2C220&amp;ssl=1 430w\" sizes=\"(max-width: 600px) 91vw, (max-width: 900px) 600px, (max-width: 1060px) 50vw, (max-width: 1200px) 520px, (max-width: 1400px) 43vw, 600px\" data-recalc-dims=\"1\" \/><\/figure><\/div>\n\n\n\n<div class=\"wp-block-group has-background\" style=\"background-color:#d7e9f1\"><div class=\"wp-block-group__inner-container\">\n<p><strong>Parc \u00e9olien<\/strong><\/p>\n\n\n\n<p>Bul\u00e9on (56)<\/p>\n\n\n\n<p><strong>13,2 MW<\/strong><\/p>\n\n\n\n<p><strong>6 VestasV110<\/strong><\/p>\n\n\n\n<p>Mise en service : Juin 2021<\/p>\n<\/div><\/div>\n\n\n\n<p class=\"has-sm-light-primary-color has-text-color has-background\" style=\"background-color:#d9ebf3\"><strong>Soleil de Chaillac<\/strong><\/p>\n\n\n\n<div class=\"wp-block-image\"><figure class=\"alignleft size-large is-resized\"><img loading=\"lazy\" src=\"https:\/\/i1.wp.com\/batimedianews.com\/live\/wp-content\/uploads\/2021\/12\/image-41.png?resize=412%2C211\" alt=\"\" class=\"wp-image-14226\" width=\"412\" height=\"211\" srcset=\"https:\/\/i1.wp.com\/batimedianews.com\/live\/wp-content\/uploads\/2021\/12\/image-41.png?w=536&amp;ssl=1 536w, https:\/\/i1.wp.com\/batimedianews.com\/live\/wp-content\/uploads\/2021\/12\/image-41.png?resize=10%2C5&amp;ssl=1 10w, https:\/\/i1.wp.com\/batimedianews.com\/live\/wp-content\/uploads\/2021\/12\/image-41.png?resize=432%2C221&amp;ssl=1 432w, https:\/\/i1.wp.com\/batimedianews.com\/live\/wp-content\/uploads\/2021\/12\/image-41.png?resize=396%2C202&amp;ssl=1 396w, https:\/\/i1.wp.com\/batimedianews.com\/live\/wp-content\/uploads\/2021\/12\/image-41.png?resize=430%2C220&amp;ssl=1 430w\" sizes=\"(max-width: 600px) 91vw, (max-width: 900px) 600px, (max-width: 1060px) 50vw, (max-width: 1200px) 520px, (max-width: 1400px) 43vw, 600px\" data-recalc-dims=\"1\" \/><\/figure><\/div>\n\n\n\n<div class=\"wp-block-group has-background\" style=\"background-color:#dceef6\"><div class=\"wp-block-group__inner-container\">\n<p><strong>Photovolta\u00efque<\/strong><\/p>\n\n\n\n<p>Chaillac (36)<\/p>\n\n\n\n<p><strong>Centrale au sol en zone anciennement d\u00e9grad\u00e9e<\/strong><\/p>\n\n\n\n<p><strong>13,41 MWc<\/strong><\/p>\n\n\n\n<p><strong>43 962 modules<\/strong><\/p>\n\n\n\n<p>Mise en service : Mars 2019<\/p>\n<\/div><\/div>\n\n\n\n<p class=\"has-small-font-size\"><strong>A propos de VSB \u00e9nergies nouvelles<\/strong><\/p>\n\n\n\n<p class=\"has-small-font-size\">Install\u00e9e \u00e0 N\u00eemes et filiale du Groupe VSB, VSB \u00e9nergies nouvelles s\u2019affiche depuis 20 ans comme un des acteurs majeurs du secteur de l\u2019\u00e9nergie renouvelable en France. Reconnu pour son savoir-faire et la qualit\u00e9 de ses projets, VSB \u00e9nergies nouvelles couvre l\u2019int\u00e9gralit\u00e9 de la cha\u00eene de valeur : du d\u00e9veloppement \u00e0 la valorisation et la production d\u2019\u00e9nergies renouvelables en passant par le financement, la construction, l\u2019exploitation, la maintenance, et la gestion administrative.<\/p>\n\n\n\n<p class=\"has-small-font-size\">Forte de plus de 120 collaborateurs r\u00e9partis sur 6 agences couvrant tout le territoire, VSB \u00e9nergies nouvelles a r\u00e9alis\u00e9 un chiffre d\u2019affaires de 23 millions d\u2019euros en 2020 et g\u00e8re pour plus de 900 MW d\u2019actifs \u00e9oliens et solaires produisant l\u2019\u00e9quivalent de la consommation de plus de 900 000 habitants.<\/p>\n\n\n\n<p class=\"has-small-font-size\">VSB \u00e9nergies nouvelles rayonne aussi bien en France qu\u2019\u00e0 l\u2019\u00e9tranger avec des implantations en Espagne et en Tunisie.<\/p>\n","protected":false},"excerpt":{"rendered":"<p>Les 8 &amp; 9 d\u00e9cembre 2021 Parc des Expositions de Montpellier Stand 23, Hall B2 N\u00eemes le 1er d\u00e9cembre 2021 Le d\u00e9veloppeur d\u2019\u00e9nergies renouvelables VSB \u00e9nergies nouvelles annonce sa pr\u00e9sence au Forum EnerGa\u00efa qui a lieu les 8 et 9 d\u00e9cembre 2021 au Parc des Expositions de Montpellier. Rendez-vous incontournable sur le march\u00e9 des \u00e9nergies [&hellip;]<\/p>\n","protected":false},"author":41,"featured_media":14228,"comment_status":"open","ping_status":"open","sticky":false,"template":"","format":"standard","meta":{"spay_email":""},"categories":[4,56,116],"tags":[],"jetpack_featured_media_url":"https:\/\/i1.wp.com\/batimedianews.com\/live\/wp-content\/uploads\/2021\/12\/VSB-Article.jpg?fit=1224%2C512&ssl=1","jetpack_sharing_enabled":true,"jetpack_likes_enabled":true,"jetpack-related-posts":[{"id":48795,"url":"https:\/\/batimedianews.com\/live\/index.php\/2026\/01\/13\/energaia-2025-lintelligence-collective-et-linnovation-moteurs-de-la-transition-energetique\/","url_meta":{"origin":14222,"position":0},"title":"EnerGa\u00efa 2025 : l\u2019intelligence collective et l\u2019innovation, moteurs de la transition \u00e9nerg\u00e9tique","date":"13 janvier 2026","format":false,"excerpt":"Rendez-vous les 9 et 10 d\u00e9cembre 2026 pour la 20e \u00e9dition ! La 19\u00e8me \u00e9dition du Forum EnerGa\u00efa qui s\u2019est d\u00e9roul\u00e9e du 10 et 11 d\u00e9cembre 2025 au Parc des Expositions de Montpellier, a une nouvelle fois confirm\u00e9 sa place de rendez-vous professionnel majeur des \u00e9nergies renouvelables. V\u00e9ritable barom\u00e8tre national\u2026","rel":"","context":"Dans &quot;Actualit\u00e9s salons&quot;","img":{"alt_text":"","src":"https:\/\/i1.wp.com\/batimedianews.com\/live\/wp-content\/uploads\/2026\/01\/enerGaia.jpg?fit=825%2C825&ssl=1&resize=350%2C200","width":350,"height":200},"classes":[]},{"id":31121,"url":"https:\/\/batimedianews.com\/live\/index.php\/2023\/09\/11\/lhyfe-et-vsb-energies-nouvelles-signent-un-premier-contrat-long-terme-de-fourniture-delectricite-renouvelable\/","url_meta":{"origin":14222,"position":1},"title":"Lhyfe et VSB \u00e9nergies nouvelles signent un premier contrat long terme de fourniture d\u2019\u00e9lectricit\u00e9 renouvelable","date":"11 septembre 2023","format":false,"excerpt":"\u00a0N\u00eemes et Nantes et (France), le 7 septembre, 7h30 \u2013 Lhyfe (Euronext : LHYFE), l'un des pionniers mondiaux de la production d'hydrog\u00e8ne vert et renouvelable, et VSB \u00e9nergies nouvelles, producteur ind\u00e9pendant d\u2019\u00e9lectricit\u00e9 \u00e0 partir d\u2019\u00e9nergies renouvelables, annoncent la signature d\u2019un contrat long terme de fourniture d\u2019\u00e9lectricit\u00e9 renouvelable (corporate PPA).\u00a0 VSB\u2026","rel":"","context":"Dans &quot;Actualit\u00e9 Entreprises&quot;","img":{"alt_text":"","src":"https:\/\/i2.wp.com\/batimedianews.com\/live\/wp-content\/uploads\/2023\/09\/VSB-articles.jpg?fit=825%2C825&ssl=1&resize=350%2C200","width":350,"height":200},"classes":[]},{"id":29183,"url":"https:\/\/batimedianews.com\/live\/index.php\/2023\/06\/11\/felix-grolman-devient-le-nouveau-ceo-du-groupe-vsb\/","url_meta":{"origin":14222,"position":2},"title":"F\u00e9lix Grolman devient le nouveau CEO du groupe VSB","date":"11 juin 2023","format":false,"excerpt":"Dresde, 7 juin 2023 - VSB, le d\u00e9veloppeur europ\u00e9en de projets d'\u00e9nergie \u00e9olienne et photovolta\u00efque, annonce un changement dans la direction du groupe : \u00e0 partir du 1er juillet 2023, Felix Grolman, un cadre exp\u00e9riment\u00e9 et au profil international cumulant de nombreuses ann\u00e9es d'exp\u00e9rience dans le secteur des \u00e9nergies renouvelables,\u2026","rel":"","context":"Dans &quot;Actualit\u00e9 Entreprises&quot;","img":{"alt_text":"","src":"https:\/\/i0.wp.com\/batimedianews.com\/live\/wp-content\/uploads\/2023\/06\/vsb-e1686479783200.png?fit=1000%2C667&ssl=1&resize=350%2C200","width":350,"height":200},"classes":[]},{"id":24394,"url":"https:\/\/batimedianews.com\/live\/index.php\/2022\/10\/26\/construction-dun-parc-photovoltaique-sur-une-ancienne-carriere\/","url_meta":{"origin":14222,"position":3},"title":"Construction d\u2019un parc photovolta\u00efque sur une ancienne carri\u00e8re","date":"26 octobre 2022","format":false,"excerpt":"\u00a0VSB \u00e9nergies nouvelles lance la construction de la centrale \u00ab Soleil de Balsac \u00bb\u00a0 N\u00eemes le 17 octobre 2022\u00a0 A l\u2019occasion de sa participation au salon SIM, \u00e0 Marseille du 19 au 21 octobre, VSB \u00e9nergies nouvelles, producteur ind\u00e9pendant d\u2019\u00e9lectricit\u00e9 \u00e0 partir d\u2019\u00e9nergies renouvelables, a annonc\u00e9 le lancement de la\u2026","rel":"","context":"Dans &quot;Actualit\u00e9 Entreprises&quot;","img":{"alt_text":"","src":"https:\/\/i0.wp.com\/batimedianews.com\/live\/wp-content\/uploads\/2022\/10\/VSB-Article.jpg?fit=1080%2C1080&ssl=1&resize=350%2C200","width":350,"height":200},"classes":[]},{"id":41569,"url":"https:\/\/batimedianews.com\/live\/index.php\/2024\/11\/19\/iko-devoile-sa-derniere-innovation-photovoltaique-au-salon-energaia\/","url_meta":{"origin":14222,"position":4},"title":"IKO d\u00e9voile sa derni\u00e8re innovation photovolta\u00efque au salon EnerGa\u00efa","date":"19 novembre 2024","format":false,"excerpt":"IKO, acteur majeur dans la fabrication de solutions photovolta\u00efques innovantes pour les toitures-terrasses, est fier d'annoncer sa participation au Forum des \u00e9nergies renouvelables EnerGa\u00efa qui se tiendra les 11 et 12 d\u00e9cembre 2024 au Parc des expositions de Montpellier. L'\u00e9v\u00e8nement incontournable de la fili\u00e8re d\u00e9di\u00e9 aux \u00e9nergies renouvelables Port\u00e9 par\u2026","rel":"","context":"Dans &quot;Actualit\u00e9 Entreprises&quot;","img":{"alt_text":"","src":"https:\/\/i0.wp.com\/batimedianews.com\/live\/wp-content\/uploads\/2024\/11\/IKO-Enertherm.jpg?fit=825%2C825&ssl=1&resize=350%2C200","width":350,"height":200},"classes":[]},{"id":33860,"url":"https:\/\/batimedianews.com\/live\/index.php\/2023\/12\/13\/dualsun-et-stile-deux-fabricants-francais-au-forum-energaia-a-montpellier\/","url_meta":{"origin":14222,"position":5},"title":"DualSun et S\u2019TILE, deux fabricants fran\u00e7ais au Forum Energa\u00efa \u00e0 Montpellier","date":"13 d\u00e9cembre 2023","format":false,"excerpt":"Pascal poggi pour Batim\u00e9dia Le Forum Energa\u00efa \u00e0 Montpellier a ouvert ce matin, 13 d\u00e9cembre 2023. Seul salon fran\u00e7ais qui traite de toutes les \u00e9nergies renouvelables, EnerGa\u00efa se tient les 13 et 14 d\u00e9cembre au Parc des Expositions de Montpellier. Doc. PP Port\u00e9 par la R\u00e9gion Occitanie \/ Pyr\u00e9n\u00e9es-M\u00e9diterran\u00e9e, le\u2026","rel":"","context":"Dans &quot;Articles et analyses&quot;","img":{"alt_text":"","src":"https:\/\/i0.wp.com\/batimedianews.com\/live\/wp-content\/uploads\/2023\/12\/01-energaia-image-scaled.jpeg?fit=1200%2C1200&ssl=1&resize=350%2C200","width":350,"height":200},"classes":[]}],"_links":{"self":[{"href":"https:\/\/batimedianews.com\/live\/index.php\/wp-json\/wp\/v2\/posts\/14222"}],"collection":[{"href":"https:\/\/batimedianews.com\/live\/index.php\/wp-json\/wp\/v2\/posts"}],"about":[{"href":"https:\/\/batimedianews.com\/live\/index.php\/wp-json\/wp\/v2\/types\/post"}],"author":[{"embeddable":true,"href":"https:\/\/batimedianews.com\/live\/index.php\/wp-json\/wp\/v2\/users\/41"}],"replies":[{"embeddable":true,"href":"https:\/\/batimedianews.com\/live\/index.php\/wp-json\/wp\/v2\/comments?post=14222"}],"version-history":[{"count":2,"href":"https:\/\/batimedianews.com\/live\/index.php\/wp-json\/wp\/v2\/posts\/14222\/revisions"}],"predecessor-version":[{"id":14285,"href":"https:\/\/batimedianews.com\/live\/index.php\/wp-json\/wp\/v2\/posts\/14222\/revisions\/14285"}],"wp:featuredmedia":[{"embeddable":true,"href":"https:\/\/batimedianews.com\/live\/index.php\/wp-json\/wp\/v2\/media\/14228"}],"wp:attachment":[{"href":"https:\/\/batimedianews.com\/live\/index.php\/wp-json\/wp\/v2\/media?parent=14222"}],"wp:term":[{"taxonomy":"category","embeddable":true,"href":"https:\/\/batimedianews.com\/live\/index.php\/wp-json\/wp\/v2\/categories?post=14222"},{"taxonomy":"post_tag","embeddable":true,"href":"https:\/\/batimedianews.com\/live\/index.php\/wp-json\/wp\/v2\/tags?post=14222"}],"curies":[{"name":"wp","href":"https:\/\/api.w.org\/{rel}","templated":true}]}}