{"id":14257,"date":"2021-12-07T09:15:52","date_gmt":"2021-12-07T08:15:52","guid":{"rendered":"http:\/\/batimedianews.com\/live\/?p=14257"},"modified":"2022-04-11T10:22:57","modified_gmt":"2022-04-11T08:22:57","slug":"maisons-individuelles-les-solutions-gaz-font-le-pari-de-lhybridation","status":"publish","type":"post","link":"https:\/\/batimedianews.com\/live\/index.php\/2021\/12\/07\/maisons-individuelles-les-solutions-gaz-font-le-pari-de-lhybridation\/","title":{"rendered":"maisons individuelles: les solutions gaz font le pari de l&rsquo;hybridation"},"content":{"rendered":"\n<p class=\"has-text-color has-medium-font-size\" style=\"color:#009da3\">Combiner les atouts du gaz et de l&rsquo;\u00e9lectricit\u00e9, une solution pertinente pour d\u00e9carbonater le logement<\/p>\n\n\n\n<p><strong>La nouvelle r\u00e9glementation environnementale des b\u00e2timents neufs, la RE2020, entrera en vigueur au 1er janvier 2022. Modernes et performantes, les solutions hybrides fonctionnant avec du gaz r\u00e9pondent aux exigences de cette r\u00e8glementation qui a \u00e9t\u00e9 renforc\u00e9e. Elles contribuent \u00e9galement \u00e0 diminuer l&rsquo;impact carbone des b\u00e2timents, et ce d&rsquo;autant plus avec l&rsquo;essor du gaz vert, une \u00e9nergie respectueuse de l&rsquo;environnement. La production de gaz vert repr\u00e9sente aujourd&rsquo;hui l&rsquo;\u00e9quivalent de la consommation de gaz d&rsquo;1,4 million de logements neufs chauff\u00e9s au biom\u00e9thane.<\/strong><\/p>\n\n\n\n<p class=\"has-sm-dark-tertiary-color has-text-color\">&nbsp;<strong>RE2020 : les solutions hybrides \u00e9lectricit\u00e9 et gaz, plus que jamais d\u2019actualit\u00e9&nbsp;<\/strong><\/p>\n\n\n\n<p>Si le gaz, \u00e0 l\u2019instar des autres \u00e9nergies, va \u00eatre soumis \u00e0 de nouvelles contraintes destin\u00e9es \u00e0 limiter les \u00e9missions de gaz \u00e0 effet de serre li\u00e9es \u00e0 l\u2019\u00e9nergie consomm\u00e9e dans le b\u00e2timent, il demeure autoris\u00e9 dans les logements neufs \u00e0 partir du 1er janvier 2022. Les \u00e9quipements hybrides au gaz r\u00e9pondent aux objectifs suivants :&nbsp;<\/p>\n\n\n\n<ul><li>avoriser la sobri\u00e9t\u00e9 \u00e9nerg\u00e9tique et la d\u00e9carbonation de l\u2019\u00e9nergie,<\/li><li>garantir le confort et donc la fra\u00eecheur des b\u00e2timents en cas de forte chaleur.<\/li><\/ul>\n\n\n\n<p class=\"has-sm-dark-tertiary-color has-text-color\">&nbsp;<strong>Des solutions hybrides gaz intelligentes et performantes&nbsp;<\/strong><\/p>\n\n\n\n<p>Des solutions comp\u00e9titives alliant confort, rafra\u00eechissement d\u2019\u00e9t\u00e9 et optimisation des consommations peuvent \u00eatre d\u2019ores et d\u00e9j\u00e0 install\u00e9es.&nbsp;<\/p>\n\n\n\n<p><strong>Dans le cas d\u2019une maison construite dans un lotissement raccord\u00e9 au r\u00e9seau de gaz avant le 1<\/strong><strong>er <\/strong><strong>janvier 2022, trois \u00e9quipements pourront \u00eatre propos\u00e9s par le constructeur <\/strong>jusqu\u2019au 1er janvier 2024<strong>:&nbsp;<\/strong><\/p>\n\n\n\n<ul><li>Une chaudi\u00e8re gaz tr\u00e8s haute performance \u00e9nerg\u00e9tique (THPE) coupl\u00e9e \u00e0 un chauffe-eau thermo-dynamique permettent de procurer un confort instantan\u00e9 et en continu pour le chauffage et l\u2019eau chaude sanitaire;<\/li><li>Un ensemble chaudi\u00e8re THPE et Pompe \u00e0 Chaleur air\/air qui combine le chauffage et le rafra\u00eechissement du logement ;<\/li><li>Une pompe \u00e0 chaleur hybride gaz qui optimise intelligemment les consommations d\u2019\u00e9nergie.<strong>Dans les autres cas, la PAC hybride avec ballon de stockage est une solution innovante et adapt\u00e9e en maison individuelle. <\/strong>Les bureaux d\u2019\u00e9tudes thermiques peuvent d\u00e8s \u00e0 pr\u00e9sent int\u00e9grer une PAC hybride gaz dans leurs simulations en s\u2019appuyant sur la fiche d\u2019application valid\u00e9e par les pouvoirs publics.&nbsp;<\/li><\/ul>\n\n\n\n<p class=\"has-sm-dark-tertiary-color has-text-color\"><strong>La PAC hybride, une solution performante dot\u00e9e d\u2019un syst\u00e8me de r\u00e9gulation intelligent <\/strong><\/p>\n\n\n\n<p>La PAC hybride allie la maturit\u00e9 et les atouts de deux technologies : une pompe \u00e0 chaleur \u00e9lectrique et une chaudi\u00e8re THPE. Son syst\u00e8me de r\u00e9gulation intelligent permet d\u2019utiliser de mani\u00e8re performante le module pompe \u00e0 chaleur et\/ou le module chaudi\u00e8re gaz en fonction des temp\u00e9ratures ext\u00e9rieures, du confort attendu ou encore du prix des \u00e9nergies. Cela \u00e9vite des appels de puissance suppl\u00e9mentaires sur le r\u00e9seau \u00e9lectrique et des moyens de production de pointe. R\u00e9sultat : une r\u00e9duction des \u00e9missions de CO2 toute l\u2019ann\u00e9e et des \u00e9conomies cons\u00e9quentes pour les m\u00e9nages.&nbsp;<\/p>\n\n\n\n<p class=\"has-sm-dark-tertiary-color has-text-color\"><strong>Le gaz vert, une solution pour verdir le b\u00e2timent<\/strong><\/p>\n\n\n\n<p>Energie renouvelable produite localement \u00e0 partir de mati\u00e8res organiques et de d\u00e9chets des territoires, le gaz vert permet d\u2019augmenter la part d\u2019\u00e9nergie renouvelable dans les consommations d\u2019\u00e9nergie et de r\u00e9duire les \u00e9missions de gaz \u00e0 effet de serre. Tous les consommateurs de gaz peuvent d\u00e8s \u00e0 pr\u00e9sent b\u00e9n\u00e9ficier de cette \u00e9nergie vertueuse, en souscrivant des contrats de gaz vert aupr\u00e8s des fournisseurs d\u2019\u00e9nergie.<\/p>\n\n\n\n<div class=\"wp-block-group\"><div class=\"wp-block-group__inner-container\">\n<p class=\"has-sm-dark-tertiary-color has-text-color has-small-font-size\"><strong>A propos de GRDF<\/strong><\/p>\n\n\n\n<p class=\"has-sm-dark-tertiary-color has-text-color has-small-font-size\">Principal gestionnaire de r\u00e9seau de distribution de gaz en France, GRDF distribue, chaque jour, le gaz \u00e0 plus de 11 millions de clients pour se chauffer, cuisiner, se d\u00e9placer, quel que soit leur fournisseur. Pour cela, conform\u00e9ment \u00e0 ses missions de service public, GRDF con\u00e7oit, construit, exploite, entretient le plus grand r\u00e9seau de distribution d&rsquo;Europe (202 759 km) dans plus de 9 500 communes, en garantissant la s\u00e9curit\u00e9 des personnes et des biens et la qualit\u00e9 de la distribution.<\/p>\n\n\n\n<p class=\"has-sm-dark-tertiary-color has-text-color has-small-font-size\">Le gaz est une \u00e9nergie moderne, disponible, \u00e9conomique, de plus en plus respectueuse de l&rsquo;environnement. Avec l&rsquo;essor du gaz vert renouvelable produit localement, le r\u00e9seau gaz est un maillon essentiel \u00e0 la transition \u00e9cologique. GRDF s&rsquo;inscrit comme un partenaire incontournable aupr\u00e8s des collectivit\u00e9s territoriales pour les accompagner vers la neutralit\u00e9 carbone au travers de leurs choix de politiques \u00e9nerg\u00e9tiques et de mobilit\u00e9 durable.<\/p>\n<\/div><\/div>\n\n\n\n<p><\/p>\n","protected":false},"excerpt":{"rendered":"<p>Combiner les atouts du gaz et de l&rsquo;\u00e9lectricit\u00e9, une solution pertinente pour d\u00e9carbonater le logement La nouvelle r\u00e9glementation environnementale des b\u00e2timents neufs, la RE2020, entrera en vigueur au 1er janvier 2022. Modernes et performantes, les solutions hybrides fonctionnant avec du gaz r\u00e9pondent aux exigences de cette r\u00e8glementation qui a \u00e9t\u00e9 renforc\u00e9e. Elles contribuent \u00e9galement \u00e0 [&hellip;]<\/p>\n","protected":false},"author":41,"featured_media":14259,"comment_status":"open","ping_status":"open","sticky":false,"template":"","format":"standard","meta":{"spay_email":""},"categories":[4,868,866],"tags":[1489],"jetpack_featured_media_url":"https:\/\/i1.wp.com\/batimedianews.com\/live\/wp-content\/uploads\/2021\/12\/GRDF-Article.jpg?fit=1224%2C512&ssl=1","jetpack_sharing_enabled":true,"jetpack_likes_enabled":true,"jetpack-related-posts":[{"id":25521,"url":"https:\/\/batimedianews.com\/live\/index.php\/2023\/01\/31\/nouveau-partenariat-entre-lumgccp-et-grdf-equipements-gaz-et-gaz-verts-le-duo-gagnant-pour-decarboner-le-secteur-du-logement\/","url_meta":{"origin":14257,"position":0},"title":"Nouveau partenariat entre l\u2019UMGCCP et GRDF : \u00e9quipements gaz et gaz verts, le duo gagnant pour d\u00e9carboner le secteur du logement","date":"31 janvier 2023","format":false,"excerpt":"Pascal Housset, pr\u00e9sident de l\u2019union des m\u00e9tiers du g\u00e9nie climatique, de la couverture et de la plomberie (UMGCCP) et Laurence Poirier-Dietz, directrice g\u00e9n\u00e9rale de GRDF, renouvellent leur engagement visant \u00e0 promouvoir l\u2019usage du gaz et des gaz verts dans les logements, en construction neuve comme en r\u00e9novation. L\u2019UMGCCP, Union M\u00e9tiers\u2026","rel":"","context":"Dans &quot;Actualit\u00e9 Entreprises&quot;","img":{"alt_text":"","src":"https:\/\/i0.wp.com\/batimedianews.com\/live\/wp-content\/uploads\/2023\/01\/GRDF-Article.jpg?fit=1080%2C1080&ssl=1&resize=350%2C200","width":350,"height":200},"classes":[]},{"id":38931,"url":"https:\/\/batimedianews.com\/live\/index.php\/2024\/07\/15\/premiere-en-france-chaufferie-hybride-gaz-en-logements-collectifs\/","url_meta":{"origin":14257,"position":1},"title":"Premi\u00e8re en France : chaufferie hybride gaz en logements collectifs","date":"15 juillet 2024","format":false,"excerpt":"\u00a0Le 18 juin \u00e0 Miramas (Bouches-du-Rh\u00f4ne), Cogedim a inaugur\u00e9 la r\u00e9sidence de 88 logements collectifs \u00e9quip\u00e9e d\u2019une chaufferie hybride. Cette solution innovante, mise en \u0153uvre pour la premi\u00e8re fois dans le logement collectif neuf, associe deux pompes \u00e0 chaleur \u00e9lectriques (PAC) et deux chaudi\u00e8res gaz \u00e0 tr\u00e8s haute performance \u00e9nerg\u00e9tique\u2026","rel":"","context":"Dans &quot;Actualit\u00e9 Entreprises&quot;","img":{"alt_text":"","src":"https:\/\/i2.wp.com\/batimedianews.com\/live\/wp-content\/uploads\/2024\/07\/GRDF-articles-.jpg?fit=825%2C825&ssl=1&resize=350%2C200","width":350,"height":200},"classes":[]},{"id":12627,"url":"https:\/\/batimedianews.com\/live\/index.php\/2021\/10\/08\/coenove-saisit-le-conseil-detat-sur-la-re2020-pour-redonner-au-gaz-vert-sa-place-dans-la-construction-neuve\/","url_meta":{"origin":14257,"position":2},"title":"Co\u00e9nove saisit le Conseil d\u2019Etat sur la RE2020 pour redonner au gaz vert sa place dans la construction neuve","date":"8 octobre 2021","format":false,"excerpt":"\u00a0La nouvelle r\u00e9glementation environnementale (RE2020) vise \u00e0 rendre les b\u00e2timents neufs plus respectueux de l\u2019environnement. Elle poursuit trois objectifs principaux : donner la priorit\u00e9 \u00e0 la sobri\u00e9t\u00e9 \u00e9nerg\u00e9tique et \u00e0 la d\u00e9carbonation de l\u2019\u00e9nergie, diminuer l\u2019impact carbone de la construction des b\u00e2timents et enfin garantir le confort en cas de\u2026","rel":"","context":"Dans &quot;Actualit\u00e9 Entreprises&quot;","img":{"alt_text":"","src":"https:\/\/i1.wp.com\/batimedianews.com\/live\/wp-content\/uploads\/2021\/10\/Coenove-Article.jpg?fit=512%2C512&ssl=1&resize=350%2C200","width":350,"height":200},"classes":[]},{"id":49015,"url":"https:\/\/batimedianews.com\/live\/index.php\/2026\/03\/12\/coedis-et-grdf-sengagent-dans-un-partenariat-pour-accelerer-la-dynamique-de-la-pac-hybride\/","url_meta":{"origin":14257,"position":3},"title":"COEDIS et GRDF s\u2019engagent dans un partenariat pour acc\u00e9l\u00e9rer la dynamique de la PAC hybride","date":"12 mars 2026","format":false,"excerpt":"COEDIS, la F\u00e9d\u00e9ration des distributeurs d\u2019\u00e9quipements et solutions \u00e9lectriques, g\u00e9nie climatique et sanitaires, et GRDF, principal distributeur de gaz en France, annoncent la signature d\u2019une convention nationale de partenariat pour soutenir le d\u00e9veloppement des ventes de PAC hybrides en France aupr\u00e8s des particuliers et promouvoir le gaz vert.\u00a0 \u00a0Un partenariat\u2026","rel":"","context":"Dans &quot;Actualit\u00e9 Entreprises&quot;","img":{"alt_text":"","src":"https:\/\/i2.wp.com\/batimedianews.com\/live\/wp-content\/uploads\/2026\/01\/GRDF-1.jpg?fit=788%2C788&ssl=1&resize=350%2C200","width":350,"height":200},"classes":[]},{"id":7217,"url":"https:\/\/batimedianews.com\/live\/index.php\/2020\/11\/26\/energies-avenir-sinquiete-des-incoherences-de-la-reglementation-environnementale-pour-2020-et-de-ses-consequences-economiques\/","url_meta":{"origin":14257,"position":4},"title":"\u00c9nergies &#038; Avenir s\u2019inqui\u00e8te des incoh\u00e9rences de la R\u00e9glementation Environnementale pour 2020 et de ses cons\u00e9quences \u00e9conomiques","date":"26 novembre 2020","format":false,"excerpt":"Apr\u00e8s de longs mois de consultation, le gouvernement a annonc\u00e9 le 24 novembre les principales orientations de la R\u00e9glementation Environnementale pour 2020 qui r\u00e9git la construction neuve. \u00c9nergies & Avenir, qui repr\u00e9sente la fili\u00e8re des professionnels du chauffage \u00e0 eau chaude, souhaite alerter les pouvoirs publics sur les incoh\u00e9rences de\u2026","rel":"","context":"Dans &quot;Actualit\u00e9 Entreprises&quot;","img":{"alt_text":"","src":"","width":0,"height":0},"classes":[]},{"id":10235,"url":"https:\/\/batimedianews.com\/live\/index.php\/2021\/06\/04\/contribution-de-lassociation-energies-et-avenir-aux-travaux-du-plan-batiment-durable-sur-les-labels-de-la-re2020\/","url_meta":{"origin":14257,"position":5},"title":"Contribution de l\u2019association \u00c9nergies et Avenir aux travaux du Plan B\u00e2timent Durable sur les labels de la RE2020","date":"4 juin 2021","format":false,"excerpt":"\u00c9nergies & Avenir est l\u2019association de la fili\u00e8re des professionnels du chauffage \u00e0 eau chaude. Elle regroupe l'ensemble des professions de la fili\u00e8re du chauffage \u00e0 eau chaude - fournisseurs d'\u00e9nergies, organisations professionnelles du b\u00e2timent, de l'exploitation maintenance et entretien, fabricants et distributeurs d'\u00e9quipement - tous convaincus de la n\u00e9cessit\u00e9\u2026","rel":"","context":"Dans &quot;Actualit\u00e9 Entreprises&quot;","img":{"alt_text":"","src":"https:\/\/i0.wp.com\/batimedianews.com\/live\/wp-content\/uploads\/2021\/06\/\u00e9nergies-avenir-Article-1.jpg?fit=512%2C512&ssl=1&resize=350%2C200","width":350,"height":200},"classes":[]}],"_links":{"self":[{"href":"https:\/\/batimedianews.com\/live\/index.php\/wp-json\/wp\/v2\/posts\/14257"}],"collection":[{"href":"https:\/\/batimedianews.com\/live\/index.php\/wp-json\/wp\/v2\/posts"}],"about":[{"href":"https:\/\/batimedianews.com\/live\/index.php\/wp-json\/wp\/v2\/types\/post"}],"author":[{"embeddable":true,"href":"https:\/\/batimedianews.com\/live\/index.php\/wp-json\/wp\/v2\/users\/41"}],"replies":[{"embeddable":true,"href":"https:\/\/batimedianews.com\/live\/index.php\/wp-json\/wp\/v2\/comments?post=14257"}],"version-history":[{"count":3,"href":"https:\/\/batimedianews.com\/live\/index.php\/wp-json\/wp\/v2\/posts\/14257\/revisions"}],"predecessor-version":[{"id":14312,"href":"https:\/\/batimedianews.com\/live\/index.php\/wp-json\/wp\/v2\/posts\/14257\/revisions\/14312"}],"wp:featuredmedia":[{"embeddable":true,"href":"https:\/\/batimedianews.com\/live\/index.php\/wp-json\/wp\/v2\/media\/14259"}],"wp:attachment":[{"href":"https:\/\/batimedianews.com\/live\/index.php\/wp-json\/wp\/v2\/media?parent=14257"}],"wp:term":[{"taxonomy":"category","embeddable":true,"href":"https:\/\/batimedianews.com\/live\/index.php\/wp-json\/wp\/v2\/categories?post=14257"},{"taxonomy":"post_tag","embeddable":true,"href":"https:\/\/batimedianews.com\/live\/index.php\/wp-json\/wp\/v2\/tags?post=14257"}],"curies":[{"name":"wp","href":"https:\/\/api.w.org\/{rel}","templated":true}]}}