{"id":1479,"date":"2019-07-29T16:59:27","date_gmt":"2019-07-29T14:59:27","guid":{"rendered":"http:\/\/batimedialive.com\/?p=1479"},"modified":"2021-10-20T12:52:25","modified_gmt":"2021-10-20T10:52:25","slug":"marquage-des-plaques-de-platre-placo-recycling-au-service-des-artisans","status":"publish","type":"post","link":"https:\/\/batimedianews.com\/live\/index.php\/2019\/07\/29\/marquage-des-plaques-de-platre-placo-recycling-au-service-des-artisans\/","title":{"rendered":"MARQUAGE DES PLAQUES DE PL\u00c2TRE : PLACO\u00ae RECYCLING AU SERVICE DES ARTISANS"},"content":{"rendered":"<p>Depuis de nombreuses ann\u00e9es, les plaques de pl\u00e2tre\u00a0PLACO\u00ae int\u00e8grent, lors de leur\u00a0 fabrication, de la mati\u00e8re\u00a0recycl\u00e9e, tout en pr\u00e9servant leurs performances.<br \/>\nDans la lign\u00e9e de ses engagements pionniers en\u00a0mati\u00e8re d\u2019\u00e9conomie circulaire, PLACO\u00ae appose, depuis\u00a0f\u00e9vrier 2019, la mention \u00ab Recycl\u00e9e et recyclable avec\u00a0PLACO\u00ae RECYCLING \u00bb sur 80 % de sa production de\u00a0plaques de pl\u00e2tre sur les trois sites de Vaujours (93),\u00a0Chamb\u00e9ry (73) et Cognac (16).<br \/>\nCette mention rappelle \u00e0 l\u2019ensemble de la fili\u00e8re que\u00a0le gypse est un mat\u00e9riau naturel et recyclable \u00e0\u00a0l\u2019infini, et que l\u2019ensemble des plaques de pl\u00e2tre\u00a0PLACO\u00ae sont recyclables.<\/p>\n<p>Pens\u00e9e comme un service d\u2019accompagnement des professionnels, cette mention permet\u00a0 aux\u00a0artisans d\u2019identifier, en un clin d\u2019oeil, les \u00ab bons \u00bb d\u00e9chets de pl\u00e2tre et chutes de\u00a0 d\u00e9coupes dans les\u00a0bennes pr\u00e9sentes sur les chantiers. Une fois remplies, elles sont alors\u00a0 transport\u00e9es via un r\u00e9seau de\u00a0collecteurs jusqu\u2019aux ateliers de recyclage dans les usines PLACO\u00ae.<br \/>\nCette d\u00e9marche s\u2019inscrit dans la continuit\u00e9 de la d\u00e9marche PLACO\u00ae RECYCLING, qui a\u00a0 f\u00eat\u00e9 ses dix ans en\u00a02018. Elle est la premi\u00e8re fili\u00e8re fran\u00e7aise de recyclage des d\u00e9chets de chantiers \u00e0 base de pl\u00e2tre.<br \/>\nEmpreinte d\u2019un esprit d\u2019innovation et de proximit\u00e9, elle b\u00e9n\u00e9ficie d&rsquo;un maillage national important,\u00a0avec le premier r\u00e9seau compos\u00e9 de plus de 170 collecteurs agr\u00e9\u00e9s. La fili\u00e8re offre une tra\u00e7abilit\u00e9\u00a0des d\u00e9chets de pl\u00e2tre, depuis leur prise en charge par les collecteurs du r\u00e9seau, jusqu\u2019\u00e0 leur recyclage\u00a0dans les usines PLACO\u00ae. En 2018, 52 000 tonnes de d\u00e9chets de pl\u00e2tre ont \u00e9t\u00e9 recycl\u00e9es par PLACO\u00ae\u00a0sur les 93 000 tonnes totales recycl\u00e9es\u00a0 par la profession.<\/p>\n","protected":false},"excerpt":{"rendered":"<p>Depuis de nombreuses ann\u00e9es, les plaques de pl\u00e2tre\u00a0PLACO\u00ae int\u00e8grent, lors de leur\u00a0 fabrication, de la mati\u00e8re\u00a0recycl\u00e9e, tout en pr\u00e9servant leurs performances. Dans la lign\u00e9e de ses engagements pionniers en\u00a0mati\u00e8re d\u2019\u00e9conomie circulaire, PLACO\u00ae appose, depuis\u00a0f\u00e9vrier 2019, la mention \u00ab Recycl\u00e9e et recyclable avec\u00a0PLACO\u00ae RECYCLING \u00bb sur 80 % de sa production de\u00a0plaques de pl\u00e2tre sur les [&hellip;]<\/p>\n","protected":false},"author":1,"featured_media":1495,"comment_status":"open","ping_status":"open","sticky":false,"template":"","format":"standard","meta":{"spay_email":""},"categories":[4,97],"tags":[],"jetpack_featured_media_url":"https:\/\/i1.wp.com\/batimedianews.com\/live\/wp-content\/uploads\/2019\/08\/placo.jpg?fit=699%2C525&ssl=1","jetpack_sharing_enabled":true,"jetpack_likes_enabled":true,"jetpack-related-posts":[{"id":23719,"url":"https:\/\/batimedianews.com\/live\/index.php\/2022\/09\/29\/placo-lance-placo-infini-13-la-premiere-plaque-de-platre-fabriquee-a-partir-de-plus-de-50-de-matiere-recyclee\/","url_meta":{"origin":1479,"position":0},"title":"PLACO lance PLACO INFINI 13 : la premi\u00e8re plaque de pl\u00e2tre fabriqu\u00e9e \u00e0 partir de plus de 50 % de mati\u00e8re recycl\u00e9e","date":"29 septembre 2022","format":false,"excerpt":"Placo\u00ae annonce le lancement de Placo\u00ae Infini 13, la premi\u00e8re plaque de pl\u00e2tre au monde fabriqu\u00e9e \u00e0 partir de plus de 50 % de pl\u00e2tre recycl\u00e9. Commercialis\u00e9e d\u00e8s le premier trimestre 2023, cette plaque a \u00e9t\u00e9 mise au point dans l\u2019usine de Chamb\u00e9ry.\u00a0 Placo\u00ae Infini 13 est d\u00e9j\u00e0 disponible en\u2026","rel":"","context":"Dans &quot;Actualit\u00e9 Entreprises&quot;","img":{"alt_text":"","src":"https:\/\/i0.wp.com\/batimedianews.com\/live\/wp-content\/uploads\/2022\/09\/Placo-Article.jpg?fit=1080%2C1080&ssl=1&resize=350%2C200","width":350,"height":200},"classes":[]},{"id":12469,"url":"https:\/\/batimedianews.com\/live\/index.php\/2021\/10\/06\/placo-sengage-dans-la-transformation-environnementale-du-batiment-presentation-dune-feuille-de-route-ambitieuse\/","url_meta":{"origin":1479,"position":1},"title":"PLACO\u00ae S\u2019ENGAGE DANS LA TRANSFORMATION ENVIRONNEMENTALE DU B\u00c2TIMENT : PR\u00c9SENTATION D\u2019UNE FEUILLE DE ROUTE AMBITIEUSE","date":"6 octobre 2021","format":false,"excerpt":"Cr\u00e9dit photo Satarek \u00c0 propos de PLACO\u00ae\u00a0 Placo\u00ae est le leader fran\u00e7ais du confort int\u00e9rieur, engag\u00e9 dans le d\u00e9veloppement de solutions r\u00e9pondant aux enjeux de l\u2019habitat durable. Depuis sa cr\u00e9ation en 1946, l\u2019entreprise s\u2019affirme comme le partenaire de r\u00e9f\u00e9rence des acteurs du b\u00e2timent, gr\u00e2ce \u00e0 la qualit\u00e9 de ses produits\u2026","rel":"","context":"Dans &quot;Actualit\u00e9 Entreprises&quot;","img":{"alt_text":"","src":"https:\/\/i1.wp.com\/batimedianews.com\/live\/wp-content\/uploads\/2021\/10\/Placo-Article.jpg?fit=512%2C512&ssl=1&resize=350%2C200","width":350,"height":200},"classes":[]},{"id":11209,"url":"https:\/\/batimedianews.com\/live\/index.php\/2021\/07\/26\/isover-placo-et-isonat-associent-leurs-expertises-pour-accompagner-le-developpement-de-la-construction-bois\/","url_meta":{"origin":1479,"position":2},"title":"ISOVER, PLACO\u00ae ET ISONAT ASSOCIENT LEURS EXPERTISES POUR ACCOMPAGNER LE D\u00c9VELOPPEMENT DE LA CONSTRUCTION BOIS","date":"26 juillet 2021","format":false,"excerpt":"\u00a0 \u00a0\u00c0 propos d\u2019ISOVER\u00a0 ISOVER, marque du groupe Saint-Gobain, est le leader mondial des solutions d\u2019isolation durable. Depuis plus de 80 ans, ISOVER porte l\u2019innovation sur l\u2019ensemble de ses march\u00e9s, et d\u00e9veloppe des isolants multi-mat\u00e9riaux pour r\u00e9pondre aux enjeux croissants de bien-\u00eatre, et d\u2019efficacit\u00e9 thermique et acoustique de ses clients.\u2026","rel":"","context":"Dans &quot;Actualit\u00e9 Entreprises&quot;","img":{"alt_text":"","src":"https:\/\/i2.wp.com\/batimedianews.com\/live\/wp-content\/uploads\/2021\/07\/Isover_Placo_Isonat-Article.jpg?fit=512%2C512&ssl=1&resize=350%2C200","width":350,"height":200},"classes":[]},{"id":27641,"url":"https:\/\/batimedianews.com\/live\/index.php\/2023\/04\/13\/2022-annee-record-pour-le-recyclage-des-dechets-de-platre-plus-dun-million-de-tonnes-cumulees-depuis-2008\/","url_meta":{"origin":1479,"position":3},"title":"2022, ann\u00e9e record pour le recyclage des d\u00e9chets de pl\u00e2tre : Plus d&rsquo;un million de tonnes cumul\u00e9es depuis 2008 !","date":"13 avril 2023","format":false,"excerpt":"164 500 tonnes de d\u00e9chets de pl\u00e2tre externes recycl\u00e9s en 2022 dans la fabrica3on de plaques de pl\u00e2tre, soit une progression de 29% par rapport \u00e0 2021, malgr\u00e9 la conjoncture \u00e9conomique difficile. Jean-Michel Guihaum\u00e9, D\u00e9l\u00e9gu\u00e9 G\u00e9n\u00e9ral du Syndicat Na3onal des Industries du Pl\u00e2tre, se r\u00e9jouit que cet excellent r\u00e9sultat permeGe\u2026","rel":"","context":"Dans &quot;Actualit\u00e9 Entreprises&quot;","img":{"alt_text":"","src":"https:\/\/i0.wp.com\/batimedianews.com\/live\/wp-content\/uploads\/2023\/04\/snip-image-.jpeg?fit=1200%2C1200&ssl=1&resize=350%2C200","width":350,"height":200},"classes":[]},{"id":45564,"url":"https:\/\/batimedianews.com\/live\/index.php\/2025\/06\/23\/placo-plume-13-la-plaque-de-platre-qui-soulage-le-dos-au-quotidien-3-000-tonnes-de-charge-en-moins-portees-par-les-artisans-depuis-son-lancement-il-y-a-un-an\/","url_meta":{"origin":1479,"position":4},"title":"Placo\u00ae Plume 13, la plaque de pl\u00e2tre qui soulage le dos au quotidien : 3 000 tonnes de charge en moins port\u00e9es par les artisans depuis son lancement il y a un an","date":"23 juin 2025","format":false,"excerpt":"\u00a0Lanc\u00e9e en juin 2024, Placo\u00ae Plume 13, la plaque de pl\u00e2tre all\u00e9g\u00e9e multi-application c\u00e9l\u00e8bre sa premi\u00e8re ann\u00e9e ! Un anniversaire marqu\u00e9 par un chiffre \u00e9vocateur : 3 000 tonnes de charge \u00e9pargn\u00e9es aux artisans et plaquistes gr\u00e2ce \u00e0 cette solution innovante qui p\u00e8se jusqu\u2019\u00e0 6 kilos de moins (selon la\u2026","rel":"","context":"Dans &quot;Actualit\u00e9 Entreprises&quot;","img":{"alt_text":"","src":"https:\/\/i1.wp.com\/batimedianews.com\/live\/wp-content\/uploads\/2025\/06\/Placo.jpg?fit=825%2C825&ssl=1&resize=350%2C200","width":350,"height":200},"classes":[]},{"id":33410,"url":"https:\/\/batimedianews.com\/live\/index.php\/2023\/11\/29\/premier-programme-de-logements-sociaux-francais-labellise-e3c2-ec-a-pontarlier-25-par-neolia-plus-de-2-000-m2-de-plaques-de-platre-placo-infinae-13-contenant-plus-de-50-de-matiere-recycl\/","url_meta":{"origin":1479,"position":5},"title":"Premier programme de logements sociaux fran\u00e7ais labellis\u00e9 E3C2 (E+C-) \u00e0 Pontarlier (25) par N\u00e9olia : Plus de 2 000 m2 de plaques de pl\u00e2tre Placo\u00ae Infina\u00e9 13 contenant plus de 50% de mati\u00e8re recycl\u00e9e","date":"29 novembre 2023","format":false,"excerpt":"\u00a0D\u00e9but octobre, la pr\u00e9fecture du Doubs a annonc\u00e9 le reclassement de la commune de Pontarlier en zone B1, attestant d\u2019un niveau de tension sup\u00e9rieur sur le march\u00e9 entre l\u2019offre immobili\u00e8re et la demande de logements.\u00a0 Implant\u00e9e en Franche-Comt\u00e9 et en Alsace depuis 1948, N\u00e9olia propose \u00e0 l\u2019ensemble des populations de\u2026","rel":"","context":"Dans &quot;Placo&quot;","img":{"alt_text":"","src":"https:\/\/i1.wp.com\/batimedianews.com\/live\/wp-content\/uploads\/2023\/11\/Placo-Image-articles-1-1.jpg?fit=825%2C825&ssl=1&resize=350%2C200","width":350,"height":200},"classes":[]}],"_links":{"self":[{"href":"https:\/\/batimedianews.com\/live\/index.php\/wp-json\/wp\/v2\/posts\/1479"}],"collection":[{"href":"https:\/\/batimedianews.com\/live\/index.php\/wp-json\/wp\/v2\/posts"}],"about":[{"href":"https:\/\/batimedianews.com\/live\/index.php\/wp-json\/wp\/v2\/types\/post"}],"author":[{"embeddable":true,"href":"https:\/\/batimedianews.com\/live\/index.php\/wp-json\/wp\/v2\/users\/1"}],"replies":[{"embeddable":true,"href":"https:\/\/batimedianews.com\/live\/index.php\/wp-json\/wp\/v2\/comments?post=1479"}],"version-history":[{"count":2,"href":"https:\/\/batimedianews.com\/live\/index.php\/wp-json\/wp\/v2\/posts\/1479\/revisions"}],"predecessor-version":[{"id":2342,"href":"https:\/\/batimedianews.com\/live\/index.php\/wp-json\/wp\/v2\/posts\/1479\/revisions\/2342"}],"wp:featuredmedia":[{"embeddable":true,"href":"https:\/\/batimedianews.com\/live\/index.php\/wp-json\/wp\/v2\/media\/1495"}],"wp:attachment":[{"href":"https:\/\/batimedianews.com\/live\/index.php\/wp-json\/wp\/v2\/media?parent=1479"}],"wp:term":[{"taxonomy":"category","embeddable":true,"href":"https:\/\/batimedianews.com\/live\/index.php\/wp-json\/wp\/v2\/categories?post=1479"},{"taxonomy":"post_tag","embeddable":true,"href":"https:\/\/batimedianews.com\/live\/index.php\/wp-json\/wp\/v2\/tags?post=1479"}],"curies":[{"name":"wp","href":"https:\/\/api.w.org\/{rel}","templated":true}]}}