{"id":17802,"date":"2022-03-23T20:27:12","date_gmt":"2022-03-23T19:27:12","guid":{"rendered":"http:\/\/batimedianews.com\/live\/?p=17802"},"modified":"2022-07-05T09:17:00","modified_gmt":"2022-07-05T07:17:00","slug":"le-programme-feebat-poursuit-son-developpement-pour-la-formation-des-futurs-professionnels-du-batiment","status":"publish","type":"post","link":"https:\/\/batimedianews.com\/live\/index.php\/2022\/03\/23\/le-programme-feebat-poursuit-son-developpement-pour-la-formation-des-futurs-professionnels-du-batiment\/","title":{"rendered":"Le programme FEEBAT poursuit son d\u00e9veloppement pour la formation des futurs professionnels du b\u00e2timent"},"content":{"rendered":"\n<p><strong>FEEBAT, programme de formation aux \u00c9conomies d\u2019\u00c9nergie dans le B\u00e2timent, con\u00e7oit des modules et parcours d\u00e9di\u00e9s \u00e0 la r\u00e9novation \u00e9nerg\u00e9tique performante, reposant sur des modalit\u00e9s p\u00e9dagogiques innovantes.&nbsp;<\/strong><\/p>\n\n\n\n<p><strong>Volet fondamental du programme pour accompagner la mont\u00e9e en comp\u00e9tence des professionnels de demain, via leurs enseignants et formateurs, les ressources p\u00e9dagogiques d\u00e9di\u00e9es \u00e0 la formation initiale par la voie scolaire et l\u2019apprentissage, du CAP au BTS, seront prochainement d\u00e9ploy\u00e9es.&nbsp;<\/strong><\/p>\n\n\n\n<p><strong>2 \u00e9tapes-cl\u00e9s viennent pour cela d\u2019\u00eatre franchies :&nbsp;<\/strong><\/p>\n\n\n\n<p><strong>&#8211; L\u2019organisation d\u2019une nouvelle session test, grandeur nature, aupr\u00e8s d\u2019apprentis de BTS et de Brevet Professionnel du CFA de Dijon,&nbsp;<\/strong><\/p>\n\n\n\n<p><strong>&#8211; Le lancement d\u2019un appel \u00e0 habilitation aupr\u00e8s des organismes de formation intervenant dans la fili\u00e8re b\u00e2timent. Ces derniers ont ainsi jusqu\u2019au 8 avril pour candidater et s\u2019engager dans la dynamique de formation, sur la r\u00e9novation \u00e9nerg\u00e9tique performante, des enseignants et formateurs des futurs professionnels de demain.&nbsp;<\/strong><\/p>\n\n\n\n<p>Pour atteindre la neutralit\u00e9 carbone d\u2019ici \u00e0 2050 et la baisse des consommations d\u2019\u00e9nergie, la r\u00e9novation \u00e9nerg\u00e9tique des b\u00e2timents est fondamentale. Face \u00e0 cet enjeu, la mont\u00e9e en comp\u00e9tence de tous les acteurs est essentielle. C\u2019est dans ce contexte qu\u2019a \u00e9t\u00e9 cr\u00e9\u00e9 le programme FEEBAT, dans le cadre du dispositif des Certificats d\u2019\u00c9conomies d\u2019\u00c9nergie (CEE).&nbsp;<\/p>\n\n\n\n<div class=\"wp-block-image\"><figure class=\"alignright size-large\"><img loading=\"lazy\" width=\"720\" height=\"547\" src=\"https:\/\/i1.wp.com\/batimedianews.com\/live\/wp-content\/uploads\/2022\/03\/image-502.png?resize=720%2C547\" alt=\"\" class=\"wp-image-17804\" srcset=\"https:\/\/i1.wp.com\/batimedianews.com\/live\/wp-content\/uploads\/2022\/03\/image-502.png?w=864&amp;ssl=1 864w, https:\/\/i1.wp.com\/batimedianews.com\/live\/wp-content\/uploads\/2022\/03\/image-502.png?resize=600%2C456&amp;ssl=1 600w, https:\/\/i1.wp.com\/batimedianews.com\/live\/wp-content\/uploads\/2022\/03\/image-502.png?resize=768%2C583&amp;ssl=1 768w, https:\/\/i1.wp.com\/batimedianews.com\/live\/wp-content\/uploads\/2022\/03\/image-502.png?resize=10%2C8&amp;ssl=1 10w, https:\/\/i1.wp.com\/batimedianews.com\/live\/wp-content\/uploads\/2022\/03\/image-502.png?resize=432%2C328&amp;ssl=1 432w, https:\/\/i1.wp.com\/batimedianews.com\/live\/wp-content\/uploads\/2022\/03\/image-502.png?resize=396%2C301&amp;ssl=1 396w, https:\/\/i1.wp.com\/batimedianews.com\/live\/wp-content\/uploads\/2022\/03\/image-502.png?resize=660%2C501&amp;ssl=1 660w, https:\/\/i1.wp.com\/batimedianews.com\/live\/wp-content\/uploads\/2022\/03\/image-502.png?resize=290%2C220&amp;ssl=1 290w\" sizes=\"(max-width: 600px) 91vw, (max-width: 900px) 600px, (max-width: 1060px) 50vw, (max-width: 1200px) 520px, (max-width: 1400px) 43vw, 600px\" data-recalc-dims=\"1\" \/><\/figure><\/div>\n\n\n\n<p>F\u00e9d\u00e9rant les acteurs du b\u00e2timent et de l\u2019architecture, de la formation et de l\u2019enseignement (minist\u00e8res, organisations professionnelles, institutionnels, etc.), FEEBAT con\u00e7oit des modules et parcours de formation \u00e0 destination des professionnels en activit\u00e9 (formation continue), mais aussi des \u00e9l\u00e8ves, apprentis et \u00e9tudiants, via leurs enseignants et formateurs (formation initiale).&nbsp;<\/p>\n\n\n\n<p>FEEBAT a ainsi d\u00e9velopp\u00e9 des ressources p\u00e9dagogiques sp\u00e9cifiquement d\u00e9di\u00e9es \u00e0 ce volet formation initiale, lesquelles seront prochainement d\u00e9ploy\u00e9es aupr\u00e8s des enseignants en lyc\u00e9e et formateurs en OFA1, pour qu\u2019ils forment \u00e0 leur tour, d\u00e8s 2023, les futurs professionnels du b\u00e2timent.&nbsp;<\/p>\n\n\n\n<p>&nbsp;Dans ce contexte, FEEBAT vient de franchir deux \u00e9tapes-cl\u00e9s :&nbsp;<\/p>\n\n\n\n<p class=\"has-text-color\" style=\"color:#f77536\">\uf08e <strong>Lancement d\u2019un appel \u00e0 habilitation pour transmettre les premiers dispositifs et ressources de formation aupr\u00e8s des enseignants des lyc\u00e9es et formateurs des OFA&nbsp;<\/strong><\/p>\n\n\n\n<p>FEEBAT vient de lancer un appel \u00e0 habilitation aupr\u00e8s des organismes de formation intervenant dans la fili\u00e8re b\u00e2timent. Objectif : recruter des organismes de formation et formateurs qui seront charg\u00e9s de transmettre les dispositifs et ressources cr\u00e9\u00e9s par FEEBAT sur les \u00ab Enjeux de la r\u00e9novation \u00e9nerg\u00e9tique \u00bb et \u00ab Principes de la performance \u00e9nerg\u00e9tique \u00bb. La cible de ces formations : les enseignants des lyc\u00e9es et formateurs des OFA enseignant dans les dipl\u00f4mes concern\u00e9s par FEEBAT, allant du CAP au BTS.&nbsp;<\/p>\n\n\n\n<p>&nbsp;Les organismes de formation ont jusqu\u2019au 8 avril pour d\u00e9poser leur dossier.&nbsp;<\/p>\n\n\n\n<p class=\"has-small-font-size\">&nbsp;1 Organisme de Formation par l\u2019Apprentissage &nbsp;<\/p>\n\n\n\n<p class=\"has-text-color\" style=\"color:#f77536\"><strong>\uf08e Exp\u00e9rimentation des ressources p\u00e9dagogiques aupr\u00e8s d\u2019\u00e9l\u00e8ves et apprentis, dans le cadre de sessions pilotes&nbsp;<\/strong><\/p>\n\n\n\n<div class=\"wp-block-image\"><figure class=\"alignright size-large\"><img loading=\"lazy\" width=\"560\" height=\"486\" src=\"https:\/\/i0.wp.com\/batimedianews.com\/live\/wp-content\/uploads\/2022\/03\/image-505.png?resize=560%2C486\" alt=\"\" class=\"wp-image-17807\" srcset=\"https:\/\/i0.wp.com\/batimedianews.com\/live\/wp-content\/uploads\/2022\/03\/image-505.png?w=560&amp;ssl=1 560w, https:\/\/i0.wp.com\/batimedianews.com\/live\/wp-content\/uploads\/2022\/03\/image-505.png?resize=10%2C10&amp;ssl=1 10w, https:\/\/i0.wp.com\/batimedianews.com\/live\/wp-content\/uploads\/2022\/03\/image-505.png?resize=432%2C375&amp;ssl=1 432w, https:\/\/i0.wp.com\/batimedianews.com\/live\/wp-content\/uploads\/2022\/03\/image-505.png?resize=396%2C344&amp;ssl=1 396w, https:\/\/i0.wp.com\/batimedianews.com\/live\/wp-content\/uploads\/2022\/03\/image-505.png?resize=253%2C220&amp;ssl=1 253w\" sizes=\"(max-width: 600px) 91vw, (max-width: 900px) 600px, (max-width: 1060px) 50vw, (max-width: 1200px) 520px, (max-width: 1400px) 43vw, 600px\" data-recalc-dims=\"1\" \/><\/figure><\/div>\n\n\n\n<p>Essentielles pour \u00ab tester \u00bb les ressources aupr\u00e8s des publics cibles, les sessions pilotes, grandeur nature, constituent des \u00e9tapes-cl\u00e9s pour finaliser la conception, garantir la coh\u00e9rence et l\u2019efficience des formations.&nbsp;<\/p>\n\n\n\n<p>Deux sessions pilotes ont ainsi \u00e9t\u00e9 organis\u00e9es par FEEBAT, dont la derni\u00e8re en date, le 10 f\u00e9vrier dernier, au sein du CFA de Dijon, site de formation du B\u00e2timent-OFA Bourgogne Franche-Comt\u00e9.&nbsp;<\/p>\n\n\n\n<p>Une quarantaine d\u2019\u00e9l\u00e8ves et apprentis de Brevet Professionnel et BTS ont exp\u00e9riment\u00e9 les s\u00e9quences de cours, d\u00e9di\u00e9es \u00e0 la r\u00e9novation \u00e9nerg\u00e9tique des b\u00e2timents et portant sur les m\u00eames th\u00e9matiques que l\u2019appel \u00e0 habilitation. Tous ont \u00e9t\u00e9 conquis par la pertinence des contenus et la diversit\u00e9 des formats de cours propos\u00e9s. Les formateurs de CFA pr\u00e9sents ont compris l&rsquo;int\u00e9r\u00eat de tels supports et parcours de formation, adapt\u00e9s aux situations d&rsquo;apprentissage rencontr\u00e9es et qu\u2019ils pourront facilement s&rsquo;approprier. Les remarques formul\u00e9es ont permis d\u2019ajuster et \/ ou conforter les orientations p\u00e9dagogiques prises.&nbsp;<\/p>\n\n\n\n<p>Cette seconde session marque une \u00e9tape importante dans le processus de conception, puis de d\u00e9ploiement national de ces modules de formation.&nbsp;<\/p>\n\n\n\n<p><strong>L\u2019ambitieux volet du programme FEEBAT, d\u00e9di\u00e9 aux apprenants du secteur du b\u00e2timent du niveau 3 (tels les CAP) au niveau 5 (comme les BTS), est ainsi maintenant parfaitement engag\u00e9 : la r\u00e9ussite des deux sessions pilotes l\u2019atteste et conforte les partenaires dans les choix effectu\u00e9s, en totale ad\u00e9quation avec les attentes de la cible.&nbsp;<\/strong><\/p>\n\n\n\n<p><strong>Prochaines \u00e9tapes-cl\u00e9s du volet Formation initiale de FEEBAT :&nbsp;<\/strong><\/p>\n\n\n\n<p>&#8211; A partir de mai : sessions d\u2019appropriation du parcours par les formateurs de formateurs pr\u00e9s\u00e9lectionn\u00e9s dans le cadre de l\u2019appel \u00e0 habilitation, puis confirmation d\u2019habilitation aupr\u00e8s des organismes de formation et des formateurs de formateurs s\u00e9lectionn\u00e9s&nbsp;<\/p>\n\n\n\n<p>&#8211; A partir d\u2019octobre : d\u00e9ploiement des modules de formation \u00ab Enjeux de la r\u00e9novation \u00e9nerg\u00e9tique \u00bb et \u00ab Principes de la performance \u00e9nerg\u00e9tique \u00bb aupr\u00e8s des enseignants en lyc\u00e9e et formateurs en OFA&nbsp;<\/p>\n\n\n\n<p>D\u00e9but 2023, les futurs professionnels du b\u00e2timent pourront b\u00e9n\u00e9ficier de ces premi\u00e8res ressources d\u00e9di\u00e9es \u00e0 la r\u00e9novation \u00e9nerg\u00e9tique.&nbsp;<\/p>\n\n\n\n<p class=\"has-text-color\" style=\"color:#f77536\"><strong>\u00c0 propos de FEEBAT &#8211; Programme de Formation aux \u00c9conomies d\u2019\u00c9nergie dans le B\u00e2timent&nbsp;<\/strong><\/p>\n\n\n\n<p class=\"has-small-font-size\">Au c\u0153ur d\u2019un \u00e9cosyst\u00e8me in\u00e9dit, f\u00e9d\u00e9rant les acteurs du b\u00e2timent et de l\u2019architecture, de la formation et de l\u2019enseignement (minist\u00e8res, organisations professionnelles, institutionnels, etc.), FEEBAT, cr\u00e9\u00e9 en 2007 dans le cadre du dispositif des Certificats d\u2019\u00c9conomies d\u2019\u00c9nergie (CEE), con\u00e7oit des modules et parcours de formation d\u00e9di\u00e9s \u00e0 la r\u00e9novation \u00e9nerg\u00e9tique performante, reposant sur des modalit\u00e9s p\u00e9dagogiques innovantes et d\u00e9livr\u00e9s par des organismes de formation habilit\u00e9s. FEEBAT accompagne la mont\u00e9e en comp\u00e9tences des professionnels en activit\u00e9 (artisans et entreprises du b\u00e2timent, architectes et ma\u00eetres d\u2019\u0153uvre), de ceux de demain (\u00e9l\u00e8ves, apprentis et \u00e9tudiants en lyc\u00e9es, Centres de Formation des Apprentis \u2013 CFA &#8211; et \u00c9coles nationales sup\u00e9rieures d\u2019architecture et de paysage \u2013 ENSAP), mais aussi de leurs enseignants et formateurs.&nbsp;<\/p>\n\n\n\n<p><\/p>\n","protected":false},"excerpt":{"rendered":"<p>FEEBAT, programme de formation aux \u00c9conomies d\u2019\u00c9nergie dans le B\u00e2timent, con\u00e7oit des modules et parcours d\u00e9di\u00e9s \u00e0 la r\u00e9novation \u00e9nerg\u00e9tique performante, reposant sur des modalit\u00e9s p\u00e9dagogiques innovantes.&nbsp; Volet fondamental du programme pour accompagner la mont\u00e9e en comp\u00e9tence des professionnels de demain, via leurs enseignants et formateurs, les ressources p\u00e9dagogiques d\u00e9di\u00e9es \u00e0 la formation initiale par [&hellip;]<\/p>\n","protected":false},"author":41,"featured_media":17808,"comment_status":"open","ping_status":"open","sticky":false,"template":"","format":"standard","meta":{"spay_email":""},"categories":[4,67,108],"tags":[1728,358],"jetpack_featured_media_url":"https:\/\/i0.wp.com\/batimedianews.com\/live\/wp-content\/uploads\/2022\/03\/FEEBAT-Article.jpg?fit=1224%2C512&ssl=1","jetpack_sharing_enabled":true,"jetpack_likes_enabled":true,"jetpack-related-posts":[{"id":26520,"url":"https:\/\/batimedianews.com\/live\/index.php\/2023\/03\/02\/aides-financieres-a-la-renovation-energetique-difficultes-freins-solutions-le-programme-oscar-donne-la-parole-aux-artisans\/","url_meta":{"origin":17802,"position":0},"title":"Aides financi\u00e8res \u00e0 la r\u00e9novation \u00e9nerg\u00e9tique : Difficult\u00e9s, freins, solutions : le programme OSCAR donne la parole aux artisans","date":"2 mars 2023","format":false,"excerpt":"\u00a0OSCAR, programme d\u2019optimisation et de simplification des CEE pour les artisans et professionnels de la r\u00e9novation, pr\u00e9sente son rapport1 : \u00ab Simplification des CEE et Ma Prime R\u00e9nov\u2019 : la parole aux artisans et entreprises \u00bb.\u00a0 Issu de son Atelier Artisans organis\u00e9 en d\u00e9cembre dernier, ce rapport pr\u00e9sente les retours\u2026","rel":"","context":"Dans &quot;Actualit\u00e9 Entreprises&quot;","img":{"alt_text":"","src":"https:\/\/i0.wp.com\/batimedianews.com\/live\/wp-content\/uploads\/2023\/02\/Oscar-Article.jpg?fit=1080%2C1080&ssl=1&resize=350%2C200","width":350,"height":200},"classes":[]},{"id":16020,"url":"https:\/\/batimedianews.com\/live\/index.php\/2022\/02\/14\/renovation-energetique-profeel-dresse-le-bilan-final-de-ses-3-annees-de-programme-et-edite-une-collection-importante-de-ressources-innovantes\/","url_meta":{"origin":17802,"position":1},"title":"R\u00e9novation \u00e9nerg\u00e9tique : PROFEEL dresse le bilan final de ses 3 ann\u00e9es de programme et \u00e9dite une collection importante de ressources innovantes","date":"14 f\u00e9vrier 2022","format":false,"excerpt":"Apr\u00e8s 3 ann\u00e9es de mobilisation de toute la fili\u00e8re b\u00e2timent, le programme PROFEEL pr\u00e9sente le bilan des 9 projets men\u00e9s collectivement en faveur de la r\u00e9novation \u00e9nerg\u00e9tique. Toute une collection d\u2019outils et de ressources est d\u00e9sormais disponible gratuitement pour accompagner les professionnels dans leurs pratiques quotidiennes et \u00e0 toutes les\u2026","rel":"","context":"Dans &quot;accompagnement&quot;","img":{"alt_text":"","src":"https:\/\/i1.wp.com\/batimedianews.com\/live\/wp-content\/uploads\/2022\/02\/Profile-Article.jpg?fit=512%2C512&ssl=1&resize=350%2C200","width":350,"height":200},"classes":[]},{"id":39468,"url":"https:\/\/batimedianews.com\/live\/index.php\/2024\/09\/09\/batimat-2024-la-renovation-energetique-et-performante-au-coeur-des-enjeux\/","url_meta":{"origin":17802,"position":2},"title":"BATIMAT 2024 : La r\u00e9novation \u00e9nerg\u00e9tique et performante au c\u0153ur des enjeux","date":"9 septembre 2024","format":false,"excerpt":"V\u00e9ritable vitrine pour les grandes tendances du secteur de la construction, le salon BATIMAT revient du 30 septembre au 3 octobre \u00e0 Paris Expo Porte de Versailles. Pour cette nouvelle \u00e9dition, la r\u00e9novation des b\u00e2timents tiendra une place particuli\u00e8rement importante, reflet d\u2019une probl\u00e9matique devenue majeure. Apr\u00e8s le succ\u00e8s du forum\u2026","rel":"","context":"Dans &quot;Actualit\u00e9s salons&quot;","img":{"alt_text":"","src":"https:\/\/i0.wp.com\/batimedianews.com\/live\/wp-content\/uploads\/2024\/09\/Batimat.jpg?fit=825%2C825&ssl=1&resize=350%2C200","width":350,"height":200},"classes":[]},{"id":39844,"url":"https:\/\/batimedianews.com\/live\/index.php\/2024\/09\/23\/mondial-du-batiment-2024-un-programme-ambitieux-et-des-temps-forts\/","url_meta":{"origin":17802,"position":3},"title":"MONDIAL DU B\u00c2TIMENT 2024 : Un programme ambitieux et des temps forts","date":"23 septembre 2024","format":false,"excerpt":"Pour cette nouvelle \u00e9dition (30 septembre au 3 octobre \u2013 Porte de Versailles), le Mondial du B\u00e2timent et ses 3 salons BATIMAT, ID\u00c9OBAIN et INTERCLIMA ont travaill\u00e9 sur un programme de prises de paroles riches et diversifi\u00e9es. Ce sont ainsi 14 sc\u00e8nes qui seront ouvertes, avec plus de 350 conf\u00e9rences\u2026","rel":"","context":"Dans &quot;Actualit\u00e9s salons&quot;","img":{"alt_text":"","src":"https:\/\/i0.wp.com\/batimedianews.com\/live\/wp-content\/uploads\/2024\/09\/Interclima-1.jpg?fit=825%2C825&ssl=1&resize=350%2C200","width":350,"height":200},"classes":[]},{"id":26971,"url":"https:\/\/batimedianews.com\/live\/index.php\/2023\/03\/20\/cercle-promodul-inef4-et-le-ccca-btp-renforcent-leur-partenariat-autour-dune-experimentation\/","url_meta":{"origin":17802,"position":4},"title":"Cercle Promodul \/ INEF4 et le CCCA-BTP renforcent leur partenariat autour d\u2019une exp\u00e9rimentation","date":"20 mars 2023","format":false,"excerpt":"Face aux mutations importantes du secteur du b\u00e2timent (\u00e9volution rapide des technologies et des r\u00e9glementations), la formation aux outils de demain devient un objectif majeur pour les professionnels et acteurs de la transition \u00e9nerg\u00e9tique, environnementale et num\u00e9rique. C\u2019est pourquoi, dans leurs missions respectives d\u2019accompagnement \u00e0 la formation et \u00e0 la\u2026","rel":"","context":"Dans &quot;Actualit\u00e9 Entreprises&quot;","img":{"alt_text":"","src":"https:\/\/i1.wp.com\/batimedianews.com\/live\/wp-content\/uploads\/2023\/03\/INEF-Article.jpg?fit=1080%2C1080&ssl=1&resize=350%2C200","width":350,"height":200},"classes":[]},{"id":25007,"url":"https:\/\/batimedianews.com\/live\/index.php\/2022\/11\/28\/renovation-energetique-des-batiments-vm-forme-ses-premiers-referents-daide-a-la-renovation\/","url_meta":{"origin":17802,"position":5},"title":"R\u00e9novation \u00e9nerg\u00e9tique des b\u00e2timents : VM forme ses premiers r\u00e9f\u00e9rents d&rsquo;aide \u00e0 la r\u00e9novation","date":"28 novembre 2022","format":false,"excerpt":"En mati\u00e8re de r\u00e9novation \u00e9nerg\u00e9tique, le constat \u00e9tabli par la Cour des Comptes d\u00e9montre la complexit\u00e9 de la gestion administrative et r\u00e8glementaire pour les artisans. Le gouvernement a lanc\u00e9, en f\u00e9vrier 2022, le programme OSCAR* (Optimisation et Simplification des CEE pour les Artisans de la R\u00e9novation) afin d\u2019accompagner et former\u2026","rel":"","context":"Dans &quot;Actualit\u00e9 Entreprises&quot;","img":{"alt_text":"","src":"https:\/\/i2.wp.com\/batimedianews.com\/live\/wp-content\/uploads\/2022\/11\/VM-Article.jpg?fit=1080%2C1080&ssl=1&resize=350%2C200","width":350,"height":200},"classes":[]}],"_links":{"self":[{"href":"https:\/\/batimedianews.com\/live\/index.php\/wp-json\/wp\/v2\/posts\/17802"}],"collection":[{"href":"https:\/\/batimedianews.com\/live\/index.php\/wp-json\/wp\/v2\/posts"}],"about":[{"href":"https:\/\/batimedianews.com\/live\/index.php\/wp-json\/wp\/v2\/types\/post"}],"author":[{"embeddable":true,"href":"https:\/\/batimedianews.com\/live\/index.php\/wp-json\/wp\/v2\/users\/41"}],"replies":[{"embeddable":true,"href":"https:\/\/batimedianews.com\/live\/index.php\/wp-json\/wp\/v2\/comments?post=17802"}],"version-history":[{"count":3,"href":"https:\/\/batimedianews.com\/live\/index.php\/wp-json\/wp\/v2\/posts\/17802\/revisions"}],"predecessor-version":[{"id":18204,"href":"https:\/\/batimedianews.com\/live\/index.php\/wp-json\/wp\/v2\/posts\/17802\/revisions\/18204"}],"wp:featuredmedia":[{"embeddable":true,"href":"https:\/\/batimedianews.com\/live\/index.php\/wp-json\/wp\/v2\/media\/17808"}],"wp:attachment":[{"href":"https:\/\/batimedianews.com\/live\/index.php\/wp-json\/wp\/v2\/media?parent=17802"}],"wp:term":[{"taxonomy":"category","embeddable":true,"href":"https:\/\/batimedianews.com\/live\/index.php\/wp-json\/wp\/v2\/categories?post=17802"},{"taxonomy":"post_tag","embeddable":true,"href":"https:\/\/batimedianews.com\/live\/index.php\/wp-json\/wp\/v2\/tags?post=17802"}],"curies":[{"name":"wp","href":"https:\/\/api.w.org\/{rel}","templated":true}]}}