{"id":17810,"date":"2022-03-23T20:30:08","date_gmt":"2022-03-23T19:30:08","guid":{"rendered":"http:\/\/batimedianews.com\/live\/?p=17810"},"modified":"2022-07-05T09:17:00","modified_gmt":"2022-07-05T07:17:00","slug":"accelerer-le-developpement-du-biogaz-pour-reduire-la-dependance-energetique-de-la-france","status":"publish","type":"post","link":"https:\/\/batimedianews.com\/live\/index.php\/2022\/03\/23\/accelerer-le-developpement-du-biogaz-pour-reduire-la-dependance-energetique-de-la-france\/","title":{"rendered":"Acc\u00e9l\u00e9rer le d\u00e9veloppement du biogaz pour r\u00e9duire la d\u00e9pendance \u00e9nerg\u00e9tique de la France"},"content":{"rendered":"\n<figure class=\"wp-block-image size-large\"><img loading=\"lazy\" width=\"720\" height=\"290\" src=\"https:\/\/i1.wp.com\/batimedianews.com\/live\/wp-content\/uploads\/2022\/03\/image-507.png?resize=720%2C290\" alt=\"\" class=\"wp-image-17815\" srcset=\"https:\/\/i1.wp.com\/batimedianews.com\/live\/wp-content\/uploads\/2022\/03\/image-507.png?resize=1024%2C413&amp;ssl=1 1024w, https:\/\/i1.wp.com\/batimedianews.com\/live\/wp-content\/uploads\/2022\/03\/image-507.png?resize=600%2C242&amp;ssl=1 600w, https:\/\/i1.wp.com\/batimedianews.com\/live\/wp-content\/uploads\/2022\/03\/image-507.png?resize=768%2C309&amp;ssl=1 768w, https:\/\/i1.wp.com\/batimedianews.com\/live\/wp-content\/uploads\/2022\/03\/image-507.png?resize=1536%2C619&amp;ssl=1 1536w, https:\/\/i1.wp.com\/batimedianews.com\/live\/wp-content\/uploads\/2022\/03\/image-507.png?resize=10%2C4&amp;ssl=1 10w, https:\/\/i1.wp.com\/batimedianews.com\/live\/wp-content\/uploads\/2022\/03\/image-507.png?resize=432%2C174&amp;ssl=1 432w, https:\/\/i1.wp.com\/batimedianews.com\/live\/wp-content\/uploads\/2022\/03\/image-507.png?resize=396%2C160&amp;ssl=1 396w, https:\/\/i1.wp.com\/batimedianews.com\/live\/wp-content\/uploads\/2022\/03\/image-507.png?resize=1120%2C451&amp;ssl=1 1120w, https:\/\/i1.wp.com\/batimedianews.com\/live\/wp-content\/uploads\/2022\/03\/image-507.png?resize=660%2C266&amp;ssl=1 660w, https:\/\/i1.wp.com\/batimedianews.com\/live\/wp-content\/uploads\/2022\/03\/image-507.png?resize=546%2C220&amp;ssl=1 546w, https:\/\/i1.wp.com\/batimedianews.com\/live\/wp-content\/uploads\/2022\/03\/image-507.png?w=1742&amp;ssl=1 1742w, https:\/\/i1.wp.com\/batimedianews.com\/live\/wp-content\/uploads\/2022\/03\/image-507.png?w=1440 1440w\" sizes=\"(max-width: 600px) 91vw, (max-width: 900px) 600px, (max-width: 1060px) 50vw, (max-width: 1200px) 520px, (max-width: 1400px) 43vw, 600px\" data-recalc-dims=\"1\" \/><\/figure>\n\n\n\n<p><strong>La crise actuelle de l\u2019\u00e9nergie met en lumi\u00e8re toute l\u2019importance des \u00e9nergies renouvelables dans le mix-\u00e9nerg\u00e9tique fran\u00e7ais. Son impact se traduit pour toutes les \u00e9nergies, p\u00e9trole, gaz et \u00e9lectricit\u00e9. La fili\u00e8re biogaz, en d\u00e9veloppement depuis 10 ans, participe d\u00e9j\u00e0 \u00e0 l\u2019ind\u00e9pendance \u00e9nerg\u00e9tique de la France, avec une capacit\u00e9 install\u00e9e couvrant 3 % de la consommation de gaz soit l\u2019\u00e9quivalent de plus de 15 % des importations russes.&nbsp;<\/strong><\/p>\n\n\n\n<p>\u00c0 court terme, elle peut \u00eatre mise davantage \u00e0 contribution en levant certaines contraintes administratives dans un contexte o\u00f9 les co\u00fbts du biogaz sont d\u00e9sormais inf\u00e9rieurs au prix de march\u00e9 du gaz naturel.&nbsp;<\/p>\n\n\n\n<p>De mani\u00e8re g\u00e9n\u00e9rale, le potentiel des gaz renouvelables doit \u00eatre pleinement mobilis\u00e9 dans le cadre de la strat\u00e9gie \u00e9nergie-climat, en cours de r\u00e9vision, au b\u00e9n\u00e9fice de l\u2019ind\u00e9pendance \u00e9nerg\u00e9tique, du d\u00e9veloppement \u00e9conomique, des territoires et du climat&nbsp;.<\/p>\n\n\n\n<p>Selon plusieurs \u00e9tudes, le potentiel de ressources, alli\u00e9 \u00e0 une politique d\u2019\u00e9conomie d\u2019\u00e9nergie permettrait de produire localement la totalit\u00e9 des besoins de gaz en tenant compte des usages li\u00e9es \u00e0 la mobilit\u00e9, le bioGNV. Pour parvenir \u00e0 100 % de gaz renouvelable en 2050, quatre fili\u00e8res sont privil\u00e9gi\u00e9es :&nbsp;<\/p>\n\n\n\n<ul><li>\u2022 La m\u00e9thanisation \u00e0 partir de d\u00e9chets organiques, une technologie d\u00e9j\u00e0 mature ;&nbsp;<\/li><li>\u2022 La pyrogaz\u00e9ification \u00e0 partir de biomasse, de d\u00e9chets dont les d\u00e9chets de bois et les combustibles solides de r\u00e9cup\u00e9ration ;&nbsp;<\/li><li>\u2022 La gaz\u00e9ification hydrothermale de biomasse humide ;&nbsp;<\/li><li>\u2022 La m\u00e9thanation d\u2019hydrog\u00e8ne avec le CO2 des m\u00e9thanisations ou des industriels (<em>power-to- gas<\/em>).&nbsp;<\/li><\/ul>\n\n\n\n<p>Rappelons que choisir les gaz renouvelables, c\u2019est :&nbsp;<\/p>\n\n\n\n<p>&#8211; Renforcer la souverainet\u00e9 \u00e9nerg\u00e9tique de la France et r\u00e9duire sa d\u00e9pendance aux \u00e9nergies fossiles ;&nbsp;<\/p>\n\n\n\n<p>&#8211; G\u00e9rer et contr\u00f4ler les modalit\u00e9s de production de l\u2019\u00e9nergie ;&nbsp;<\/p>\n\n\n\n<p>&#8211; Permettre de mieux g\u00e9rer l\u2019enveloppe budg\u00e9taire \u00e9nerg\u00e9tique sur le long terme en \u00e9vitant de subir la variabilit\u00e9 des march\u00e9s de l\u2019\u00e9nergie d\u00e9pendant des pays producteurs ;&nbsp;<\/p>\n\n\n\n<p>&#8211; Contribuer \u00e0 cr\u00e9er d\u2019ici 2027 environ plus de 30 000 emplois nets non d\u00e9localisables selon les diff\u00e9rentes \u00e9tudes (uniquement sur le secteur biogaz) ;&nbsp;<\/p>\n\n\n\n<p>&#8211; Valoriser le patrimoine que constitue le r\u00e9seau de gaz fran\u00e7ais pour les territoires ;&nbsp;<\/p>\n\n\n\n<p>&#8211; R\u00e9duire la d\u00e9pendance aux engrais chimiques &#8211; eux-m\u00eames n\u00e9cessitant du gaz pour leur fabrication \u2013 dans une logique agro\u00e9cologique d\u2019utilisation de digestats.&nbsp;<\/p>\n\n\n\n<p>Il convient d\u2019insister sur le mod\u00e8le fran\u00e7ais de la m\u00e9thanisation qui diff\u00e8re d\u2019autres exp\u00e9riences en Europe et n\u2019entre pas en concurrence avec les cultures alimentaires, ce qui en fait une fili\u00e8re vertueuse.&nbsp;<\/p>\n\n\n\n<p>La FNCCR, Avergies, le club biogaz ATEE, l\u2019AAMF, FGR, la FNSEA et les Chambres d\u2019agriculture France&nbsp;<\/p>\n\n\n\n<p>se tiennent \u00e0 disposition des minist\u00e8res pour :&nbsp;<\/p>\n\n\n\n<p>&#8211; Lever les verrous r\u00e9glementaires \u00e0 la production pour les installations existantes afin qu\u2019elles participent \u00e0 leur pleine capacit\u00e9 \u00e0 la s\u00e9curit\u00e9 d\u2019approvisionnement d\u2019ici le prochain hiver, en compl\u00e9ment d\u2019autres mesures de sobri\u00e9t\u00e9 et d\u2019efficacit\u00e9 \u00e9nerg\u00e9tique ;&nbsp;<\/p>\n\n\n\n<p>&#8211; Mettre en place les mesures pour acc\u00e9l\u00e9rer le d\u00e9veloppement de ces fili\u00e8res, et particuli\u00e8rement la m\u00e9thanisation, dans une logique d\u2019ind\u00e9pendance \u00e9nerg\u00e9tique et de lutte contre le changement climatique.&nbsp;<\/p>\n\n\n\n<p>Ces mesures doivent \u00e9galement s\u2019accompagner du premier levier de l\u2019ind\u00e9pendance \u00e9nerg\u00e9tique qui consiste \u00e0 r\u00e9duire notre consommation, notamment la r\u00e9novation des logements mal isol\u00e9s.&nbsp;<\/p>\n\n\n\n<p>La mission s\u00e9natoriale d\u00e9di\u00e9e \u00e0 \u00ab\u00a0La m\u00e9thanisation dans le mix \u00e9nerg\u00e9tique : enjeux et impacts\u00a0\u00bb a dress\u00e9 un ensemble de propositions fin 2021 qu\u2019il convient d\u2019appliquer rapidement.&nbsp;<\/p>\n\n\n\n<p class=\"has-text-align-center has-medium-font-size\"><strong>Il appara\u00eet ainsi primordial de reconna\u00eetre l\u2019int\u00e9r\u00eat des gaz renouvelables dans la strat\u00e9gie fran\u00e7aise \u00e9nergie &amp; climat.&nbsp;<\/strong><\/p>\n\n\n\n<figure class=\"wp-block-image size-large\"><img loading=\"lazy\" width=\"720\" height=\"251\" src=\"https:\/\/i2.wp.com\/batimedianews.com\/live\/wp-content\/uploads\/2022\/03\/image-506.png?resize=720%2C251\" alt=\"\" class=\"wp-image-17811\" srcset=\"https:\/\/i2.wp.com\/batimedianews.com\/live\/wp-content\/uploads\/2022\/03\/image-506.png?resize=1024%2C357&amp;ssl=1 1024w, https:\/\/i2.wp.com\/batimedianews.com\/live\/wp-content\/uploads\/2022\/03\/image-506.png?resize=600%2C209&amp;ssl=1 600w, https:\/\/i2.wp.com\/batimedianews.com\/live\/wp-content\/uploads\/2022\/03\/image-506.png?resize=768%2C268&amp;ssl=1 768w, https:\/\/i2.wp.com\/batimedianews.com\/live\/wp-content\/uploads\/2022\/03\/image-506.png?resize=1536%2C536&amp;ssl=1 1536w, https:\/\/i2.wp.com\/batimedianews.com\/live\/wp-content\/uploads\/2022\/03\/image-506.png?resize=10%2C3&amp;ssl=1 10w, https:\/\/i2.wp.com\/batimedianews.com\/live\/wp-content\/uploads\/2022\/03\/image-506.png?resize=432%2C151&amp;ssl=1 432w, https:\/\/i2.wp.com\/batimedianews.com\/live\/wp-content\/uploads\/2022\/03\/image-506.png?resize=396%2C138&amp;ssl=1 396w, https:\/\/i2.wp.com\/batimedianews.com\/live\/wp-content\/uploads\/2022\/03\/image-506.png?resize=1120%2C391&amp;ssl=1 1120w, https:\/\/i2.wp.com\/batimedianews.com\/live\/wp-content\/uploads\/2022\/03\/image-506.png?resize=660%2C230&amp;ssl=1 660w, https:\/\/i2.wp.com\/batimedianews.com\/live\/wp-content\/uploads\/2022\/03\/image-506.png?resize=631%2C220&amp;ssl=1 631w, https:\/\/i2.wp.com\/batimedianews.com\/live\/wp-content\/uploads\/2022\/03\/image-506.png?w=1674&amp;ssl=1 1674w, https:\/\/i2.wp.com\/batimedianews.com\/live\/wp-content\/uploads\/2022\/03\/image-506.png?w=1440 1440w\" sizes=\"(max-width: 600px) 91vw, (max-width: 900px) 600px, (max-width: 1060px) 50vw, (max-width: 1200px) 520px, (max-width: 1400px) 43vw, 600px\" data-recalc-dims=\"1\" \/><\/figure>\n\n\n\n<p><strong><em>La FNCCR : les services publics en r\u00e9seau&nbsp;<\/em><\/strong><\/p>\n\n\n\n<p><em>La F\u00e9d\u00e9ration nationale des collectivit\u00e9s conc\u00e9dantes et r\u00e9gies est une association de collectivit\u00e9s locales enti\u00e8rement d\u00e9volue \u00e0 l\u2019organisation et \u00e0 l\u2019am\u00e9lioration continue des services publics locaux (\u00e9nergie, eau, num\u00e9rique, d\u00e9chets). Organisme repr\u00e9sentatif, elle regroupe \u00e0 la fois des collectivit\u00e9s (communes, communaut\u00e9s, m\u00e9tropoles, syndicats d\u2019\u00e9nergie, d\u00e9partements, r\u00e9gions\u2026) qui d\u00e9l\u00e8guent les services publics et d\u2019autres qui les g\u00e8rent elles-m\u00eames (r\u00e9gies, SEM, coop\u00e9ratives d\u2019usagers\u2026). Elle rassemble plus de 800 collectivit\u00e9s regroupant 60 millions d\u2019habitants en France continentale mais \u00e9galement dans les zones non-interconnect\u00e9es et les territoires ultramarins.&nbsp;<\/em><\/p>\n\n\n\n<p><strong><em>Le Club Biogaz&nbsp;<\/em><\/strong><\/p>\n\n\n\n<p><em>Le Club Biogaz ATEE Interprofession du biogaz, le Club Biogaz a \u00e9t\u00e9 cr\u00e9\u00e9 au sein de l&rsquo;ATEE le 20 septembre 1999, par les pionniers de la fili\u00e8re. Il rassemble les principaux acteurs fran\u00e7ais concern\u00e9s par le biogaz et la m\u00e9thanisation. L\u2019objectif du Club Biogaz ATEE est de promouvoir le d\u00e9veloppement des diff\u00e9rentes fili\u00e8res de production et de valorisation. Le Club Biogaz compte 230 structures adh\u00e9rentes.&nbsp;<\/em><\/p>\n\n\n\n<p><strong><em>Association des agriculteurs m\u00e9thaniseurs de France (AAMF)&nbsp;<\/em><\/strong><\/p>\n\n\n\n<p><em>Cr\u00e9\u00e9e en 2010, l\u2019Association des Agriculteurs M\u00e9thaniseurs de France (AAMF) a pour vocation de f\u00e9d\u00e9rer, repr\u00e9senter et d\u00e9fendre les int\u00e9r\u00eats de la m\u00e9thanisation agricole. Elle met en relation les exploitants mais \u00e9galement les porteurs de projets au travers de rencontres et de groupes de travail (injection, charte, digestat, CIVE \u2026) L\u2019association compte plus de 450 adh\u00e9rents r\u00e9partis dans toute la France et travaille en collaboration avec les acteurs de la fili\u00e8re, le monde de la recherche, la profession agricole\u2026&nbsp;<\/em><\/p>\n\n\n\n<p><strong><em>France Gaz Renouvelables&nbsp;<\/em><\/strong><\/p>\n\n\n\n<p><em>Cr\u00e9\u00e9e en 2018, l\u2019association France gaz renouvelables rassemble l\u2019AAMF, Biogaz vall\u00e9e\u00ae, Co\u00e9nove, les Chambres d\u2019Agriculture France, la FNSEA, le Club Biogaz ATEE, Eiffel gaz vert, la FNCCR, France biom\u00e9thane, GRDF, GRTgaz, Storengy, Swen Capital Partners et Terega. Elle a pour objectif de promouvoir la place des gaz verts dans le mix \u00e9nerg\u00e9tique fran\u00e7ais. Ouverte et \u00e0 but non lucratif, FGR entend f\u00e9d\u00e9rer les diff\u00e9rentes initiatives li\u00e9es \u00e0 l\u2019essor des gaz renouvelables et permettre la cr\u00e9ation d\u2019un \u00e9cosyst\u00e8me au sein duquel le monde agricole et le monde de l\u2019\u00e9nergie seront au service des territoires et de la transition \u00e9nerg\u00e9tique.&nbsp;<\/em><\/p>\n\n\n\n<p><strong><em>Le CLER&nbsp;<\/em><\/strong><\/p>\n\n\n\n<p><em>Le CLER R\u00e9seau pour la transition \u00e9nerg\u00e9tique est une association qui regroupe plus de 300 structures (associations,&nbsp;entreprises, collectivit\u00e9s) engag\u00e9es dans la mise en oeuvre d\u2019une transition \u00e9nerg\u00e9tique ambitieuse partout en France.&nbsp;<\/em><\/p>\n\n\n\n<p><strong><em>Chambres d\u2019Agriculture France&nbsp;<\/em><\/strong><\/p>\n\n\n\n<p><em>Cr\u00e9\u00e9es en 1924, les Chambres d\u2019agriculture constituent aujourd\u2019hui un r\u00e9seau au service du d\u00e9veloppement des agricultures et des territoires. Elles accompagnent les agriculteurs, sur les aspects techniques, \u00e9conomiques, environnementaux et r\u00e9glementaires et contribuent au dynamisme \u00e9conomique des territoires en lien avec les pouvoirs publics et les collectivit\u00e9s locales. Fortes de leur l\u00e9gitimit\u00e9 de terrain, des 4 000 \u00e9lus professionnels qui les administrent, de pr\u00e8s de 8 000 collaborateurs, les Chambres d\u2019agriculture, \u00e9tablissements publics, repr\u00e9sentent l\u2019ensemble des acteurs du monde agricole, rural et forestier.&nbsp;<\/em><\/p>\n\n\n\n<p><strong><em>FNSEA&nbsp;<\/em><\/strong><\/p>\n\n\n\n<p><em>Fond\u00e9e en 1946, la F\u00e9d\u00e9ration Nationale des Syndicats d\u2019Exploitants Agricoles (FNSEA), premier syndicat agricole fran\u00e7ais, rassemble l\u2019ensemble des productions de toutes les r\u00e9gions. Avec 31 associations sp\u00e9cialis\u00e9es (c\u00e9r\u00e9ales, lait, viandes, fruits et l\u00e9gumes, etc.) et plus de 212 000 adh\u00e9rents, elle se bat pour accompagner les paysans Fran\u00e7ais dans leurs projets et trouver des solutions \u00e0 leurs difficult\u00e9s quelle que soit la taille de leur exploitation, leur mode de production, leurs signes de qualit\u00e9 ou circuits de commercialisation (circuits courts, restauration, exportation\u2026).&nbsp;<\/em><\/p>\n","protected":false},"excerpt":{"rendered":"<p>La crise actuelle de l\u2019\u00e9nergie met en lumi\u00e8re toute l\u2019importance des \u00e9nergies renouvelables dans le mix-\u00e9nerg\u00e9tique fran\u00e7ais. Son impact se traduit pour toutes les \u00e9nergies, p\u00e9trole, gaz et \u00e9lectricit\u00e9. La fili\u00e8re biogaz, en d\u00e9veloppement depuis 10 ans, participe d\u00e9j\u00e0 \u00e0 l\u2019ind\u00e9pendance \u00e9nerg\u00e9tique de la France, avec une capacit\u00e9 install\u00e9e couvrant 3 % de la consommation [&hellip;]<\/p>\n","protected":false},"author":41,"featured_media":17813,"comment_status":"open","ping_status":"open","sticky":false,"template":"","format":"standard","meta":{"spay_email":""},"categories":[4],"tags":[1729,1731],"jetpack_featured_media_url":"https:\/\/i1.wp.com\/batimedianews.com\/live\/wp-content\/uploads\/2022\/03\/FNCCR-Article.jpg?fit=1224%2C512&ssl=1","jetpack_sharing_enabled":true,"jetpack_likes_enabled":true,"jetpack-related-posts":[{"id":15730,"url":"https:\/\/batimedianews.com\/live\/index.php\/2022\/02\/08\/six-mesures-en-faveur-de-la-transition-energetique-des-territoires-france-gaz-liquides-sadresse-aux-candidats-a-lelection-presidentielle-2022\/","url_meta":{"origin":17810,"position":0},"title":"Six mesures en faveur de la transition \u00e9nerg\u00e9tique des territoires : France Gaz Liquides s\u2019adresse aux candidats \u00e0 l\u2019\u00e9lection pr\u00e9sidentielle 2022","date":"8 f\u00e9vrier 2022","format":false,"excerpt":"France Gaz Liquides d\u00e9voile aujourd\u2019hui ses propositions \u00e0 l'attention des candidats \u00e0 l'\u00e9lection pr\u00e9sidentielle 2022, visant \u00e0 contribuer \u00e0 la d\u00e9carbonation de l'\u00e9conomie, notamment dans les territoires non desservis par le gaz naturel. A travers ces 6 mesures, applicables imm\u00e9diatement, l\u2019objectif est d'accompagner les Fran\u00e7ais, les industriels et les professionnels\u2026","rel":"","context":"Dans &quot;Actualit\u00e9 Entreprises&quot;","img":{"alt_text":"","src":"https:\/\/i1.wp.com\/batimedianews.com\/live\/wp-content\/uploads\/2022\/02\/FranceLiquideLiquide-Article.jpg?fit=512%2C512&ssl=1&resize=350%2C200","width":350,"height":200},"classes":[]},{"id":18303,"url":"https:\/\/batimedianews.com\/live\/index.php\/2022\/03\/28\/bouyerleroux\/","url_meta":{"origin":17810,"position":1},"title":"LES SITES DE PRODUCTION BOUYER LEROUX D\u00c9J\u00c0\u2002 DECARBON\u00c9S \u2002\u00c0 45% CONFIRMENT LEUR TRANSITION \u00c9NERG\u00c9TIQUE","date":"28 mars 2022","format":false,"excerpt":"Bouyer Leroux a depuis de nombreuses ann\u00c9es pris conscience des enjeux environnementaux et \u2002\u00e9conomiques li\u00e9s \u00e0 l\u2019utilisation d\u2019\u00e9nergie fossile. En ce printemps 2022, face \u00e0 la flamb\u00e9e des prix des \u00e9nergies, sa strat\u00e9gie de d\u00e9veloppement durable renforc\u00e9e en 2018 par un ambitieux programme de d\u00e9carbonation permet, aujourd\u2019hui, de limiter l\u2019impact\u2026","rel":"","context":"Dans &quot;Actualit\u00e9 Entreprises&quot;","img":{"alt_text":"","src":"https:\/\/i1.wp.com\/batimedianews.com\/live\/wp-content\/uploads\/2022\/03\/image_bouyerleroux.png?fit=462%2C462&ssl=1&resize=350%2C200","width":350,"height":200},"classes":[]},{"id":27099,"url":"https:\/\/batimedianews.com\/live\/index.php\/2023\/03\/20\/interdire-les-chaudieres-au-gaz-dans-les-logements\/","url_meta":{"origin":17810,"position":2},"title":"Interdire les chaudi\u00e8res au gaz dans les logements","date":"20 mars 2023","format":false,"excerpt":"\u00a0La fausse bonne id\u00e9e pour l\u2019avenir \u00e9nerg\u00e9tique de la France\u00a0 Alors que le Gouvernement envisage d\u2019interdire les chaudi\u00e8res au gaz individuelles \u00e0 tr\u00e8s court terme, la FNCCR rappelle que, si notre ind\u00e9pendance au gaz fossile demeure un enjeu strat\u00e9gique, les gaz renouvelables constituent une cl\u00e9 de la d\u00e9carbonation et de\u2026","rel":"","context":"Dans &quot;Actualit\u00e9 Entreprises&quot;","img":{"alt_text":"","src":"https:\/\/i2.wp.com\/batimedianews.com\/live\/wp-content\/uploads\/2023\/03\/FNCCR-Article.jpg?fit=1080%2C1080&ssl=1&resize=350%2C200","width":350,"height":200},"classes":[]},{"id":37515,"url":"https:\/\/batimedianews.com\/live\/index.php\/2024\/05\/28\/le-gaz-vert-une-energie-durable-qui-a-toute-sa-place-dans-le-batiment\/","url_meta":{"origin":17810,"position":3},"title":"Le gaz vert, une \u00e9nergie durable qui a toute sa place dans le b\u00e2timent","date":"28 mai 2024","format":false,"excerpt":"Depuis la fin avril, le com\u00e9dien Jamel Debbouze est \u00e0 l\u2019affiche d\u2019une publicit\u00e9 humoristique visant \u00e0 sensibiliser le grand public sur le gaz vert. Port\u00e9e par Co\u00e9nove, France Gaz Renouvelables, GRDF et Professionnels du Gaz, la campagne publicitaire capitalise sur la popularit\u00e9 du com\u00e9dien, personnalit\u00e9 pr\u00e9f\u00e9r\u00e9e des Fran\u00e7ais, afin de\u2026","rel":"","context":"Dans &quot;b\u00e2timent&quot;","img":{"alt_text":"","src":"https:\/\/i0.wp.com\/batimedianews.com\/live\/wp-content\/uploads\/2024\/05\/coenove.jpg?fit=825%2C825&ssl=1&resize=350%2C200","width":350,"height":200},"classes":[]},{"id":33465,"url":"https:\/\/batimedianews.com\/live\/index.php\/2023\/12\/01\/elm-leblanc-sengage-pour-lavenir-avec-100-de-ses-chaudieres-compatibles-gaz-vert\/","url_meta":{"origin":17810,"position":4},"title":"elm.leblanc s\u2019engage pour l\u2019avenir avec 100 % de ses chaudi\u00e8res compatibles gaz vert","date":"1 d\u00e9cembre 2023","format":false,"excerpt":"En tant que fabricant historique de chaudi\u00e8res gaz, elm.leblanc recherche et d\u00e9veloppe des solutions pour atteindre les objectifs de la politique de transition \u00e9nerg\u00e9tique, notamment de neutralit\u00e9 carbone, d\u00e9finis au niveau national et europ\u00e9en. Engag\u00e9 pour un verdissement du gaz, elm.leblanc propose l\u2019ensemble de sa gamme compatible avec le biom\u00e9thane.\u2026","rel":"","context":"Dans &quot;Actualit\u00e9 Entreprises&quot;","img":{"alt_text":"","src":"https:\/\/i0.wp.com\/batimedianews.com\/live\/wp-content\/uploads\/2023\/11\/elm-leblancImage-articles-.jpg?fit=825%2C825&ssl=1&resize=350%2C200","width":350,"height":200},"classes":[]},{"id":26224,"url":"https:\/\/batimedianews.com\/live\/index.php\/2023\/02\/16\/supervan-devoile-fleet-sa-nouvelle-flotte-dutilitaires-electriques-et-de-poids-lourds-biogaz-pour-accelerer-la-transition-energetique\/","url_meta":{"origin":17810,"position":5},"title":"Supervan d\u00e9voile FLEET, sa nouvelle flotte d&rsquo;utilitaires \u00e9lectriques et de poids lourds biogaz pour acc\u00e9l\u00e9rer la transition \u00e9nerg\u00e9tique","date":"16 f\u00e9vrier 2023","format":false,"excerpt":"Apr\u00e8s une phase de test r\u00e9ussie, Supervan annonce aujourd'hui la mise \u00e0 disposition en location d'une flotte de v\u00e9hicules utilitaires \u00e9lectriques \u00e0 destination de ses transporteurs partenaires.Gr\u00e2ce \u00e0 ses v\u00e9hicules nouvelle g\u00e9n\u00e9ration dot\u00e9s d'une autonomie de pr\u00e8s de 300 km, Supervan FLEET offre une v\u00e9ritable alternative aux v\u00e9hicules thermiques traditionnellement\u2026","rel":"","context":"Dans &quot;Transition Energ\u00e9tique&quot;","img":{"alt_text":"","src":"https:\/\/i2.wp.com\/batimedianews.com\/live\/wp-content\/uploads\/2023\/02\/SupervanArticle.jpg?fit=1080%2C1080&ssl=1&resize=350%2C200","width":350,"height":200},"classes":[]}],"_links":{"self":[{"href":"https:\/\/batimedianews.com\/live\/index.php\/wp-json\/wp\/v2\/posts\/17810"}],"collection":[{"href":"https:\/\/batimedianews.com\/live\/index.php\/wp-json\/wp\/v2\/posts"}],"about":[{"href":"https:\/\/batimedianews.com\/live\/index.php\/wp-json\/wp\/v2\/types\/post"}],"author":[{"embeddable":true,"href":"https:\/\/batimedianews.com\/live\/index.php\/wp-json\/wp\/v2\/users\/41"}],"replies":[{"embeddable":true,"href":"https:\/\/batimedianews.com\/live\/index.php\/wp-json\/wp\/v2\/comments?post=17810"}],"version-history":[{"count":4,"href":"https:\/\/batimedianews.com\/live\/index.php\/wp-json\/wp\/v2\/posts\/17810\/revisions"}],"predecessor-version":[{"id":17825,"href":"https:\/\/batimedianews.com\/live\/index.php\/wp-json\/wp\/v2\/posts\/17810\/revisions\/17825"}],"wp:featuredmedia":[{"embeddable":true,"href":"https:\/\/batimedianews.com\/live\/index.php\/wp-json\/wp\/v2\/media\/17813"}],"wp:attachment":[{"href":"https:\/\/batimedianews.com\/live\/index.php\/wp-json\/wp\/v2\/media?parent=17810"}],"wp:term":[{"taxonomy":"category","embeddable":true,"href":"https:\/\/batimedianews.com\/live\/index.php\/wp-json\/wp\/v2\/categories?post=17810"},{"taxonomy":"post_tag","embeddable":true,"href":"https:\/\/batimedianews.com\/live\/index.php\/wp-json\/wp\/v2\/tags?post=17810"}],"curies":[{"name":"wp","href":"https:\/\/api.w.org\/{rel}","templated":true}]}}