{"id":17843,"date":"2022-03-23T20:33:27","date_gmt":"2022-03-23T19:33:27","guid":{"rendered":"http:\/\/batimedianews.com\/live\/?p=17843"},"modified":"2022-07-05T09:17:00","modified_gmt":"2022-07-05T07:17:00","slug":"passibat-les-solutions-techniques-a-la-consommation-denergie","status":"publish","type":"post","link":"https:\/\/batimedianews.com\/live\/index.php\/2022\/03\/23\/passibat-les-solutions-techniques-a-la-consommation-denergie\/","title":{"rendered":"Passi\u2019bat les solutions techniques \u00e0 la consommation d\u2019\u00e9nergie"},"content":{"rendered":"\n<figure class=\"wp-block-image size-large\"><img loading=\"lazy\" width=\"720\" height=\"201\" src=\"https:\/\/i0.wp.com\/batimedianews.com\/live\/wp-content\/uploads\/2022\/03\/image-508.png?resize=720%2C201\" alt=\"\" class=\"wp-image-17844\" srcset=\"https:\/\/i0.wp.com\/batimedianews.com\/live\/wp-content\/uploads\/2022\/03\/image-508.png?resize=1024%2C286&amp;ssl=1 1024w, https:\/\/i0.wp.com\/batimedianews.com\/live\/wp-content\/uploads\/2022\/03\/image-508.png?resize=600%2C168&amp;ssl=1 600w, https:\/\/i0.wp.com\/batimedianews.com\/live\/wp-content\/uploads\/2022\/03\/image-508.png?resize=768%2C215&amp;ssl=1 768w, https:\/\/i0.wp.com\/batimedianews.com\/live\/wp-content\/uploads\/2022\/03\/image-508.png?resize=10%2C3&amp;ssl=1 10w, https:\/\/i0.wp.com\/batimedianews.com\/live\/wp-content\/uploads\/2022\/03\/image-508.png?resize=432%2C121&amp;ssl=1 432w, https:\/\/i0.wp.com\/batimedianews.com\/live\/wp-content\/uploads\/2022\/03\/image-508.png?resize=396%2C111&amp;ssl=1 396w, https:\/\/i0.wp.com\/batimedianews.com\/live\/wp-content\/uploads\/2022\/03\/image-508.png?resize=1120%2C313&amp;ssl=1 1120w, https:\/\/i0.wp.com\/batimedianews.com\/live\/wp-content\/uploads\/2022\/03\/image-508.png?resize=660%2C184&amp;ssl=1 660w, https:\/\/i0.wp.com\/batimedianews.com\/live\/wp-content\/uploads\/2022\/03\/image-508.png?resize=710%2C198&amp;ssl=1 710w, https:\/\/i0.wp.com\/batimedianews.com\/live\/wp-content\/uploads\/2022\/03\/image-508.png?w=1496&amp;ssl=1 1496w, https:\/\/i0.wp.com\/batimedianews.com\/live\/wp-content\/uploads\/2022\/03\/image-508.png?w=1440 1440w\" sizes=\"(max-width: 600px) 91vw, (max-width: 900px) 600px, (max-width: 1060px) 50vw, (max-width: 1200px) 520px, (max-width: 1400px) 43vw, 600px\" data-recalc-dims=\"1\" \/><\/figure>\n\n\n\n<p class=\"has-text-align-center has-medium-font-size\"><strong>Les journ\u00e9es du B\u00e2timent Passif, positif et durable<br>les 12 et 13 avril au pavillon Baltard &#8211; Nogent sur Marne<\/strong><\/p>\n\n\n\n<p class=\"has-text-align-center has-text-color has-large-font-size\" style=\"color:#66a305\"><strong>\u00c0 vos agendas !<\/strong><\/p>\n\n\n\n<p>Alors que les interrogations quant au prix\u2002\u00e0 venir des \u00e9nergies s\u2019intensifient, Passi\u2019bat s\u2019affirme d\u00e9finitivement comme un rendez-vous unique en France, \u00e0 ne pas manquer ! Chaque ann\u00e9e, son Congr\u00e8s, les conf\u00e9rences, les Troph\u00e9es et surtout les professionnels pr\u00e9sents sur le salon, avec 3000 visiteurs lors de la derni\u00e8re \u00e9dition in vivo de 2019, attirent davantage de prescripteurs et d\u2019acheteurs qualifi\u00e9s.<\/p>\n\n\n\n<p class=\"has-background\" style=\"background-color:#60a300;font-size:18px\"><strong>Salon Passi\u2019bat 2022, le rendez-vous majeur du b\u00e2timent d\u2019aujourd\u2019hui et de demain<\/strong><\/p>\n\n\n\n<p><strong>Le standard passif : un b\u00e2timent sobre et efficace, base id\u00e9ale du b\u00e2timent \u00e0 \u00e9nergie positive<\/strong><\/p>\n\n\n\n<p>\u25cf Le salon Passi\u2019bat est le lieu de rencontre des concepteurs, des mat\u00e9riaux et des syst\u00e8mes destin\u00e9s \u00e0 la construction passive, pour le b\u00e2timent neuf comme pour la r\u00e9novation.<\/p>\n\n\n\n<p>\u25cf C\u2019est aussi \u00e0 Passi\u2019bat que les ma\u00eetres d\u2019ouvrages pourront d\u00e9couvrir des exemples de projets et des retours d\u2019exp\u00e9riences passifs et positifs d\u00e9monstrateurs.<\/p>\n\n\n\n<p>\u25cf Passi\u2019bat permet de recenser tous les acteurs du passif, les fabricants, diffuseurs et concepteurs. Il donne l\u2019occasion aux participants de voir les produits, de les tester, de les comparer, mais aussi de rencontrer les sp\u00e9cialistes et d\u2019\u00e9changer.<\/p>\n\n\n\n<p>\u25cf Un salon pour voir et rencontrer, un congr\u00e8s pour apprendre et se perfectionner.<\/p>\n\n\n\n<p><strong>Passi\u2019bat est aussi l\u2019occasion de d\u00e9couvrir comment, au-del\u00e0 du passif<\/strong><\/p>\n\n\n\n<p>\u25cf il est assez simple de parvenir \u00e0 un b\u00e2timent durable et positif<\/p>\n\n\n\n<p>\u25cf l\u2019usage de certains proc\u00e9d\u00e9s, mat\u00e9riaux et mat\u00e9riels, permet d\u2019atteindre le niveau passif EnerPHit en r\u00e9novation<\/p>\n\n\n\n<p class=\"has-background\" style=\"background-color:#60a300;font-size:18px\"><strong>Un salon professionnel avec des rendez-vous grand public \u00e0 ne pas manquer<\/strong><\/p>\n\n\n\n<p>Les conf\u00e9rences, propos\u00e9e en acc\u00e8s libre sur le salon, mettent en lumi\u00e8re les retours d\u2019exp\u00e9rience des acteurs du b\u00e2timent passif. Elles permettent, \u00e0 travers des cas pratiques de mieux s\u2019approprier la d\u00e9marche vers une construction ou une r\u00e9novation passive.<\/p>\n\n\n\n<p>Les circuits de visites Passi\u2019bat d\u00e9voilent les solutions pratiques pour parvenir \u00e0 la mise en \u0153uvre de b\u00e2timents exemplaires. \u00c0 partir du 14 avril ces circuits, au d\u00e9part de toute la M\u00e9tropole, permettront \u2002 chacun de d\u00e9couvrir des b\u00e2timents \u00e0 la pointe de la performance \u00e9nerg\u00e9tique en compagnie de leurs concepteurs et occupants.<\/p>\n\n\n\n<p class=\"has-background has-medium-font-size\" style=\"background-color:#60a300\"><strong>Focus sur six acteurs de la construction \/ r\u00e9novation passive<\/strong><\/p>\n\n\n\n<div class=\"wp-block-image\"><figure class=\"alignleft size-large is-resized\"><img loading=\"lazy\" src=\"https:\/\/i0.wp.com\/batimedianews.com\/live\/wp-content\/uploads\/2022\/03\/image-509.png?resize=223%2C144\" alt=\"\" class=\"wp-image-17845\" width=\"223\" height=\"144\" srcset=\"https:\/\/i0.wp.com\/batimedianews.com\/live\/wp-content\/uploads\/2022\/03\/image-509.png?w=446&amp;ssl=1 446w, https:\/\/i0.wp.com\/batimedianews.com\/live\/wp-content\/uploads\/2022\/03\/image-509.png?resize=10%2C6&amp;ssl=1 10w, https:\/\/i0.wp.com\/batimedianews.com\/live\/wp-content\/uploads\/2022\/03\/image-509.png?resize=432%2C279&amp;ssl=1 432w, https:\/\/i0.wp.com\/batimedianews.com\/live\/wp-content\/uploads\/2022\/03\/image-509.png?resize=396%2C256&amp;ssl=1 396w, https:\/\/i0.wp.com\/batimedianews.com\/live\/wp-content\/uploads\/2022\/03\/image-509.png?resize=341%2C220&amp;ssl=1 341w\" sizes=\"(max-width: 600px) 91vw, (max-width: 900px) 600px, (max-width: 1060px) 50vw, (max-width: 1200px) 520px, (max-width: 1400px) 43vw, 600px\" data-recalc-dims=\"1\" \/><\/figure><\/div>\n\n\n\n<p><strong>Constructeur<\/strong> &#8211; EcoXia<strong>\u00ae<\/strong>\u2002est une entreprise innovante de l\u2019\u00e9co-construction neuve. Elle a \u00e9t\u00e9 cr\u00e9\u00e9e en 2011 afin de d\u00e9mocratiser les b\u00e2timents \u00e0 \u00e9nergie positive (BEPos). Apr\u00e8s des ann\u00e9es de recherche et d\u00e9veloppement, ecoXia<strong>\u00ae<\/strong> a mis au point le syst\u00e8me constructif de l\u2019Enveloppe Intelligente<strong>\u00ae<\/strong>. L\u2019id\u00e9e est simple mais innovante et efficace : regrouper dans un macro-lot, unique en conception-construction, l\u2019essentiel des travaux qui font la performance\u2002\u00e9nerg\u00e9tique des b\u00e2timents \u00e0 construire. \u00c0 la diff\u00e9rence des entreprises traditionnelles, ecoXia<strong>\u00ae<\/strong> pr\u00e9fabrique en usine l\u2019essentiel de la superstructure. La maquette num\u00e9rique du b\u00e2timent (BIM) se mat\u00e9rialise en atelier sous forme de caissons alors que l\u2019infrastructure &#8211; fondations &#8211; est r\u00e9alis\u00e9e sur le chantier.<\/p>\n\n\n\n<div class=\"wp-block-image\"><figure class=\"alignleft size-large is-resized\"><img loading=\"lazy\" src=\"https:\/\/i0.wp.com\/batimedianews.com\/live\/wp-content\/uploads\/2022\/03\/image-511.png?resize=183%2C169\" alt=\"\" class=\"wp-image-17850\" width=\"183\" height=\"169\" srcset=\"https:\/\/i0.wp.com\/batimedianews.com\/live\/wp-content\/uploads\/2022\/03\/image-511.png?w=446&amp;ssl=1 446w, https:\/\/i0.wp.com\/batimedianews.com\/live\/wp-content\/uploads\/2022\/03\/image-511.png?resize=10%2C10&amp;ssl=1 10w, https:\/\/i0.wp.com\/batimedianews.com\/live\/wp-content\/uploads\/2022\/03\/image-511.png?resize=432%2C399&amp;ssl=1 432w, https:\/\/i0.wp.com\/batimedianews.com\/live\/wp-content\/uploads\/2022\/03\/image-511.png?resize=396%2C366&amp;ssl=1 396w, https:\/\/i0.wp.com\/batimedianews.com\/live\/wp-content\/uploads\/2022\/03\/image-511.png?resize=238%2C220&amp;ssl=1 238w\" sizes=\"(max-width: 600px) 91vw, (max-width: 900px) 600px, (max-width: 1060px) 50vw, (max-width: 1200px) 520px, (max-width: 1400px) 43vw, 600px\" data-recalc-dims=\"1\" \/><\/figure><\/div>\n\n\n\n<p><strong>Ventilation double-flux<\/strong> &#8211; Depuis 1974 la soci\u00e9t\u00e9  <strong>Nilan<\/strong> con\u00e7oit et fabrique au Danemark des solutions de ventilation hautes performances, alliant une double r\u00e9cup\u00e9ration d\u2019\u00e9nergie &#8211; passive et thermodynamique. Les appareils de ventilation double flux et pompes \u00e0 chaleur \u00e0 faible consommation Nilan constituent un bon investissement en raison de leur longue dur\u00e9e de vie \u00e9conomique et technique. Gr\u00e2ce \u00e0 une technologie d\u2019avant-garde, nos appareils fonctionneront toujours dans trente ans. Avec un appareil Nilan, vous b\u00e9n\u00e9ficiez d\u2019un produit dont la dur\u00e9e de vie suit celle du b\u00e2timent, il s\u2019agit donc d\u2019un produit efficace et au co\u00fbt d\u2019entretien particuli\u00e8rement bas.<\/p>\n\n\n\n<div class=\"wp-block-image\"><figure class=\"alignleft size-large\"><img loading=\"lazy\" width=\"468\" height=\"244\" src=\"https:\/\/i2.wp.com\/batimedianews.com\/live\/wp-content\/uploads\/2022\/03\/image-513.png?resize=468%2C244\" alt=\"\" class=\"wp-image-17852\" srcset=\"https:\/\/i2.wp.com\/batimedianews.com\/live\/wp-content\/uploads\/2022\/03\/image-513.png?w=468&amp;ssl=1 468w, https:\/\/i2.wp.com\/batimedianews.com\/live\/wp-content\/uploads\/2022\/03\/image-513.png?resize=10%2C5&amp;ssl=1 10w, https:\/\/i2.wp.com\/batimedianews.com\/live\/wp-content\/uploads\/2022\/03\/image-513.png?resize=432%2C225&amp;ssl=1 432w, https:\/\/i2.wp.com\/batimedianews.com\/live\/wp-content\/uploads\/2022\/03\/image-513.png?resize=396%2C206&amp;ssl=1 396w, https:\/\/i2.wp.com\/batimedianews.com\/live\/wp-content\/uploads\/2022\/03\/image-513.png?resize=422%2C220&amp;ssl=1 422w\" sizes=\"(max-width: 600px) 91vw, (max-width: 900px) 600px, (max-width: 1060px) 50vw, (max-width: 1200px) 520px, (max-width: 1400px) 43vw, 600px\" data-recalc-dims=\"1\" \/><\/figure><\/div>\n\n\n\n<p><strong>Profil\u00e9s aluminium <\/strong>&#8211; <strong>Heroal<\/strong> est une entreprise sp\u00e9cialis\u00e9e dans la fabrication et la conception de profil\u00e9s en aluminium pour fen\u00eatres, portes, fa\u00e7ades, volets roulants, portes roulantes et protections solaires. Forte de son exp\u00e9rience de 40 ans, Heroal garantit des produits \u00e0  la pointe de la technologie. L\u2019entreprise dispose de toute une gamme de syst\u00e8mes de portes et fen\u00eatres en aluminium certifi\u00e9s pour les maisons passives. Elle mise particuli\u00e8rement sur la qualit\u00e9, la r\u00e9sistance et la durabilit\u00e9 de ses produits, les profilages offrent une isolation thermique et une protection phonique de haute performance. Utilisant l\u2019aluminium provenant du recyclage ainsi que les mati\u00e8res premi\u00e8res renouvelables, les produits sont garantis respectueux l\u2019environnement et participant \u00e0 sa pr\u00e9servation. Gr\u00e2ce \u00e0 ses standards environnementaux \u00e9lev\u00e9s, l\u2019entreprise a pu gagner en notori\u00e9t\u00e9 et commercialiser ses produits dans diff\u00e9rents pays.<\/p>\n\n\n\n<div class=\"wp-block-image\"><figure class=\"alignleft size-large is-resized\"><img loading=\"lazy\" src=\"https:\/\/i1.wp.com\/batimedianews.com\/live\/wp-content\/uploads\/2022\/03\/image-514.png?resize=192%2C123\" alt=\"\" class=\"wp-image-17853\" width=\"192\" height=\"123\" srcset=\"https:\/\/i1.wp.com\/batimedianews.com\/live\/wp-content\/uploads\/2022\/03\/image-514.png?w=464&amp;ssl=1 464w, https:\/\/i1.wp.com\/batimedianews.com\/live\/wp-content\/uploads\/2022\/03\/image-514.png?resize=10%2C6&amp;ssl=1 10w, https:\/\/i1.wp.com\/batimedianews.com\/live\/wp-content\/uploads\/2022\/03\/image-514.png?resize=432%2C277&amp;ssl=1 432w, https:\/\/i1.wp.com\/batimedianews.com\/live\/wp-content\/uploads\/2022\/03\/image-514.png?resize=396%2C254&amp;ssl=1 396w, https:\/\/i1.wp.com\/batimedianews.com\/live\/wp-content\/uploads\/2022\/03\/image-514.png?resize=343%2C220&amp;ssl=1 343w\" sizes=\"(max-width: 600px) 91vw, (max-width: 900px) 600px, (max-width: 1060px) 50vw, (max-width: 1200px) 520px, (max-width: 1400px) 43vw, 600px\" data-recalc-dims=\"1\" \/><\/figure><\/div>\n\n\n\n<p><strong>Etanch\u00e9it\u00e9<\/strong> &#8211; Moll bau\u00f6kologische Produkte GmbH est concepteur et fabricant du syst\u00e8me d\u2019\u00e9tanch\u00e9it\u00e9\u2002\u00e0\u2002 l\u2019air et au vent pro clima<strong>\u00ae<\/strong>. Reconnu comme leader du d\u00e9veloppement et de la production de membranes hygro variables de haute qualit\u00e9 pour l\u2019isolation thermique, pro clima<strong>\u00ae<\/strong> offre un syst\u00e8me global et certifi\u00e9 de composants parfaitement adapt\u00e9s les uns aux autres, assurant ainsi la garantie dune isolation efficace et sans d\u00e9g\u00e2t du b\u00e2timent. Fabricant du frein-vapeur INTELLO<strong>\u00ae<\/strong> sous Avis Technique du CSTB.<\/p>\n\n\n\n<div class=\"wp-block-image\"><figure class=\"alignleft size-large is-resized\"><img loading=\"lazy\" src=\"https:\/\/i2.wp.com\/batimedianews.com\/live\/wp-content\/uploads\/2022\/03\/image-515.png?resize=235%2C146\" alt=\"\" class=\"wp-image-17854\" width=\"235\" height=\"146\" srcset=\"https:\/\/i2.wp.com\/batimedianews.com\/live\/wp-content\/uploads\/2022\/03\/image-515.png?w=464&amp;ssl=1 464w, https:\/\/i2.wp.com\/batimedianews.com\/live\/wp-content\/uploads\/2022\/03\/image-515.png?resize=10%2C6&amp;ssl=1 10w, https:\/\/i2.wp.com\/batimedianews.com\/live\/wp-content\/uploads\/2022\/03\/image-515.png?resize=432%2C268&amp;ssl=1 432w, https:\/\/i2.wp.com\/batimedianews.com\/live\/wp-content\/uploads\/2022\/03\/image-515.png?resize=396%2C246&amp;ssl=1 396w, https:\/\/i2.wp.com\/batimedianews.com\/live\/wp-content\/uploads\/2022\/03\/image-515.png?resize=354%2C220&amp;ssl=1 354w\" sizes=\"(max-width: 600px) 91vw, (max-width: 900px) 600px, (max-width: 1060px) 50vw, (max-width: 1200px) 520px, (max-width: 1400px) 43vw, 600px\" data-recalc-dims=\"1\" \/><\/figure><\/div>\n\n\n\n<p><strong>Architecture<\/strong> &#8211; L\u2019 <strong>Atelier d\u2019 Architecture Rivat<\/strong> est sp\u00e9cialis\u00e9 dans la construction et r\u00e9novation passive d\u00e9carbon\u00e9e. Une \u00e9quipe de 20 personnes dont 9 dipl\u00f4m\u00e9es CEPH ont particip\u00e9 \u00e0 la construction de 25 b\u00e2timents passifs certifi\u00e9s, dont le plus gros b\u00e2timent hospitalier et la plus grosse r\u00e9novation tertiaire passifs en France. Parmi eux, 7 sont instrument\u00e9s et permettant d\u2019alimenter la Recherche et le d\u00e9veloppement. 18 op\u00e9rations sont en cours d\u2019\u00e9tude et de chantier.<\/p>\n\n\n\n<div class=\"wp-block-image\"><figure class=\"alignleft size-large is-resized\"><img loading=\"lazy\" src=\"https:\/\/i1.wp.com\/batimedianews.com\/live\/wp-content\/uploads\/2022\/03\/image-516.png?resize=218%2C232\" alt=\"\" class=\"wp-image-17855\" width=\"218\" height=\"232\" srcset=\"https:\/\/i1.wp.com\/batimedianews.com\/live\/wp-content\/uploads\/2022\/03\/image-516.png?w=360&amp;ssl=1 360w, https:\/\/i1.wp.com\/batimedianews.com\/live\/wp-content\/uploads\/2022\/03\/image-516.png?resize=10%2C10&amp;ssl=1 10w, https:\/\/i1.wp.com\/batimedianews.com\/live\/wp-content\/uploads\/2022\/03\/image-516.png?resize=206%2C220&amp;ssl=1 206w\" sizes=\"(max-width: 600px) 91vw, (max-width: 900px) 600px, (max-width: 1060px) 50vw, (max-width: 1200px) 520px, (max-width: 1400px) 43vw, 600px\" data-recalc-dims=\"1\" \/><\/figure><\/div>\n\n\n\n<p><strong>Fen\u00eatres<\/strong> &#8211; Cr\u00e9ateur fabricant de menuiseries hybrides depuis plus de 30 ans, <strong>Minco<\/strong> place l\u2019habitat passif au coeur de ses innovations depuis pr\u00e8s de 20 ans. Salu\u00e9 par la profession en 2018 pour la cr\u00e9ation de la fen\u00eatre Lumia certifi\u00e9e par le Passivhaus Institut, la soci\u00e9t\u00e9 a con\u00e7u la premi\u00e8re baie levante coulissante certifi\u00e9e passive en France fin 2021. Minco valorise, fiabilise et innove par ses solutions ultra performantes et respectueuses de l\u2019environnement. La nouvelle baie \u00e0 \u00e9levage Hybride certifi\u00e9e Passivhaus est une solution biosourc\u00e9e unique, con\u00e7ue et fabriqu\u00e9e en France ! Cette nouvelle conception, extr\u00eamement performante et d\u00e9di\u00e9e\u2002\u00e0 l\u2019habitat durable offre une r\u00e9ponse architecturale audacieuse !<\/p>\n","protected":false},"excerpt":{"rendered":"<p>Les journ\u00e9es du B\u00e2timent Passif, positif et durableles 12 et 13 avril au pavillon Baltard &#8211; Nogent sur Marne \u00c0 vos agendas ! Alors que les interrogations quant au prix\u2002\u00e0 venir des \u00e9nergies s\u2019intensifient, Passi\u2019bat s\u2019affirme d\u00e9finitivement comme un rendez-vous unique en France, \u00e0 ne pas manquer ! Chaque ann\u00e9e, son Congr\u00e8s, les conf\u00e9rences, les [&hellip;]<\/p>\n","protected":false},"author":41,"featured_media":17857,"comment_status":"open","ping_status":"open","sticky":false,"template":"","format":"standard","meta":{"spay_email":""},"categories":[4,1364,19,1758],"tags":[1740,1741],"jetpack_featured_media_url":"https:\/\/i1.wp.com\/batimedianews.com\/live\/wp-content\/uploads\/2022\/03\/LaMaisonPassive-Article.jpg?fit=1224%2C512&ssl=1","jetpack_sharing_enabled":true,"jetpack_likes_enabled":true,"jetpack-related-posts":[{"id":36418,"url":"https:\/\/batimedianews.com\/live\/index.php\/2024\/03\/22\/passibat-2024-fatoumata-kone-marraine-de-la-prochaine-edition\/","url_meta":{"origin":17843,"position":0},"title":"Passibat\u2019 2024 : Fatoumata Kon\u00e9, marraine de la prochaine \u00e9dition !","date":"22 mars 2024","format":false,"excerpt":"Madame Fatoumata Kon\u00e9, Pr\u00e9sidente de l'Agence Parisienne du Climat et Pr\u00e9sidente du groupe Les \u00c9cologistes au Conseil de Paris, Marraine de Passibat' 2024 ! Nous sommes tr\u00e8s fiers de vous annoncer que Madame Fatoumata Kon\u00e9, Pr\u00e9sidente de l'Agence Parisienne du Climat et Pr\u00e9sidente du groupe. Les \u00c9cologistes au Conseil de\u2026","rel":"","context":"Dans &quot;Actualit\u00e9 Entreprises&quot;","img":{"alt_text":"","src":"https:\/\/i1.wp.com\/batimedianews.com\/live\/wp-content\/uploads\/2024\/03\/Passibat1.jpg?fit=825%2C825&ssl=1&resize=350%2C200","width":350,"height":200},"classes":[]},{"id":16618,"url":"https:\/\/batimedianews.com\/live\/index.php\/2022\/03\/02\/lenergie-la-moins-chere-est-celle-quon-ne-consomme-pas-batiment-passif-le-vrai-bouclier-tarifaire\/","url_meta":{"origin":17843,"position":1},"title":"L\u2019Energie la moins ch\u00e8re est celle qu\u2019on ne consomme pas ! B\u00e2timent Passif : le vrai bouclier tarifaire","date":"2 mars 2022","format":false,"excerpt":"Image d\u2019une thermographie : avant r\u00e9novation ( \u00e0 gauche) et apr\u00e8s r\u00e9novation passive (\u00e0 droite). Les couleurs chaudes repr\u00e9sentent les d\u00e9perditions d\u2019\u00e9nergie. Elles ont \u00e9t\u00e9 largement supprim\u00e9es apr\u00e8s r\u00e9novation. Les prix de l\u2019\u00e9nergie grimpent, cons\u00e9quence de la reprise \u00e9conomique mondiale et de notre d\u00e9pendance \u00e9nerg\u00e9tique. Contre 44,5 % d\u2019augmentation pr\u00e9vue\u2026","rel":"","context":"Dans &quot;Actualit\u00e9 Entreprises&quot;","img":{"alt_text":"","src":"https:\/\/i2.wp.com\/batimedianews.com\/live\/wp-content\/uploads\/2022\/02\/La-Maison-Passive-Article.jpg?fit=512%2C512&ssl=1&resize=350%2C200","width":350,"height":200},"classes":[]},{"id":34245,"url":"https:\/\/batimedianews.com\/live\/index.php\/2024\/01\/11\/le-salon-du-batiment-bioclimatique-et-de-la-sobriete-energetique\/","url_meta":{"origin":17843,"position":2},"title":"Le salon du b\u00e2timent bioclimatique et de la sobri\u00e9t\u00e9 \u00e9nerg\u00e9tique","date":"11 janvier 2024","format":false,"excerpt":"Passibat\u2019 LE SALON DU B\u00c2TIMENT BIOCLIMATIQUE ET DE LA SOBRI\u00c9T\u00c9 \u00c9NERG\u00c9TIQUE Seule manifestation nationale 100 % consacr\u00e9e au b\u00e2timent passif, positif et durable en France, Passibat\u2019 est le rendez-vous incontournable de tous les acteurs de la sobri\u00e9t\u00e9 \u00e9nerg\u00e9tique, qu\u2019ils soient professionnels du b\u00e2timent ou ma\u00eetres d\u2019ouvrages. Organis\u00e9e par l\u2019association La\u2026","rel":"","context":"Dans &quot;Actualit\u00e9s salons&quot;","img":{"alt_text":"","src":"https:\/\/i1.wp.com\/batimedianews.com\/live\/wp-content\/uploads\/2024\/01\/Passibat.jpg?fit=825%2C825&ssl=1&resize=350%2C200","width":350,"height":200},"classes":[]},{"id":27454,"url":"https:\/\/batimedianews.com\/live\/index.php\/2023\/04\/05\/mars-2023-est-le-mois-du-passif\/","url_meta":{"origin":17843,"position":3},"title":"Mars 2023 est le mois du Passif","date":"5 avril 2023","format":false,"excerpt":"Deux manifestations \u2013 le congr\u00e8s Passihaus annuel \u00e0 Wiesbaden, Passi\u2019Bat \u00e0 Nogent-sur-Marne \u2013 offrent l\u2019occasion de faire un point sur les progr\u00e8s de la construction passive en France et en Europe. Pascal Poggi pour Batim\u00e9dia Ce b\u00e2timent passif de 40 logements sociaux, construit \u00e0 Rennes en 2017 pour Espacil Habitat,\u2026","rel":"","context":"Dans &quot;Actualit\u00e9 Entreprises&quot;","img":{"alt_text":"","src":"https:\/\/i2.wp.com\/batimedianews.com\/live\/wp-content\/uploads\/2023\/04\/passif-article-1.jpeg?fit=1200%2C1200&ssl=1&resize=350%2C200","width":350,"height":200},"classes":[]},{"id":36502,"url":"https:\/\/batimedianews.com\/live\/index.php\/2024\/03\/25\/passibat-se-tient-au-pavillon-baltard-de-nogent-sur-marne-les-26-et-27-mars-2024\/","url_meta":{"origin":17843,"position":4},"title":"Passibat\u2019 se tient au Pavillon Baltard de Nogent-sur-Marne les 26 et 27 mars 2024","date":"25 mars 2024","format":false,"excerpt":"Pascal poggi pour batim\u00e9dia Organis\u00e9 par l\u2019association La Maison du Passif, Passibat\u2019 est la manifestation annuelle en France sur le b\u00e2timent bioclimatique et la sobri\u00e9t\u00e9 \u00e9nerg\u00e9tique, au sens du standard Passivhaus. Qu\u2019est-ce qu\u2019une construction passive\u00a0? Rappelons-le, le standard Passivhaus, certifi\u00e9 en France par La Maison du Passif et g\u00e9r\u00e9 au\u2026","rel":"","context":"Dans &quot;Salons professionnels&quot;","img":{"alt_text":"","src":"https:\/\/i1.wp.com\/batimedianews.com\/live\/wp-content\/uploads\/2024\/03\/passibat-image-scaled.jpeg?fit=1200%2C1200&ssl=1&resize=350%2C200","width":350,"height":200},"classes":[]},{"id":36610,"url":"https:\/\/batimedianews.com\/live\/index.php\/2024\/03\/29\/portes-et-fenetres-a-passibat-2024\/","url_meta":{"origin":17843,"position":5},"title":"Portes et fen\u00eatres \u00e0 Passibat\u2019 2024","date":"29 mars 2024","format":false,"excerpt":"Dans un b\u00e2timent passif, quel qu\u2019il soit, la qualit\u00e9 des ouvrants, portes et fen\u00eatres, compte beaucoup dans le bilan final. A Passibat\u2019 2024, sept industriels pr\u00e9sentaient des ouvrants labellis\u00e9s Passivhaus. Leur performance thermique est tr\u00e8s au-dessus de la moyenne des fen\u00eatres vendues en France et pr\u00e9figure le type d\u2019ouvrants qui\u2026","rel":"","context":"Dans &quot;Batiment passif&quot;","img":{"alt_text":"","src":"https:\/\/i2.wp.com\/batimedianews.com\/live\/wp-content\/uploads\/2024\/03\/fenpassibatimage-scaled.jpeg?fit=1200%2C1200&ssl=1&resize=350%2C200","width":350,"height":200},"classes":[]}],"_links":{"self":[{"href":"https:\/\/batimedianews.com\/live\/index.php\/wp-json\/wp\/v2\/posts\/17843"}],"collection":[{"href":"https:\/\/batimedianews.com\/live\/index.php\/wp-json\/wp\/v2\/posts"}],"about":[{"href":"https:\/\/batimedianews.com\/live\/index.php\/wp-json\/wp\/v2\/types\/post"}],"author":[{"embeddable":true,"href":"https:\/\/batimedianews.com\/live\/index.php\/wp-json\/wp\/v2\/users\/41"}],"replies":[{"embeddable":true,"href":"https:\/\/batimedianews.com\/live\/index.php\/wp-json\/wp\/v2\/comments?post=17843"}],"version-history":[{"count":4,"href":"https:\/\/batimedianews.com\/live\/index.php\/wp-json\/wp\/v2\/posts\/17843\/revisions"}],"predecessor-version":[{"id":17877,"href":"https:\/\/batimedianews.com\/live\/index.php\/wp-json\/wp\/v2\/posts\/17843\/revisions\/17877"}],"wp:featuredmedia":[{"embeddable":true,"href":"https:\/\/batimedianews.com\/live\/index.php\/wp-json\/wp\/v2\/media\/17857"}],"wp:attachment":[{"href":"https:\/\/batimedianews.com\/live\/index.php\/wp-json\/wp\/v2\/media?parent=17843"}],"wp:term":[{"taxonomy":"category","embeddable":true,"href":"https:\/\/batimedianews.com\/live\/index.php\/wp-json\/wp\/v2\/categories?post=17843"},{"taxonomy":"post_tag","embeddable":true,"href":"https:\/\/batimedianews.com\/live\/index.php\/wp-json\/wp\/v2\/tags?post=17843"}],"curies":[{"name":"wp","href":"https:\/\/api.w.org\/{rel}","templated":true}]}}