{"id":17902,"date":"2022-03-23T20:43:39","date_gmt":"2022-03-23T19:43:39","guid":{"rendered":"http:\/\/batimedianews.com\/live\/?p=17902"},"modified":"2022-07-05T09:17:00","modified_gmt":"2022-07-05T07:17:00","slug":"atlantem-developpe-son-activite-portail-aluminium-avec-lextension-de-son-site-de-carentoir-56","status":"publish","type":"post","link":"https:\/\/batimedianews.com\/live\/index.php\/2022\/03\/23\/atlantem-developpe-son-activite-portail-aluminium-avec-lextension-de-son-site-de-carentoir-56\/","title":{"rendered":"ATLANTEM D\u00c9VELOPPE SON ACTIVIT\u00c9 PORTAIL ALUMINIUM AVEC L\u2019EXTENSION DE SON SITE DE CARENTOIR (56)"},"content":{"rendered":"\n<p>&nbsp;ATLANTEM, activit\u00e9 menuiserie du Groupe HERIGE, poursuit l\u2019acc\u00e9l\u00e9ration de sa transformation. L\u2019industriel se saisit de la mont\u00e9e en puissance du portail aluminium dans son activit\u00e9 pour cr\u00e9er de la croissance et de l\u2019emploi. Il a ainsi engag\u00e9 des investissements importants de l\u2019ordre de 2,5 millions d\u2019euros sur son site de Carentoir, d\u00e9di\u00e9 historiquement aux portails fabriqu\u00e9s pour les installateurs professionnels sur le march\u00e9 r\u00e9sidentiel individuel. Tout est mis en oeuvre pour d\u00e9velopper l\u2019activit\u00e9 portail aluminium et apporter aux \u00e9quipes les conditions optimales de travail : extension de la production et de la zone de stockage, \u00e9volution de la salle de formation, r\u00e9fection de l\u2019espace de pause.&nbsp;<\/p>\n\n\n\n<figure class=\"wp-block-image size-large\"><img loading=\"lazy\" width=\"720\" height=\"449\" src=\"https:\/\/i1.wp.com\/batimedianews.com\/live\/wp-content\/uploads\/2022\/03\/image-540.png?resize=720%2C449\" alt=\"\" class=\"wp-image-17903\" srcset=\"https:\/\/i1.wp.com\/batimedianews.com\/live\/wp-content\/uploads\/2022\/03\/image-540.png?resize=1024%2C639&amp;ssl=1 1024w, https:\/\/i1.wp.com\/batimedianews.com\/live\/wp-content\/uploads\/2022\/03\/image-540.png?resize=600%2C375&amp;ssl=1 600w, https:\/\/i1.wp.com\/batimedianews.com\/live\/wp-content\/uploads\/2022\/03\/image-540.png?resize=768%2C479&amp;ssl=1 768w, https:\/\/i1.wp.com\/batimedianews.com\/live\/wp-content\/uploads\/2022\/03\/image-540.png?resize=1536%2C959&amp;ssl=1 1536w, https:\/\/i1.wp.com\/batimedianews.com\/live\/wp-content\/uploads\/2022\/03\/image-540.png?resize=10%2C6&amp;ssl=1 10w, https:\/\/i1.wp.com\/batimedianews.com\/live\/wp-content\/uploads\/2022\/03\/image-540.png?resize=432%2C270&amp;ssl=1 432w, https:\/\/i1.wp.com\/batimedianews.com\/live\/wp-content\/uploads\/2022\/03\/image-540.png?resize=396%2C247&amp;ssl=1 396w, https:\/\/i1.wp.com\/batimedianews.com\/live\/wp-content\/uploads\/2022\/03\/image-540.png?resize=1120%2C699&amp;ssl=1 1120w, https:\/\/i1.wp.com\/batimedianews.com\/live\/wp-content\/uploads\/2022\/03\/image-540.png?resize=660%2C412&amp;ssl=1 660w, https:\/\/i1.wp.com\/batimedianews.com\/live\/wp-content\/uploads\/2022\/03\/image-540.png?resize=352%2C220&amp;ssl=1 352w, https:\/\/i1.wp.com\/batimedianews.com\/live\/wp-content\/uploads\/2022\/03\/image-540.png?w=1884&amp;ssl=1 1884w, https:\/\/i1.wp.com\/batimedianews.com\/live\/wp-content\/uploads\/2022\/03\/image-540.png?w=1440 1440w\" sizes=\"(max-width: 600px) 91vw, (max-width: 900px) 600px, (max-width: 1060px) 50vw, (max-width: 1200px) 520px, (max-width: 1400px) 43vw, 600px\" data-recalc-dims=\"1\" \/><\/figure>\n\n\n\n<div class=\"wp-block-image\"><figure class=\"alignright size-large\"><img loading=\"lazy\" width=\"718\" height=\"480\" src=\"https:\/\/i2.wp.com\/batimedianews.com\/live\/wp-content\/uploads\/2022\/03\/image-542.png?resize=718%2C480\" alt=\"\" class=\"wp-image-17905\" srcset=\"https:\/\/i2.wp.com\/batimedianews.com\/live\/wp-content\/uploads\/2022\/03\/image-542.png?w=718&amp;ssl=1 718w, https:\/\/i2.wp.com\/batimedianews.com\/live\/wp-content\/uploads\/2022\/03\/image-542.png?resize=600%2C401&amp;ssl=1 600w, https:\/\/i2.wp.com\/batimedianews.com\/live\/wp-content\/uploads\/2022\/03\/image-542.png?resize=10%2C7&amp;ssl=1 10w, https:\/\/i2.wp.com\/batimedianews.com\/live\/wp-content\/uploads\/2022\/03\/image-542.png?resize=432%2C289&amp;ssl=1 432w, https:\/\/i2.wp.com\/batimedianews.com\/live\/wp-content\/uploads\/2022\/03\/image-542.png?resize=396%2C265&amp;ssl=1 396w, https:\/\/i2.wp.com\/batimedianews.com\/live\/wp-content\/uploads\/2022\/03\/image-542.png?resize=660%2C441&amp;ssl=1 660w, https:\/\/i2.wp.com\/batimedianews.com\/live\/wp-content\/uploads\/2022\/03\/image-542.png?resize=329%2C220&amp;ssl=1 329w\" sizes=\"(max-width: 600px) 91vw, (max-width: 900px) 600px, (max-width: 1060px) 50vw, (max-width: 1200px) 520px, (max-width: 1400px) 43vw, 600px\" data-recalc-dims=\"1\" \/><\/figure><\/div>\n\n\n\n<h2 class=\"has-text-color\" style=\"color:#025ca5\">\u25aa <strong>D<\/strong><strong>ES CAPACIT\u00c9S INDUSTRIELLES DOUBL\u00c9ES&nbsp;<\/strong><\/h2>\n\n\n\n<p>Les investissements portent sur une extension de 2 200 m2 qui permet de doubler la capacit\u00e9 industrielle. Afin d\u2019accompagner cette croissance d\u2019activit\u00e9, ATLANTEM pr\u00e9voit le recrutement de monteurs de portails.&nbsp;<\/p>\n\n\n\n<p>D\u00e9but 2023, un nouveau centre d\u2019usinage sera mis en service dans le nouveau b\u00e2timent. Cette automatisation vise \u00e0 gagner en productivit\u00e9 et \u00e0 renforcer le confort en limitant les op\u00e9rations de manutention.&nbsp;<\/p>\n\n\n\n<h2 class=\"has-text-color\" style=\"color:#025ca5\">\u25aa <strong>UNE SALLE DE FORMATION \u00c9VOLUTIVE QUI S\u2019OUVRE AU PORTAIL ALUMINIUM ET \u00c0 LA PORTE DE GARAGE&nbsp;<\/strong><\/h2>\n\n\n\n<div class=\"wp-block-image\"><figure class=\"alignright size-large\"><img loading=\"lazy\" width=\"718\" height=\"480\" src=\"https:\/\/i1.wp.com\/batimedianews.com\/live\/wp-content\/uploads\/2022\/03\/image-544.png?resize=718%2C480\" alt=\"\" class=\"wp-image-17907\" srcset=\"https:\/\/i1.wp.com\/batimedianews.com\/live\/wp-content\/uploads\/2022\/03\/image-544.png?w=718&amp;ssl=1 718w, https:\/\/i1.wp.com\/batimedianews.com\/live\/wp-content\/uploads\/2022\/03\/image-544.png?resize=600%2C401&amp;ssl=1 600w, https:\/\/i1.wp.com\/batimedianews.com\/live\/wp-content\/uploads\/2022\/03\/image-544.png?resize=10%2C7&amp;ssl=1 10w, https:\/\/i1.wp.com\/batimedianews.com\/live\/wp-content\/uploads\/2022\/03\/image-544.png?resize=432%2C289&amp;ssl=1 432w, https:\/\/i1.wp.com\/batimedianews.com\/live\/wp-content\/uploads\/2022\/03\/image-544.png?resize=396%2C265&amp;ssl=1 396w, https:\/\/i1.wp.com\/batimedianews.com\/live\/wp-content\/uploads\/2022\/03\/image-544.png?resize=660%2C441&amp;ssl=1 660w, https:\/\/i1.wp.com\/batimedianews.com\/live\/wp-content\/uploads\/2022\/03\/image-544.png?resize=329%2C220&amp;ssl=1 329w\" sizes=\"(max-width: 600px) 91vw, (max-width: 900px) 600px, (max-width: 1060px) 50vw, (max-width: 1200px) 520px, (max-width: 1400px) 43vw, 600px\" data-recalc-dims=\"1\" \/><\/figure><\/div>\n\n\n\n<p>La salle de formation d\u00e9di\u00e9e \u00e0 l\u2019accompagnement des clients et \u00e0 la mont\u00e9e en comp\u00e9tences des \u00e9quipes, cr\u00e9\u00e9e en 2020, \u00e9volue avec une zone d\u00e9di\u00e9e aux portails. Elle permet de se former \u00e0 la pose ou encore au c\u00e2blage, \u00e0 la d\u00e9tection de pannes ainsi qu\u2019\u00e0 l\u2019offre produits. Ces sessions de formation sont dispens\u00e9es par les experts produits ATLANTEM.&nbsp;<\/p>\n\n\n\n<div class=\"wp-block-image\"><figure class=\"alignright size-large\"><img loading=\"lazy\" width=\"688\" height=\"1024\" src=\"https:\/\/i0.wp.com\/batimedianews.com\/live\/wp-content\/uploads\/2022\/03\/image-546.png?resize=688%2C1024\" alt=\"\" class=\"wp-image-17909\" srcset=\"https:\/\/i0.wp.com\/batimedianews.com\/live\/wp-content\/uploads\/2022\/03\/image-546.png?resize=688%2C1024&amp;ssl=1 688w, https:\/\/i0.wp.com\/batimedianews.com\/live\/wp-content\/uploads\/2022\/03\/image-546.png?resize=403%2C600&amp;ssl=1 403w, https:\/\/i0.wp.com\/batimedianews.com\/live\/wp-content\/uploads\/2022\/03\/image-546.png?resize=7%2C10&amp;ssl=1 7w, https:\/\/i0.wp.com\/batimedianews.com\/live\/wp-content\/uploads\/2022\/03\/image-546.png?resize=432%2C643&amp;ssl=1 432w, https:\/\/i0.wp.com\/batimedianews.com\/live\/wp-content\/uploads\/2022\/03\/image-546.png?resize=396%2C589&amp;ssl=1 396w, https:\/\/i0.wp.com\/batimedianews.com\/live\/wp-content\/uploads\/2022\/03\/image-546.png?resize=660%2C982&amp;ssl=1 660w, https:\/\/i0.wp.com\/batimedianews.com\/live\/wp-content\/uploads\/2022\/03\/image-546.png?resize=148%2C220&amp;ssl=1 148w, https:\/\/i0.wp.com\/batimedianews.com\/live\/wp-content\/uploads\/2022\/03\/image-546.png?w=718&amp;ssl=1 718w\" sizes=\"(max-width: 600px) 91vw, (max-width: 900px) 600px, (max-width: 1060px) 50vw, (max-width: 1200px) 520px, (max-width: 1400px) 43vw, 600px\" data-recalc-dims=\"1\" \/><\/figure><\/div>\n\n\n\n<h2 class=\"has-text-color\" style=\"color:#025ca5\">\u25aa <strong>UNE QUALIT\u00c9 DE VIE AU TRAVAIL AM\u00c9LIOR\u00c9E&nbsp;<\/strong><\/h2>\n\n\n\n<p>L\u2019attention port\u00e9e aux \u00e9quipes, notamment \u00e0 travers l\u2019am\u00e9lioration constante de la qualit\u00e9 de vie au travail, constitue un pilier majeur de la feuille de route impuls\u00e9e par Beno\u00eet Hennaut, Pr\u00e9sident du Groupe HERIGE, et d\u00e9ploy\u00e9e au coeur de la strat\u00e9gie de Bruno Cadudal, Directeur G\u00e9n\u00e9ral d\u2019ATLANTEM. L\u2019entreprise profite ainsi de la modernisation du site de Carentoir pour r\u00e9nover tous les locaux sociaux, les vestiaires et le r\u00e9fectoire. Un espace convivial pour les collaborateurs a \u00e9galement \u00e9t\u00e9 cr\u00e9\u00e9 afin de favoriser les \u00e9changes et apporter davantage de confort lors des temps de pause des \u00e9quipes.&nbsp;<\/p>\n\n\n\n<p class=\"has-text-color has-small-font-size\" style=\"color:#f40863\"><strong>ATLANTEM&nbsp;<\/strong><\/p>\n\n\n\n<p class=\"has-small-font-size\">Filiale du Groupe HERIGE, ATLANTEM con\u00e7oit, fabrique et commercialise aupr\u00e8s des professionnels une offre compl\u00e8te multi-mat\u00e9riaux de menuiseries, volets, portes d\u2019entr\u00e9e, portes de garage et portails r\u00e9alis\u00e9s dans ses onze usines fran\u00e7aises.&nbsp;<\/p>\n","protected":false},"excerpt":{"rendered":"<p>&nbsp;ATLANTEM, activit\u00e9 menuiserie du Groupe HERIGE, poursuit l\u2019acc\u00e9l\u00e9ration de sa transformation. L\u2019industriel se saisit de la mont\u00e9e en puissance du portail aluminium dans son activit\u00e9 pour cr\u00e9er de la croissance et de l\u2019emploi. Il a ainsi engag\u00e9 des investissements importants de l\u2019ordre de 2,5 millions d\u2019euros sur son site de Carentoir, d\u00e9di\u00e9 historiquement aux portails [&hellip;]<\/p>\n","protected":false},"author":41,"featured_media":17911,"comment_status":"open","ping_status":"open","sticky":false,"template":"","format":"standard","meta":{"spay_email":""},"categories":[4,7,690,718],"tags":[],"jetpack_featured_media_url":"https:\/\/i2.wp.com\/batimedianews.com\/live\/wp-content\/uploads\/2022\/03\/Atlantem-Article.jpg?fit=1224%2C512&ssl=1","jetpack_sharing_enabled":true,"jetpack_likes_enabled":true,"jetpack-related-posts":[{"id":33573,"url":"https:\/\/batimedianews.com\/live\/index.php\/2023\/12\/04\/nouveau-portail-aluminium-coup-de-coeur-moulin-de-charuel-un-mariage-elegant-de-tradition-et-de-modernite\/","url_meta":{"origin":17902,"position":0},"title":"Nouveau portail aluminium coup de c\u0153ur \u00abMOULIN\u00bb de CHARUEL : Un mariage \u00e9l\u00e9gant de tradition et de modernit\u00e9","date":"4 d\u00e9cembre 2023","format":false,"excerpt":"\u00a0Le style classique n\u2019a pas dit son dernier mot ! CHARUEL revisite le portail traditionnel en fer forg\u00e9 avec le nouveau mod\u00e8le en aluminium \u00ab Moulin \u00bb. Pi\u00e8ce ma\u00eetresse de sa collection Tradition, il conf\u00e8re un cachet et un style raffin\u00e9 \u00e0 l\u2019entr\u00e9e de la maison, tout en offrant les\u2026","rel":"","context":"Dans &quot;Actualit\u00e9 Entreprises&quot;","img":{"alt_text":"","src":"https:\/\/i1.wp.com\/batimedianews.com\/live\/wp-content\/uploads\/2023\/12\/Charuel-Image-articles-.jpg?fit=825%2C825&ssl=1&resize=350%2C200","width":350,"height":200},"classes":[]},{"id":23948,"url":"https:\/\/batimedianews.com\/live\/index.php\/2022\/10\/04\/atlantem-au-mondial-du-batiment-2022\/","url_meta":{"origin":17902,"position":1},"title":"Atlantem au Mondial du B\u00e2timent 2022","date":"4 octobre 2022","format":false,"excerpt":"https:\/\/youtu.be\/j6Z-HbcKLeU http:\/\/batimedianews.com\/live\/index.php\/2022\/03\/28\/atlantem-renforce-sa-gamme-de-produits-pour-une-maison-intelligente-a-vivre\/ http:\/\/batimedianews.com\/live\/index.php\/2022\/03\/23\/atlantem-developpe-son-activite-portail-aluminium-avec-lextension-de-son-site-de-carentoir-56\/","rel":"","context":"Dans &quot;Fil d'actu Batimat 2022&quot;","img":{"alt_text":"","src":"https:\/\/i2.wp.com\/batimedianews.com\/live\/wp-content\/uploads\/2022\/10\/Atlantem.jpg?fit=1080%2C1080&ssl=1&resize=350%2C200","width":350,"height":200},"classes":[]},{"id":19576,"url":"https:\/\/batimedianews.com\/live\/index.php\/2022\/05\/03\/nouveau-catalogue-solabaie-2022-un-revelateur-de-tendances-deco-et-connectees-pour-lhabitat\/","url_meta":{"origin":17902,"position":2},"title":"Nouveau catalogue SOLABAIE 2022 : un r\u00e9v\u00e9lateur de tendances d\u00e9co et connect\u00e9es pour l&rsquo;habitat","date":"3 mai 2022","format":false,"excerpt":"Le r\u00e9seau fran\u00e7ais SOLABAIE\u00ae, qui compte 156 points de vente r\u00e9partis sur tout le territoire, d\u00e9voile dans l\u2019\u00e9dition 2022 de son catalogue les derni\u00e8res tendances en mati\u00e8re de fen\u00eatres, volets, portes d\u2019entr\u00e9e et de garage, et portails, en PVC, aluminium, mixte, hybride ou bois. Cette ann\u00e9e, la part belle est\u2026","rel":"","context":"Dans &quot;fen\u00eatres&quot;","img":{"alt_text":"","src":"https:\/\/i0.wp.com\/batimedianews.com\/live\/wp-content\/uploads\/2022\/05\/SOLABAIE-Article.jpg?fit=1080%2C1080&ssl=1&resize=350%2C200","width":350,"height":200},"classes":[]},{"id":32131,"url":"https:\/\/batimedianews.com\/live\/index.php\/2023\/10\/09\/solabaie-intensifie-encore-son-deploiement\/","url_meta":{"origin":17902,"position":3},"title":"SOLABAIE\u00ae intensifie encore son d\u00e9ploiement","date":"9 octobre 2023","format":false,"excerpt":"\u00a0Le r\u00e9seau SOLABAIE\u00ae poursuit sa conqu\u00eate du territoire et annonce l\u2019arriv\u00e9e de 11 nouvelles entreprises adh\u00e9rentes*. Il densifie son maillage aux quatre coins de la France, pour un service de proximit\u00e9, avec :\u00a0 \u2713 3 points de vente en Rh\u00f4ne-Alpes issus de l\u2019acquisition de Poralu (01),\u00a0 \u2713 3 en Nouvelle-Aquitaine,\u00a0\u2026","rel":"","context":"Dans &quot;Actualit\u00e9 Entreprises&quot;","img":{"alt_text":"","src":"https:\/\/i2.wp.com\/batimedianews.com\/live\/wp-content\/uploads\/2023\/10\/Solabaie-articles.jpg?fit=825%2C825&ssl=1&resize=350%2C200","width":350,"height":200},"classes":[]},{"id":19569,"url":"https:\/\/batimedianews.com\/live\/index.php\/2022\/05\/03\/charuel-fait-dans-la-dentelle-et-devoile-son-nouveau-portail-chelidoine\/","url_meta":{"origin":17902,"position":4},"title":"CHARUEL fait dans la dentelle et d\u00e9voile son nouveau portail ch\u00e9lidoine","date":"3 mai 2022","format":false,"excerpt":"Cr\u00e9dit photo : STUDIOS GARNIER\u00a0 Le nouveau mod\u00e8le CHELIDOINE est la pi\u00e8ce \u00ab \u00e9l\u00e9gance \u00bb de la collection 2022 de CHARUEL. Telle l\u2019\u00e9g\u00e9rie de son catalogue, ce portail se distingue par sa d\u00e9coupe dentel\u00e9e raffin\u00e9e (4 mm). D\u00e9nu\u00e9 de traverse haute, il doit cette signature esth\u00e9tique \u00e0 la d\u00e9coupe laser\u2026","rel":"","context":"Dans &quot;Cl\u00f4ture&quot;","img":{"alt_text":"","src":"https:\/\/i1.wp.com\/batimedianews.com\/live\/wp-content\/uploads\/2022\/05\/Charuel-Article.jpg?fit=1080%2C1080&ssl=1&resize=350%2C200","width":350,"height":200},"classes":[]},{"id":31264,"url":"https:\/\/batimedianews.com\/live\/index.php\/2023\/09\/13\/atlantem-etend-son-expertise-en-mutualisant-ses-savoir-faire-avec-poralu-groupe-renforcement-dans-le-sud-est-et-percee-sur-le-marche-de-la-promotion\/","url_meta":{"origin":17902,"position":5},"title":"ATLANTEM \u00e9tend son expertise en mutualisant ses savoir-faire avec PORALU GROUPE : renforcement dans le sud-est et perc\u00e9e sur le march\u00e9 de la promotion","date":"13 septembre 2023","format":false,"excerpt":"\u00a0Cr\u00e9dit photo Charles Marion\u00a0 UNE ACQUISITION PLEINE DE PROMESSES\u00a0 POUR LE DEVELOPPEMENT D\u2019ATLANTEM\u00a0 De mani\u00e8re constante ces derni\u00e8res ann\u00e9es et d\u2019autant plus forte en 2022, Atlantem, activit\u00e9 Menuiserie du Groupe HERIGE, prend une nouvelle dimension avec notamment des opportunit\u00e9s de croissance externe*. L\u2019acquisition de l\u2019entreprise PORALU Groupe, fin novembre 2022,\u2026","rel":"","context":"Dans &quot;Actualit\u00e9 Entreprises&quot;","img":{"alt_text":"","src":"https:\/\/i2.wp.com\/batimedianews.com\/live\/wp-content\/uploads\/2023\/09\/Atlantem-articles.jpg?fit=825%2C825&ssl=1&resize=350%2C200","width":350,"height":200},"classes":[]}],"_links":{"self":[{"href":"https:\/\/batimedianews.com\/live\/index.php\/wp-json\/wp\/v2\/posts\/17902"}],"collection":[{"href":"https:\/\/batimedianews.com\/live\/index.php\/wp-json\/wp\/v2\/posts"}],"about":[{"href":"https:\/\/batimedianews.com\/live\/index.php\/wp-json\/wp\/v2\/types\/post"}],"author":[{"embeddable":true,"href":"https:\/\/batimedianews.com\/live\/index.php\/wp-json\/wp\/v2\/users\/41"}],"replies":[{"embeddable":true,"href":"https:\/\/batimedianews.com\/live\/index.php\/wp-json\/wp\/v2\/comments?post=17902"}],"version-history":[{"count":2,"href":"https:\/\/batimedianews.com\/live\/index.php\/wp-json\/wp\/v2\/posts\/17902\/revisions"}],"predecessor-version":[{"id":18208,"href":"https:\/\/batimedianews.com\/live\/index.php\/wp-json\/wp\/v2\/posts\/17902\/revisions\/18208"}],"wp:featuredmedia":[{"embeddable":true,"href":"https:\/\/batimedianews.com\/live\/index.php\/wp-json\/wp\/v2\/media\/17911"}],"wp:attachment":[{"href":"https:\/\/batimedianews.com\/live\/index.php\/wp-json\/wp\/v2\/media?parent=17902"}],"wp:term":[{"taxonomy":"category","embeddable":true,"href":"https:\/\/batimedianews.com\/live\/index.php\/wp-json\/wp\/v2\/categories?post=17902"},{"taxonomy":"post_tag","embeddable":true,"href":"https:\/\/batimedianews.com\/live\/index.php\/wp-json\/wp\/v2\/tags?post=17902"}],"curies":[{"name":"wp","href":"https:\/\/api.w.org\/{rel}","templated":true}]}}