{"id":18226,"date":"2022-04-04T11:35:29","date_gmt":"2022-04-04T09:35:29","guid":{"rendered":"http:\/\/batimedianews.com\/live\/?p=18226"},"modified":"2022-07-05T09:11:02","modified_gmt":"2022-07-05T07:11:02","slug":"quantron-la-conversion-dutilitaires-aux-entrainements-zero-emission-connait-un-net-succes","status":"publish","type":"post","link":"https:\/\/batimedianews.com\/live\/index.php\/2022\/04\/04\/quantron-la-conversion-dutilitaires-aux-entrainements-zero-emission-connait-un-net-succes\/","title":{"rendered":"QUANTRON : la conversion d\u2019utilitaires aux entra\u00eenements z\u00e9ro \u00e9mission conna\u00eet un net succ\u00e8s"},"content":{"rendered":"\n<ul><li>Quantron AG a r\u00e9alis\u00e9 en 2021 un chiffre d&rsquo;affaires de 10 millions d\u2019euros. Cela repr\u00e9sente une hausse d\u2019environ 500&nbsp;% par rapport aux chiffres de 2020<\/li><li>Seuil de rentabilit\u00e9 atteint en 2022 par l\u2019unit\u00e9 commerciale \u00ab&nbsp;R\u00e9trofit&nbsp;\u00bb<\/li><li>Volume des commandes 2022 estim\u00e9 \u00e0 400 v\u00e9hicules z\u00e9ro \u00e9mission<\/li><li>Volume de chiffre d\u2019affaires potentiel r\u00e9alisable estim\u00e9 \u00e0 60 millions d\u2019euros.<\/li><\/ul>\n\n\n\n<p>Sur la base de l\u2019excellent d\u00e9marrage des activit\u00e9s de conversion dans le domaine des v\u00e9hicules utilitaires, la soci\u00e9t\u00e9 Quantron AG a r\u00e9alis\u00e9 au cours de l\u2019exercice 2021 avec son unit\u00e9 commerciale R\u00e9trofit un chiffre d\u2019affaires de 10 millions d\u2019euros. L\u2019entreprise d\u2019Augsbourg, qui mise notamment sur la conversion aux entra\u00eenements sans \u00e9mission de v\u00e9hicules d\u2019occasion et de v\u00e9hicules de parcs existants, apporte la preuve d\u00e8s la deuxi\u00e8me ann\u00e9e op\u00e9rationnelle apr\u00e8s sa cr\u00e9ation que son concept de produits et de services est largement accept\u00e9 sur le march\u00e9. Par rapport \u00e0 l\u2019ann\u00e9e pr\u00e9c\u00e9dente, ce r\u00e9sultat correspond \u00e0 une hausse d\u2019environ 500&nbsp;pour cent.&nbsp;Au cours de l\u2019ann\u00e9e sous revue, Quantron a entre autres livr\u00e9 30 v\u00e9hicules z\u00e9ro \u00e9mission \u00e0 IKEA. Les experts du z\u00e9ro \u00e9mission contribuent ainsi \u00e9galement \u00e0 l\u2019objectif du groupe d\u2019ameublement d\u2019avoir un bilan positif pour le climat d\u2019ici 2030.&nbsp;<\/p>\n\n\n\n<p>Dans le contexte d\u2019une demande en progression constante de la part de nouveaux clients potentiels, Quantron AG vise pour 2022 un volume de commandes de 400 v\u00e9hicules, ce qui correspond \u00e0 un chiffre d\u2019affaires total potentiel de 50 \u00e0 60 millions d\u2019euros dans le domaine du r\u00e9\u00e9quipement.<\/p>\n\n\n\n<p>Avec l\u2019extension du secteur d\u2019activit\u00e9 de l\u2019unit\u00e9 Q-Mobility, qui propose depuis f\u00e9vrier 2022, avec le bus Cizaris BEV de 12 m\u00e8tres, ses propres v\u00e9hicules sous la marque QUANTRON, la soci\u00e9t\u00e9 Quantron AG consid\u00e8re disposer d\u2019une tr\u00e8s bonne base pour poursuivre le d\u00e9veloppement positif des activit\u00e9s.Le bus est disponible en version BEV avec une autonomie maximale de 370 kilom\u00e8tres (selon eSORT 2). La version FCEV est d\u00e9j\u00e0 en cours de d\u00e9veloppement et doit sortir sur le march\u00e9 au quatri\u00e8me trimestre de l\u2019ann\u00e9e en cours.<\/p>\n\n\n\n<p>En tant que membre et chef d\u2019\u00e9quipe du projet GREATER4H de STRING, Quantron continue par ailleurs \u00e0 faire progresser le d\u00e9veloppement et l\u2019utilisation de l\u2019hydrog\u00e8ne dans le secteur de la mobilit\u00e9. Ce projet europ\u00e9en vise \u00e0 cr\u00e9er entre Oslo et Hambourg un \u00e9cosyst\u00e8me bas\u00e9 sur de l\u2019hydrog\u00e8ne vert et destin\u00e9 aux utilitaires lourds. QUANTRON a \u00e9galement initi\u00e9 de nombreux autres projets internationaux au cours de l\u2019ann\u00e9e \u00e9coul\u00e9e, notamment aux USA, en Scandinavie et en Arabie saoudite.<\/p>\n\n\n\n<p>L\u2019ann\u00e9e 2022 est ainsi plac\u00e9e pour Quantron AG sous le signe de \u00ab&nbsp;l\u2019offensive hydrog\u00e8ne&nbsp;\u00bb. \u00c0 commencer par le partenariat avec Ballard Power Systems (Canada), en passant par les projets de d\u00e9veloppement pour camions lourds destin\u00e9s \u00e0 circuler dans l&rsquo;UE et aux USA, jusqu\u2019aux partenariats strat\u00e9giques avec des prestataires de stations-service H2 et la participation de Quantron AG au projet STRING, la soci\u00e9t\u00e9 Quantron d\u00e9montre ses ambitions en mati\u00e8re de d\u00e9carbonation des transports lourds. L\u2019hydrog\u00e8ne est une source d\u2019\u00e9nergie qui permet une mobilit\u00e9 ind\u00e9pendante du p\u00e9trole et du gaz, et Quantron AG a pour objectif de jouer un r\u00f4le majeur dans ce domaine.<\/p>\n\n\n\n<p>Michael Perschke, directeur g\u00e9n\u00e9ral et membre du directoire de l\u2019entreprise, souligne&nbsp;: \u00ab&nbsp;En 2021, et en d\u00e9pit des mesures prises du fait de la COVID-19, la soci\u00e9t\u00e9 Quantron AG a \u00e9t\u00e9 en mesure d&rsquo;\u00e9tendre consid\u00e9rablement ses activit\u00e9s, de fonder des partenariats strat\u00e9giques et de s\u2019\u00e9tablir comme fournisseur fiable pour les grands pionniers des v\u00e9hicules z\u00e9ro \u00e9mission. 2022 sera l\u2019ann\u00e9e au cours de laquelle Quantron AG consolidera son \u00e9volution pour devenir un fournisseur leader de produits fonctionnant \u00e0 l\u2019hydrog\u00e8ne \u2013 en coop\u00e9ration avec notre partenaire strat\u00e9gique Ballard Power \u2013 et un fournisseur de solutions de mobilit\u00e9 sans \u00e9mission.&nbsp;\u00bbAndreas Haller, fondateur et pr\u00e9sident du directoire, ajoute&nbsp;: \u00ab&nbsp;Je suis fier du fait que Quantron AG, deux ans \u00e0 peine apr\u00e8s sa cr\u00e9ation, soit d\u00e9j\u00e0 un acteur visible dans le domaine des transports sans \u00e9mission. Avec une \u00e9quipe internationale et comp\u00e9tente, nous voulons demeurer un moteur essentiel pour mettre en \u0153uvre la conversion vers une mobilit\u00e9 sans \u00e9missions pour les personnes et les marchandises.&nbsp;\u00bb<\/p>\n\n\n\n<figure class=\"wp-block-image size-large\"><img loading=\"lazy\" width=\"720\" height=\"479\" src=\"https:\/\/i0.wp.com\/batimedianews.com\/live\/wp-content\/uploads\/2022\/03\/image-698.png?resize=720%2C479\" alt=\"\" class=\"wp-image-18227\" srcset=\"https:\/\/i0.wp.com\/batimedianews.com\/live\/wp-content\/uploads\/2022\/03\/image-698.png?w=900&amp;ssl=1 900w, https:\/\/i0.wp.com\/batimedianews.com\/live\/wp-content\/uploads\/2022\/03\/image-698.png?resize=600%2C399&amp;ssl=1 600w, https:\/\/i0.wp.com\/batimedianews.com\/live\/wp-content\/uploads\/2022\/03\/image-698.png?resize=768%2C511&amp;ssl=1 768w, https:\/\/i0.wp.com\/batimedianews.com\/live\/wp-content\/uploads\/2022\/03\/image-698.png?resize=10%2C7&amp;ssl=1 10w, https:\/\/i0.wp.com\/batimedianews.com\/live\/wp-content\/uploads\/2022\/03\/image-698.png?resize=432%2C288&amp;ssl=1 432w, https:\/\/i0.wp.com\/batimedianews.com\/live\/wp-content\/uploads\/2022\/03\/image-698.png?resize=396%2C264&amp;ssl=1 396w, https:\/\/i0.wp.com\/batimedianews.com\/live\/wp-content\/uploads\/2022\/03\/image-698.png?resize=660%2C439&amp;ssl=1 660w, https:\/\/i0.wp.com\/batimedianews.com\/live\/wp-content\/uploads\/2022\/03\/image-698.png?resize=331%2C220&amp;ssl=1 331w\" sizes=\"(max-width: 600px) 91vw, (max-width: 900px) 600px, (max-width: 1060px) 50vw, (max-width: 1200px) 520px, (max-width: 1400px) 43vw, 600px\" data-recalc-dims=\"1\" \/><\/figure>\n\n\n\n<p><strong><em>\u00c0 propos de Quantron AG<\/em><\/strong><\/p>\n\n\n\n<p><em>Quantron AG est un fournisseur de syst\u00e8mes d\u2019\u00e9lectromobilit\u00e9 propre fonctionnant par batterie ou \u00e0 l\u2019hydrog\u00e8ne pour v\u00e9hicules utilitaires tels que camions, bus et transporteurs. Son large \u00e9ventail de prestations s\u2019appuie sur les deux unit\u00e9s commerciales Q-Retrofit (\u00e9lectrification de v\u00e9hicules d\u2019occasion ou de v\u00e9hicules de parcs, passant d\u2019une motorisation diesel \u00e0 un entra\u00eenement \u00e9lectrique sans \u00e9missions) et Q-Mobility (livraison de nos propres v\u00e9hicules z\u00e9ro \u00e9mission de marque QUANTRON). Avec Q-Ecosystem, Quantron AG propose en outre un concept global pour la mobilit\u00e9 z\u00e9ro \u00e9mission. Celui-ci comprend l\u2019\u00e9laboration de concepts individuels g\u00e9n\u00e9raux, avec l\u2019infrastructure de recharge appropri\u00e9e, ainsi que des offres de location, de financement et de leasing et des formations et des ateliers \u00e0 la QUANTRON Academy. Les pionniers de l\u2019\u00e9lectromobilit\u00e9 commercialisent par ailleurs des batteries et des concepts d\u2019\u00e9lectrification int\u00e9gr\u00e9s con\u00e7us sur mesure \u00e0 destination des constructeurs de v\u00e9hicules utilitaires, de machines et de v\u00e9hicules de logistique interne.&nbsp;&nbsp;L\u2019entreprise allemande \u00e9tablie \u00e0 Augsbourg en Bavi\u00e8re dispose d\u2019un r\u00e9seau de 700 partenaires de service et du savoir approfondi de sp\u00e9cialistes qualifi\u00e9s dans les domaines de l\u2019\u00e9lectronique de puissance et de la technologie des batteries. En qualit\u00e9 de spin-off de haute technologie de la c\u00e9l\u00e8bre soci\u00e9t\u00e9 Haller GmbH, elle allie plus de 140 ann\u00e9es d\u2019exp\u00e9rience des v\u00e9hicules utilitaires \u00e0 un savoir-faire de pointe en mati\u00e8re d\u2019\u00e9lectromobilit\u00e9.&nbsp;&nbsp;<\/em><em>QUANTRON incarne des valeurs fortes par sa devise Reliable \u2013 Energetic \u2013 Brave&nbsp;\u00bb (Fiabilit\u00e9 \u2013 \u00c9nergie \u2013 Audace). L\u2019\u00e9quipe d\u2019experts de ce moteur d\u2019innovation dans le domaine de l\u2019\u00e9lectromobilit\u00e9 fournit une contribution essentielle au transport \u00e9cologique et durable des personnes et des marchandises.<\/em><\/p>\n","protected":false},"excerpt":{"rendered":"<p>Quantron AG a r\u00e9alis\u00e9 en 2021 un chiffre d&rsquo;affaires de 10 millions d\u2019euros. Cela repr\u00e9sente une hausse d\u2019environ 500&nbsp;% par rapport aux chiffres de 2020 Seuil de rentabilit\u00e9 atteint en 2022 par l\u2019unit\u00e9 commerciale \u00ab&nbsp;R\u00e9trofit&nbsp;\u00bb Volume des commandes 2022 estim\u00e9 \u00e0 400 v\u00e9hicules z\u00e9ro \u00e9mission Volume de chiffre d\u2019affaires potentiel r\u00e9alisable estim\u00e9 \u00e0 60 millions [&hellip;]<\/p>\n","protected":false},"author":41,"featured_media":18229,"comment_status":"open","ping_status":"open","sticky":false,"template":"","format":"standard","meta":{"spay_email":""},"categories":[4,16,131],"tags":[],"jetpack_featured_media_url":"https:\/\/i2.wp.com\/batimedianews.com\/live\/wp-content\/uploads\/2022\/03\/Quantron-Article.jpg?fit=1224%2C512&ssl=1","jetpack_sharing_enabled":true,"jetpack_likes_enabled":true,"jetpack-related-posts":[{"id":35621,"url":"https:\/\/batimedianews.com\/live\/index.php\/2024\/02\/27\/conference-de-presse-resultats-2023-mercedes-benz-group-focus-vans\/","url_meta":{"origin":18226,"position":0},"title":"Conf\u00e9rence de presse \u00ab R\u00e9sultats 2023 Mercedes-Benz Group \u00bb : focus Vans","date":"27 f\u00e9vrier 2024","format":false,"excerpt":"\u00a0En 2023, le chiffre d\u2019affaires de Mercedes-Benz Vans a atteint 20,3 milliards d\u2019euros (+18%) pour un EBIT (b\u00e9n\u00e9fice avant int\u00e9r\u00eats et imp\u00f4ts) de 3,1 milliards d\u2019euros (+59%). Les ventes marquent un nouveau record sur chaque segment et au global, atteignant 447 800 unit\u00e9s (+ 8% vs 2022 : 415 300\u2026","rel":"","context":"Dans &quot;Actualit\u00e9 Entreprises&quot;","img":{"alt_text":"","src":"https:\/\/i1.wp.com\/batimedianews.com\/live\/wp-content\/uploads\/2024\/02\/image-266.png?resize=350%2C200&ssl=1","width":350,"height":200},"classes":[]},{"id":14925,"url":"https:\/\/batimedianews.com\/live\/index.php\/2022\/01\/19\/la-capeb-et-mercedes-benz-france-sassocient-pour-permettre-aux-artisans-doptimiser-leur-outil-de-travail\/","url_meta":{"origin":18226,"position":1},"title":"La CAPEB et MERCEDES-BENZ France s&rsquo;associent pour permettre aux artisans d&rsquo;optimiser leur outil de travail","date":"19 janvier 2022","format":false,"excerpt":"Paris, le 13 janvier 2022 \u2013\u00a0LaConf\u00e9d\u00e9ration de l'Artisanat et des Petites Entreprises du B\u00e2timent\u00a0(CAPEB),\u00a0via sa filiale B\u00e9ranger D\u00e9veloppement, etMercedes-Benz France,\u00a0acteur majeur du march\u00e9 des utilitaires l\u00e9gers, ont sign\u00e9 un partenariat afin de r\u00e9f\u00e9rencer et de faciliter l'acc\u00e8s aux v\u00e9hicules de la marque aupr\u00e8s des entreprises artisanales du b\u00e2timent.\u00a0 De gauche\u2026","rel":"","context":"Dans &quot;b\u00e2timent&quot;","img":{"alt_text":"","src":"https:\/\/i1.wp.com\/batimedianews.com\/live\/wp-content\/uploads\/2022\/01\/CAPEB-Article-1.jpg?fit=512%2C512&ssl=1&resize=350%2C200","width":350,"height":200},"classes":[]},{"id":24471,"url":"https:\/\/batimedianews.com\/live\/index.php\/2022\/10\/26\/zfe-m-le-necessaire-accompagnement-des-entreprises-artisanales-du-batiment-pour-reussir-sa-mise-en-oeuvre-dans-les-territoires\/","url_meta":{"origin":18226,"position":2},"title":"ZFE-m : le n\u00e9cessaire accompagnement des entreprises artisanales du b\u00e2timent pour r\u00e9ussir sa mise en \u0153uvre dans les territoires","date":"26 octobre 2022","format":false,"excerpt":"Paris le 19 octobre 2022 -\u00a0Suite \u00e0\u00a0l'annonce du Pr\u00e9sident de la R\u00e9publique en ouverture du Salon de l'automobile du fl\u00e9chage de 150 millions d'euros du fonds vert sur l'accompagnement des Zones \u00e0 faibles \u00e9missions (ZFE-m), la CAPEB salue la volont\u00e9 du Pr\u00e9sident d'accompagner davantage les entreprises dans la transition de\u2026","rel":"","context":"Dans &quot;Actualit\u00e9 Entreprises&quot;","img":{"alt_text":"","src":"https:\/\/i1.wp.com\/batimedianews.com\/live\/wp-content\/uploads\/2022\/10\/CAPEBArticle.jpg?fit=1080%2C1080&ssl=1&resize=350%2C200","width":350,"height":200},"classes":[]},{"id":3222,"url":"https:\/\/batimedianews.com\/live\/index.php\/2019\/10\/18\/specialiste-de-lamenagement-utilitaire-mobile-optima-system-inaugure-sa-nouvelle-station-de-montage-a-coueron-44\/","url_meta":{"origin":18226,"position":3},"title":"Sp\u00e9cialiste de l&rsquo;am\u00e9nagement utilitaire mobile, Optima System inaugure sa nouvelle station de montage \u00e0 Cou\u00ebron (44)","date":"18 octobre 2019","format":false,"excerpt":"Depuis 1999, Optima System con\u00e7oit, fabrique et monte des syst\u00e8mes d\u2019am\u00e9nagement int\u00e9rieur et ext\u00e9rieur pour les v\u00e9hicules utilitaires des artisans, des flottes d\u2019entreprise et des collectivit\u00e9s locales. Pour accro\u00eetre sa capacit\u00e9 de montage, l\u2019entreprise a inaugur\u00e9 le 3 octobre 2019 une nouvelle agence de 600 m\u00b2 \u00e0 Cou\u00ebron (44). Pr\u00e9sente\u2026","rel":"","context":"Dans &quot;Actualit\u00e9 Entreprises&quot;","img":{"alt_text":"","src":"https:\/\/i2.wp.com\/batimedianews.com\/live\/wp-content\/uploads\/2019\/10\/Image1.jpg?fit=1025%2C1025&ssl=1&resize=350%2C200","width":350,"height":200},"classes":[]},{"id":39731,"url":"https:\/\/batimedianews.com\/live\/index.php\/2024\/09\/17\/jubiles-mercedes-benz-vans-des-decennies-dinnovation\/","url_meta":{"origin":18226,"position":4},"title":"Jubil\u00e9s Mercedes-Benz Vans: des d\u00e9cennies d\u2019innovation","date":"17 septembre 2024","format":false,"excerpt":"\u00a0Depuis des d\u00e9cennies, les utilitaires Mercedes sont des compagnons indispensables dans de nombreux secteurs. Des g\u00e9n\u00e9rations d\u2019artisans, de transporteurs de colis, de soci\u00e9t\u00e9s d\u2019ambulances et de passionn\u00e9s de camping-cars ont appr\u00e9ci\u00e9 les d\u00e9veloppements de ces v\u00e9hicules au fil des ans. Cette ann\u00e9e, la marque \u00e0 l\u2019\u00e9toile f\u00eate plusieurs anniversaires.\u00a0 \u2022\u2026","rel":"","context":"Dans &quot;Actualit\u00e9 Entreprises&quot;","img":{"alt_text":"","src":"https:\/\/i2.wp.com\/batimedianews.com\/live\/wp-content\/uploads\/2024\/09\/Mercedes.jpg?fit=825%2C825&ssl=1&resize=350%2C200","width":350,"height":200},"classes":[]},{"id":28138,"url":"https:\/\/batimedianews.com\/live\/index.php\/2023\/04\/25\/deploiement-des-zfe-zones-a-faibles-emissions-la-ffb-accompagne-les-entreprises-et-alerte-sur-une-situation-contrastee\/","url_meta":{"origin":18226,"position":5},"title":"D\u00e9ploiement des ZFE &#8211; Zones \u00e0 Faibles Emissions : la FFB accompagne les entreprises et alerte sur une situation contrast\u00e9e","date":"25 avril 2023","format":false,"excerpt":"Le 18 avril 2023, la FFB Auvergne-Rh\u00f4ne-Alpes et la F\u00e9d\u00e9ration du BTP du Puy-de-D\u00f4me ont organis\u00e9 une \u00ab Journ\u00e9e de la Mobilit\u00e9 \u00bb \u00e0 Cournon-d\u2019Auvergne (63), au Studio 120. Une 3e \u00e9dition, apr\u00e8s celles de Grenoble et Villeurbanne, en pr\u00e9sence de Patricia DELEPINE, Pr\u00e9sidente de la F\u00e9d\u00e9ration d\u00e9partementale du BTP\u2026","rel":"","context":"Dans &quot;construction BTP&quot;","img":{"alt_text":"","src":"https:\/\/i0.wp.com\/batimedianews.com\/live\/wp-content\/uploads\/2023\/04\/FFB-Article.jpg?fit=1080%2C1080&ssl=1&resize=350%2C200","width":350,"height":200},"classes":[]}],"_links":{"self":[{"href":"https:\/\/batimedianews.com\/live\/index.php\/wp-json\/wp\/v2\/posts\/18226"}],"collection":[{"href":"https:\/\/batimedianews.com\/live\/index.php\/wp-json\/wp\/v2\/posts"}],"about":[{"href":"https:\/\/batimedianews.com\/live\/index.php\/wp-json\/wp\/v2\/types\/post"}],"author":[{"embeddable":true,"href":"https:\/\/batimedianews.com\/live\/index.php\/wp-json\/wp\/v2\/users\/41"}],"replies":[{"embeddable":true,"href":"https:\/\/batimedianews.com\/live\/index.php\/wp-json\/wp\/v2\/comments?post=18226"}],"version-history":[{"count":2,"href":"https:\/\/batimedianews.com\/live\/index.php\/wp-json\/wp\/v2\/posts\/18226\/revisions"}],"predecessor-version":[{"id":18703,"href":"https:\/\/batimedianews.com\/live\/index.php\/wp-json\/wp\/v2\/posts\/18226\/revisions\/18703"}],"wp:featuredmedia":[{"embeddable":true,"href":"https:\/\/batimedianews.com\/live\/index.php\/wp-json\/wp\/v2\/media\/18229"}],"wp:attachment":[{"href":"https:\/\/batimedianews.com\/live\/index.php\/wp-json\/wp\/v2\/media?parent=18226"}],"wp:term":[{"taxonomy":"category","embeddable":true,"href":"https:\/\/batimedianews.com\/live\/index.php\/wp-json\/wp\/v2\/categories?post=18226"},{"taxonomy":"post_tag","embeddable":true,"href":"https:\/\/batimedianews.com\/live\/index.php\/wp-json\/wp\/v2\/tags?post=18226"}],"curies":[{"name":"wp","href":"https:\/\/api.w.org\/{rel}","templated":true}]}}