{"id":18303,"date":"2022-03-28T13:25:41","date_gmt":"2022-03-28T11:25:41","guid":{"rendered":"http:\/\/batimedianews.com\/live\/?p=18303"},"modified":"2022-07-05T09:17:00","modified_gmt":"2022-07-05T07:17:00","slug":"bouyerleroux","status":"publish","type":"post","link":"https:\/\/batimedianews.com\/live\/index.php\/2022\/03\/28\/bouyerleroux\/","title":{"rendered":"LES SITES DE PRODUCTION BOUYER LEROUX D\u00c9J\u00c0\u2002 DECARBON\u00c9S \u2002\u00c0 45% CONFIRMENT LEUR TRANSITION \u00c9NERG\u00c9TIQUE"},"content":{"rendered":"\n<p>Bouyer Leroux a depuis de nombreuses ann\u00c9es pris conscience des enjeux environnementaux et \u2002\u00e9conomiques li\u00e9s \u00e0 l\u2019utilisation d\u2019\u00e9nergie fossile. <strong>En ce printemps 2022, face \u00e0 la flamb\u00e9e des prix des \u00e9nergies, sa strat\u00e9gie de d\u00e9veloppement durable renforc\u00e9e en 2018 par un ambitieux programme de d\u00e9carbonation permet, aujourd\u2019hui, de limiter l\u2019impact du gaz sur ses activit\u00e9s : ces sites de production utilis\u00e9s \u00e0 pleine capacit\u00e9 sont d\u00e9j\u00e9 d\u00e9carbon\u00e9s \u00e0 hauteur de 45%.<\/strong><\/p>\n\n\n\n<p><strong>Une nouvelle politique volontariste de transition \u00e9nerg\u00e9tique a \u00e9t\u00e9 engag\u00e9e en 2018 avec comme ambition de d\u00e9carboner 90% de l\u2019activit\u00e9 production de briques \u00e0 horizon 2025 &#8211; 2027 pour un budget global de 62 millions \u20ac.<\/strong><\/p>\n\n\n\n<p>Cette politique d\u2019anticipation commence \u00e0 porter ses fruits puisque 5 sites de production de briques de mur &#8211;<em>La S\u00e9guini\u00e8re<\/em> (49), <em>Mably<\/em> (42), <em>Colomiers<\/em> (31), <em>Gironde sur Dropt<\/em> (33), <em>Saint-Martin des Fontaines <\/em>(85)- affichent un taux moyen de d\u00e9carbonation de 45% \u00e0 fin f\u00e9vrier 2022. Par ailleurs, ils font l\u2019objet de plans d\u2019actions sp\u00e9cifiques qui permettront \u00e0 tr\u00e8s court terme de r\u00e9duire les consommations \u00e9nerg\u00e9tiques et l\u2019impact carbone des 9 lignes de production de briques de mur.<\/p>\n\n\n\n<div class=\"wp-block-image\"><figure class=\"alignleft size-large is-resized\"><img loading=\"lazy\" src=\"https:\/\/i0.wp.com\/batimedianews.com\/live\/wp-content\/uploads\/2022\/03\/image-735.png?resize=263%2C178\" alt=\"\" class=\"wp-image-18305\" width=\"263\" height=\"178\" srcset=\"https:\/\/i0.wp.com\/batimedianews.com\/live\/wp-content\/uploads\/2022\/03\/image-735.png?w=660&amp;ssl=1 660w, https:\/\/i0.wp.com\/batimedianews.com\/live\/wp-content\/uploads\/2022\/03\/image-735.png?resize=600%2C405&amp;ssl=1 600w, https:\/\/i0.wp.com\/batimedianews.com\/live\/wp-content\/uploads\/2022\/03\/image-735.png?resize=10%2C7&amp;ssl=1 10w, https:\/\/i0.wp.com\/batimedianews.com\/live\/wp-content\/uploads\/2022\/03\/image-735.png?resize=432%2C292&amp;ssl=1 432w, https:\/\/i0.wp.com\/batimedianews.com\/live\/wp-content\/uploads\/2022\/03\/image-735.png?resize=396%2C268&amp;ssl=1 396w, https:\/\/i0.wp.com\/batimedianews.com\/live\/wp-content\/uploads\/2022\/03\/image-735.png?resize=326%2C220&amp;ssl=1 326w\" sizes=\"(max-width: 600px) 91vw, (max-width: 900px) 600px, (max-width: 1060px) 50vw, (max-width: 1200px) 520px, (max-width: 1400px) 43vw, 600px\" data-recalc-dims=\"1\" \/><\/figure><\/div>\n\n\n\n<p><strong>Sur le site de La S\u00e9guini\u00e8re (49)<\/strong>, plus grand site de production de briques en France, d\u00e9j\u00e0 d\u00e9carbon\u00e9\u2002\u00e0 plus de 50% avec du biogaz et de la biomasse, un nouveau projet de foyer biomasse source d\u2019\u00e9nergie pour le s\u00e9chage des produits entre dans sa phase de r\u00e9alisation. La commande principale du foyer \u00e0 VINCKE est en cours et les travaux pr\u00e9paratoires ont d\u00e9j\u00e0 commenc\u00e9. Cet investissement sup\u00e9rieur \u00e0 10 millions \u20ac permettra de d\u00e9carboner plus de 80% de sa consommation d\u2019\u00e9nergie \u00e0 horizon 2024.<\/p>\n\n\n\n<p><strong>Le site de Mably (42)<\/strong>, historiquement aliment\u00e9 par du biogaz et dot\u00e9 d\u2019une cog\u00e9n\u00e9ration, poursuit sa transition vers un objectif de d\u00e9carbonation totale de son process. Un projet d\u2019usine \u00e0 sciure, \u00e9galement laur\u00e9at du programme France Relance, a \u00e9t\u00e9 lanc\u00e9 en 2021 pour un investissement de 4,7 millions \u20ac. La premi\u00e8re \u00e9tape va d\u00e9marrer en avril 2022 avec la mise en service d\u2019une installation de porosage. Ceci se traduira par un ajout de biomasse dans le m\u00e9lange d\u2019argile permettant d\u2019augmenter la part d\u2019\u00e9nergie renouvelable de 20 \u00e0\u200240%.<\/p>\n\n\n\n<p><strong>Le site de Gironde sur Dropt (33)<\/strong>, d\u00e9j\u00e0 d\u00e9carbon\u00e9 \u00e0 70% fait l\u2019objet d\u2019un projet d\u2019investissement de 7 millions \u20ac, laur\u00e9at du programme France Relance ; ce projet permettra de moderniser l\u2019outil industriel et de r\u00e9duire la consommation d\u2019\u00e9nergie thermique de 25%. Ainsi \u00e0 horizon 2027, l\u2019activit\u00e9 de ce site sera d\u00e9carbon\u00e9e \u00e0 hauteur de 90%.<\/p>\n\n\n\n<div class=\"wp-block-image\"><figure class=\"alignright size-large\"><img loading=\"lazy\" width=\"720\" height=\"410\" src=\"https:\/\/i0.wp.com\/batimedianews.com\/live\/wp-content\/uploads\/2022\/03\/image-737.png?resize=720%2C410\" alt=\"\" class=\"wp-image-18307\" srcset=\"https:\/\/i0.wp.com\/batimedianews.com\/live\/wp-content\/uploads\/2022\/03\/image-737.png?w=1022&amp;ssl=1 1022w, https:\/\/i0.wp.com\/batimedianews.com\/live\/wp-content\/uploads\/2022\/03\/image-737.png?resize=600%2C342&amp;ssl=1 600w, https:\/\/i0.wp.com\/batimedianews.com\/live\/wp-content\/uploads\/2022\/03\/image-737.png?resize=768%2C437&amp;ssl=1 768w, https:\/\/i0.wp.com\/batimedianews.com\/live\/wp-content\/uploads\/2022\/03\/image-737.png?resize=10%2C6&amp;ssl=1 10w, https:\/\/i0.wp.com\/batimedianews.com\/live\/wp-content\/uploads\/2022\/03\/image-737.png?resize=432%2C246&amp;ssl=1 432w, https:\/\/i0.wp.com\/batimedianews.com\/live\/wp-content\/uploads\/2022\/03\/image-737.png?resize=396%2C226&amp;ssl=1 396w, https:\/\/i0.wp.com\/batimedianews.com\/live\/wp-content\/uploads\/2022\/03\/image-737.png?resize=660%2C376&amp;ssl=1 660w, https:\/\/i0.wp.com\/batimedianews.com\/live\/wp-content\/uploads\/2022\/03\/image-737.png?resize=386%2C220&amp;ssl=1 386w\" sizes=\"(max-width: 600px) 91vw, (max-width: 900px) 600px, (max-width: 1060px) 50vw, (max-width: 1200px) 520px, (max-width: 1400px) 43vw, 600px\" data-recalc-dims=\"1\" \/><\/figure><\/div>\n\n\n\n<p>Pour<strong> le site de Saint-Martin-des-Fontaines (85) <\/strong>: en collaboration avec la soci\u00e9t\u00e9 NAODEN et avec l\u2019aide de l\u2019ADEME, Bouyer Leroux a initi\u00e9 la phase de mise en service du pilote industriel des gaz\u00e9ifieurs d\u00e9di\u00e9s \u2002 l\u2019industrie c\u00e9ramique. Cette phase de Recherche &amp; D\u00e9veloppement doit permettre \u00e0 Bouyer Leroux de valider cette solution d\u2019utilisation de la biomasse\u2002\u00e0 grande \u00e9chelle. Cette unit\u00e9 pilote de gaz\u00e9ification repr\u00e9sente un budget d\u2019investissement de 2,3 millions \u20ac.<\/p>\n\n\n\n<p>Fort de la transition \u00e9nerg\u00e9tique qu\u2019elle a d\u00e9j\u00e0 r\u00e9alis\u00e9e et mobilis\u00e9e sur les actions et projets planifi\u00e9s, la soci\u00e9t\u00e9 Bouyer Leroux met en oeuvre la strat\u00e9gie volontariste qu\u2019elle a d\u00e9cid\u00e9 de d\u00e9ployer. Elle se montre confiante quant \u00e0 la pertinence de la solution bio\u2019bric pour r\u00e9pondre aux exigences de la RE 2020 et \u00eatre \u2002 long terme un producteur de solutions constructives pour les maisons individuelles et les logements collectifs \u00e9co-performants.<\/p>\n\n\n\n<p><\/p>\n","protected":false},"excerpt":{"rendered":"<p>Bouyer Leroux a depuis de nombreuses ann\u00c9es pris conscience des enjeux environnementaux et \u2002\u00e9conomiques li\u00e9s \u00e0 l\u2019utilisation d\u2019\u00e9nergie fossile. En ce printemps 2022, face \u00e0 la flamb\u00e9e des prix des \u00e9nergies, sa strat\u00e9gie de d\u00e9veloppement durable renforc\u00e9e en 2018 par un ambitieux programme de d\u00e9carbonation permet, aujourd\u2019hui, de limiter l\u2019impact du gaz sur ses activit\u00e9s [&hellip;]<\/p>\n","protected":false},"author":41,"featured_media":18343,"comment_status":"open","ping_status":"open","sticky":false,"template":"","format":"standard","meta":{"spay_email":""},"categories":[4,866,128],"tags":[1729,1111,1762,478],"jetpack_featured_media_url":"https:\/\/i1.wp.com\/batimedianews.com\/live\/wp-content\/uploads\/2022\/03\/image_bouyerleroux.png?fit=1217%2C462&ssl=1","jetpack_sharing_enabled":true,"jetpack_likes_enabled":true,"jetpack-related-posts":[{"id":33356,"url":"https:\/\/batimedianews.com\/live\/index.php\/2023\/11\/27\/une-strategie-de-decarbonation-a-la-hauteur-des-enjeux-bas-carbone-du-marche-de-la-construction\/","url_meta":{"origin":18303,"position":0},"title":"Une strat\u00e9gie de d\u00e9carbonation \u00e0 la hauteur des enjeux bas carbone du march\u00e9 de la construction","date":"27 novembre 2023","format":false,"excerpt":"INTERVENANTS De gauche \u00e0 droite Julien Perez : Directeur MarketingRoland Besnard : Pr\u00e9sident Directeur G\u00e9n\u00e9ral de la Scop Bouyer LerouxS\u00e9bastien Elissalde : Directeur \u00c9nergie EnvironnementJ\u00e9r\u00f4me Gautron : Directeur du D\u00e9veloppementPierre-Alexandre Cheminel : Directeur G\u00e9n\u00e9ral Adjoint de la Scop Bouyer Leroux GROUPE BOUYER LEROUX SOLUTIONS INNOVANTES ET \u00c9CO-PERFORMANTES POUR L\u2019HABITAT CHIFFRES\u2026","rel":"","context":"Dans &quot;Actualit\u00e9 Entreprises&quot;","img":{"alt_text":"","src":"https:\/\/i1.wp.com\/batimedianews.com\/live\/wp-content\/uploads\/2023\/11\/BLImage-articles-.jpg?fit=825%2C825&ssl=1&resize=350%2C200","width":350,"height":200},"classes":[]},{"id":369,"url":"https:\/\/batimedianews.com\/live\/index.php\/2018\/10\/19\/le-groupe-bouyer-leroux-a-finalise-lacquisition-de-soprofen\/","url_meta":{"origin":18303,"position":1},"title":"Le Groupe BOUYER LEROUX a finalis\u00e9 l\u2019acquisition de SOPROFEN","date":"19 octobre 2018","format":false,"excerpt":"Le Groupe BOUYER LEROUX a finalis\u00e9,\u00a0vendredi 12 octobre 2018, l\u2019acquisition de\u00a0SOPROFEN aupr\u00e8s du Groupe ATRYA, et\u00a0acc\u00e8de ainsi \u00e0 une position de leader sur les march\u00e9s du volet roulant en France et en\u00a0Belgique. SOPROFEN, qui dispose de 9 sites (7 en France ; 2 en Belgique), est l\u2019un des principaux acteurs\u00a0du\u2026","rel":"","context":"Dans &quot;Actualit\u00e9 Entreprises&quot;","img":{"alt_text":"","src":"","width":0,"height":0},"classes":[]},{"id":14511,"url":"https:\/\/batimedianews.com\/live\/index.php\/2021\/12\/20\/bouyer-leroux-edilians-et-terreal-sallient-pour-la-valorisation-des-terres-de-chantier-du-metro-de-toulouse\/","url_meta":{"origin":18303,"position":2},"title":"BOUYER LEROUX, EDILIANS et TERREAL s\u2019allient pour la valorisation des terres de chantier du m\u00e9tro de Toulouse","date":"20 d\u00e9cembre 2021","format":false,"excerpt":"Les entreprises BOUYER LEROUX, EDILIANS et TERREAL, leaders de la terre cuite en France, ont r\u00e9pondu \u00e0 un Appel \u00e0 Manifestation d\u2019Int\u00e9r\u00eat lanc\u00e9 par TISSEO-INGENIERIE pour la valorisation des d\u00e9blais de chantier issus de la troisi\u00e8me ligne du m\u00e9tro toulousain et de sa connexion \u00e0 la Ligne B. Poss\u00e9dant des\u2026","rel":"","context":"Dans &quot;Actualit\u00e9 Entreprises&quot;","img":{"alt_text":"","src":"https:\/\/i2.wp.com\/batimedianews.com\/live\/wp-content\/uploads\/2021\/12\/Terreal-Article.jpg?fit=512%2C512&ssl=1&resize=350%2C200","width":350,"height":200},"classes":[]},{"id":50076,"url":"https:\/\/batimedianews.com\/live\/index.php\/2026\/04\/03\/scorp-io-leve-5-me-aupres-du-fonds-ile-de-france-decarbonation-pour-reduire-les-consommations-denergie-des-batiments-tertiaires\/","url_meta":{"origin":18303,"position":3},"title":"SCorp-io l\u00e8ve 5 M\u20ac aupr\u00e8s du Fonds \u00cele-de-France D\u00e9carbonation pour r\u00e9duire les consommations d\u2019\u00e9nergie des b\u00e2timents tertiaires","date":"3 avril 2026","format":false,"excerpt":"SCorp-io, sp\u00e9cialis\u00e9e dans la Gestion Technique du B\u00e2timent (GTB) intelligente, annonce une lev\u00e9e de fonds de 5 M\u20ac men\u00e9e par \u00cele-de-France D\u00e9carbonation, fonds d\u2019investissement initi\u00e9 par la R\u00e9gion \u00cele-France et g\u00e9r\u00e9 par Eiffel Investment Group pour financer la croissance de startups et PME innovantes de la transition \u00e9nerg\u00e9tique et \u00e9cologique.\u2026","rel":"","context":"Dans &quot;Actualit\u00e9 Entreprises&quot;","img":{"alt_text":"","src":"https:\/\/i0.wp.com\/batimedianews.com\/live\/wp-content\/uploads\/2026\/04\/SCorp-IO.jpg?fit=825%2C825&ssl=1&resize=350%2C200","width":350,"height":200},"classes":[]},{"id":40875,"url":"https:\/\/batimedianews.com\/live\/index.php\/2024\/10\/28\/edf-enr-et-le-credit-agricole-concluent-un-partenariat-strategique-de-long-terme-pour-financer-a-grande-echelle-la-solarisation-des-sites-tertiaires-et-industriels\/","url_meta":{"origin":18303,"position":4},"title":"EDF ENR et le Cr\u00e9dit Agricole concluent un partenariat strat\u00e9gique de long terme pour financer \u00e0 grande \u00e9chelle la solarisation des sites tertiaires et industriels","date":"28 octobre 2024","format":false,"excerpt":"En coh\u00e9rence avec leur strat\u00e9gie de d\u00e9carbonation par le d\u00e9veloppement des \u00e9nergies renouvelables en France, EDF ENR et le Cr\u00e9dit Agricole s\u2019associent et cr\u00e9ent une plateforme de financement pour accompagner la transition \u00e9nerg\u00e9tique des professionnels (bureaux, entrep\u00f4ts commerces, parkings\u2026) .\u00a0 \u00a0La premi\u00e8re op\u00e9ration de ce partenariat concerne 18 centrales photovolta\u00efques\u2026","rel":"","context":"Dans &quot;Actualit\u00e9 Entreprises&quot;","img":{"alt_text":"","src":"https:\/\/i2.wp.com\/batimedianews.com\/live\/wp-content\/uploads\/2024\/10\/EDF-articles-.jpg?fit=825%2C825&ssl=1&resize=350%2C200","width":350,"height":200},"classes":[]},{"id":33435,"url":"https:\/\/batimedianews.com\/live\/index.php\/2023\/11\/29\/lhyfe-remporte-lami-lance-par-nantes-saint-nazaire-port\/","url_meta":{"origin":18303,"position":5},"title":"Lhyfe remporte l\u2019AMI lanc\u00e9 par Nantes Saint-Nazaire Port","date":"29 novembre 2023","format":false,"excerpt":"Lhyfe\u00a0remporte\u00a0l'appel \u00e0\u00a0manifestation d'int\u00e9r\u00eat\u00a0lanc\u00e9 par\u00a0Nantes\u00a0Saint-Nazaire\u00a0Port\u00a0pour le d\u00e9veloppement d'un site\u00a0de\u00a0production d'hydrog\u00e8ne vert\u00a0destin\u00e9 \u00e0 d\u00e9carboner\u00a0son\u00a0\u00e9cosyst\u00e8me portuaire\u00a0\u00e0 grande \u00e9chelle Nantes (France), le\u00a027 novembre\u00a02023, 7h30 -\u00a0Lhyfe (EURONEXT : LHYFE), l'un des pionniers mondiaux de la production d'hydrog\u00e8ne vert et renouvelable,\u00a0annonce avoir\u00a0\u00e9t\u00e9 d\u00e9sign\u00e9 laur\u00e9at de\u00a0l'appel \u00e0 manifestation d'int\u00e9r\u00eat (AMI)\u00a0lanc\u00e9\u00a0fin 2022\u00a0par\u00a0Nantes\u00a0Saint-Nazaire\u00a0Port\u00a0pour\u00a0l'implantation d'une unit\u00e9 de production industrielle et\u2026","rel":"","context":"Dans &quot;Actualit\u00e9 Entreprises&quot;","img":{"alt_text":"","src":"https:\/\/i2.wp.com\/batimedianews.com\/live\/wp-content\/uploads\/2023\/11\/Lhyfe-Image-articles-.jpg?fit=825%2C825&ssl=1&resize=350%2C200","width":350,"height":200},"classes":[]}],"_links":{"self":[{"href":"https:\/\/batimedianews.com\/live\/index.php\/wp-json\/wp\/v2\/posts\/18303"}],"collection":[{"href":"https:\/\/batimedianews.com\/live\/index.php\/wp-json\/wp\/v2\/posts"}],"about":[{"href":"https:\/\/batimedianews.com\/live\/index.php\/wp-json\/wp\/v2\/types\/post"}],"author":[{"embeddable":true,"href":"https:\/\/batimedianews.com\/live\/index.php\/wp-json\/wp\/v2\/users\/41"}],"replies":[{"embeddable":true,"href":"https:\/\/batimedianews.com\/live\/index.php\/wp-json\/wp\/v2\/comments?post=18303"}],"version-history":[{"count":4,"href":"https:\/\/batimedianews.com\/live\/index.php\/wp-json\/wp\/v2\/posts\/18303\/revisions"}],"predecessor-version":[{"id":18344,"href":"https:\/\/batimedianews.com\/live\/index.php\/wp-json\/wp\/v2\/posts\/18303\/revisions\/18344"}],"wp:featuredmedia":[{"embeddable":true,"href":"https:\/\/batimedianews.com\/live\/index.php\/wp-json\/wp\/v2\/media\/18343"}],"wp:attachment":[{"href":"https:\/\/batimedianews.com\/live\/index.php\/wp-json\/wp\/v2\/media?parent=18303"}],"wp:term":[{"taxonomy":"category","embeddable":true,"href":"https:\/\/batimedianews.com\/live\/index.php\/wp-json\/wp\/v2\/categories?post=18303"},{"taxonomy":"post_tag","embeddable":true,"href":"https:\/\/batimedianews.com\/live\/index.php\/wp-json\/wp\/v2\/tags?post=18303"}],"curies":[{"name":"wp","href":"https:\/\/api.w.org\/{rel}","templated":true}]}}