{"id":20848,"date":"2022-06-15T11:08:40","date_gmt":"2022-06-15T09:08:40","guid":{"rendered":"http:\/\/batimedianews.com\/live\/?p=20848"},"modified":"2022-08-07T12:49:08","modified_gmt":"2022-08-07T10:49:08","slug":"transition-demographique-et-adaptation-du-logement-contributions-du-club-de-lamelioration-de-lhabitat","status":"publish","type":"post","link":"https:\/\/batimedianews.com\/live\/index.php\/2022\/06\/15\/transition-demographique-et-adaptation-du-logement-contributions-du-club-de-lamelioration-de-lhabitat\/","title":{"rendered":"Transition d\u00e9mographique et adaptation du logement , contributions du club de l&rsquo;am\u00e9lioration de l&rsquo;Habitat"},"content":{"rendered":"\n<figure class=\"wp-block-image size-large\"><img loading=\"lazy\" width=\"720\" height=\"250\" src=\"https:\/\/i2.wp.com\/batimedianews.com\/live\/wp-content\/uploads\/2022\/06\/image-65.png?resize=720%2C250\" alt=\"\" class=\"wp-image-20849\" srcset=\"https:\/\/i2.wp.com\/batimedianews.com\/live\/wp-content\/uploads\/2022\/06\/image-65.png?resize=1024%2C355&amp;ssl=1 1024w, https:\/\/i2.wp.com\/batimedianews.com\/live\/wp-content\/uploads\/2022\/06\/image-65.png?resize=600%2C208&amp;ssl=1 600w, https:\/\/i2.wp.com\/batimedianews.com\/live\/wp-content\/uploads\/2022\/06\/image-65.png?resize=768%2C266&amp;ssl=1 768w, https:\/\/i2.wp.com\/batimedianews.com\/live\/wp-content\/uploads\/2022\/06\/image-65.png?resize=10%2C3&amp;ssl=1 10w, https:\/\/i2.wp.com\/batimedianews.com\/live\/wp-content\/uploads\/2022\/06\/image-65.png?resize=432%2C150&amp;ssl=1 432w, https:\/\/i2.wp.com\/batimedianews.com\/live\/wp-content\/uploads\/2022\/06\/image-65.png?resize=396%2C137&amp;ssl=1 396w, https:\/\/i2.wp.com\/batimedianews.com\/live\/wp-content\/uploads\/2022\/06\/image-65.png?resize=1120%2C389&amp;ssl=1 1120w, https:\/\/i2.wp.com\/batimedianews.com\/live\/wp-content\/uploads\/2022\/06\/image-65.png?resize=660%2C229&amp;ssl=1 660w, https:\/\/i2.wp.com\/batimedianews.com\/live\/wp-content\/uploads\/2022\/06\/image-65.png?resize=634%2C220&amp;ssl=1 634w, https:\/\/i2.wp.com\/batimedianews.com\/live\/wp-content\/uploads\/2022\/06\/image-65.png?w=1268&amp;ssl=1 1268w\" sizes=\"(max-width: 600px) 91vw, (max-width: 900px) 600px, (max-width: 1060px) 50vw, (max-width: 1200px) 520px, (max-width: 1400px) 43vw, 600px\" data-recalc-dims=\"1\" \/><\/figure>\n\n\n\n<figure class=\"wp-block-image size-large\"><img loading=\"lazy\" width=\"720\" height=\"236\" src=\"https:\/\/i0.wp.com\/batimedianews.com\/live\/wp-content\/uploads\/2022\/06\/image-66.png?resize=720%2C236\" alt=\"\" class=\"wp-image-20850\" srcset=\"https:\/\/i0.wp.com\/batimedianews.com\/live\/wp-content\/uploads\/2022\/06\/image-66.png?resize=1024%2C336&amp;ssl=1 1024w, https:\/\/i0.wp.com\/batimedianews.com\/live\/wp-content\/uploads\/2022\/06\/image-66.png?resize=600%2C197&amp;ssl=1 600w, https:\/\/i0.wp.com\/batimedianews.com\/live\/wp-content\/uploads\/2022\/06\/image-66.png?resize=768%2C252&amp;ssl=1 768w, https:\/\/i0.wp.com\/batimedianews.com\/live\/wp-content\/uploads\/2022\/06\/image-66.png?resize=1536%2C504&amp;ssl=1 1536w, https:\/\/i0.wp.com\/batimedianews.com\/live\/wp-content\/uploads\/2022\/06\/image-66.png?resize=10%2C3&amp;ssl=1 10w, https:\/\/i0.wp.com\/batimedianews.com\/live\/wp-content\/uploads\/2022\/06\/image-66.png?resize=432%2C142&amp;ssl=1 432w, https:\/\/i0.wp.com\/batimedianews.com\/live\/wp-content\/uploads\/2022\/06\/image-66.png?resize=396%2C130&amp;ssl=1 396w, https:\/\/i0.wp.com\/batimedianews.com\/live\/wp-content\/uploads\/2022\/06\/image-66.png?resize=1120%2C368&amp;ssl=1 1120w, https:\/\/i0.wp.com\/batimedianews.com\/live\/wp-content\/uploads\/2022\/06\/image-66.png?resize=660%2C217&amp;ssl=1 660w, https:\/\/i0.wp.com\/batimedianews.com\/live\/wp-content\/uploads\/2022\/06\/image-66.png?resize=670%2C220&amp;ssl=1 670w, https:\/\/i0.wp.com\/batimedianews.com\/live\/wp-content\/uploads\/2022\/06\/image-66.png?w=2046&amp;ssl=1 2046w, https:\/\/i0.wp.com\/batimedianews.com\/live\/wp-content\/uploads\/2022\/06\/image-66.png?w=1440 1440w\" sizes=\"(max-width: 600px) 91vw, (max-width: 900px) 600px, (max-width: 1060px) 50vw, (max-width: 1200px) 520px, (max-width: 1400px) 43vw, 600px\" data-recalc-dims=\"1\" \/><\/figure>\n\n\n\n<p>Mercredi 23 mars \u00e0 l\u2019occasion du Salon des Seniors, le Club de l\u2019Am\u00e9lioration de l\u2019Habitat a lanc\u00e9 son nouveau groupe de travail : \u201cAdaptation des logements pour un meilleur confort d\u2019usage\u201d.&nbsp;<\/p>\n\n\n\n<p>Compos\u00e9 d\u2019acteurs incontournables de la r\u00e9novation de l\u2019habitat, ce groupe accompagnera et soutiendra les politiques publiques en faveur de l\u2019adaptation des logements permettant de favoriser \u201cle mieux vieillir chez soi\u201d des seniors. Le Club a d\u00e9voil\u00e9 les 4 axes d\u2019action de ses travaux.&nbsp;<\/p>\n\n\n\n<p class=\"has-text-color has-medium-font-size\" style=\"color:#7dd1b2\"><strong>&nbsp;<\/strong><strong>Le contexte&nbsp;<\/strong><\/p>\n\n\n\n<p>La transition d\u00e9mographique est porteuse de transformations profondes, aux cons\u00e9quences majeures sur les grands \u00e9quilibres de la soci\u00e9t\u00e9 fran\u00e7aise avec le vieillissement de la population, qui pose la question de la d\u00e9pendance et du \u201cbien vieillir\u201d.&nbsp;<\/p>\n\n\n\n<p>En 2030, 20 millions de personnes seront \u00e2g\u00e9es de plus de 60 ans \u2013 dont d\u00e9j\u00e0 15 millions aujourd\u2019hui. Et ce sont 4,8 millions de Fran\u00e7ais qui auront pass\u00e9 les 85 ans, contre 1,4 million \u00e0 l\u2019heure actuelle. Cette transition d\u00e9mographie soul\u00e8ve de nouvelles probl\u00e9matiques et constitue un v\u00e9ritable d\u00e9fi soci\u00e9tal et enjeu national.&nbsp;<\/p>\n\n\n\n<p><strong>&nbsp;<\/strong><strong>Le r\u00f4le du groupe de travail : pr\u00e9c\u00e9der et accompagner le projet de loi \u201cG\u00e9n\u00e9rations Solidaires\u201d&nbsp;<\/strong><\/p>\n\n\n\n<p>Ce groupe de r\u00e9flexion a pour vocation de pr\u00e9c\u00e9der et accompagner le projet de loi n\u2019ayant pu \u00eatre \u00e9tudi\u00e9 lors de la mandature actuelle mais qui le sera tr\u00e8s certainement d\u00e8s le d\u00e9but de la prochaine : \u201c<strong>G\u00e9n\u00e9rations Solidaires<\/strong>\u201d.&nbsp;<\/p>\n\n\n\n<p>D\u2019ores et d\u00e9j\u00e0 des dispositions d\u2019aides financi\u00e8res sont annonc\u00e9es dans le cadre du Projet de Loi de Finances 2023 et une aide financi\u00e8re pourrait voir le jour d\u00e8s 2022 : \u201c<strong>MaPrimeAdapt<\/strong>\u201d.&nbsp;<\/p>\n\n\n\n<p>Les deux grands axes de cette aide consistent \u00e0 aider les foyers modestes et tr\u00e8s modestes \u00e0 hauteur de 70 % des travaux d\u2019adaptation et \u00e0 permettre \u00e0 tous les foyers (+ de 70 ans) d\u2019avoir la possibilit\u00e9 de b\u00e9n\u00e9ficier d\u2019un diagnostic de son logement en termes d\u2019accessibilit\u00e9 et de mobilit\u00e9.&nbsp;<\/p>\n\n\n\n<p class=\"has-text-color has-medium-font-size\" style=\"color:#7dd1b2\"><strong>&nbsp;<\/strong><strong>Le r\u00f4le du groupe de travail : pr\u00e9c\u00e9der et accompagner le projet de loi \u201cG\u00e9n\u00e9rations Solidaires\u201d&nbsp;<\/strong><\/p>\n\n\n\n<p>Ce groupe de r\u00e9flexion a pour vocation de pr\u00e9c\u00e9der et accompagner le projet de loi n\u2019ayant pu \u00eatre \u00e9tudi\u00e9 lors de la mandature actuelle mais qui le sera tr\u00e8s certainement d\u00e8s le d\u00e9but de la prochaine : \u201c<strong>G\u00e9n\u00e9rations Solidaires<\/strong>\u201d.&nbsp;<\/p>\n\n\n\n<p>D\u2019ores et d\u00e9j\u00e0 des dispositions d\u2019aides financi\u00e8res sont annonc\u00e9es dans le cadre du Projet de Loi de Finances 2023 et une aide financi\u00e8re pourrait voir le jour d\u00e8s 2022 : \u201c<strong>MaPrimeAdapt<\/strong>\u201d.&nbsp;<\/p>\n\n\n\n<p>Les deux grands axes de cette aide consistent \u00e0 aider les foyers modestes et tr\u00e8s modestes \u00e0 hauteur de 70 % des travaux d\u2019adaptation et \u00e0 permettre \u00e0 tous les foyers (+ de 70 ans) d\u2019avoir la possibilit\u00e9 de b\u00e9n\u00e9ficier d\u2019un diagnostic de son logement en termes d\u2019accessibilit\u00e9 et de mobilit\u00e9.&nbsp;<\/p>\n\n\n\n<p class=\"has-text-color has-medium-font-size\" style=\"color:#7dd1b2\"><strong>&nbsp;<\/strong><strong>Le plan d\u2019action du groupe de travail en 4 axes :&nbsp;<\/strong><\/p>\n\n\n\n<p>Compos\u00e9 d\u2019un tour de table vari\u00e9 des acteurs de la r\u00e9novation de l\u2019habitat, ce groupe accompagnera et soutiendra les politiques publiques en faveur de l\u2019adaptation des logements pour favoriser le maintien \u00e0 domicile des seniors. (Voire des PMR dans le sens de la future l\u00e9gislation \u00e0 venir). 4 grands axes de travail rythmeront l\u2019ann\u00e9e 2022 :&nbsp;<\/p>\n\n\n\n<p><strong>1 <\/strong><strong>Anticipation, pr\u00e9vention, information, diagnostic et sensibilisation <\/strong>pour pr\u00e9parer le public au maintien \u00e0 domicile.&nbsp;<\/p>\n\n\n\n<p><strong>2 <\/strong><strong>Cr\u00e9ation d\u2019un r\u00e9f\u00e9rentiel technique et d\u2019offres technologiques <\/strong>tant du point de vue des experts du b\u00e2timent que des sp\u00e9cialistes en ergoth\u00e9rapie.&nbsp;<\/p>\n\n\n\n<p><strong>3 <\/strong><strong>Mont\u00e9e en comp\u00e9tences des fili\u00e8res professionnelles et \u00e9largissement des qualifications <\/strong>(programme p\u00e9dagogique technique, marketing, psychosociologique\u2026).&nbsp;<\/p>\n\n\n\n<p><strong>4 <\/strong><strong>Accompagnement global de la d\u00e9marche par un tiers de confiance <\/strong>: administratif et financier, suivi technique, garanties de qualit\u00e9 et de performance dans le temps.&nbsp;<\/p>\n\n\n\n<p>Les r\u00e9sultats et premi\u00e8res recommandations de ce groupe de travail seront d\u00e9livr\u00e9s \u00e0 l\u2019occasion du colloque du Club qui c\u00e9l\u00e9brera ses 30 ans le 5 octobre prochain sur le Salon du Mondial du B\u00e2timent.&nbsp;<\/p>\n\n\n\n<p>Retrouvez plus d\u2019informations sur le lancement de ces travaux en \u00e9coutant la chronique du CAH \u201cAm\u00e9liorer nos lieux de vie\u201d enregistr\u00e9e le 4 f\u00e9vrier dans le cadre de l\u2019\u00e9mission : <a href=\"https:\/\/www.youtube.com\/watch?v=IVkQdvK9Qvo\">\u201c<strong>Les Rendez-Vous du Mondial du B\u00e2timent<\/strong>\u201d<\/a> sur Batiradio.&nbsp;<\/p>\n\n\n\n<p><\/p>\n","protected":false},"excerpt":{"rendered":"<p>Mercredi 23 mars \u00e0 l\u2019occasion du Salon des Seniors, le Club de l\u2019Am\u00e9lioration de l\u2019Habitat a lanc\u00e9 son nouveau groupe de travail : \u201cAdaptation des logements pour un meilleur confort d\u2019usage\u201d.&nbsp; Compos\u00e9 d\u2019acteurs incontournables de la r\u00e9novation de l\u2019habitat, ce groupe accompagnera et soutiendra les politiques publiques en faveur de l\u2019adaptation des logements permettant de [&hellip;]<\/p>\n","protected":false},"author":41,"featured_media":20851,"comment_status":"open","ping_status":"open","sticky":false,"template":"","format":"standard","meta":{"spay_email":""},"categories":[4,8,73],"tags":[1702],"jetpack_featured_media_url":"https:\/\/i2.wp.com\/batimedianews.com\/live\/wp-content\/uploads\/2022\/06\/CAH-Article.jpg?fit=1920%2C1080&ssl=1","jetpack_sharing_enabled":true,"jetpack_likes_enabled":true,"jetpack-related-posts":[{"id":34205,"url":"https:\/\/batimedianews.com\/live\/index.php\/2024\/01\/10\/colloque-habitat-sante-confort-retour-sur-les-temps-forts\/","url_meta":{"origin":20848,"position":0},"title":"Colloque Habitat Sant\u00e9\/Confort &#8211; Retour sur les temps forts","date":"10 janvier 2024","format":false,"excerpt":"\u00a0Le Club de l\u2019Am\u00e9lioration de l\u2019Habitat (CAH) r\u00e9unissait ce lundi 11 d\u00e9cembre les acteurs publics et priv\u00e9s de la fili\u00e8re b\u00e2timent et sant\u00e9 dans le cadre de la premi\u00e8re \u00e9dition de son colloque \u00abHabitat Sant\u00e9\/Confort\u00bb, un triptyque traduisant concr\u00e8tement les r\u00e9flexions et travaux du Club dans le sens de la\u2026","rel":"","context":"Dans &quot;Actualit\u00e9 Entreprises&quot;","img":{"alt_text":"","src":"https:\/\/i1.wp.com\/batimedianews.com\/live\/wp-content\/uploads\/2024\/01\/CAH.jpg?fit=825%2C825&ssl=1&resize=350%2C200","width":350,"height":200},"classes":[]},{"id":17058,"url":"https:\/\/batimedianews.com\/live\/index.php\/2022\/03\/08\/transition-demographique-adaptation-du-logement-un-evenement-propose-par-le-club-de-lamelioration-de-lhabitat-cah\/","url_meta":{"origin":20848,"position":1},"title":"Transition D\u00e9mographique &amp; Adaptation du Logement. Un \u00e9v\u00e8nement propos\u00e9 par le Club de l\u2019Am\u00e9lioration de l\u2019Habitat (CAH).","date":"8 mars 2022","format":false,"excerpt":"\u00a0Mercredi 23 mars 2022 Salon des Seniors, Paris-Expo Porte de Versailles Hall 5.2-5.3\u00a0 \u00a0Rendez-vous autour de 3 temps forts: 11h30 : Echanges avec la presse sur le stand Saint-Gobain - CNAV \u2013 espace \u00abMon cadre de vie\u00bb am\u00e9nag\u00e9 sur 150 m2, int\u00e9grant 80m2 repr\u00e9sentant un appartement adapt\u00e9 au maintien \u00e0\u2026","rel":"","context":"Dans &quot;Actualit\u00e9 Entreprises&quot;","img":{"alt_text":"","src":"https:\/\/i1.wp.com\/batimedianews.com\/live\/wp-content\/uploads\/2022\/03\/CAH-Article.jpg?fit=512%2C512&ssl=1&resize=350%2C200","width":350,"height":200},"classes":[]},{"id":28822,"url":"https:\/\/batimedianews.com\/live\/index.php\/2023\/05\/26\/les-habitants-consommateurs-et-ladaptation-du-logement-au-vieillissement-avec-le-club-de-lamelioration-de-lhabitat-et-france-silver-eco\/","url_meta":{"origin":20848,"position":2},"title":"Les habitants consommateurs et l&rsquo;adaptation du logement au vieillissement avec Le Club de l\u2019am\u00e9lioration de l\u2019habitat  et  \u00abFrance silver eco \u00bb","date":"26 mai 2023","format":false,"excerpt":"Le Club de l\u2019am\u00e9lioration de l\u2019habitat pr\u00e9sente les premiers r\u00e9sultats de sa r\u00e9cente enqu\u00eate aupr\u00e8s des \u00abhabitants consommateurs\u00bb et \u00e0 ses cot\u00e9s \u00abFrance silver eco \u00bb commente la synth\u00e8se de l\u2019\u00e9tude d\u2019impact \u00e9conomique sur l\u2019adaptation du logement au vieillissement de la population \u00a01\/ Regard d\u00e9taill\u00e9 du CAH port\u00e9 vers les\u2026","rel":"","context":"Dans &quot;Actualit\u00e9 Entreprises&quot;","img":{"alt_text":"","src":"https:\/\/i0.wp.com\/batimedianews.com\/live\/wp-content\/uploads\/2023\/05\/CAH-Article.jpg?fit=1080%2C1080&ssl=1&resize=350%2C200","width":350,"height":200},"classes":[]},{"id":15836,"url":"https:\/\/batimedianews.com\/live\/index.php\/2022\/02\/10\/1992-2022-le-club-de-lamelioration-de-lhabitat-fete-ses-30-ans\/","url_meta":{"origin":20848,"position":3},"title":"1992 &#8211; 2022, le Club de l\u2019Am\u00e9lioration de l\u2019Habitat f\u00eate ses 30 ans","date":"10 f\u00e9vrier 2022","format":false,"excerpt":"\u00c0 sa t\u00eate Jacques Pestre, Pr\u00e9sident du Club et Jean-Pascal Chirat, D\u00e9l\u00e9gu\u00e9 G\u00e9n\u00e9ral, d\u00e9voilent leurs ambitions et leur feuille de route 2022 pour dynamiser la r\u00e9novation de l\u2019habitat, massifier la requalification architecturale, et plus largement am\u00e9liorer la qualit\u00e9 de vie des habitants.\u00a0 \u00a030 ans d\u2019engagements et d\u2019actions pour l\u2019am\u00e9lioration de\u2026","rel":"","context":"Dans &quot;Actualit\u00e9 Entreprises&quot;","img":{"alt_text":"","src":"https:\/\/i2.wp.com\/batimedianews.com\/live\/wp-content\/uploads\/2022\/02\/CAH-Article.jpg?fit=512%2C512&ssl=1&resize=350%2C200","width":350,"height":200},"classes":[]},{"id":1371,"url":"https:\/\/batimedianews.com\/live\/index.php\/2019\/07\/01\/assemblee-generale-du-club-de-lamelioration-de-lhabitat\/","url_meta":{"origin":20848,"position":4},"title":"Assembl\u00e9e G\u00e9n\u00e9rale du Club de l\u2019Am\u00e9lioration de l\u2019Habitat","date":"1 juillet 2019","format":false,"excerpt":"Le Club de l'Am\u00e9lioration de l'Habitat a tenu son assembl\u00e9e g\u00e9n\u00e9rale annuelle ce jeudi 20 juin dans l\u2019auditorium du si\u00e8ge de Saint-Gobain \u00e0 la d\u00e9fense. Le pr\u00e9sident Maurice Manceau a pr\u00e9sent\u00e9 \u00e0 cette occasion le bilan de ses trois ann\u00e9es de mandats, particuli\u00e8rement riches en \u00e9v\u00e9nements et \u00e9tudes diverses. Il\u2026","rel":"","context":"Dans &quot;Actualit\u00e9 Entreprises&quot;","img":{"alt_text":"","src":"https:\/\/batimedialive.files.wordpress.com\/2019\/06\/manceau.jpg?w=350&h=200&crop=1","width":350,"height":200},"classes":[]},{"id":46287,"url":"https:\/\/batimedianews.com\/live\/index.php\/2025\/08\/29\/forum-renodays-2025-attentes-des-habitants-10-masterclass-pour-comprendre-les-besoins-des-menages\/","url_meta":{"origin":20848,"position":5},"title":"FORUM RENODAYS 2025 : Attentes des habitants : 10 masterclass pour comprendre les besoins des m\u00e9nages","date":"29 ao\u00fbt 2025","format":false,"excerpt":"Situ\u00e9 d\u00e8s l\u2019entr\u00e9e du Forum RENODAYS, l\u2019espace \u00ab Attentes des habitants \u00bb a \u00e9t\u00e9 con\u00e7u en partenariat avec le Club de l\u2019Am\u00e9lioration de l\u2019Habitat (CAH)1. Il se concentre sur les sujets cl\u00e9s pour comprendre les besoins et attentes des m\u00e9nages en mati\u00e8re de qualit\u00e9 du logement. L\u2019objectif : offrir aux\u2026","rel":"","context":"Dans &quot;Actualit\u00e9s salons&quot;","img":{"alt_text":"","src":"https:\/\/i1.wp.com\/batimedianews.com\/live\/wp-content\/uploads\/2025\/08\/Renodays.jpg?fit=825%2C825&ssl=1&resize=350%2C200","width":350,"height":200},"classes":[]}],"_links":{"self":[{"href":"https:\/\/batimedianews.com\/live\/index.php\/wp-json\/wp\/v2\/posts\/20848"}],"collection":[{"href":"https:\/\/batimedianews.com\/live\/index.php\/wp-json\/wp\/v2\/posts"}],"about":[{"href":"https:\/\/batimedianews.com\/live\/index.php\/wp-json\/wp\/v2\/types\/post"}],"author":[{"embeddable":true,"href":"https:\/\/batimedianews.com\/live\/index.php\/wp-json\/wp\/v2\/users\/41"}],"replies":[{"embeddable":true,"href":"https:\/\/batimedianews.com\/live\/index.php\/wp-json\/wp\/v2\/comments?post=20848"}],"version-history":[{"count":3,"href":"https:\/\/batimedianews.com\/live\/index.php\/wp-json\/wp\/v2\/posts\/20848\/revisions"}],"predecessor-version":[{"id":21165,"href":"https:\/\/batimedianews.com\/live\/index.php\/wp-json\/wp\/v2\/posts\/20848\/revisions\/21165"}],"wp:featuredmedia":[{"embeddable":true,"href":"https:\/\/batimedianews.com\/live\/index.php\/wp-json\/wp\/v2\/media\/20851"}],"wp:attachment":[{"href":"https:\/\/batimedianews.com\/live\/index.php\/wp-json\/wp\/v2\/media?parent=20848"}],"wp:term":[{"taxonomy":"category","embeddable":true,"href":"https:\/\/batimedianews.com\/live\/index.php\/wp-json\/wp\/v2\/categories?post=20848"},{"taxonomy":"post_tag","embeddable":true,"href":"https:\/\/batimedianews.com\/live\/index.php\/wp-json\/wp\/v2\/tags?post=20848"}],"curies":[{"name":"wp","href":"https:\/\/api.w.org\/{rel}","templated":true}]}}