{"id":21418,"date":"2022-06-29T08:27:21","date_gmt":"2022-06-29T06:27:21","guid":{"rendered":"http:\/\/batimedianews.com\/live\/?p=21418"},"modified":"2022-08-07T12:48:36","modified_gmt":"2022-08-07T10:48:36","slug":"accidents-de-la-main-au-travail-les-equipements-de-protection-individuelle-garants-de-la-securite","status":"publish","type":"post","link":"https:\/\/batimedianews.com\/live\/index.php\/2022\/06\/29\/accidents-de-la-main-au-travail-les-equipements-de-protection-individuelle-garants-de-la-securite\/","title":{"rendered":"Accidents de la main au travail : les \u00e9quipements de protection individuelle garants de la s\u00e9curit\u00e9"},"content":{"rendered":"\n<p>L&rsquo;\u00e9pisode caniculaire que nous venons de traverser \u00e0 mis les organismes \u00e0 rude \u00e9preuve et particuli\u00e8rement pour les personnes contraintes de travailler en ext\u00e9rieur.<\/p>\n\n\n\n<p>Si la l\u00e9gislation assouplit les r\u00e8gles en mati\u00e8re de chaleur, il y a un domaine sur lequel elle ne transige pas&nbsp;: Les \u00e9quipements de protection individuelle (EPI)<strong>, destin\u00e9s \u00e0 les prot\u00e9ger contre d&rsquo;\u00e9ventuels risques d&rsquo;accidents<\/strong>.<\/p>\n\n\n\n<p>Chaussures de s\u00e9curit\u00e9, casques de chantier, lunettes de protection ou gants de protection sont des \u00e9l\u00e9ments que doivent porter certains travailleurs m\u00eame en cas de canicule.<\/p>\n\n\n\n<p><strong>Quid des accidents de la main au travail pour d\u00e9faut de port d&rsquo;EPI&nbsp;?<\/strong><\/p>\n\n\n\n<p>En mati\u00e8re de s\u00e9curit\u00e9 de la main<strong>, 130&nbsp;000 accidents du travail sont d\u00e9nombr\u00e9s chaque ann\u00e9e, soit 356 par jour*&nbsp;!<\/strong><\/p>\n\n\n\n<p>La main est la partie du corps la plus expos\u00e9e au risque et dans la plupart des accidents de la main, les cons\u00e9quences sont irr\u00e9versibles&nbsp;:<\/p>\n\n\n\n<ul><li>&nbsp;<strong>1,6 % des accidents de la main entrainent une incapacit\u00e9 physique soit 21 personnes par jour<\/strong>.<\/li><li><strong>27 % des accidents professionnels de la main donnent lieu \u00e0 un arr\u00eat de travail<\/strong><\/li><li><strong>Perte nette estim\u00e9e \u00e0 1,9 milliard d&rsquo;euros&nbsp;<\/strong>(chiffres de&nbsp;<strong>l&rsquo;assurance maladie<\/strong>)<\/li><\/ul>\n\n\n\n<p>Rostaing, le leader fran\u00e7ais de la protection de la main depuis 1789&nbsp;<strong>con\u00e7oit des gants r\u00e9pondant aux normes les plus techniques et garantissent un niveau de protection de la main des plus \u00e9lev\u00e9s<\/strong>. Alliant technicit\u00e9 et confort, les gants Rostaing r\u00e9pondent aux sp\u00e9cificit\u00e9s de chaque m\u00e9tier.&nbsp;<strong>ArcelorMittal ou Renault font confiance \u00e0 Rostaing pour assurer la protection des mains de leurs salari\u00e9s<\/strong>.<\/p>\n\n\n\n<p>\u00ab&nbsp;<em>Notre plus grand d\u00e9fi et de faire porter le gant en faisant oublier qu&rsquo;on en porte un<\/em>&nbsp;\u00bb, d\u00e9clare&nbsp;<strong>St\u00e9phane Rostaing, CEO de Rostaing<\/strong>. \u00ab&nbsp;<em>Nous concevons des gants adapt\u00e9s \u00e0 chaque industrie pour garantir une s\u00e9curit\u00e9 et un confort maximum pour tous nos utilisateurs<\/em>&nbsp;\u00bb.<\/p>\n\n\n\n<p>Si vous souhaitez&nbsp;:<\/p>\n\n\n\n<ul><li>En apprendre plus sur la l\u00e9gislation en mati\u00e8re d&rsquo;EPI<\/li><li>D\u00e9couvrir quels sont les univers couverts par Rostaing<\/li><li>Voir comment sont pens\u00e9s et con\u00e7us les gants du plus basique au plus technique<\/li><li>Visiter les ateliers historiques de Rostaing dans le d\u00e9partement de l&rsquo;Ain<\/li><li>&#8230;<\/li><\/ul>\n\n\n\n<p>St\u00e9phane Rostaing se fera un plaisir de r\u00e9pondre \u00e0 vos questions et demandes de reportage.<\/p>\n\n\n\n<p><em>*Livre blanc de la chirurgie de la main<\/em><\/p>\n\n\n\n<p><strong>A propos de Rostaing<\/strong><\/p>\n\n\n\n<p>Cr\u00e9\u00e9e en 1789, Rostaing est une entreprise familiale pionni\u00e8re dans la fabrication de gants de protection. B\u00e2timent, industrie, jardinage, forces de l&rsquo;ordre, pompiers&#8230; Rostaing prot\u00e8ge les personnes \u00e0 travers leurs mains. Le groupe, situ\u00e9 sur dans le d\u00e9partement de l&rsquo;Ain compte 15 millions d&rsquo;utilisateurs quotidien, produit un nouveau mod\u00e8le tous les trois jours et est pr\u00e9sent dans plus de 40 pays \u00e0 travers le monde<\/p>\n","protected":false},"excerpt":{"rendered":"<p>L&rsquo;\u00e9pisode caniculaire que nous venons de traverser \u00e0 mis les organismes \u00e0 rude \u00e9preuve et particuli\u00e8rement pour les personnes contraintes de travailler en ext\u00e9rieur. Si la l\u00e9gislation assouplit les r\u00e8gles en mati\u00e8re de chaleur, il y a un domaine sur lequel elle ne transige pas&nbsp;: Les \u00e9quipements de protection individuelle (EPI), destin\u00e9s \u00e0 les prot\u00e9ger [&hellip;]<\/p>\n","protected":false},"author":41,"featured_media":21419,"comment_status":"open","ping_status":"open","sticky":false,"template":"","format":"standard","meta":{"spay_email":""},"categories":[4,1466,117],"tags":[],"jetpack_featured_media_url":"https:\/\/i2.wp.com\/batimedianews.com\/live\/wp-content\/uploads\/2022\/06\/ROSTAING-Article.jpg?fit=1920%2C1080&ssl=1","jetpack_sharing_enabled":true,"jetpack_likes_enabled":true,"jetpack-related-posts":[{"id":25969,"url":"https:\/\/batimedianews.com\/live\/index.php\/2023\/02\/02\/protection-individuelle-en-environnement-de-travail-champion-place-lunivers-des-epi-au-coeur-de-son-parcours-client\/","url_meta":{"origin":21418,"position":0},"title":"Protection individuelle en environnement de travail: CHAMPION place l\u2019univers des EPI au coeur de son parcours client","date":"2 f\u00e9vrier 2023","format":false,"excerpt":"Chantiers en milieux extr\u00eames, laboratoires, intervention en hauteur, travail aupr\u00e8s de machines bruyantes\u2026, porter des \u00e9quipements de protection individuelle (EPI) sur le lieu professionnel est obligatoire afin de se pr\u00e9munir des risques biologiques, m\u00e9caniques, \u00e9lectriques, chimiques ou encore thermiques. A l\u2019\u00e9coute des besoins de ses clients et du march\u00e9, le\u2026","rel":"","context":"Dans &quot;Actualit\u00e9 Entreprises&quot;","img":{"alt_text":"","src":"https:\/\/i1.wp.com\/batimedianews.com\/live\/wp-content\/uploads\/2023\/02\/Champion-Article.jpg?fit=1080%2C1080&ssl=1&resize=350%2C200","width":350,"height":200},"classes":[]},{"id":31191,"url":"https:\/\/batimedianews.com\/live\/index.php\/2023\/09\/11\/briefing-presente-ses-gants-epi-concus-specialement-contre-le-froid-sans-alterer-la-dexterite-de-leur-porteur\/","url_meta":{"origin":21418,"position":1},"title":"BRIEFING pr\u00e9sente ses gants EPI con\u00e7us sp\u00e9cialement contre le froid, sans alt\u00e9rer la dext\u00e9rit\u00e9 de leur porteur","date":"11 septembre 2023","format":false,"excerpt":"\u00a0Le dicton : \"il vaut mieux pr\u00e9venir que gu\u00e9rir\" est tr\u00e8s souvent utilis\u00e9 pour appeler \u00e0 la prudence.\u00a0 Dans le secteur des m\u00e9tiers \u00e0 risques, ce dicton s'applique particuli\u00e8rement.\u00a0 Et qui dit \"risques\" dit \"tenues de s\u00e9curit\u00e9\" pour limiter au maximum les cons\u00e9quences des accidents de travail.\u00a0 Parmi les diverses\u2026","rel":"","context":"Dans &quot;Actualit\u00e9 Entreprises&quot;","img":{"alt_text":"","src":"https:\/\/i2.wp.com\/batimedianews.com\/live\/wp-content\/uploads\/2023\/09\/Briefing-articles.jpg?fit=825%2C825&ssl=1&resize=350%2C200","width":350,"height":200},"classes":[]},{"id":41457,"url":"https:\/\/batimedianews.com\/live\/index.php\/2024\/11\/13\/uvex-unidur-6679-foam-hv-la-nouvelle-reference-en-matiere-de-protection-contre-les-coupures-pour-les-professionnels\/","url_meta":{"origin":21418,"position":2},"title":"uvex unidur 6679 foam HV : la nouvelle r\u00e9f\u00e9rence en mati\u00e8re de protection contre les coupures pour les professionnels","date":"13 novembre 2024","format":false,"excerpt":"Sp\u00e9cialiste europ\u00e9en des \u00e9quipements de protection individuelle (EPI), uvex \u00e9largit sa gamme avec uvex unidur 6679 foam HV, un gant de protection de pointe con\u00e7u pour offrir aux professionnels du BTP, de la construction, de l\u2019automobile et de la m\u00e9tallurgie, une d\u00e9fense accrue contre les risques de coupures et une\u2026","rel":"","context":"Dans &quot;Actualit\u00e9 Entreprises&quot;","img":{"alt_text":"","src":"https:\/\/i2.wp.com\/batimedianews.com\/live\/wp-content\/uploads\/2024\/11\/uvex-articles-.jpg?fit=825%2C825&ssl=1&resize=350%2C200","width":350,"height":200},"classes":[]},{"id":12923,"url":"https:\/\/batimedianews.com\/live\/index.php\/2021\/10\/18\/milwaukee-poursuit-le-developpement-de-sa-gamme-dequipement-de-protection-individuelle-qui-atteint-desormais-de-150-references-dediees-a-la-securite-des-professionnels-sur-les-chanti\/","url_meta":{"origin":21418,"position":3},"title":"MILWAUKEE\u00ae poursuit le d\u00e9veloppement de sa gamme d\u2019\u00c9quipement de Protection Individuelle, qui atteint d\u00e9sormais + de 150 r\u00e9f\u00e9rences d\u00e9di\u00e9es \u00e0 la s\u00e9curit\u00e9 des professionnels sur les chantiers.","date":"18 octobre 2021","format":false,"excerpt":"Ces nouveaux EPI MILWAUKEE\u00ae s\u2019ajoutent aux 145 solutions d\u00e9j\u00e0 mises en place par la marque afin de r\u00e9duire les risques d\u2019accident pour un chantier plus s\u00fbr et plus productif.\u00a0 La marque s\u2019est concentr\u00e9e sur la r\u00e9alisation de solutions innovantes qui ont pour vocation de renforcer la s\u00e9curit\u00e9 des utilisateurs et\u2026","rel":"","context":"Dans &quot;Actualit\u00e9 Entreprises&quot;","img":{"alt_text":"","src":"https:\/\/i2.wp.com\/batimedianews.com\/live\/wp-content\/uploads\/2021\/10\/Milwaukee-Article-1.jpg?fit=512%2C512&ssl=1&resize=350%2C200","width":350,"height":200},"classes":[]},{"id":23872,"url":"https:\/\/batimedianews.com\/live\/index.php\/2022\/10\/02\/parade-etoffe-sa-gamme-star-pour-les-acteurs-du-batiment\/","url_meta":{"origin":21418,"position":4},"title":"PARADE \u00e9toffe sa gamme star pour les acteurs du b\u00e2timent","date":"2 octobre 2022","format":false,"excerpt":"Pr\u00e9sent pour la premi\u00e8re fois au salon mondial BATIMAT, le fabricant-chausseur fran\u00e7ais, expert des chaussures de s\u00e9curit\u00e9, PARADE PROTECTION (49 - Groupe Eram), y pr\u00e9sentera sa gamme phare pour les professionnels du b\u00e2timent nomm\u00e9e Nebraska et compos\u00e9e de 9 mod\u00e8les, de la tige haute \u00e0 la tige basse en passant\u2026","rel":"","context":"Dans &quot;Fil d'actu Batimat 2022&quot;","img":{"alt_text":"","src":"https:\/\/i0.wp.com\/batimedianews.com\/live\/wp-content\/uploads\/2022\/10\/Parade-Article.jpg?fit=1080%2C1080&ssl=1&resize=350%2C200","width":350,"height":200},"classes":[]},{"id":23752,"url":"https:\/\/batimedianews.com\/live\/index.php\/2022\/09\/29\/nouveau-catalogue-de-marques-mewa-2022-2023-pour-les-epi\/","url_meta":{"origin":21418,"position":5},"title":"Nouveau catalogue de marques Mewa (2022\/2023) pour les EPI","date":"29 septembre 2022","format":false,"excerpt":"\u00a0Lundi 19 septembre 2022\u00a0 Le nouveau catalogue Mewa, d\u00e9di\u00e9 aux EPI (Equipements de Protection Individuelle), est arriv\u00e9 ! Pr\u00e8s de 316 pages proposent aux professionnels plus de 10 000 produits pour le travail en atelier et en entreprise, comme des \u00e9quipements de protection, des v\u00eatements de s\u00e9curit\u00e9, des polos ou\u2026","rel":"","context":"Dans &quot;Actualit\u00e9 Entreprises&quot;","img":{"alt_text":"","src":"https:\/\/i1.wp.com\/batimedianews.com\/live\/wp-content\/uploads\/2022\/09\/Mewa-Article-1.jpg?fit=1080%2C1080&ssl=1&resize=350%2C200","width":350,"height":200},"classes":[]}],"_links":{"self":[{"href":"https:\/\/batimedianews.com\/live\/index.php\/wp-json\/wp\/v2\/posts\/21418"}],"collection":[{"href":"https:\/\/batimedianews.com\/live\/index.php\/wp-json\/wp\/v2\/posts"}],"about":[{"href":"https:\/\/batimedianews.com\/live\/index.php\/wp-json\/wp\/v2\/types\/post"}],"author":[{"embeddable":true,"href":"https:\/\/batimedianews.com\/live\/index.php\/wp-json\/wp\/v2\/users\/41"}],"replies":[{"embeddable":true,"href":"https:\/\/batimedianews.com\/live\/index.php\/wp-json\/wp\/v2\/comments?post=21418"}],"version-history":[{"count":1,"href":"https:\/\/batimedianews.com\/live\/index.php\/wp-json\/wp\/v2\/posts\/21418\/revisions"}],"predecessor-version":[{"id":21420,"href":"https:\/\/batimedianews.com\/live\/index.php\/wp-json\/wp\/v2\/posts\/21418\/revisions\/21420"}],"wp:featuredmedia":[{"embeddable":true,"href":"https:\/\/batimedianews.com\/live\/index.php\/wp-json\/wp\/v2\/media\/21419"}],"wp:attachment":[{"href":"https:\/\/batimedianews.com\/live\/index.php\/wp-json\/wp\/v2\/media?parent=21418"}],"wp:term":[{"taxonomy":"category","embeddable":true,"href":"https:\/\/batimedianews.com\/live\/index.php\/wp-json\/wp\/v2\/categories?post=21418"},{"taxonomy":"post_tag","embeddable":true,"href":"https:\/\/batimedianews.com\/live\/index.php\/wp-json\/wp\/v2\/tags?post=21418"}],"curies":[{"name":"wp","href":"https:\/\/api.w.org\/{rel}","templated":true}]}}