{"id":21813,"date":"2022-07-12T11:10:05","date_gmt":"2022-07-12T09:10:05","guid":{"rendered":"http:\/\/batimedianews.com\/live\/?p=21813"},"modified":"2023-07-15T15:02:55","modified_gmt":"2023-07-15T13:02:55","slug":"transformation-du-site-industriel-de-saint-thegonnec-29-et-developpement-de-nouvelles-solutions-pac-climatisation-et-hydrogene-bosch-thermotechnologie-poursuit-ses-ambitions","status":"publish","type":"post","link":"https:\/\/batimedianews.com\/live\/index.php\/2022\/07\/12\/transformation-du-site-industriel-de-saint-thegonnec-29-et-developpement-de-nouvelles-solutions-pac-climatisation-et-hydrogene-bosch-thermotechnologie-poursuit-ses-ambitions\/","title":{"rendered":"Transformation du site industriel de Saint-Th\u00e9gonnec (29) et d\u00e9veloppement de nouvelles solutions PAC, climatisation et hydrog\u00e8ne : Bosch Thermotechnologie poursuit ses ambitions"},"content":{"rendered":"\n<figure class=\"wp-block-image size-large\"><img loading=\"lazy\" width=\"720\" height=\"404\" src=\"https:\/\/i2.wp.com\/batimedianews.com\/live\/wp-content\/uploads\/2022\/07\/image-111.png?resize=720%2C404\" alt=\"\" class=\"wp-image-21814\" srcset=\"https:\/\/i2.wp.com\/batimedianews.com\/live\/wp-content\/uploads\/2022\/07\/image-111.png?resize=1024%2C575&amp;ssl=1 1024w, https:\/\/i2.wp.com\/batimedianews.com\/live\/wp-content\/uploads\/2022\/07\/image-111.png?resize=600%2C337&amp;ssl=1 600w, https:\/\/i2.wp.com\/batimedianews.com\/live\/wp-content\/uploads\/2022\/07\/image-111.png?resize=768%2C431&amp;ssl=1 768w, https:\/\/i2.wp.com\/batimedianews.com\/live\/wp-content\/uploads\/2022\/07\/image-111.png?resize=1536%2C863&amp;ssl=1 1536w, https:\/\/i2.wp.com\/batimedianews.com\/live\/wp-content\/uploads\/2022\/07\/image-111.png?resize=10%2C6&amp;ssl=1 10w, https:\/\/i2.wp.com\/batimedianews.com\/live\/wp-content\/uploads\/2022\/07\/image-111.png?resize=432%2C243&amp;ssl=1 432w, https:\/\/i2.wp.com\/batimedianews.com\/live\/wp-content\/uploads\/2022\/07\/image-111.png?resize=396%2C222&amp;ssl=1 396w, https:\/\/i2.wp.com\/batimedianews.com\/live\/wp-content\/uploads\/2022\/07\/image-111.png?resize=1120%2C629&amp;ssl=1 1120w, https:\/\/i2.wp.com\/batimedianews.com\/live\/wp-content\/uploads\/2022\/07\/image-111.png?resize=660%2C371&amp;ssl=1 660w, https:\/\/i2.wp.com\/batimedianews.com\/live\/wp-content\/uploads\/2022\/07\/image-111.png?resize=392%2C220&amp;ssl=1 392w, https:\/\/i2.wp.com\/batimedianews.com\/live\/wp-content\/uploads\/2022\/07\/image-111.png?w=1894&amp;ssl=1 1894w, https:\/\/i2.wp.com\/batimedianews.com\/live\/wp-content\/uploads\/2022\/07\/image-111.png?w=1440 1440w\" sizes=\"(max-width: 600px) 91vw, (max-width: 900px) 600px, (max-width: 1060px) 50vw, (max-width: 1200px) 520px, (max-width: 1400px) 43vw, 600px\" data-recalc-dims=\"1\" \/><figcaption>Cr\u00e9dit photo Bosch Thermotechnologie&nbsp;<\/figcaption><\/figure>\n\n\n\n<p class=\"has-text-align-center has-medium-font-size\"><strong>Le site industriel de Saint-Th\u00e9gonnec d\u00e9die son savoir-faire au ballon inox&nbsp;<\/strong><\/p>\n\n\n\n<p>L\u2019usine Bosch Thermo technologie de Saint-Th\u00e9gonnec, sur une surface de 23 000 m2, vit sa plus importante transformation, <strong>devenant exclusivement un Centre de comp\u00e9tence ballon inox<\/strong>. Avec l\u2019arr\u00eat des chaudi\u00e8res fioul et gaz \u00e0 fin juin 2022, le site industriel rebondit : s\u2019appuyant sur son expertise, la production de ballons devient son c\u0153ur de m\u00e9tier.&nbsp;<\/p>\n\n\n\n<div class=\"wp-block-image\"><figure class=\"alignright size-large\"><img loading=\"lazy\" width=\"720\" height=\"447\" src=\"https:\/\/i2.wp.com\/batimedianews.com\/live\/wp-content\/uploads\/2022\/07\/image-113.png?resize=720%2C447\" alt=\"\" class=\"wp-image-21816\" srcset=\"https:\/\/i2.wp.com\/batimedianews.com\/live\/wp-content\/uploads\/2022\/07\/image-113.png?w=1014&amp;ssl=1 1014w, https:\/\/i2.wp.com\/batimedianews.com\/live\/wp-content\/uploads\/2022\/07\/image-113.png?resize=600%2C373&amp;ssl=1 600w, https:\/\/i2.wp.com\/batimedianews.com\/live\/wp-content\/uploads\/2022\/07\/image-113.png?resize=768%2C477&amp;ssl=1 768w, https:\/\/i2.wp.com\/batimedianews.com\/live\/wp-content\/uploads\/2022\/07\/image-113.png?resize=10%2C6&amp;ssl=1 10w, https:\/\/i2.wp.com\/batimedianews.com\/live\/wp-content\/uploads\/2022\/07\/image-113.png?resize=432%2C268&amp;ssl=1 432w, https:\/\/i2.wp.com\/batimedianews.com\/live\/wp-content\/uploads\/2022\/07\/image-113.png?resize=396%2C246&amp;ssl=1 396w, https:\/\/i2.wp.com\/batimedianews.com\/live\/wp-content\/uploads\/2022\/07\/image-113.png?resize=660%2C410&amp;ssl=1 660w, https:\/\/i2.wp.com\/batimedianews.com\/live\/wp-content\/uploads\/2022\/07\/image-113.png?resize=354%2C220&amp;ssl=1 354w\" sizes=\"(max-width: 600px) 91vw, (max-width: 900px) 600px, (max-width: 1060px) 50vw, (max-width: 1200px) 520px, (max-width: 1400px) 43vw, 600px\" data-recalc-dims=\"1\" \/><figcaption>Cr\u00e9dit photo Bosch Thermotechnologie&nbsp;<\/figcaption><\/figure><\/div>\n\n\n\n<p>Les ballons inox connaissent une croissance de 50 % par an depuis 2 ans. Comp\u00e9titif par la qualit\u00e9 de ses produits, son esprit d\u2019innovation et l\u2019engagement de ses \u00e9quipes, Bosch Thermotechnologie ambitionne de <strong>passer de 17 000 unit\u00e9s fabriqu\u00e9es en 2020 \u00e0 105 000 \u00e0 horizon 2023\/2024 <\/strong>(40 000 \u00e0 date). Des objectifs qui l\u2019impulseront parmi les leaders europ\u00e9ens et lui permettront \u00e9galement de diversifier ses offres.&nbsp;<\/p>\n\n\n\n<p>Afin d\u2019y parvenir, le sp\u00e9cialiste se donne les moyens en injectant <strong>4,4 millions d\u2019euros d\u2019investissements <\/strong>:&nbsp;<\/p>\n\n\n\n<p>&#8211; 1,1 million en 2022 pour <strong>doubler la ligne <\/strong>de soudure des ballons,&nbsp;<\/p>\n\n\n\n<p>&#8211; 3,3 millions d\u2019euros sur les deux prochaines ann\u00e9es afin de s\u2019\u00e9quiper d\u2019un nouveau parc de <strong>machines industrielles qui lui permettront d\u2019augmenter encore ses capacit\u00e9s et d\u2019internaliser de nouveaux proc\u00e9d\u00e9s et de gagner en comp\u00e9titivit\u00e9 <\/strong>: soudage de fonds, soudure connections, soudure circulaire, presse \u00e0 fonds, fabrication de tubes, fabrication de serpentins, cintreuse de tubes.&nbsp;<\/p>\n\n\n\n<div class=\"wp-block-image\"><figure class=\"alignleft size-large is-resized\"><img loading=\"lazy\" src=\"https:\/\/i2.wp.com\/batimedianews.com\/live\/wp-content\/uploads\/2022\/07\/image-114.png?resize=220%2C330\" alt=\"\" class=\"wp-image-21817\" width=\"220\" height=\"330\" srcset=\"https:\/\/i2.wp.com\/batimedianews.com\/live\/wp-content\/uploads\/2022\/07\/image-114.png?w=530&amp;ssl=1 530w, https:\/\/i2.wp.com\/batimedianews.com\/live\/wp-content\/uploads\/2022\/07\/image-114.png?resize=401%2C600&amp;ssl=1 401w, https:\/\/i2.wp.com\/batimedianews.com\/live\/wp-content\/uploads\/2022\/07\/image-114.png?resize=7%2C10&amp;ssl=1 7w, https:\/\/i2.wp.com\/batimedianews.com\/live\/wp-content\/uploads\/2022\/07\/image-114.png?resize=432%2C647&amp;ssl=1 432w, https:\/\/i2.wp.com\/batimedianews.com\/live\/wp-content\/uploads\/2022\/07\/image-114.png?resize=396%2C593&amp;ssl=1 396w, https:\/\/i2.wp.com\/batimedianews.com\/live\/wp-content\/uploads\/2022\/07\/image-114.png?resize=147%2C220&amp;ssl=1 147w\" sizes=\"(max-width: 600px) 91vw, (max-width: 900px) 600px, (max-width: 1060px) 50vw, (max-width: 1200px) 520px, (max-width: 1400px) 43vw, 600px\" data-recalc-dims=\"1\" \/><figcaption>Cr\u00e9dit photo Bosch Thermotechnologie&nbsp;<\/figcaption><\/figure><\/div>\n\n\n\n<p>\u00c0 la pointe des technologies, des machines 4.0 permettent de d\u00e9velopper et mieux piloter la soudure inox en tr\u00e8s fine \u00e9paisseur. Dans le cadre de son partenariat strat\u00e9gique avec l\u2019IMT, une th\u00e8se en Intelligence Artificielle, pour d\u00e9tecter les mauvaises soudures \u00e0 l\u2019aide de cam\u00e9ras et de signaux d\u2019alerte, est en cours et a d\u00e9j\u00e0 fait l\u2019objet de publications.&nbsp;<\/p>\n\n\n\n<p><strong>\u25aa Recherche et engagements environnementaux&nbsp;<\/strong><\/p>\n\n\n\n<p>Un industriel se d\u00e9finit non seulement par les produits qu\u2019il con\u00e7oit et fabrique, mais aussi par la d\u00e9marche durable qu\u2019il y associe. elm.leblanc et Bosch Thermo technologie \u0153uvrent \u00e0 proposer de nouvelles approches industrielles innovantes et r\u00e9silientes. <strong>Pour accompagner cette transformation, une chaire industrielle, d\u00e9marr\u00e9e en 2021, est en cours avec l\u2019Institut Mines-T\u00e9l\u00e9com (IMT) sur la \u00ab Conception orient\u00e9e cycle de vie &amp; approche syst\u00e9mique pour l\u2019efficacit\u00e9 \u00e9nerg\u00e9tique du stockage de syst\u00e8mes de chauffage \u00bb, baptis\u00e9e CORENSTOCK<\/strong>. L\u2019enjeu de ce projet d\u2019ampleur, comprenant 5 th\u00e8ses, consiste \u00e0 acqu\u00e9rir les comp\u00e9tences et les outils n\u00e9cessaires \u00e0 la conception de nouvelles structures. L\u2019industriel consolide ainsi sa dynamique en mati\u00e8re d\u2019innovation et de mutation vers l\u2019usine 4.0 avec :&nbsp;<\/p>\n\n\n\n<p>\u2713 la conception d\u2019une nouvelle g\u00e9n\u00e9ration technologique de syst\u00e8mes de production thermique visant \u00e0 la fois l\u2019efficacit\u00e9 \u00e9nerg\u00e9tique et l\u2019accroissement de la dur\u00e9e de vie,&nbsp;<\/p>\n\n\n\n<p>\u2713 le d\u00e9veloppement et la mise en oeuvre de nouvelles m\u00e9thodes de conception syst\u00e9miques, catalysant une transition \u00e0 long terme des pratiques industrielles d\u2019innovation.&nbsp;<\/p>\n\n\n\n<p><strong>Autant d\u2019ambitions fortes qui pr\u00e9servent la production sur le territoire fran\u00e7ais <\/strong>et am\u00e8nent \u00e0 renforcer les \u00e9quipes actuelles (250 collaborateurs) avec le <strong>recrutement de 5 nouveaux collaborateurs, ing\u00e9nieurs industriels et techniciens de maintenance<\/strong>.&nbsp;<\/p>\n\n\n\n<figure class=\"wp-block-image size-large\"><img loading=\"lazy\" width=\"720\" height=\"479\" src=\"https:\/\/i0.wp.com\/batimedianews.com\/live\/wp-content\/uploads\/2022\/07\/image-115.png?resize=720%2C479\" alt=\"\" class=\"wp-image-21818\" srcset=\"https:\/\/i0.wp.com\/batimedianews.com\/live\/wp-content\/uploads\/2022\/07\/image-115.png?resize=1024%2C681&amp;ssl=1 1024w, https:\/\/i0.wp.com\/batimedianews.com\/live\/wp-content\/uploads\/2022\/07\/image-115.png?resize=600%2C399&amp;ssl=1 600w, https:\/\/i0.wp.com\/batimedianews.com\/live\/wp-content\/uploads\/2022\/07\/image-115.png?resize=768%2C511&amp;ssl=1 768w, https:\/\/i0.wp.com\/batimedianews.com\/live\/wp-content\/uploads\/2022\/07\/image-115.png?resize=1536%2C1022&amp;ssl=1 1536w, https:\/\/i0.wp.com\/batimedianews.com\/live\/wp-content\/uploads\/2022\/07\/image-115.png?resize=10%2C7&amp;ssl=1 10w, https:\/\/i0.wp.com\/batimedianews.com\/live\/wp-content\/uploads\/2022\/07\/image-115.png?resize=432%2C287&amp;ssl=1 432w, https:\/\/i0.wp.com\/batimedianews.com\/live\/wp-content\/uploads\/2022\/07\/image-115.png?resize=396%2C263&amp;ssl=1 396w, https:\/\/i0.wp.com\/batimedianews.com\/live\/wp-content\/uploads\/2022\/07\/image-115.png?resize=1120%2C745&amp;ssl=1 1120w, https:\/\/i0.wp.com\/batimedianews.com\/live\/wp-content\/uploads\/2022\/07\/image-115.png?resize=660%2C439&amp;ssl=1 660w, https:\/\/i0.wp.com\/batimedianews.com\/live\/wp-content\/uploads\/2022\/07\/image-115.png?resize=331%2C220&amp;ssl=1 331w, https:\/\/i0.wp.com\/batimedianews.com\/live\/wp-content\/uploads\/2022\/07\/image-115.png?w=1566&amp;ssl=1 1566w, https:\/\/i0.wp.com\/batimedianews.com\/live\/wp-content\/uploads\/2022\/07\/image-115.png?w=1440 1440w\" sizes=\"(max-width: 600px) 91vw, (max-width: 900px) 600px, (max-width: 1060px) 50vw, (max-width: 1200px) 520px, (max-width: 1400px) 43vw, 600px\" data-recalc-dims=\"1\" \/><figcaption>Cr\u00e9dit photo Bosch Thermotechnologie&nbsp;<\/figcaption><\/figure>\n\n\n\n<p><strong>\u25aa Chaire industrielle* CORENSTOCK :&nbsp;<\/strong><\/p>\n\n\n\n<p><strong>elm.leblanc et Bosch Thermotechnologie se dirigent vers le ballon du futur&nbsp;<\/strong><\/p>\n\n\n\n<div class=\"wp-block-image\"><figure class=\"alignleft size-large is-resized\"><img loading=\"lazy\" src=\"https:\/\/i2.wp.com\/batimedianews.com\/live\/wp-content\/uploads\/2022\/07\/image-116.png?resize=302%2C203\" alt=\"\" class=\"wp-image-21819\" width=\"302\" height=\"203\" srcset=\"https:\/\/i2.wp.com\/batimedianews.com\/live\/wp-content\/uploads\/2022\/07\/image-116.png?w=726&amp;ssl=1 726w, https:\/\/i2.wp.com\/batimedianews.com\/live\/wp-content\/uploads\/2022\/07\/image-116.png?resize=600%2C403&amp;ssl=1 600w, https:\/\/i2.wp.com\/batimedianews.com\/live\/wp-content\/uploads\/2022\/07\/image-116.png?resize=10%2C7&amp;ssl=1 10w, https:\/\/i2.wp.com\/batimedianews.com\/live\/wp-content\/uploads\/2022\/07\/image-116.png?resize=432%2C290&amp;ssl=1 432w, https:\/\/i2.wp.com\/batimedianews.com\/live\/wp-content\/uploads\/2022\/07\/image-116.png?resize=396%2C266&amp;ssl=1 396w, https:\/\/i2.wp.com\/batimedianews.com\/live\/wp-content\/uploads\/2022\/07\/image-116.png?resize=660%2C444&amp;ssl=1 660w, https:\/\/i2.wp.com\/batimedianews.com\/live\/wp-content\/uploads\/2022\/07\/image-116.png?resize=327%2C220&amp;ssl=1 327w\" sizes=\"(max-width: 600px) 91vw, (max-width: 900px) 600px, (max-width: 1060px) 50vw, (max-width: 1200px) 520px, (max-width: 1400px) 43vw, 600px\" data-recalc-dims=\"1\" \/><figcaption>Cr\u00e9dit photo Bosch Thermotechnologie&nbsp;<\/figcaption><\/figure><\/div>\n\n\n\n<div class=\"wp-block-image\"><figure class=\"alignright size-large is-resized\"><img loading=\"lazy\" src=\"https:\/\/i0.wp.com\/batimedianews.com\/live\/wp-content\/uploads\/2022\/07\/image-117.png?resize=155%2C40\" alt=\"\" class=\"wp-image-21820\" width=\"155\" height=\"40\" srcset=\"https:\/\/i0.wp.com\/batimedianews.com\/live\/wp-content\/uploads\/2022\/07\/image-117.png?w=320&amp;ssl=1 320w, https:\/\/i0.wp.com\/batimedianews.com\/live\/wp-content\/uploads\/2022\/07\/image-117.png?resize=10%2C3&amp;ssl=1 10w\" sizes=\"(max-width: 600px) 91vw, (max-width: 900px) 600px, (max-width: 1060px) 50vw, (max-width: 1200px) 520px, (max-width: 1400px) 43vw, 600px\" data-recalc-dims=\"1\" \/><\/figure><\/div>\n\n\n\n<p>elm.leblanc et Bosch Thermo technologie ont d\u00e9marr\u00e9 en janvier 2021 une chaire industrielle en partenariat avec l\u2019Institut Mines-T\u00e9l\u00e9com (IMT). Baptis\u00e9 CORENSTOCK, ce projet d\u2019ampleur porte sur la conception orient\u00e9e cycle de vie et approche syst\u00e9mique pour l\u2019efficacit\u00e9 \u00e9nerg\u00e9tique du stockage de syst\u00e8mes de chauffage. <strong>L\u2019objectif : cr\u00e9er un d\u00e9monstrateur en 4 ans. Cinq th\u00e8ses sont ouvertes : <\/strong>structure m\u00e9canique, structure hybride, pilotage, conso d&rsquo;\u00e9nergie en production, \u00e9changeur chaotique nouvelle g\u00e9n\u00e9ration.&nbsp;<\/p>\n\n\n\n<p><strong>Red\u00e9finir totalement la conception, le cycle de vie, l\u2019usage du produit et son exploitation \u00e9conomique&nbsp;<\/strong><\/p>\n\n\n\n<p>Cette chaire r\u00e9pond \u00e0 la probl\u00e9matique des transitions \u00e9nerg\u00e9tiques et num\u00e9riques en transformant l\u2019industrie du chauffage. Le chauffage, la production et le stockage d\u2019eau chaude repr\u00e9sentent la majeure partie des d\u00e9penses \u00e9nerg\u00e9tiques des foyers. La fonction de stockage, quel que soit le syst\u00e8me de chauffage, constitue un \u00e9l\u00e9ment cl\u00e9 pour r\u00e9guler la consommation d\u2019\u00e9nergie et le confort.&nbsp;<\/p>\n\n\n\n<p>Dans cette perspective, elm.leblanc et Bosch Thermotechnologie visent \u00e0 cr\u00e9er l\u2019\u00e9l\u00e9ment de stockage d\u2019eau chaude sanitaire du futur, qui soit plus performant d\u2019un point de vue \u00e9nerg\u00e9tique, moins co\u00fbteux en mati\u00e8res premi\u00e8res, recyclable, auto-adaptatif et intelligent en fonction des besoins de l\u2019utilisateur final et dont la durabilit\u00e9 est assur\u00e9e via un contr\u00f4le en continu.&nbsp;<\/p>\n\n\n\n<p><strong>Des retomb\u00e9es industrielles et services in\u00e9dites attendues&nbsp;<\/strong><\/p>\n\n\n\n<p>Visionnaires, elm.leblanc et Bosch Thermo technologie, \u00e0 travers cette nouvelle d\u00e9marche de Recherche &amp; D\u00e9veloppement, confirment leur r\u00f4le pr\u00e9curseur en mati\u00e8re de ballon en s\u2019int\u00e9ressant par exemple \u00e0 l\u2019int\u00e9gration future de mat\u00e9riaux composites tels que des fibres naturelles, alternatives \u00e0 l&rsquo;inox et aux probl\u00e9matiques d\u2019approvisionnement et d\u2019inflation.&nbsp;<\/p>\n\n\n\n<p>Au-del\u00e0 des retomb\u00e9es scientifiques, la gouvernance originale de la chaire tend vers des concr\u00e9tisations industrielles et de formation avec le recrutement futur des th\u00e9sards. Tout est mis en place pour que des r\u00e9sultats soient pr\u00e9sent\u00e9s au fil des mois. En t\u00e9moignent par exemple l\u2019\u00e9laboration de la premi\u00e8re maquette d\u2019un \u00e9changeur chaotique ou encore la sortie d\u2019un d\u00e9monstrateur industriel au premier trimestre 2023. Cette d\u00e9marche continue permet d\u2019imaginer des process industriels et de consulter des partenaires compl\u00e9mentaires pour r\u00e9aliser ces prototypes. Autre exemple, les essais effectu\u00e9s sur un capteur pour optimiser le pilotage du ballon : une mani\u00e8re d\u2019anticiper aussi la maintenance et de r\u00e9fl\u00e9chir \u00e0 des services pour augmenter la dur\u00e9e de vie du produit.&nbsp;<\/p>\n\n\n\n<p><strong>Int\u00e9grer le ballon comme un \u00e9l\u00e9ment strat\u00e9gique de l\u2019\u00e9co-conception&nbsp;<\/strong><\/p>\n\n\n\n<p>Innover de mani\u00e8re responsable en prenant en compte, d\u00e8s la phase de conception, le contexte d\u2019utilisation du produit pour s\u2019adapter \u00e0 son utilisateur, tout en anticipant la fin de son cycle de vie dans une approche d&rsquo;\u00e9conomie circulaire, tel est le leitmotiv de la chaire. Ind\u00e9pendamment du d\u00e9veloppement de projet ballon, elle int\u00e8gre l\u2019\u00e9co-conception, en vue de r\u00e9duire l\u2019empreinte carbone de l&rsquo;ensemble du processus. Une d\u00e9marche innovante qui inclut l\u2019\u00e9criture de l\u2019analyse du cycle de vie du produit en parall\u00e8le de son d\u00e9veloppement et qui permet \u00e9galement de r\u00e9fl\u00e9chir d\u2019ores et d\u00e9j\u00e0 \u00e0 des projets connexes.&nbsp;<\/p>\n\n\n\n<p class=\"has-small-font-size\"><em>* Cofinanc\u00e9e \u00e0 parts \u00e9gales par l\u2019Agence nationale de la recherche (ANR) et elm.leblanc.&nbsp;<\/em><\/p>\n\n\n\n<p>\u25aa <strong>Fiche d\u2019identit\u00e9 usine Bosch Thermotechnologie de Saint-Th\u00e9gonnec&nbsp;<\/strong><\/p>\n\n\n\n<div class=\"wp-block-image\"><figure class=\"aligncenter size-large is-resized\"><img loading=\"lazy\" src=\"https:\/\/i2.wp.com\/batimedianews.com\/live\/wp-content\/uploads\/2022\/07\/image-119.png?resize=565%2C189\" alt=\"\" class=\"wp-image-21822\" width=\"565\" height=\"189\" srcset=\"https:\/\/i2.wp.com\/batimedianews.com\/live\/wp-content\/uploads\/2022\/07\/image-119.png?resize=1024%2C345&amp;ssl=1 1024w, https:\/\/i2.wp.com\/batimedianews.com\/live\/wp-content\/uploads\/2022\/07\/image-119.png?resize=600%2C202&amp;ssl=1 600w, https:\/\/i2.wp.com\/batimedianews.com\/live\/wp-content\/uploads\/2022\/07\/image-119.png?resize=768%2C258&amp;ssl=1 768w, https:\/\/i2.wp.com\/batimedianews.com\/live\/wp-content\/uploads\/2022\/07\/image-119.png?resize=10%2C3&amp;ssl=1 10w, https:\/\/i2.wp.com\/batimedianews.com\/live\/wp-content\/uploads\/2022\/07\/image-119.png?resize=432%2C145&amp;ssl=1 432w, https:\/\/i2.wp.com\/batimedianews.com\/live\/wp-content\/uploads\/2022\/07\/image-119.png?resize=396%2C133&amp;ssl=1 396w, https:\/\/i2.wp.com\/batimedianews.com\/live\/wp-content\/uploads\/2022\/07\/image-119.png?resize=660%2C222&amp;ssl=1 660w, https:\/\/i2.wp.com\/batimedianews.com\/live\/wp-content\/uploads\/2022\/07\/image-119.png?resize=654%2C220&amp;ssl=1 654w, https:\/\/i2.wp.com\/batimedianews.com\/live\/wp-content\/uploads\/2022\/07\/image-119.png?w=1040&amp;ssl=1 1040w\" sizes=\"(max-width: 600px) 91vw, (max-width: 900px) 600px, (max-width: 1060px) 50vw, (max-width: 1200px) 520px, (max-width: 1400px) 43vw, 600px\" data-recalc-dims=\"1\" \/><\/figure><\/div>\n\n\n\n<figure class=\"wp-block-image size-large is-resized\"><img loading=\"lazy\" src=\"https:\/\/i0.wp.com\/batimedianews.com\/live\/wp-content\/uploads\/2022\/07\/image-120.png?resize=656%2C723\" alt=\"\" class=\"wp-image-21823\" width=\"656\" height=\"723\" srcset=\"https:\/\/i0.wp.com\/batimedianews.com\/live\/wp-content\/uploads\/2022\/07\/image-120.png?w=724&amp;ssl=1 724w, https:\/\/i0.wp.com\/batimedianews.com\/live\/wp-content\/uploads\/2022\/07\/image-120.png?resize=544%2C600&amp;ssl=1 544w, https:\/\/i0.wp.com\/batimedianews.com\/live\/wp-content\/uploads\/2022\/07\/image-120.png?resize=10%2C10&amp;ssl=1 10w, https:\/\/i0.wp.com\/batimedianews.com\/live\/wp-content\/uploads\/2022\/07\/image-120.png?resize=432%2C476&amp;ssl=1 432w, https:\/\/i0.wp.com\/batimedianews.com\/live\/wp-content\/uploads\/2022\/07\/image-120.png?resize=396%2C436&amp;ssl=1 396w, https:\/\/i0.wp.com\/batimedianews.com\/live\/wp-content\/uploads\/2022\/07\/image-120.png?resize=660%2C727&amp;ssl=1 660w, https:\/\/i0.wp.com\/batimedianews.com\/live\/wp-content\/uploads\/2022\/07\/image-120.png?resize=200%2C220&amp;ssl=1 200w\" sizes=\"(max-width: 600px) 91vw, (max-width: 900px) 600px, (max-width: 1060px) 50vw, (max-width: 1200px) 520px, (max-width: 1400px) 43vw, 600px\" data-recalc-dims=\"1\" \/><\/figure>\n\n\n\n<p class=\"has-text-align-center\"><strong>Avant-premi\u00e8re Interclima&nbsp;<\/strong><\/p>\n\n\n\n<p>Bosch Thermotechnologie et elm.leblanc seront pr\u00e9sents sur le salon INTERCLIMA, du 3 au 6 octobre prochains \u00e0 Paris Porte de Versailles, sur deux modules de 99 m2 chacun, stands G098 et H098. L\u2019occasion de pr\u00e9senter en exclusivit\u00e9 leurs nouveaut\u00e9s et extensions de gammes.&nbsp;<\/p>\n\n\n\n<figure class=\"wp-block-image size-large\"><img loading=\"lazy\" width=\"720\" height=\"205\" src=\"https:\/\/i0.wp.com\/batimedianews.com\/live\/wp-content\/uploads\/2022\/07\/image-121.png?resize=720%2C205\" alt=\"\" class=\"wp-image-21824\" srcset=\"https:\/\/i0.wp.com\/batimedianews.com\/live\/wp-content\/uploads\/2022\/07\/image-121.png?w=764&amp;ssl=1 764w, https:\/\/i0.wp.com\/batimedianews.com\/live\/wp-content\/uploads\/2022\/07\/image-121.png?resize=600%2C171&amp;ssl=1 600w, https:\/\/i0.wp.com\/batimedianews.com\/live\/wp-content\/uploads\/2022\/07\/image-121.png?resize=10%2C3&amp;ssl=1 10w, https:\/\/i0.wp.com\/batimedianews.com\/live\/wp-content\/uploads\/2022\/07\/image-121.png?resize=432%2C123&amp;ssl=1 432w, https:\/\/i0.wp.com\/batimedianews.com\/live\/wp-content\/uploads\/2022\/07\/image-121.png?resize=396%2C113&amp;ssl=1 396w, https:\/\/i0.wp.com\/batimedianews.com\/live\/wp-content\/uploads\/2022\/07\/image-121.png?resize=660%2C188&amp;ssl=1 660w, https:\/\/i0.wp.com\/batimedianews.com\/live\/wp-content\/uploads\/2022\/07\/image-121.png?resize=710%2C203&amp;ssl=1 710w\" sizes=\"(max-width: 600px) 91vw, (max-width: 900px) 600px, (max-width: 1060px) 50vw, (max-width: 1200px) 520px, (max-width: 1400px) 43vw, 600px\" data-recalc-dims=\"1\" \/><\/figure>\n\n\n\n<p><strong>Bosch Thermotechnologie : CAP vers l\u2019\u00e9lectrification&nbsp;<\/strong><\/p>\n\n\n\n<p>Dans une ambiance industrielle, le stand de Bosch Thermotechnologie s\u2019articulera autour de trois p\u00f4les qui mettront \u00e0 l\u2019honneur l\u2019offre \u00e9lectrification : PAC air\/eau, PAC air\/air et p\u00f4le tertiaire, compl\u00e9t\u00e9s par un \u00eelot d\u00e9di\u00e9 \u00e0 la connectivit\u00e9.&nbsp;<\/p>\n\n\n\n<p>\u25aa <strong>PAC Compress 5800 AW : future r\u00e9f\u00e9rence embl\u00e9matique de la gamme&nbsp;<\/strong><\/p>\n\n\n\n<div class=\"wp-block-image\"><figure class=\"alignleft size-large is-resized\"><img loading=\"lazy\" src=\"https:\/\/i1.wp.com\/batimedianews.com\/live\/wp-content\/uploads\/2022\/07\/image-122.png?resize=212%2C158\" alt=\"\" class=\"wp-image-21825\" width=\"212\" height=\"158\" srcset=\"https:\/\/i1.wp.com\/batimedianews.com\/live\/wp-content\/uploads\/2022\/07\/image-122.png?w=292&amp;ssl=1 292w, https:\/\/i1.wp.com\/batimedianews.com\/live\/wp-content\/uploads\/2022\/07\/image-122.png?resize=10%2C7&amp;ssl=1 10w\" sizes=\"(max-width: 600px) 91vw, (max-width: 900px) 600px, (max-width: 1060px) 50vw, (max-width: 1200px) 520px, (max-width: 1400px) 43vw, 600px\" data-recalc-dims=\"1\" \/><\/figure><\/div>\n\n\n\n<p>La nouvelle PAC Compress 5800 AW illustre l\u2019expertise et les ambitions environnementales de Bosch Thermotechnologie. Cela fait plusieurs ann\u00e9es que l\u2019id\u00e9e d\u2019une PAC fonctionnant avec un fluide le plus naturel possible m\u00fbrissait au sein du Centre R&amp;D. Ce mod\u00e8le se distingue par un fonctionnement au propane, qui deviendra le standard des futurs d\u00e9veloppements. <strong>Parmi les acteurs pr\u00e9curseurs du march\u00e9, Bosch Thermotechnologie anticipe la r\u00e8glementation F-Gas et r\u00e9duit l\u2019empreinte environnementale du fluide<\/strong>.&nbsp;<\/p>\n\n\n\n<p>L\u2019innovation r\u00e9side \u00e9galement dans les unit\u00e9s int\u00e9rieures. Ce lancement constitue <strong>une premi\u00e8re en France pour la marque <\/strong>avec :&nbsp;<\/p>\n\n\n\n<p>\u2713 l\u2019int\u00e9gration d\u2019une interface HMI 800 tactile et en couleurs,&nbsp;<\/p>\n\n\n\n<p>\u2713 la compatibilit\u00e9 avec les thermostats sans fil pour une totale connectivit\u00e9 embarqu\u00e9e,&nbsp;<\/p>\n\n\n\n<p>\u2713 un design r\u00e9solument moderne, identifi\u00e9 par des bords arrondis qui rappellent ceux des chaudi\u00e8res,&nbsp;<\/p>\n\n\n\n<p>\u2713 une simplification de l\u2019installation par l\u2019int\u00e9gration des accessoires pour assurer la compacit\u00e9,&nbsp;<\/p>\n\n\n\n<p>\u2713 le lancement d\u2019une unit\u00e9 int\u00e9rieure (colonne tampon) offrant de nouvelles solutions d\u2019installation.&nbsp;<\/p>\n\n\n\n<p>Compacte et gage de gain de place, la PAC Compress 5800 AW, c\u2019est aussi un appareil <strong>simple \u00e0 installer qui offre de multiples possibilit\u00e9s pour un gain de temps optimal<\/strong>. Chaque d\u00e9tail a \u00e9t\u00e9 pens\u00e9 pour que les \u00e9volutions apport\u00e9es pr\u00e9servent les performances thermiques et acoustiques pour le confort du foyer.&nbsp;<\/p>\n\n\n\n<p>\u25aa <strong>PAC Hybride Condens AW : la 1\u00e8re du march\u00e9 capable de stocker de l\u2019\u00e9lectricit\u00e9 en p\u00e9riode d\u2019intermittence&nbsp;<\/strong><\/p>\n\n\n\n<div class=\"wp-block-image\"><figure class=\"alignleft size-large is-resized\"><img loading=\"lazy\" src=\"https:\/\/i2.wp.com\/batimedianews.com\/live\/wp-content\/uploads\/2022\/07\/image-123.png?resize=260%2C154\" alt=\"\" class=\"wp-image-21826\" width=\"260\" height=\"154\" srcset=\"https:\/\/i2.wp.com\/batimedianews.com\/live\/wp-content\/uploads\/2022\/07\/image-123.png?w=342&amp;ssl=1 342w, https:\/\/i2.wp.com\/batimedianews.com\/live\/wp-content\/uploads\/2022\/07\/image-123.png?resize=10%2C6&amp;ssl=1 10w\" sizes=\"(max-width: 600px) 91vw, (max-width: 900px) 600px, (max-width: 1060px) 50vw, (max-width: 1200px) 520px, (max-width: 1400px) 43vw, 600px\" data-recalc-dims=\"1\" \/><\/figure><\/div>\n\n\n\n<p>Associant une PAC monobloc et une chaudi\u00e8re sol \u00e0 condensation, ce nouveau mod\u00e8le de PAC s\u2019inscrit dans la continuit\u00e9 des solutions hybrides que propose Bosch Thermotechnologie depuis d\u00e9j\u00e0 une dizaine d\u2019ann\u00e9es. Cette solution innovante r\u00e9pond aux besoins de r\u00e9novation \u00e9nerg\u00e9tique en faisant une synth\u00e8se des meilleurs atouts des deux univers PAC et chaudi\u00e8res.&nbsp;<\/p>\n\n\n\n<p>Capable de r\u00e9guler, via une interface commune, le co\u00fbt de l\u2019\u00e9nergie et les \u00e9missions de CO2, son pilotage s\u2019effectue selon le rendement requis. Les performances des deux g\u00e9n\u00e9rateurs sont \u00e9valu\u00e9es, permettant de d\u00e9clencher celui qui sera le plus adapt\u00e9 afin d\u2019assurer les \u00e9conomies d\u2019\u00e9nergie et de maintenir le confort \u00e0 l\u2019utilisateur. Parmi tous ses atouts, cette PAC hybride conserve la production d\u2019Eau Chaude Sanitaire par les deux g\u00e9n\u00e9rateurs de chaleur.&nbsp;<\/p>\n\n\n\n<p>Pr\u00e9curseur, Bosch Thermotechnologie propose, \u00e0 travers ce d\u00e9veloppement, la premi\u00e8re PAC hybride du march\u00e9 capable de stocker de l\u2019\u00e9nergie \u00e9lectrique. Avec les \u00e9volutions de mode de vie, le besoin de stockage doit \u00eatre r\u00e9alis\u00e9 sous forme de service rendu au coeur de l\u2019habitat.&nbsp;<\/p>\n\n\n\n<p><strong>\u25aa Nouvelles climatisations pour le r\u00e9sidentiel et le tertiaire :&nbsp;<\/strong><\/p>\n\n\n\n<p><strong>vers plus d\u2019interop\u00e9rabilit\u00e9, de compatibilit\u00e9 et de connectivit\u00e9&nbsp;<\/strong><\/p>\n\n\n\n<div class=\"wp-block-image\"><figure class=\"alignright size-large is-resized\"><img loading=\"lazy\" src=\"https:\/\/i2.wp.com\/batimedianews.com\/live\/wp-content\/uploads\/2022\/07\/image-124.png?resize=267%2C108\" alt=\"\" class=\"wp-image-21827\" width=\"267\" height=\"108\" srcset=\"https:\/\/i2.wp.com\/batimedianews.com\/live\/wp-content\/uploads\/2022\/07\/image-124.png?w=400&amp;ssl=1 400w, https:\/\/i2.wp.com\/batimedianews.com\/live\/wp-content\/uploads\/2022\/07\/image-124.png?resize=10%2C4&amp;ssl=1 10w, https:\/\/i2.wp.com\/batimedianews.com\/live\/wp-content\/uploads\/2022\/07\/image-124.png?resize=396%2C160&amp;ssl=1 396w\" sizes=\"(max-width: 600px) 91vw, (max-width: 900px) 600px, (max-width: 1060px) 50vw, (max-width: 1200px) 520px, (max-width: 1400px) 43vw, 600px\" data-recalc-dims=\"1\" \/><\/figure><\/div>\n\n\n\n<p>Bosch Thermotechnologie franchit un nouveau cap sur le march\u00e9 de la climatisation r\u00e9versible r\u00e9sidentielle. Des nouveaut\u00e9s seront pr\u00e9sent\u00e9es telles que les gammes mono-split Climate 5000 L et sa fonction twin ainsi que la nouvelle gamme multi-split Climate 5000 M aux performances am\u00e9lior\u00e9es (SCOP &gt;4, acoustique et longueur d\u2019installation). De nouvelles compatibilit\u00e9s mono-multi sont pr\u00e9vues pour une gamme de split compl\u00e8te et facile \u00e0 stocker. Par exemple, la Climate 6000i sera, comme la Climate 3000i, compatible avec la nouvelle gamme Climate 5000M.&nbsp;<\/p>\n\n\n\n<p>Autre \u00e9volution, ces nouvelles gammes offriront la possibilit\u00e9 de connecter toutes les unit\u00e9s int\u00e9rieures \u00e0 l\u2019application HomeComeEasy \u00e9galement pr\u00e9sent\u00e9e sur le stand. Ma\u00eetrise du confort sur le bout des doigts !&nbsp;<\/p>\n\n\n\n<p>C\u00f4t\u00e9 tertiaire, le sp\u00e9cialiste acc\u00e9l\u00e8re avec une nouvelle gamme Mini VRF Air Flux 4300 fonctionnant au R32 et qui s\u2019inscrit dans la tendance croissante du march\u00e9 global en France. Interclima sera \u00e9galement l\u2019occasion d\u2019exposer pour la premi\u00e8re fois le syst\u00e8me de triple service dont se dote la gamme Air Flux 6300, et qui combine chauffage, refroidissement et production d\u2019Eau Chaude Sanitaire.&nbsp;<\/p>\n\n\n\n<p>Le fabricant pr\u00e9sentera aussi sa r\u00e9gulation Bosch ACC MT, qui permet un contr\u00f4le total du syst\u00e8me VRF et m\u00eame d\u2019un module d\u2019alimentation de batteries CTA, pour une gestion compl\u00e8te du b\u00e2timent \u00e9quip\u00e9 des solutions VRF Bosch.&nbsp;<\/p>\n\n\n\n<p><strong>elm.leblanc regarde vers l\u2019horizon&nbsp;<\/strong><\/p>\n\n\n\n<p>C\u2019est dans une atmosph\u00e8re r\u00e9solument douce aux tons bois que elm.leblanc mettra en sc\u00e8ne pour la premi\u00e8re fois la totalit\u00e9 de sa gamme iCONDENS dont la nouvelle m\u00e9galis iCONDENS \u00e0 haute pression. Les visiteurs pourront \u00e9galement d\u00e9couvrir le nouveau concept de chaudi\u00e8re H2-ready 100 % hydrog\u00e8ne.&nbsp;<\/p>\n\n\n\n<p>\u25aa <strong>Nouvelle m\u00e9galis iCONDENS \u00e0 haute pression&nbsp;<\/strong><\/p>\n\n\n\n<div class=\"wp-block-image\"><figure class=\"alignleft size-large\"><img loading=\"lazy\" width=\"150\" height=\"270\" src=\"https:\/\/i0.wp.com\/batimedianews.com\/live\/wp-content\/uploads\/2022\/07\/image-125.png?resize=150%2C270\" alt=\"\" class=\"wp-image-21828\" srcset=\"https:\/\/i0.wp.com\/batimedianews.com\/live\/wp-content\/uploads\/2022\/07\/image-125.png?w=150&amp;ssl=1 150w, https:\/\/i0.wp.com\/batimedianews.com\/live\/wp-content\/uploads\/2022\/07\/image-125.png?resize=6%2C10&amp;ssl=1 6w, https:\/\/i0.wp.com\/batimedianews.com\/live\/wp-content\/uploads\/2022\/07\/image-125.png?resize=122%2C220&amp;ssl=1 122w\" sizes=\"(max-width: 600px) 91vw, (max-width: 900px) 600px, (max-width: 1060px) 50vw, (max-width: 1200px) 520px, (max-width: 1400px) 43vw, 600px\" data-recalc-dims=\"1\" \/><\/figure><\/div>\n\n\n\n<p>La nouvelle extension de gamme m\u00e9galis iCONDENS \u00e0 haute pression facilite le changement de chaudi\u00e8res conventionnelles difficilement rempla\u00e7ables \u00e0 cause de syst\u00e8mes d\u2019\u00e9vacuation de produits de combustion. L\u2019utilisation de ce type de chaudi\u00e8re \u00e0 tr\u00e8s hautes performances \u00e9nerg\u00e9tiques (THPE) am\u00e9liore les performances des logements et offre un gain de plus de 15 % sur le rendement saisonnier en chauffage.&nbsp;<\/p>\n\n\n\n<p>\u25aa <strong>Nouveau concept de chaudi\u00e8re H2-ready : l\u2019hydrog\u00e8ne pour l\u2019avenir&nbsp;<\/strong><\/p>\n\n\n\n<div class=\"wp-block-image\"><figure class=\"alignright size-large is-resized\"><img loading=\"lazy\" src=\"https:\/\/i2.wp.com\/batimedianews.com\/live\/wp-content\/uploads\/2022\/07\/image-126.png?resize=283%2C272\" alt=\"\" class=\"wp-image-21829\" width=\"283\" height=\"272\" srcset=\"https:\/\/i2.wp.com\/batimedianews.com\/live\/wp-content\/uploads\/2022\/07\/image-126.png?w=312&amp;ssl=1 312w, https:\/\/i2.wp.com\/batimedianews.com\/live\/wp-content\/uploads\/2022\/07\/image-126.png?resize=10%2C10&amp;ssl=1 10w, https:\/\/i2.wp.com\/batimedianews.com\/live\/wp-content\/uploads\/2022\/07\/image-126.png?resize=229%2C220&amp;ssl=1 229w\" sizes=\"(max-width: 600px) 91vw, (max-width: 900px) 600px, (max-width: 1060px) 50vw, (max-width: 1200px) 520px, (max-width: 1400px) 43vw, 600px\" data-recalc-dims=\"1\" \/><figcaption>Cr\u00e9dit photo BOSCH Thermotechnologie&nbsp;<\/figcaption><\/figure><\/div>\n\n\n\n<p>elm.leblanc se pr\u00e9pare \u00e0 effectuer des essais en laboratoire et en condition r\u00e9elle sur son concept de chaudi\u00e8re H2-Ready capable d\u2019utiliser du gaz naturel ou de l\u2019hydrog\u00e8ne (H2) seul. Ce vecteur \u00e9nerg\u00e9tique n\u2019implique pas de carbone, sa combustion ne produit pas de CO2 ou de CO au point d\u2019utilisation.&nbsp;<\/p>\n\n\n\n<p>Ce type de chaudi\u00e8re peut remplacer \u00e0 l\u2019identique un appareil fonctionnant au gaz naturel, lorsque celui-ci arrive en fin de vie. Elle peut \u00eatre rapidement et facilement convertie pour permettre une bascule vers une utilisation 100 % hydrog\u00e8ne lorsque celui-ci est mis \u00e0 disposition. Cela prendra environ 1h et impliquera le changement de quelques composants, avec un prix similaire \u00e0 celui d\u2019une chaudi\u00e8re condensation.&nbsp;<\/p>\n\n\n\n<p>Une chaudi\u00e8re H2-ready s\u2019adapte \u00e0 une temp\u00e9rature de fonctionnement \u00e9lev\u00e9e et \u00e0 des b\u00e2timents difficiles \u00e0 chauffer. Lorsque les contraintes de co\u00fbts sont importantes, elle <strong>permet de d\u00e9carboner la production de chaleur<\/strong>.&nbsp;<\/p>\n\n\n\n<p>Le vecteur hydrog\u00e8ne offre <strong>l\u2019un des moyens les plus int\u00e9ressants pour fournir du stockage d\u2019\u00e9nergie \u00e0 grande \u00e9chelle et peut int\u00e9grer le syst\u00e8me \u00e9nerg\u00e9tique au travers des \u00e9lectrolyseurs et des piles \u00e0 combustible<\/strong>. Actuellement, la demande de besoin en chaleur est satisfaite par la distribution de l\u2019\u00e9nergie stock\u00e9e au sein du r\u00e9seau gazier. L\u2019utilisation continue d\u2019une forme de gaz pour le chauffage permet de r\u00e9duire le stress appliqu\u00e9 au futur syst\u00e8me \u00e9lectrique, tout en offrant de la flexibilit\u00e9 \u00e9nerg\u00e9tique et de la r\u00e9silience.&nbsp;<\/p>\n\n\n\n<p><\/p>\n","protected":false},"excerpt":{"rendered":"<p>Le site industriel de Saint-Th\u00e9gonnec d\u00e9die son savoir-faire au ballon inox&nbsp; L\u2019usine Bosch Thermo technologie de Saint-Th\u00e9gonnec, sur une surface de 23 000 m2, vit sa plus importante transformation, devenant exclusivement un Centre de comp\u00e9tence ballon inox. Avec l\u2019arr\u00eat des chaudi\u00e8res fioul et gaz \u00e0 fin juin 2022, le site industriel rebondit : s\u2019appuyant sur [&hellip;]<\/p>\n","protected":false},"author":41,"featured_media":21830,"comment_status":"open","ping_status":"open","sticky":false,"template":"","format":"standard","meta":{"spay_email":""},"categories":[35,1949,1946,99],"tags":[1524],"jetpack_featured_media_url":"https:\/\/i0.wp.com\/batimedianews.com\/live\/wp-content\/uploads\/2022\/07\/Bosch-Article.jpg?fit=1920%2C1080&ssl=1","jetpack_sharing_enabled":true,"jetpack_likes_enabled":true,"jetpack-related-posts":[{"id":835,"url":"https:\/\/batimedianews.com\/live\/index.php\/2019\/01\/31\/elm-leblanc-bosch-thermotechnologie-un-monde-dinnovations\/","url_meta":{"origin":21813,"position":0},"title":"ELM. LEBLANC\/ BOSCH THERMOTECHNOLOGIE &#8211; UN MONDE D&#039;INNOVATIONS","date":"31 janvier 2019","format":false,"excerpt":"La soci\u00e9t\u00e9 elm. leblanc \/ Bosch Thermotechnologie a r\u00e9uni, le mardi 29 janvier dernier \u00e0 l\u2019H\u00f4tel Salomon de Rothschild \u00e0 Paris, un public de 400 professionnels. Le th\u00e8me de la soir\u00e9e, \u00ab Un monde d\u2019innovations \u00bb, a permis de d\u00e9voiler l\u2019expertise industrielle, les d\u00e9veloppements autour de l\u2019industrie du futur et\u2026","rel":"","context":"Dans &quot;Actualit\u00e9 Entreprises&quot;","img":{"alt_text":"","src":"https:\/\/i1.wp.com\/batimedianews.com\/live\/wp-content\/uploads\/2019\/08\/elm_image.jpg?fit=1065%2C1065&ssl=1&resize=350%2C200","width":350,"height":200},"classes":[]},{"id":24135,"url":"https:\/\/batimedianews.com\/live\/index.php\/2022\/10\/14\/bosch-thermotechnologie-et-elm-leblanc-preparent-les-energies-davenir\/","url_meta":{"origin":21813,"position":1},"title":"Bosch Thermotechnologie et Elm.leblanc pr\u00e9parent les \u00e9nergies d\u2019avenir","date":"14 octobre 2022","format":false,"excerpt":"\u00a0Nouvelles solutions pompes \u00e0 chaleur,\u00a0climatisation et hydrog\u00e8ne\u00a0 PAC Compress 5800 AW\u00a0Cr\u00e9dit photo Bosch Thermotechnologie\u00a0 Bosch Thermotechnologie :\u00a0 CAP vers l\u2019\u00e9lectrification\u00a0 Dans une ambiance industrielle, le stand de Bosch Thermotechnologie s\u2019articule autour de trois p\u00f4les qui mettent \u00e0 l\u2019honneur l\u2019offre \u00e9lectrification : PAC Air\/Eau, PAC Air\/Air et p\u00f4le tertiaire, compl\u00e9t\u00e9s par\u2026","rel":"","context":"Dans &quot;Actualit\u00e9 Entreprises&quot;","img":{"alt_text":"","src":"https:\/\/i2.wp.com\/batimedianews.com\/live\/wp-content\/uploads\/2022\/10\/Bosch-Article.jpg?fit=1080%2C1080&ssl=1&resize=350%2C200","width":350,"height":200},"classes":[]},{"id":27047,"url":"https:\/\/batimedianews.com\/live\/index.php\/2023\/03\/17\/bosch-thermotechnologie-devient-bosch-home-comfort-group\/","url_meta":{"origin":21813,"position":2},"title":"Bosch Thermotechnologie devient Bosch Home Comfort Group","date":"17 mars 2023","format":false,"excerpt":"\u00a0Cr\u00e9dit photo Bosch\u00a0 \u00a0A l\u2019occasion d\u2019ISH, salon international du bain, des techniques du b\u00e2timent, du chauffage, de la climatisation et des \u00e9nergies renouvelables \u00e0 Francfort, la division chauffage-climatisation du Groupe Bosch vient d\u2019annoncer son changement d\u2019identit\u00e9. L\u2019entit\u00e9 est rebaptis\u00e9e \u00ab Bosch Home Comfort Group \u00bb (comprenant en France Bosch et\u2026","rel":"","context":"Dans &quot;Actualit\u00e9 Entreprises&quot;","img":{"alt_text":"","src":"https:\/\/i2.wp.com\/batimedianews.com\/live\/wp-content\/uploads\/2023\/03\/Bosch-Article.jpg?fit=1080%2C1080&ssl=1&resize=350%2C200","width":350,"height":200},"classes":[]},{"id":20061,"url":"https:\/\/batimedianews.com\/live\/index.php\/2022\/05\/16\/thermotechnologie-nouvelle-gamme-de-climatisation-reversible-mono-split-climate-5000-l-dediee-au-residentiel-et-au-petit-tertiaire\/","url_meta":{"origin":21813,"position":3},"title":"Thermotechnologie , Nouvelle gamme de climatisation r\u00e9versible mono-split Climate 5000 L d\u00e9di\u00e9e au r\u00e9sidentiel et au petit tertiaire","date":"16 mai 2022","format":false,"excerpt":"Bosch Thermotechnologie poursuit le renforcement de son offre de pompe \u00e0 chaleur air\/air (climatisation r\u00e9versible) avec la nouvelle gamme Climate 5000 L. Couvrant un spectre de puissances \u00e9largi de 3,5 kW \u00e0 16 kW, elle se destine aux habitations individuelles et au tertiaire tels que les restaurants, les salons de\u2026","rel":"","context":"Dans &quot;Actualit\u00e9 Entreprises&quot;","img":{"alt_text":"","src":"https:\/\/i2.wp.com\/batimedianews.com\/live\/wp-content\/uploads\/2022\/05\/BOSCH-Article.jpg?fit=1080%2C1080&ssl=1&resize=350%2C200","width":350,"height":200},"classes":[]},{"id":22120,"url":"https:\/\/batimedianews.com\/live\/index.php\/2022\/07\/19\/nouvelle-pompe-a-chaleur-aerothermique-air-eau-split-inverter-reversible-compress-3400-aws\/","url_meta":{"origin":21813,"position":4},"title":"Nouvelle Pompe \u00e0 chaleur a\u00e9rothermique (air\/eau) Split Inverter R\u00e9versible Compress 3400 AWS","date":"19 juillet 2022","format":false,"excerpt":"Une fois n\u2019est pas coutume, Bosch Thermotechnologie fait \u00e9voluer son offre de Pompes \u00e0 chaleur a\u00e9rothermiques avec la nouvelle gamme Split Inverter R\u00e9versible Compress 3400 AWS. Ses atouts : optimiser le confort du foyer comme celui de l\u2019installateur et de l\u2019entreprise de maintenance. D\u00e9di\u00e9e \u00e0 la maison individuelle, la Compress\u2026","rel":"","context":"Dans &quot;Actualit\u00e9 Entreprises&quot;","img":{"alt_text":"","src":"https:\/\/i1.wp.com\/batimedianews.com\/live\/wp-content\/uploads\/2022\/07\/BOSCH-Article-1.jpg?fit=1080%2C1080&ssl=1&resize=350%2C200","width":350,"height":200},"classes":[]},{"id":37714,"url":"https:\/\/batimedianews.com\/live\/index.php\/2024\/05\/29\/bosch-home-comfort-ouvre-les-portes-du-campus-x-sur-son-site-de-drancy-93\/","url_meta":{"origin":21813,"position":5},"title":"Bosch Home Comfort ouvre les portes du Campus X sur son site de Drancy (93)","date":"29 mai 2024","format":false,"excerpt":"\u00a0Un nouvel \u00e9crin 3 en 1 hybride de 1 200 m2\u00a0 qui offre une eXp\u00e9rience client personnalis\u00e9e\u00a0 \u00a0Campus X elm.leblanc Bosch, Drancy \u2013 Cr\u00e9dit photos Stefan Meyer\u00a0 \u00a0Pour une visite virtuelle du Campus X : https:\/\/youtu.be\/yu_a8r9XW80\u00a0 Bosch Home Comfort Group est l'un des principaux fabricants europ\u00e9ens de solutions \u00e9co-performantes de\u2026","rel":"","context":"Dans &quot;Actualit\u00e9 Entreprises&quot;","img":{"alt_text":"","src":"https:\/\/i1.wp.com\/batimedianews.com\/live\/wp-content\/uploads\/2024\/05\/Bosch-1.jpg?fit=825%2C825&ssl=1&resize=350%2C200","width":350,"height":200},"classes":[]}],"_links":{"self":[{"href":"https:\/\/batimedianews.com\/live\/index.php\/wp-json\/wp\/v2\/posts\/21813"}],"collection":[{"href":"https:\/\/batimedianews.com\/live\/index.php\/wp-json\/wp\/v2\/posts"}],"about":[{"href":"https:\/\/batimedianews.com\/live\/index.php\/wp-json\/wp\/v2\/types\/post"}],"author":[{"embeddable":true,"href":"https:\/\/batimedianews.com\/live\/index.php\/wp-json\/wp\/v2\/users\/41"}],"replies":[{"embeddable":true,"href":"https:\/\/batimedianews.com\/live\/index.php\/wp-json\/wp\/v2\/comments?post=21813"}],"version-history":[{"count":3,"href":"https:\/\/batimedianews.com\/live\/index.php\/wp-json\/wp\/v2\/posts\/21813\/revisions"}],"predecessor-version":[{"id":22026,"href":"https:\/\/batimedianews.com\/live\/index.php\/wp-json\/wp\/v2\/posts\/21813\/revisions\/22026"}],"wp:featuredmedia":[{"embeddable":true,"href":"https:\/\/batimedianews.com\/live\/index.php\/wp-json\/wp\/v2\/media\/21830"}],"wp:attachment":[{"href":"https:\/\/batimedianews.com\/live\/index.php\/wp-json\/wp\/v2\/media?parent=21813"}],"wp:term":[{"taxonomy":"category","embeddable":true,"href":"https:\/\/batimedianews.com\/live\/index.php\/wp-json\/wp\/v2\/categories?post=21813"},{"taxonomy":"post_tag","embeddable":true,"href":"https:\/\/batimedianews.com\/live\/index.php\/wp-json\/wp\/v2\/tags?post=21813"}],"curies":[{"name":"wp","href":"https:\/\/api.w.org\/{rel}","templated":true}]}}