{"id":21854,"date":"2022-07-12T11:03:59","date_gmt":"2022-07-12T09:03:59","guid":{"rendered":"http:\/\/batimedianews.com\/live\/?p=21854"},"modified":"2023-07-15T15:02:55","modified_gmt":"2023-07-15T13:02:55","slug":"vm-devoile-la-vitrine-de-son-nouveau-concept-vm-le-show-room","status":"publish","type":"post","link":"https:\/\/batimedianews.com\/live\/index.php\/2022\/07\/12\/vm-devoile-la-vitrine-de-son-nouveau-concept-vm-le-show-room\/","title":{"rendered":"VM d\u00e9voile la vitrine de son nouveau concept \u00ab VM LE SHOW-ROOM \u00bb"},"content":{"rendered":"\n<figure class=\"wp-block-image size-large\"><img loading=\"lazy\" width=\"720\" height=\"481\" src=\"https:\/\/i0.wp.com\/batimedianews.com\/live\/wp-content\/uploads\/2022\/07\/image-139.png?resize=720%2C481\" alt=\"\" class=\"wp-image-21855\" srcset=\"https:\/\/i0.wp.com\/batimedianews.com\/live\/wp-content\/uploads\/2022\/07\/image-139.png?resize=1024%2C684&amp;ssl=1 1024w, https:\/\/i0.wp.com\/batimedianews.com\/live\/wp-content\/uploads\/2022\/07\/image-139.png?resize=600%2C401&amp;ssl=1 600w, https:\/\/i0.wp.com\/batimedianews.com\/live\/wp-content\/uploads\/2022\/07\/image-139.png?resize=768%2C513&amp;ssl=1 768w, https:\/\/i0.wp.com\/batimedianews.com\/live\/wp-content\/uploads\/2022\/07\/image-139.png?resize=1536%2C1026&amp;ssl=1 1536w, https:\/\/i0.wp.com\/batimedianews.com\/live\/wp-content\/uploads\/2022\/07\/image-139.png?resize=10%2C7&amp;ssl=1 10w, https:\/\/i0.wp.com\/batimedianews.com\/live\/wp-content\/uploads\/2022\/07\/image-139.png?resize=432%2C289&amp;ssl=1 432w, https:\/\/i0.wp.com\/batimedianews.com\/live\/wp-content\/uploads\/2022\/07\/image-139.png?resize=396%2C265&amp;ssl=1 396w, https:\/\/i0.wp.com\/batimedianews.com\/live\/wp-content\/uploads\/2022\/07\/image-139.png?resize=1120%2C748&amp;ssl=1 1120w, https:\/\/i0.wp.com\/batimedianews.com\/live\/wp-content\/uploads\/2022\/07\/image-139.png?resize=660%2C441&amp;ssl=1 660w, https:\/\/i0.wp.com\/batimedianews.com\/live\/wp-content\/uploads\/2022\/07\/image-139.png?resize=329%2C220&amp;ssl=1 329w, https:\/\/i0.wp.com\/batimedianews.com\/live\/wp-content\/uploads\/2022\/07\/image-139.png?w=1566&amp;ssl=1 1566w, https:\/\/i0.wp.com\/batimedianews.com\/live\/wp-content\/uploads\/2022\/07\/image-139.png?w=1440 1440w\" sizes=\"(max-width: 600px) 91vw, (max-width: 900px) 600px, (max-width: 1060px) 50vw, (max-width: 1200px) 520px, (max-width: 1400px) 43vw, 600px\" data-recalc-dims=\"1\" \/><figcaption>Cr\u00e9dit photo Charles Marion&nbsp;<\/figcaption><\/figure>\n\n\n\n<div class=\"wp-block-group\"><div class=\"wp-block-group__inner-container\">\n<p class=\"has-small-font-size\"><strong>\u00c0 propos de VM&nbsp;<\/strong><\/p>\n\n\n\n<p class=\"has-small-font-size\">Pr\u00e9sent sur le Grand Ouest de la France, VM distribue des mat\u00e9riaux de construction et de r\u00e9novation et fait de la dimension conseil le coeur de son activit\u00e9. Au service des professionnels du b\u00e2timent et des particuliers \u00e0 projet, son r\u00e9seau de 77 points de vente \u00e9quip\u00e9s d\u2019espaces libre-service, propose des solutions en couverture, gros oeuvre, cloison, plafond, isolation, bois, panneaux, carrelage et salle de bain, am\u00e9nagement int\u00e9rieur et ext\u00e9rieur, outillage\u2026 LNTP est l\u2019enseigne sp\u00e9cialis\u00e9e de n\u00e9goce de mat\u00e9riaux destin\u00e9e aux travaux publics (voirie, assainissement des eaux us\u00e9es et pluviales, et am\u00e9nagement urbain). VM est l\u2019activit\u00e9 sp\u00e9cialis\u00e9e de n\u00e9goce de mat\u00e9riaux du Groupe HERIGE.&nbsp;<\/p>\n<\/div><\/div>\n\n\n\n<p>VM, activit\u00e9 n\u00e9goce du groupe HERIGE, franchit un nouveau cap dans son plan de transformation avec la concr\u00e9tisation de l\u2019un de ses objectifs majeurs : la modernisation de ses points de vente. Il a ainsi totalement r\u00e9invent\u00e9 son concept de salle d\u2019exposition carrelage d\u00e9sormais baptis\u00e9 \u00ab VM le show-room \u00bb, v\u00e9ritable innovation dans l\u2019univers du n\u00e9goce, gr\u00e2ce \u00e0 un parcours phygital clairement identifi\u00e9, et inspirationnel. Ces espaces d\u2019inspiration se retrouveront par ailleurs sur le site internet VM assurant ainsi une coh\u00e9rence de notre offre.&nbsp;<\/p>\n\n\n\n<p>Ouvert aux professionnels de l\u2019am\u00e9nagement int\u00e9rieur et ext\u00e9rieur, architectes, agenceurs, entreprises de pose\u2026, et aux particuliers \u00e0 projets, le nouveau point de vente VM La Roche-sur-Yon Carrelage en est la vitrine. Il illustre cette <strong>volont\u00e9 forte de VM de donner une nouvelle dimension \u00e0 l\u2019exp\u00e9rience client, en optimisant son confort et en nourrissant son inspiration.&nbsp;<\/strong><\/p>\n\n\n\n<p><strong>Symbole d\u2019une approche moderne de la vente, tout en pr\u00e9servant les valeurs historiques d\u2019accompagnement inh\u00e9rentes \u00e0 VM, le concept \u00ab VM le show-room \u00bb confirme son ambition de se positionner comme le sp\u00e9cialiste et devenir le r\u00e9f\u00e9rent carrelage.&nbsp;<\/strong><\/p>\n\n\n\n<div class=\"wp-block-image\"><figure class=\"alignright size-large is-resized\"><img loading=\"lazy\" src=\"https:\/\/i0.wp.com\/batimedianews.com\/live\/wp-content\/uploads\/2022\/07\/image-141.png?resize=232%2C308\" alt=\"\" class=\"wp-image-21857\" width=\"232\" height=\"308\" srcset=\"https:\/\/i0.wp.com\/batimedianews.com\/live\/wp-content\/uploads\/2022\/07\/image-141.png?w=626&amp;ssl=1 626w, https:\/\/i0.wp.com\/batimedianews.com\/live\/wp-content\/uploads\/2022\/07\/image-141.png?resize=451%2C600&amp;ssl=1 451w, https:\/\/i0.wp.com\/batimedianews.com\/live\/wp-content\/uploads\/2022\/07\/image-141.png?resize=8%2C10&amp;ssl=1 8w, https:\/\/i0.wp.com\/batimedianews.com\/live\/wp-content\/uploads\/2022\/07\/image-141.png?resize=432%2C574&amp;ssl=1 432w, https:\/\/i0.wp.com\/batimedianews.com\/live\/wp-content\/uploads\/2022\/07\/image-141.png?resize=396%2C526&amp;ssl=1 396w, https:\/\/i0.wp.com\/batimedianews.com\/live\/wp-content\/uploads\/2022\/07\/image-141.png?resize=166%2C220&amp;ssl=1 166w\" sizes=\"(max-width: 600px) 91vw, (max-width: 900px) 600px, (max-width: 1060px) 50vw, (max-width: 1200px) 520px, (max-width: 1400px) 43vw, 600px\" data-recalc-dims=\"1\" \/><figcaption>Eric Rouet &#8211; Cr\u00e9dit photo Charles Marion&nbsp;<\/figcaption><\/figure><\/div>\n\n\n\n<p>\u00ab <em>Le point de vente de VM La Roche-sur-Yon Carrelage pr\u00e9sente les points cl\u00e9s de la feuille de route de notre Direction Marketing, Achats, Digital et Exp\u00e9rience Client pilot\u00e9e par Matthieu Durand : nouveau show-room, nouveau Libre Service, nouveaux comptoirs pour l\u2019accueil client. Le travail sur le parcours client a \u00e9t\u00e9 men\u00e9 en co-construction avec les \u00e9quipes terrain. Il permet \u00e0 nos clients d\u2019appr\u00e9cier une large visibilit\u00e9 de notre gamme en un coup d\u2019oeil. Nos gammes ont \u00e9t\u00e9 compl\u00e8tement repens\u00e9es de A \u00e0 Z pour coller aux besoins du march\u00e9. VM La Roche-sur-Yon Carrelage est le premier show-room de ce type et sera suivi par d\u2019autres : Bouguenais, Challans\u2026 <\/em>\u00bb.&nbsp;<\/p>\n\n\n\n<p><strong>Eric Rouet&nbsp;<\/strong> &#8211; <strong>Directeur G\u00e9n\u00e9ral VM&nbsp;<\/strong><\/p>\n\n\n\n<p class=\"has-text-color\" style=\"color:#bf0176\">\u25aa <strong>U<\/strong><strong>N TEMPLE DE LA DECORATION&nbsp;<\/strong><\/p>\n\n\n\n<p>Existant depuis une cinquantaine d\u2019ann\u00e9es, le nouveau point de vente VM La Roche-sur-Yon Carrelage se situe \u00e0 quelques m\u00e8tres de l\u2019ancien, dans la zone commerciale proche des Fl\u00e2neries, plus grande galerie commerciale de Vend\u00e9e. Il est dirig\u00e9 par Arnaud Porte, qui anime une \u00e9quipe de 13 collaborateurs\/trices tous exp\u00e9riment\u00e9s dans le secteur. En t\u00e9moigne par exemple Jacques Bessonet, Responsable de la salle d\u2019exposition, qui travaille chez VM depuis plus de 30 ans et b\u00e9n\u00e9ficie d\u2019une solide connaissance technique et tendance.&nbsp;<\/p>\n\n\n\n<p>Le point de vente s\u2019organise sur une surface de 600 m2, agenc\u00e9e par AG Dynamics, cr\u00e9ateur de mobilier commercial vend\u00e9en apportant des solutions d&rsquo;agencement pour les showrooms carrelage et sanitaire. <strong>Dans une atmosph\u00e8re a\u00e9r\u00e9e et chaleureuse<\/strong>, au style r\u00e9solument scandinave, il propose un parcours simple, alliant physique et digital.&nbsp;<\/p>\n\n\n\n<figure class=\"wp-block-image size-large\"><img loading=\"lazy\" width=\"720\" height=\"387\" src=\"https:\/\/i1.wp.com\/batimedianews.com\/live\/wp-content\/uploads\/2022\/07\/image-142.png?resize=720%2C387\" alt=\"\" class=\"wp-image-21858\" srcset=\"https:\/\/i1.wp.com\/batimedianews.com\/live\/wp-content\/uploads\/2022\/07\/image-142.png?resize=1024%2C551&amp;ssl=1 1024w, https:\/\/i1.wp.com\/batimedianews.com\/live\/wp-content\/uploads\/2022\/07\/image-142.png?resize=600%2C323&amp;ssl=1 600w, https:\/\/i1.wp.com\/batimedianews.com\/live\/wp-content\/uploads\/2022\/07\/image-142.png?resize=768%2C413&amp;ssl=1 768w, https:\/\/i1.wp.com\/batimedianews.com\/live\/wp-content\/uploads\/2022\/07\/image-142.png?resize=1536%2C826&amp;ssl=1 1536w, https:\/\/i1.wp.com\/batimedianews.com\/live\/wp-content\/uploads\/2022\/07\/image-142.png?resize=10%2C5&amp;ssl=1 10w, https:\/\/i1.wp.com\/batimedianews.com\/live\/wp-content\/uploads\/2022\/07\/image-142.png?resize=432%2C232&amp;ssl=1 432w, https:\/\/i1.wp.com\/batimedianews.com\/live\/wp-content\/uploads\/2022\/07\/image-142.png?resize=396%2C213&amp;ssl=1 396w, https:\/\/i1.wp.com\/batimedianews.com\/live\/wp-content\/uploads\/2022\/07\/image-142.png?resize=1120%2C602&amp;ssl=1 1120w, https:\/\/i1.wp.com\/batimedianews.com\/live\/wp-content\/uploads\/2022\/07\/image-142.png?resize=660%2C355&amp;ssl=1 660w, https:\/\/i1.wp.com\/batimedianews.com\/live\/wp-content\/uploads\/2022\/07\/image-142.png?resize=409%2C220&amp;ssl=1 409w, https:\/\/i1.wp.com\/batimedianews.com\/live\/wp-content\/uploads\/2022\/07\/image-142.png?w=1584&amp;ssl=1 1584w, https:\/\/i1.wp.com\/batimedianews.com\/live\/wp-content\/uploads\/2022\/07\/image-142.png?w=1440 1440w\" sizes=\"(max-width: 600px) 91vw, (max-width: 900px) 600px, (max-width: 1060px) 50vw, (max-width: 1200px) 520px, (max-width: 1400px) 43vw, 600px\" data-recalc-dims=\"1\" \/><figcaption>Cr\u00e9dit photo Charles Marion&nbsp;<\/figcaption><\/figure>\n\n\n\n<p>Plus de 2 000 r\u00e9f\u00e9rences sont pr\u00e9sent\u00e9es \u00e0 travers 12 box d\u2019ambiances, une carreauth\u00e8que et une parqueth\u00e8que. Chaque espace plonge le visiteur dans un <strong>univers infini de combinaisons, de tendances et de produits <\/strong>pour choisir carrelages, parquets (massifs, stratifi\u00e9s, vinyle), sanitaires et \u00e9quipements (robinetteries, receveurs de douche, baignoires&#8230;). \u00e0 travers <strong>une offre compl\u00e8te et disponible en stock central.&nbsp;<\/strong><\/p>\n\n\n\n<p><strong>VM La Roche-sur-Yon Carrelage ouvre \u00e9galement le champ des possibles avec le nouveau simulateur de carreaux de carrelage et parquets In-Cube. <\/strong>Apr\u00e8s avoir pr\u00e9s\u00e9lectionn\u00e9 les produits dans les espaces, il permet de projeter virtuellement, dans une pi\u00e8ce ferm\u00e9e, tout type de rev\u00eatement. Pratique par exemple pour imaginer ce que rendrait la pose de tr\u00e8s grands formats ou encore pour valider une association de couleurs et de motifs. Des centaines de combinaisons qui laissent libre court \u00e0 la cr\u00e9ativit\u00e9 !&nbsp;<\/p>\n\n\n\n<p class=\"has-text-color\" style=\"color:#b30163\">\u25aa <strong>L\u2019<\/strong><strong>INSPIRATION A CORPS ET A COEUR&nbsp;<\/strong><\/p>\n\n\n\n<p>Chaque d\u00e9tail a \u00e9t\u00e9 pens\u00e9 pour que le client puisse trouver une source d\u2019inspiration pour son projet de d\u00e9coration ou de r\u00e9novation. L\u2019agencement cr\u00e9\u00e9 sp\u00e9cifiquement pour VM, faisant la part belle \u00e0 des mariages de bois et de m\u00e9tal, sublime la mati\u00e8re brute des produits expos\u00e9s. D\u00e9gageant une ambiance chaleureuse, il procure le sentiment de rentrer dans son \u00ab chez-soi \u00bb.&nbsp;<\/p>\n\n\n\n<div class=\"wp-block-image\"><figure class=\"alignleft size-large is-resized\"><img loading=\"lazy\" src=\"https:\/\/i1.wp.com\/batimedianews.com\/live\/wp-content\/uploads\/2022\/07\/image-144.png?resize=241%2C161\" alt=\"\" class=\"wp-image-21860\" width=\"241\" height=\"161\" srcset=\"https:\/\/i1.wp.com\/batimedianews.com\/live\/wp-content\/uploads\/2022\/07\/image-144.png?w=668&amp;ssl=1 668w, https:\/\/i1.wp.com\/batimedianews.com\/live\/wp-content\/uploads\/2022\/07\/image-144.png?resize=600%2C402&amp;ssl=1 600w, https:\/\/i1.wp.com\/batimedianews.com\/live\/wp-content\/uploads\/2022\/07\/image-144.png?resize=10%2C7&amp;ssl=1 10w, https:\/\/i1.wp.com\/batimedianews.com\/live\/wp-content\/uploads\/2022\/07\/image-144.png?resize=432%2C290&amp;ssl=1 432w, https:\/\/i1.wp.com\/batimedianews.com\/live\/wp-content\/uploads\/2022\/07\/image-144.png?resize=396%2C266&amp;ssl=1 396w, https:\/\/i1.wp.com\/batimedianews.com\/live\/wp-content\/uploads\/2022\/07\/image-144.png?resize=660%2C443&amp;ssl=1 660w, https:\/\/i1.wp.com\/batimedianews.com\/live\/wp-content\/uploads\/2022\/07\/image-144.png?resize=328%2C220&amp;ssl=1 328w\" sizes=\"(max-width: 600px) 91vw, (max-width: 900px) 600px, (max-width: 1060px) 50vw, (max-width: 1200px) 520px, (max-width: 1400px) 43vw, 600px\" data-recalc-dims=\"1\" \/><\/figure><\/div>\n\n\n\n<p>L\u2019espace projets d\u00e9co permet de r\u00e9fl\u00e9chir sur le projet et de le traiter dans sa totalit\u00e9. Le client, accompagn\u00e9 de son d\u00e9corateur d\u2019int\u00e9rieur, son carreleur ou par l\u2019\u00e9quipe commerciale, peut sortir un ou plusieurs mod\u00e8les, les comparer ou les associer sur les tables de pr\u00e9sentation. Facilitant le rep\u00e9rage, les offres sont clairement identifi\u00e9es et bien d\u00e9limit\u00e9es.&nbsp;<\/p>\n\n\n\n<div class=\"wp-block-image\"><figure class=\"alignleft size-large is-resized\"><img loading=\"lazy\" src=\"https:\/\/i0.wp.com\/batimedianews.com\/live\/wp-content\/uploads\/2022\/07\/image-145.png?resize=245%2C163\" alt=\"\" class=\"wp-image-21861\" width=\"245\" height=\"163\" srcset=\"https:\/\/i0.wp.com\/batimedianews.com\/live\/wp-content\/uploads\/2022\/07\/image-145.png?w=668&amp;ssl=1 668w, https:\/\/i0.wp.com\/batimedianews.com\/live\/wp-content\/uploads\/2022\/07\/image-145.png?resize=600%2C399&amp;ssl=1 600w, https:\/\/i0.wp.com\/batimedianews.com\/live\/wp-content\/uploads\/2022\/07\/image-145.png?resize=10%2C7&amp;ssl=1 10w, https:\/\/i0.wp.com\/batimedianews.com\/live\/wp-content\/uploads\/2022\/07\/image-145.png?resize=432%2C287&amp;ssl=1 432w, https:\/\/i0.wp.com\/batimedianews.com\/live\/wp-content\/uploads\/2022\/07\/image-145.png?resize=396%2C263&amp;ssl=1 396w, https:\/\/i0.wp.com\/batimedianews.com\/live\/wp-content\/uploads\/2022\/07\/image-145.png?resize=660%2C439&amp;ssl=1 660w, https:\/\/i0.wp.com\/batimedianews.com\/live\/wp-content\/uploads\/2022\/07\/image-145.png?resize=331%2C220&amp;ssl=1 331w\" sizes=\"(max-width: 600px) 91vw, (max-width: 900px) 600px, (max-width: 1060px) 50vw, (max-width: 1200px) 520px, (max-width: 1400px) 43vw, 600px\" data-recalc-dims=\"1\" \/><\/figure><\/div>\n\n\n\n<p>Un mur de couleur install\u00e9 dans l\u2019espace d\u00e9co permet de visualiser une multitude de couleurs et d\u2019aspects produits en r\u00e9el pour faciliter le choix dans les meilleures conditions. Le client peut ainsi r\u00e9aliser la couleur de ses r\u00eaves gr\u00e2ce \u00e0 une machine \u00e0 teinter install\u00e9e dans la partie Libre Service du point de vente.&nbsp;<\/p>\n\n\n\n<div class=\"wp-block-image\"><figure class=\"alignleft size-large is-resized\"><img loading=\"lazy\" src=\"https:\/\/i2.wp.com\/batimedianews.com\/live\/wp-content\/uploads\/2022\/07\/image-149.png?resize=242%2C160\" alt=\"\" class=\"wp-image-21865\" width=\"242\" height=\"160\" srcset=\"https:\/\/i2.wp.com\/batimedianews.com\/live\/wp-content\/uploads\/2022\/07\/image-149.png?w=668&amp;ssl=1 668w, https:\/\/i2.wp.com\/batimedianews.com\/live\/wp-content\/uploads\/2022\/07\/image-149.png?resize=600%2C399&amp;ssl=1 600w, https:\/\/i2.wp.com\/batimedianews.com\/live\/wp-content\/uploads\/2022\/07\/image-149.png?resize=10%2C7&amp;ssl=1 10w, https:\/\/i2.wp.com\/batimedianews.com\/live\/wp-content\/uploads\/2022\/07\/image-149.png?resize=432%2C287&amp;ssl=1 432w, https:\/\/i2.wp.com\/batimedianews.com\/live\/wp-content\/uploads\/2022\/07\/image-149.png?resize=396%2C263&amp;ssl=1 396w, https:\/\/i2.wp.com\/batimedianews.com\/live\/wp-content\/uploads\/2022\/07\/image-149.png?resize=660%2C439&amp;ssl=1 660w, https:\/\/i2.wp.com\/batimedianews.com\/live\/wp-content\/uploads\/2022\/07\/image-149.png?resize=331%2C220&amp;ssl=1 331w\" sizes=\"(max-width: 600px) 91vw, (max-width: 900px) 600px, (max-width: 1060px) 50vw, (max-width: 1200px) 520px, (max-width: 1400px) 43vw, 600px\" data-recalc-dims=\"1\" \/><\/figure><\/div>\n\n\n\n<p>Autre poumon du point de vente : l\u2019espace inspiration constitu\u00e9 de ,12 box. Le client peut ainsi d\u00e9couvrir de multiples produits mis en sc\u00e8ne dans une salle de bain, une suite parentale ou encore une entr\u00e9e. Une attention soign\u00e9e a \u00e9t\u00e9 accord\u00e9e \u00e0 l\u2019\u00e9clairage afin de cr\u00e9er l\u2019atmosph\u00e8re la plus r\u00e9aliste. Agenc\u00e9s par les \u00e9quipes du point de vente, ils donnent vie aux \u00e9quipements et rev\u00eatements, cr\u00e9ent une histoire, des associations de mati\u00e8res et de couleurs contemporaines, classiques ou audacieuses.&nbsp;<\/p>\n\n\n\n<div class=\"wp-block-image\"><figure class=\"alignleft size-large is-resized\"><img loading=\"lazy\" src=\"https:\/\/i0.wp.com\/batimedianews.com\/live\/wp-content\/uploads\/2022\/07\/image-151.png?resize=232%2C154\" alt=\"\" class=\"wp-image-21867\" width=\"232\" height=\"154\" srcset=\"https:\/\/i0.wp.com\/batimedianews.com\/live\/wp-content\/uploads\/2022\/07\/image-151.png?w=668&amp;ssl=1 668w, https:\/\/i0.wp.com\/batimedianews.com\/live\/wp-content\/uploads\/2022\/07\/image-151.png?resize=600%2C399&amp;ssl=1 600w, https:\/\/i0.wp.com\/batimedianews.com\/live\/wp-content\/uploads\/2022\/07\/image-151.png?resize=10%2C7&amp;ssl=1 10w, https:\/\/i0.wp.com\/batimedianews.com\/live\/wp-content\/uploads\/2022\/07\/image-151.png?resize=432%2C287&amp;ssl=1 432w, https:\/\/i0.wp.com\/batimedianews.com\/live\/wp-content\/uploads\/2022\/07\/image-151.png?resize=396%2C263&amp;ssl=1 396w, https:\/\/i0.wp.com\/batimedianews.com\/live\/wp-content\/uploads\/2022\/07\/image-151.png?resize=660%2C439&amp;ssl=1 660w, https:\/\/i0.wp.com\/batimedianews.com\/live\/wp-content\/uploads\/2022\/07\/image-151.png?resize=331%2C220&amp;ssl=1 331w\" sizes=\"(max-width: 600px) 91vw, (max-width: 900px) 600px, (max-width: 1060px) 50vw, (max-width: 1200px) 520px, (max-width: 1400px) 43vw, 600px\" data-recalc-dims=\"1\" \/><\/figure><\/div>\n\n\n\n<p>Autre exemple, les nouveaux grands formats 120 x 278 cm, tendances du march\u00e9, sont expos\u00e9s sur des pr\u00e9sentoirs sp\u00e9cifiques. L\u2019occasion de voir et de toucher 20 mod\u00e8les en panneaux.&nbsp;<\/p>\n\n\n\n<p class=\"has-text-color\" style=\"color:#c70674\">\u25aa <strong>ESPACE IN-CUBE :&nbsp;<\/strong> <strong>LA RENCONTRE ENTRE SHOW-ROOM ET DIGITAL&nbsp;<\/strong><\/p>\n\n\n\n<div class=\"wp-block-image\"><figure class=\"alignright size-large\"><img loading=\"lazy\" width=\"720\" height=\"573\" src=\"https:\/\/i1.wp.com\/batimedianews.com\/live\/wp-content\/uploads\/2022\/07\/image-153.png?resize=720%2C573\" alt=\"\" class=\"wp-image-21869\" srcset=\"https:\/\/i1.wp.com\/batimedianews.com\/live\/wp-content\/uploads\/2022\/07\/image-153.png?w=894&amp;ssl=1 894w, https:\/\/i1.wp.com\/batimedianews.com\/live\/wp-content\/uploads\/2022\/07\/image-153.png?resize=600%2C478&amp;ssl=1 600w, https:\/\/i1.wp.com\/batimedianews.com\/live\/wp-content\/uploads\/2022\/07\/image-153.png?resize=768%2C612&amp;ssl=1 768w, https:\/\/i1.wp.com\/batimedianews.com\/live\/wp-content\/uploads\/2022\/07\/image-153.png?resize=10%2C8&amp;ssl=1 10w, https:\/\/i1.wp.com\/batimedianews.com\/live\/wp-content\/uploads\/2022\/07\/image-153.png?resize=432%2C344&amp;ssl=1 432w, https:\/\/i1.wp.com\/batimedianews.com\/live\/wp-content\/uploads\/2022\/07\/image-153.png?resize=396%2C315&amp;ssl=1 396w, https:\/\/i1.wp.com\/batimedianews.com\/live\/wp-content\/uploads\/2022\/07\/image-153.png?resize=660%2C526&amp;ssl=1 660w, https:\/\/i1.wp.com\/batimedianews.com\/live\/wp-content\/uploads\/2022\/07\/image-153.png?resize=276%2C220&amp;ssl=1 276w\" sizes=\"(max-width: 600px) 91vw, (max-width: 900px) 600px, (max-width: 1060px) 50vw, (max-width: 1200px) 520px, (max-width: 1400px) 43vw, 600px\" data-recalc-dims=\"1\" \/><figcaption>Cr\u00e9dit photo Charles Marion&nbsp;<\/figcaption><\/figure><\/div>\n\n\n\n<p>Parmi les priorit\u00e9s de VM, enrichir intelligemment son parcours client avec des <strong>solutions phygitales<\/strong>. En qu\u00eate d\u2019innovations tant en termes de produits que de services, <strong>VM b\u00e9n\u00e9ficie de l\u2019exclusivit\u00e9 du concept In-Cube sur 12 d\u00e9partements du Grand Ouest<\/strong>. In-Cube, c\u2019est une technologie digitale embarqu\u00e9e au coeur du point de vente physique et offrant une approche personnalis\u00e9e et moderne.&nbsp;<\/p>\n\n\n\n<p>Cet espace intimiste de <strong>12 m<\/strong><strong>2 <\/strong>apporte une r\u00e9ponse concr\u00e8te aux besoins du client qui souhaite se projeter pour affiner ses choix de carrelage ou de parquet pour son int\u00e9rieur. <strong>Innovant, il facilite et acc\u00e9l\u00e8re la prise de d\u00e9cision. <\/strong>Pilot\u00e9 par une tablette, il permet de projeter sur le sol et les murs de cette pi\u00e8ce l\u2019int\u00e9gralit\u00e9 des solutions r\u00e9f\u00e9renc\u00e9es, expos\u00e9es ou non, pour la cuisine, la salle de bain, le salon, les chambres, les sanitaires\u2026&nbsp;<\/p>\n\n\n\n<p>Si les \u00e9chantillons expos\u00e9s dans l\u2019espace d\u00e9co offrent la possibilit\u00e9 de d\u00e9couvrir et toucher des centaines de r\u00e9f\u00e9rences, <strong>l\u2019In-Cube permet d\u2019appr\u00e9hender les diff\u00e9rentes nuances et associations de carrelages et de parquets en dimension r\u00e9elle<\/strong>. Cette surface de projection procure la sensation d\u2019\u00eatre au coeur de son projet. Pour aller plus loin dans la projection et dans la r\u00e9alisation du projet dans sa globalit\u00e9, In-Cube permet \u00e9galement <strong>d\u2019associer le sol et la peinture murale.&nbsp;<\/strong><\/p>\n\n\n\n<p>Tout devient possible : le client choisit par exemple les dimensions, couleurs et textures de la future fa\u00efence de sa salle de bain. Il peut confirmer son premier choix ou \u00e9voluer en mixant des formats ou des finitions, cr\u00e9er des combinaisons \u00e0 l\u2019infini, jusqu\u2019\u00e0 faire un mariage de couleurs audacieux qu\u2019il n\u2019aurait pas pu imaginer via le catalogue, les \u00e9chantillons ou m\u00eame un configurateur en ligne.&nbsp;<\/p>\n\n\n\n<p class=\"has-text-color\" style=\"color:#c90169\">\u25aa <strong>NOMINATION DE NICOLAS SEBASTIANELLI,&nbsp;<\/strong> <strong>DIRECTEUR POLE DECORATION VM&nbsp;<\/strong><\/p>\n\n\n\n<p>Pour accompagner cette d\u00e9marche, VM poursuit le renforcement de ses \u00e9quipes avec l\u2019arriv\u00e9e, le 17 janvier dernier, de Nicolas Sebastianelli, qui a pris le poste de Directeur P\u00f4le D\u00e9coration (Carrelage, Am\u00e9nagement Ext\u00e9rieur, et Sanitaire).&nbsp;<\/p>\n\n\n\n<p>Fort d\u2019une exp\u00e9rience de neuf ans chez Porcelanosa, en tant que Directeur Commercial France, ce passionn\u00e9 poss\u00e8de une riche connaissance du m\u00e9tier de la d\u00e9coration. Il a \u00e9galement forg\u00e9 ses exp\u00e9riences durant pr\u00e8s d\u2019une dizaine d\u2019ann\u00e9es dans des entreprises telles que Frans Bonhomme, Rehau et Dupont, o\u00f9 il a exerc\u00e9 des fonctions de Chef d\u2019agence et de Responsable commercial et marketing op\u00e9rationnel.&nbsp;<\/p>\n\n\n\n<p>Sous la responsabilit\u00e9 de Matthieu Durand, Directeur Marketing, Achats, Digital et Exp\u00e9rience Client de VM, Nicolas Sebastianelli d\u00e9veloppera et suivra les tendances de l\u2019offre Carrelage, Sanitaire et Am\u00e9nagement Ext\u00e9rieur. Il aura \u00e9galement pour missions d\u2019accompagner et de soutenir le d\u00e9veloppement d\u2019activit\u00e9s autour de son march\u00e9 et d\u2019animer transversalement l\u2019ensemble de la fili\u00e8re.&nbsp;<\/p>\n\n\n\n<p>Le lancement du nouveau concept \u00ab VM le show-room \u00bb constitue l\u2019une de ses premi\u00e8res priorit\u00e9s :&nbsp;<\/p>\n\n\n\n<div class=\"wp-block-image\"><figure class=\"alignright size-large is-resized\"><img loading=\"lazy\" src=\"https:\/\/i1.wp.com\/batimedianews.com\/live\/wp-content\/uploads\/2022\/07\/image-155.png?resize=230%2C290\" alt=\"\" class=\"wp-image-21871\" width=\"230\" height=\"290\" srcset=\"https:\/\/i1.wp.com\/batimedianews.com\/live\/wp-content\/uploads\/2022\/07\/image-155.png?w=730&amp;ssl=1 730w, https:\/\/i1.wp.com\/batimedianews.com\/live\/wp-content\/uploads\/2022\/07\/image-155.png?resize=476%2C600&amp;ssl=1 476w, https:\/\/i1.wp.com\/batimedianews.com\/live\/wp-content\/uploads\/2022\/07\/image-155.png?resize=8%2C10&amp;ssl=1 8w, https:\/\/i1.wp.com\/batimedianews.com\/live\/wp-content\/uploads\/2022\/07\/image-155.png?resize=432%2C544&amp;ssl=1 432w, https:\/\/i1.wp.com\/batimedianews.com\/live\/wp-content\/uploads\/2022\/07\/image-155.png?resize=396%2C499&amp;ssl=1 396w, https:\/\/i1.wp.com\/batimedianews.com\/live\/wp-content\/uploads\/2022\/07\/image-155.png?resize=660%2C832&amp;ssl=1 660w, https:\/\/i1.wp.com\/batimedianews.com\/live\/wp-content\/uploads\/2022\/07\/image-155.png?resize=175%2C220&amp;ssl=1 175w\" sizes=\"(max-width: 600px) 91vw, (max-width: 900px) 600px, (max-width: 1060px) 50vw, (max-width: 1200px) 520px, (max-width: 1400px) 43vw, 600px\" data-recalc-dims=\"1\" \/><figcaption>Nicolas Sebastianelli &#8211; Cr\u00e9dit photo Charles Marion&nbsp;<\/figcaption><\/figure><\/div>\n\n\n\n<p>\u00ab <em>Le point de vente VM La Roche-sur-Yon Carrelage donne le ton pour les ann\u00e9es \u00e0 venir. Il est le premier n\u00e9 d\u2019une future liste d\u2019espaces que nous avons pr\u00e9vus de r\u00e9nover. D\u2019ici d\u00e9but 2023, le concept sera d\u00e9ploy\u00e9 sur notre nouveau point de vente VM Bouguenais. Tous les champs des possibles sont ouverts pour faire vivre une exp\u00e9rience nouvelle et unique tant \u00e0 nos clients professionnels que particuliers, avec toujours cet engagement VM en ligne de mire : la satisfaction de tous nos clients. Les gammes sont pr\u00e9sent\u00e9es de mani\u00e8re claire, simple et avantageuse pour eux. <\/em>\u00bb&nbsp;<\/p>\n\n\n\n<p class=\"has-text-color\" style=\"color:#b50155\">\u25aa <strong>UNE PLATEFORME LOGISTIQUE DOTEE D\u2019UN MAGASIN AUTOMATISE AVEC TRANSSTOCKEURS&nbsp;<\/strong><\/p>\n\n\n\n<div class=\"wp-block-image\"><figure class=\"alignleft size-large is-resized\"><img loading=\"lazy\" src=\"https:\/\/i0.wp.com\/batimedianews.com\/live\/wp-content\/uploads\/2022\/07\/image-157.png?resize=217%2C310\" alt=\"\" class=\"wp-image-21873\" width=\"217\" height=\"310\" srcset=\"https:\/\/i0.wp.com\/batimedianews.com\/live\/wp-content\/uploads\/2022\/07\/image-157.png?w=544&amp;ssl=1 544w, https:\/\/i0.wp.com\/batimedianews.com\/live\/wp-content\/uploads\/2022\/07\/image-157.png?resize=421%2C600&amp;ssl=1 421w, https:\/\/i0.wp.com\/batimedianews.com\/live\/wp-content\/uploads\/2022\/07\/image-157.png?resize=7%2C10&amp;ssl=1 7w, https:\/\/i0.wp.com\/batimedianews.com\/live\/wp-content\/uploads\/2022\/07\/image-157.png?resize=432%2C616&amp;ssl=1 432w, https:\/\/i0.wp.com\/batimedianews.com\/live\/wp-content\/uploads\/2022\/07\/image-157.png?resize=396%2C565&amp;ssl=1 396w, https:\/\/i0.wp.com\/batimedianews.com\/live\/wp-content\/uploads\/2022\/07\/image-157.png?resize=154%2C220&amp;ssl=1 154w\" sizes=\"(max-width: 600px) 91vw, (max-width: 900px) 600px, (max-width: 1060px) 50vw, (max-width: 1200px) 520px, (max-width: 1400px) 43vw, 600px\" data-recalc-dims=\"1\" \/><figcaption>Cr\u00e9dit photo Charles Marion&nbsp;<\/figcaption><\/figure><\/div>\n\n\n\n<p>Afin d\u2019optimiser les services aux clients, VMconcentre l\u2019ensemble de ses moyens logistiques \u00e0 L\u2019Herbergement (85), \u00e0 proximit\u00e9 de son si\u00e8ge, avec un magasin automatis\u00e9, outil industriel et logistique performant. <strong>Qualit\u00e9 de service, r\u00e9activit\u00e9 et acc\u00e9l\u00e9ration de la logistique sont au c\u0153ur de la d\u00e9marche<\/strong>. Pour y parvenir, un b\u00e2timent de 20 m\u00e8tres de haut et de 100 m\u00e8tres de long a \u00e9t\u00e9 construit en 2016.<\/p>\n\n\n\n<p><strong>Le magasin automatis\u00e9, <\/strong>qui se distingue par son syst\u00e8me intelligent et g\u00e8re les stocks de marchandises, int\u00e8gre <strong>trois transstockeurs<\/strong>. <strong>Rapidit\u00e9, productivit\u00e9 et maximisation de l\u2019espace d\u2019entreposage<\/strong>constituent les fondementsde cette modernisation de l\u2019outil.&nbsp;<\/p>\n\n\n\n<p>Il vise \u00e0:<\/p>\n\n\n\n<ul><li>apporter un meilleur service client,&nbsp;<\/li><li>massifier les flux en consolidant les pr\u00e9parations des diff\u00e9rents produits,&nbsp;<\/li><li>gagner en productivit\u00e9 et fiabiliser la production,&nbsp;<\/li><li>optimiser les rotations et assurer une meilleure gestion du stock,&nbsp;<\/li><li>assurer une disponibilit\u00e9 rapide des produits,&nbsp;<\/li><li>optimiser les d\u00e9lais de livraison,&nbsp;<\/li><li>am\u00e9liorer les conditions de travail.&nbsp;<\/li><\/ul>\n\n\n\n<p>L\u2019installation est constitu\u00e9e d\u2019\u00e9l\u00e9vateurs sur rails circulant dans chaque all\u00e9e du magasin. Ils sont command\u00e9s par le syst\u00e8me de gestion, qui pilote la manipulation et l&rsquo;affectation des emplacements de l&rsquo;ensemble des produits stock\u00e9s, \u00e0 l&rsquo;aide d&rsquo;un syst\u00e8me d&rsquo;information de gestion d&rsquo;entrep\u00f4t. Les transstockeurs peuvent d\u00e9placer des palettes d\u2019un poids allant jusqu\u2019\u00e0 1 500 kg. En compl\u00e9ment des transstockeurs m\u00e9canis\u00e9s, le magasin automatis\u00e9 abrite \u00e9galement des postes de pr\u00e9paration de commandes assist\u00e9s. Ces dispositifs contribuent \u00e0 :&nbsp;<\/p>\n\n\n\n<ul><li>r\u00e9duire la p\u00e9nibilit\u00e9 du travail des pr\u00e9parateurs,&nbsp;<\/li><li>garantir la fiabilit\u00e9 de la pr\u00e9paration des commandes des clients,&nbsp;<\/li><li>travailler de mani\u00e8re efficiente.&nbsp;<\/li><\/ul>\n\n\n\n<p>Le projet est pens\u00e9 pour une <strong>irrigation de l\u2019ensemble des points de vente, tous mat\u00e9riaux confondus<\/strong>. Une d\u00e9marche qui assure \u00e9conomie d\u2019\u00e9chelle, rationalisation des co\u00fbts et des t\u00e2ches. Ce fonctionnement synchronis\u00e9 et automatis\u00e9 permet de stocker 6 000 palettes. La cr\u00e9ation de ce type d\u2019installation a \u00e9galement pour objectif de r\u00e9duire les co\u00fbts par des \u00e9conomies de transports, de manutention et de gestion de stocks r\u00e9alis\u00e9es. Les commandes sont constitu\u00e9es d\u00e8s la plateforme selon le client final, de mani\u00e8re \u00e0 limiter la manutention des produits et minorer ainsi les d\u00e9lais pour r\u00e9pondre \u00e0 la demande croissante de r\u00e9activit\u00e9 des clients. Le process transstockeur s\u2019adapte aussi depuis fin 2021 aux nouveaux formats de carreaux dont les largeurs de palette sont plus importantes.&nbsp;<\/p>\n\n\n\n<p><\/p>\n","protected":false},"excerpt":{"rendered":"<p>VM, activit\u00e9 n\u00e9goce du groupe HERIGE, franchit un nouveau cap dans son plan de transformation avec la concr\u00e9tisation de l\u2019un de ses objectifs majeurs : la modernisation de ses points de vente. Il a ainsi totalement r\u00e9invent\u00e9 son concept de salle d\u2019exposition carrelage d\u00e9sormais baptis\u00e9 \u00ab VM le show-room \u00bb, v\u00e9ritable innovation dans l\u2019univers du [&hellip;]<\/p>\n","protected":false},"author":41,"featured_media":21875,"comment_status":"open","ping_status":"open","sticky":false,"template":"","format":"standard","meta":{"spay_email":""},"categories":[4,1261,108],"tags":[],"jetpack_featured_media_url":"https:\/\/i0.wp.com\/batimedianews.com\/live\/wp-content\/uploads\/2022\/07\/VM-Article.jpg?fit=1920%2C1080&ssl=1","jetpack_sharing_enabled":true,"jetpack_likes_enabled":true,"jetpack-related-posts":[{"id":19913,"url":"https:\/\/batimedianews.com\/live\/index.php\/2022\/05\/10\/vm-renforce-son-programme-eco-solutions-avec-son-offre-en-isolation-biosourcee-pour-la-construction-et-la-renovation\/","url_meta":{"origin":21854,"position":0},"title":"VM renforce son programme  : \u00e9co solutions , avec son offre en isolation biosourc\u00e9e pour la construction et la r\u00e9novation","date":"10 mai 2022","format":false,"excerpt":"En 2021, VM, activit\u00e9 n\u00e9goce du groupe HERIGE, lan\u00e7ait son programme \u00ab \u00e9cosolutions \u00bb, d\u00e9di\u00e9 \u00e0 aider les artisans dans la r\u00e9novation \u00e9nerg\u00e9tique. En 2022, VM \u00e9largit son offre et fait entrer dans ses points de vente une nouvelle gamme d\u2019isolants biosourc\u00e9s. Il confirme ainsi son ambition d\u2019accompagner la r\u00e9novation\u2026","rel":"","context":"Dans &quot;Actualit\u00e9 Entreprises&quot;","img":{"alt_text":"","src":"https:\/\/i2.wp.com\/batimedianews.com\/live\/wp-content\/uploads\/2022\/05\/VM-Article.jpg?fit=1080%2C1080&ssl=1&resize=350%2C200","width":350,"height":200},"classes":[]},{"id":25007,"url":"https:\/\/batimedianews.com\/live\/index.php\/2022\/11\/28\/renovation-energetique-des-batiments-vm-forme-ses-premiers-referents-daide-a-la-renovation\/","url_meta":{"origin":21854,"position":1},"title":"R\u00e9novation \u00e9nerg\u00e9tique des b\u00e2timents : VM forme ses premiers r\u00e9f\u00e9rents d&rsquo;aide \u00e0 la r\u00e9novation","date":"28 novembre 2022","format":false,"excerpt":"En mati\u00e8re de r\u00e9novation \u00e9nerg\u00e9tique, le constat \u00e9tabli par la Cour des Comptes d\u00e9montre la complexit\u00e9 de la gestion administrative et r\u00e8glementaire pour les artisans. Le gouvernement a lanc\u00e9, en f\u00e9vrier 2022, le programme OSCAR* (Optimisation et Simplification des CEE pour les Artisans de la R\u00e9novation) afin d\u2019accompagner et former\u2026","rel":"","context":"Dans &quot;Actualit\u00e9 Entreprises&quot;","img":{"alt_text":"","src":"https:\/\/i2.wp.com\/batimedianews.com\/live\/wp-content\/uploads\/2022\/11\/VM-Article.jpg?fit=1080%2C1080&ssl=1&resize=350%2C200","width":350,"height":200},"classes":[]},{"id":30311,"url":"https:\/\/batimedianews.com\/live\/index.php\/2023\/07\/24\/vm-materiaux-devoile-son-nouveau-point-de-vente-sur-la-place-nantaise-vm-bouguenais\/","url_meta":{"origin":21854,"position":2},"title":"VM MATERIAUX DEVOILE SON NOUVEAU POINT DE VENTE SUR LA PLACE NANTAISE \u00ab VM BOUGUENAIS \u00bb","date":"24 juillet 2023","format":false,"excerpt":"L\u2019INCARNATION DE LA PROMESSE DU \u00ab NOUVEAU VM \u00bb\u00a0 Cr\u00e9dit photo Charles Marion\u00a0 \u00a0\u00c0 propos de VM MATERIAUX\u00a0 Pr\u00e9sent sur le Grand Ouest de la France, VM MATERIAUX distribue des mat\u00e9riaux de construction et de r\u00e9novation et fait de la dimension conseil le coeur de son activit\u00e9. Au service des\u2026","rel":"","context":"Dans &quot;Actualit\u00e9 Entreprises&quot;","img":{"alt_text":"","src":"https:\/\/i2.wp.com\/batimedianews.com\/live\/wp-content\/uploads\/2023\/07\/VM-Materiaux-article.jpg?fit=1080%2C1080&ssl=1&resize=350%2C200","width":350,"height":200},"classes":[]},{"id":28291,"url":"https:\/\/batimedianews.com\/live\/index.php\/2023\/05\/03\/vm-materiaux-place-la-strategie-decoration-au-coeur-de-son-developpement\/","url_meta":{"origin":21854,"position":3},"title":"VM MATERIAUX place la strat\u00e9gie d\u00e9coration au c\u0153ur de son d\u00e9veloppement","date":"3 mai 2023","format":false,"excerpt":"L\u2019univers de la distribution a \u00e9volu\u00e9, s\u2019est adapt\u00e9 et joue d\u2019un esprit d\u2019innovation fort pour magnifier les produits d\u00e9coratifs. Une strat\u00e9gie dont s\u2019est empar\u00e9 VM Mat\u00e9riaux pour faire vivre \u00e0 ses clients, une exp\u00e9rience plus intuitive et plus inspirationnelle. En tant que distributeur, sa mission est fondamentale : il est\u2026","rel":"","context":"Dans &quot;D\u00e9coration&quot;","img":{"alt_text":"","src":"https:\/\/i1.wp.com\/batimedianews.com\/live\/wp-content\/uploads\/2023\/04\/image-312.png?resize=350%2C200&ssl=1","width":350,"height":200},"classes":[]},{"id":30327,"url":"https:\/\/batimedianews.com\/live\/index.php\/2023\/08\/28\/vm-materiaux-engage-au-plus-pres-des-acteurs-de-la-renovation-energetique-formation-de-ses-collaborateurs-et-de-son-equipe-tre-techniciens-renovation-energetique-dediee-au-programme-ecosolutions\/","url_meta":{"origin":21854,"position":4},"title":"VM MATERIAUX ENGAGE AU PLUS PRES DES ACTEURS DE LA RENOVATION ENERGETIQUE : FORMATION DE SES COLLABORATEURS ET DE SON EQUIPE  TRE (Techniciens R\u00e9novation Energ\u00e9tique)  DEDIEE AU PROGRAMME ECOSOLUTIONS","date":"28 ao\u00fbt 2023","format":false,"excerpt":"\u00a0Inscrit dans la lign\u00e9e des enjeux de soutien de la r\u00e9novation \u00e9nerg\u00e9tique des b\u00e2timents et de la valorisation professionnels du secteur qui oeuvrent pour la transition \u00e9cologique, VM Mat\u00e9riaux tient sa promesse faite fin 2022 : en 5 mois, il a form\u00e9 100 collaborateurs \u00ab R\u00e9f\u00e9rents d\u2019Aide \u00e0 la R\u00e9novation\u2026","rel":"","context":"Dans &quot;Actualit\u00e9 Entreprises&quot;","img":{"alt_text":"","src":"https:\/\/i2.wp.com\/batimedianews.com\/live\/wp-content\/uploads\/2023\/07\/VM-Materiaux-article-1.jpg?fit=1080%2C1080&ssl=1&resize=350%2C200","width":350,"height":200},"classes":[]},{"id":18445,"url":"https:\/\/batimedianews.com\/live\/index.php\/2022\/04\/06\/vm-sengage-dans-le-programme-fret21-objectif-reduire-ses-emissions-de-co2-a-horizon-2024\/","url_meta":{"origin":21854,"position":5},"title":"VM s&rsquo;engage dans le programme FRET21 &#8211; objectif : r\u00e9duire ses \u00e9missions de CO2 \u00e0 horizon 2024","date":"6 avril 2022","format":false,"excerpt":"\u00a0VM, activit\u00e9 n\u00e9goce du groupe HERIGE, projette ses premiers objectifs environnementaux en s\u2019inscrivant dans le dispositif FRET21. Dans cette d\u00e9marche volontaire pour limiter son impact environnemental, VM vise \u00e0 r\u00e9duire les \u00e9missions de CO2, soit 490 tonnes, relevant de la logistique transport. Pour atteindre cet objectif, les actions seront concentr\u00e9es\u2026","rel":"","context":"Dans &quot;Actualit\u00e9 Entreprises&quot;","img":{"alt_text":"","src":"https:\/\/i0.wp.com\/batimedianews.com\/live\/wp-content\/uploads\/2022\/03\/VM-Article.jpg?fit=512%2C512&ssl=1&resize=350%2C200","width":350,"height":200},"classes":[]}],"_links":{"self":[{"href":"https:\/\/batimedianews.com\/live\/index.php\/wp-json\/wp\/v2\/posts\/21854"}],"collection":[{"href":"https:\/\/batimedianews.com\/live\/index.php\/wp-json\/wp\/v2\/posts"}],"about":[{"href":"https:\/\/batimedianews.com\/live\/index.php\/wp-json\/wp\/v2\/types\/post"}],"author":[{"embeddable":true,"href":"https:\/\/batimedianews.com\/live\/index.php\/wp-json\/wp\/v2\/users\/41"}],"replies":[{"embeddable":true,"href":"https:\/\/batimedianews.com\/live\/index.php\/wp-json\/wp\/v2\/comments?post=21854"}],"version-history":[{"count":5,"href":"https:\/\/batimedianews.com\/live\/index.php\/wp-json\/wp\/v2\/posts\/21854\/revisions"}],"predecessor-version":[{"id":21965,"href":"https:\/\/batimedianews.com\/live\/index.php\/wp-json\/wp\/v2\/posts\/21854\/revisions\/21965"}],"wp:featuredmedia":[{"embeddable":true,"href":"https:\/\/batimedianews.com\/live\/index.php\/wp-json\/wp\/v2\/media\/21875"}],"wp:attachment":[{"href":"https:\/\/batimedianews.com\/live\/index.php\/wp-json\/wp\/v2\/media?parent=21854"}],"wp:term":[{"taxonomy":"category","embeddable":true,"href":"https:\/\/batimedianews.com\/live\/index.php\/wp-json\/wp\/v2\/categories?post=21854"},{"taxonomy":"post_tag","embeddable":true,"href":"https:\/\/batimedianews.com\/live\/index.php\/wp-json\/wp\/v2\/tags?post=21854"}],"curies":[{"name":"wp","href":"https:\/\/api.w.org\/{rel}","templated":true}]}}