{"id":21898,"date":"2022-07-12T11:00:34","date_gmt":"2022-07-12T09:00:34","guid":{"rendered":"http:\/\/batimedianews.com\/live\/?p=21898"},"modified":"2023-07-15T15:02:55","modified_gmt":"2023-07-15T13:02:55","slug":"la-fenetre-se-devoile","status":"publish","type":"post","link":"https:\/\/batimedianews.com\/live\/index.php\/2022\/07\/12\/la-fenetre-se-devoile\/","title":{"rendered":"La fen\u00eatre se d\u00e9voile&#8230;"},"content":{"rendered":"\n<p class=\"has-sm-light-primary-color has-text-color has-background\" style=\"background-color:#768064\">Esth\u00e9tique, personnalisable, performante, durable, la fen\u00eatre en bois a bien des atouts pour s\u00e9duire les projets les plus ambitieux. Mais, la conna\u00eet-on vraiment ? N&rsquo;a-t-on pas des id\u00e9es pr\u00e9con\u00e7ues ? Pour le savoir, la fen\u00eatre en bois se raconte en 5 histoires actuelles, une saga pleine d&rsquo;inspiration&#8230;<\/p>\n\n\n\n<p class=\"has-text-color\" style=\"color:#e0b4c4;font-size:25px\"><em><strong>La fen\u00eatre en bois en appartement ancien<\/strong><\/em><\/p>\n\n\n\n<div class=\"wp-block-image\"><figure class=\"alignright size-large is-resized\"><img loading=\"lazy\" src=\"https:\/\/i2.wp.com\/batimedianews.com\/live\/wp-content\/uploads\/2022\/07\/image-169.png?resize=211%2C157\" alt=\"\" class=\"wp-image-21899\" width=\"211\" height=\"157\" srcset=\"https:\/\/i2.wp.com\/batimedianews.com\/live\/wp-content\/uploads\/2022\/07\/image-169.png?w=436&amp;ssl=1 436w, https:\/\/i2.wp.com\/batimedianews.com\/live\/wp-content\/uploads\/2022\/07\/image-169.png?resize=10%2C7&amp;ssl=1 10w, https:\/\/i2.wp.com\/batimedianews.com\/live\/wp-content\/uploads\/2022\/07\/image-169.png?resize=432%2C321&amp;ssl=1 432w, https:\/\/i2.wp.com\/batimedianews.com\/live\/wp-content\/uploads\/2022\/07\/image-169.png?resize=396%2C294&amp;ssl=1 396w, https:\/\/i2.wp.com\/batimedianews.com\/live\/wp-content\/uploads\/2022\/07\/image-169.png?resize=296%2C220&amp;ssl=1 296w\" sizes=\"(max-width: 600px) 91vw, (max-width: 900px) 600px, (max-width: 1060px) 50vw, (max-width: 1200px) 520px, (max-width: 1400px) 43vw, 600px\" data-recalc-dims=\"1\" \/><\/figure><\/div>\n\n\n\n<p>\u00ab\u00a0Du bois dans les salles de bains, vous trouvez cela <strong>d\u00e9cal\u00e9<\/strong> ? Et pourtant, dans cet appartement ancien, il est tentant de r\u00e9inventer de belles portes-fen\u00eatres en ouverture. Alors, on m&rsquo;a int\u00e9gr\u00e9e majestueusement, \u00e0 l&rsquo;image de mes a\u00efeules&#8230; Mes doubles vantaux offrent <strong>une signature d\u00e9co unique<\/strong>, du style dans une salle de bains ultra chic et tout le confort souhait\u00e9\u00a0\u00bb.<\/p>\n\n\n\n<div class=\"wp-block-image\"><figure class=\"alignright size-large\"><img loading=\"lazy\" width=\"664\" height=\"870\" src=\"https:\/\/i1.wp.com\/batimedianews.com\/live\/wp-content\/uploads\/2022\/07\/image-173.png?resize=664%2C870\" alt=\"\" class=\"wp-image-21903\" srcset=\"https:\/\/i1.wp.com\/batimedianews.com\/live\/wp-content\/uploads\/2022\/07\/image-173.png?w=664&amp;ssl=1 664w, https:\/\/i1.wp.com\/batimedianews.com\/live\/wp-content\/uploads\/2022\/07\/image-173.png?resize=458%2C600&amp;ssl=1 458w, https:\/\/i1.wp.com\/batimedianews.com\/live\/wp-content\/uploads\/2022\/07\/image-173.png?resize=8%2C10&amp;ssl=1 8w, https:\/\/i1.wp.com\/batimedianews.com\/live\/wp-content\/uploads\/2022\/07\/image-173.png?resize=432%2C566&amp;ssl=1 432w, https:\/\/i1.wp.com\/batimedianews.com\/live\/wp-content\/uploads\/2022\/07\/image-173.png?resize=396%2C519&amp;ssl=1 396w, https:\/\/i1.wp.com\/batimedianews.com\/live\/wp-content\/uploads\/2022\/07\/image-173.png?resize=660%2C865&amp;ssl=1 660w, https:\/\/i1.wp.com\/batimedianews.com\/live\/wp-content\/uploads\/2022\/07\/image-173.png?resize=168%2C220&amp;ssl=1 168w\" sizes=\"(max-width: 600px) 91vw, (max-width: 900px) 600px, (max-width: 1060px) 50vw, (max-width: 1200px) 520px, (max-width: 1400px) 43vw, 600px\" data-recalc-dims=\"1\" \/><figcaption>Cr\u00e9dit photo : ATULAM &#8211; Fen\u00eatre Tradilou finition peinture bicoloration garantie 12 ans<\/figcaption><\/figure><\/div>\n\n\n\n<p>Dans l&rsquo;ancien, la fen\u00eatre bois s&rsquo;impose souvent comme un incontournable. <strong>Sa capacit\u00e9 \u00e0 s&rsquo;adapter \u00e0 toutes les situations en font un \u00ab\u00a0must\u00a0\u00bb<\/strong>, formes et coloris d\u00e9clinables \u00e0 l&rsquo;infini. Ici, la salle de bains s&rsquo;invite telle une pi\u00e8ce de vie aux ouvertures \u00e9l\u00e9gantes. La fen\u00eatre bois devient alors partie prenante d&rsquo;un d\u00e9cor qui fait \u00e9cho au pass\u00e9 des lieux.<\/p>\n\n\n\n<p><strong>C\u00f4t\u00e9 performance<\/strong>, elle revendique une isolation thermique de choix et permet des \u00e9conomies d&rsquo;\u00e9nergie substantielles. Hiver comme \u00e9t\u00e9, ce pouvoir isolant en fait le mat\u00e9riau privil\u00e9gi\u00e9 des maisons passives et BBC, tout en pr\u00e9servant la qualit\u00e9 de l&rsquo;air int\u00e9rieur avec un classement A+, on respire.<\/p>\n\n\n\n<p>Tr\u00e8s rigide, les menuiseries bois permettent une finesse de profil\u00e9s qui offrent une grande surface vitr\u00e9e, laissant ainsi passer au maximum la <strong>lumi\u00e8re naturelle. Choisir des fen\u00eatres avec des encadrements fins<\/strong> ou s&rsquo;il s&rsquo;agit d&rsquo;un remplacement, opter pour la d\u00e9pose totale de l&rsquo;ancien b\u00e2ti dormant sera garantie d&rsquo;un maximum de clair de jour.<\/p>\n\n\n\n<p class=\"has-text-color\" style=\"color:#e0b4c4;font-size:25px\"><strong><em>Fran\u00e7aise et fi\u00e8re de l&rsquo;\u00eatre<\/em><\/strong><\/p>\n\n\n\n<p>La France coule dans ses veines naturelles !<\/p>\n\n\n\n<p>C&rsquo;est dans l&rsquo;hexagone qu&rsquo;elle est produite par des entreprises attach\u00e9es \u00e0 leur territoire et \u00e0 la transmission de leur savoir-faire aux jeunes g\u00e9n\u00e9rations, via l&rsquo;apprentissage et un recrutement local. Pr\u00e8s de 3 000 entreprises fabriquent des ch\u00e2ssis bois et plus de 30 000 en assurent la pose, deux chiffres(1) qui t\u00e9moignent des valeurs port\u00e9es par cette industrie r\u00e9solument ancr\u00e9e sur ses territoires.<\/p>\n\n\n\n<p class=\"has-text-color\" style=\"color:#e0b4c4;font-size:25px\"><strong><em>Noble et durable<\/em><\/strong><\/p>\n\n\n\n<p>La fen\u00eatre bois d\u00e9tient aujourd&rsquo;hui des records de long\u00e9vit\u00e9, forte des innovations qui l&rsquo;habillent. Sa peinture haute qualit\u00e9 offre une garantie de 10 ans, forte chaleur et grand froid ne lui font pas peur, elle reste sto\u00efque. Intemporelle, elle s&rsquo;adapte \u00e0 tous les projets \u00e9ligibles aux aides \u00e0 la r\u00e9novation et \u00e0 la transition \u00e9nerg\u00e9tique.<\/p>\n\n\n\n<figure class=\"wp-block-image size-large\"><img loading=\"lazy\" width=\"720\" height=\"326\" src=\"https:\/\/i2.wp.com\/batimedianews.com\/live\/wp-content\/uploads\/2022\/07\/image-174.png?resize=720%2C326\" alt=\"\" class=\"wp-image-21904\" srcset=\"https:\/\/i2.wp.com\/batimedianews.com\/live\/wp-content\/uploads\/2022\/07\/image-174.png?resize=1024%2C463&amp;ssl=1 1024w, https:\/\/i2.wp.com\/batimedianews.com\/live\/wp-content\/uploads\/2022\/07\/image-174.png?resize=600%2C271&amp;ssl=1 600w, https:\/\/i2.wp.com\/batimedianews.com\/live\/wp-content\/uploads\/2022\/07\/image-174.png?resize=768%2C347&amp;ssl=1 768w, https:\/\/i2.wp.com\/batimedianews.com\/live\/wp-content\/uploads\/2022\/07\/image-174.png?resize=10%2C5&amp;ssl=1 10w, https:\/\/i2.wp.com\/batimedianews.com\/live\/wp-content\/uploads\/2022\/07\/image-174.png?resize=432%2C195&amp;ssl=1 432w, https:\/\/i2.wp.com\/batimedianews.com\/live\/wp-content\/uploads\/2022\/07\/image-174.png?resize=396%2C179&amp;ssl=1 396w, https:\/\/i2.wp.com\/batimedianews.com\/live\/wp-content\/uploads\/2022\/07\/image-174.png?resize=1120%2C506&amp;ssl=1 1120w, https:\/\/i2.wp.com\/batimedianews.com\/live\/wp-content\/uploads\/2022\/07\/image-174.png?resize=660%2C298&amp;ssl=1 660w, https:\/\/i2.wp.com\/batimedianews.com\/live\/wp-content\/uploads\/2022\/07\/image-174.png?resize=487%2C220&amp;ssl=1 487w, https:\/\/i2.wp.com\/batimedianews.com\/live\/wp-content\/uploads\/2022\/07\/image-174.png?w=1420&amp;ssl=1 1420w\" sizes=\"(max-width: 600px) 91vw, (max-width: 900px) 600px, (max-width: 1060px) 50vw, (max-width: 1200px) 520px, (max-width: 1400px) 43vw, 600px\" data-recalc-dims=\"1\" \/><\/figure>\n\n\n\n<figure class=\"wp-block-image size-large\"><img loading=\"lazy\" width=\"720\" height=\"87\" src=\"https:\/\/i2.wp.com\/batimedianews.com\/live\/wp-content\/uploads\/2022\/07\/image-175.png?resize=720%2C87\" alt=\"\" class=\"wp-image-21905\" srcset=\"https:\/\/i2.wp.com\/batimedianews.com\/live\/wp-content\/uploads\/2022\/07\/image-175.png?resize=1024%2C124&amp;ssl=1 1024w, https:\/\/i2.wp.com\/batimedianews.com\/live\/wp-content\/uploads\/2022\/07\/image-175.png?resize=600%2C73&amp;ssl=1 600w, https:\/\/i2.wp.com\/batimedianews.com\/live\/wp-content\/uploads\/2022\/07\/image-175.png?resize=768%2C93&amp;ssl=1 768w, https:\/\/i2.wp.com\/batimedianews.com\/live\/wp-content\/uploads\/2022\/07\/image-175.png?resize=10%2C1&amp;ssl=1 10w, https:\/\/i2.wp.com\/batimedianews.com\/live\/wp-content\/uploads\/2022\/07\/image-175.png?resize=432%2C52&amp;ssl=1 432w, https:\/\/i2.wp.com\/batimedianews.com\/live\/wp-content\/uploads\/2022\/07\/image-175.png?resize=396%2C48&amp;ssl=1 396w, https:\/\/i2.wp.com\/batimedianews.com\/live\/wp-content\/uploads\/2022\/07\/image-175.png?resize=1120%2C136&amp;ssl=1 1120w, https:\/\/i2.wp.com\/batimedianews.com\/live\/wp-content\/uploads\/2022\/07\/image-175.png?resize=660%2C80&amp;ssl=1 660w, https:\/\/i2.wp.com\/batimedianews.com\/live\/wp-content\/uploads\/2022\/07\/image-175.png?resize=710%2C86&amp;ssl=1 710w, https:\/\/i2.wp.com\/batimedianews.com\/live\/wp-content\/uploads\/2022\/07\/image-175.png?w=1436&amp;ssl=1 1436w\" sizes=\"(max-width: 600px) 91vw, (max-width: 900px) 600px, (max-width: 1060px) 50vw, (max-width: 1200px) 520px, (max-width: 1400px) 43vw, 600px\" data-recalc-dims=\"1\" \/><\/figure>\n","protected":false},"excerpt":{"rendered":"<p>Esth\u00e9tique, personnalisable, performante, durable, la fen\u00eatre en bois a bien des atouts pour s\u00e9duire les projets les plus ambitieux. Mais, la conna\u00eet-on vraiment ? N&rsquo;a-t-on pas des id\u00e9es pr\u00e9con\u00e7ues ? Pour le savoir, la fen\u00eatre en bois se raconte en 5 histoires actuelles, une saga pleine d&rsquo;inspiration&#8230; La fen\u00eatre en bois en appartement ancien \u00ab\u00a0Du [&hellip;]<\/p>\n","protected":false},"author":41,"featured_media":21906,"comment_status":"open","ping_status":"open","sticky":false,"template":"","format":"standard","meta":{"spay_email":""},"categories":[4,868,24,531,690],"tags":[],"jetpack_featured_media_url":"https:\/\/i2.wp.com\/batimedianews.com\/live\/wp-content\/uploads\/2022\/07\/CAPEB_UFME-Article.jpg?fit=1920%2C1080&ssl=1","jetpack_sharing_enabled":true,"jetpack_likes_enabled":true,"jetpack-related-posts":[{"id":2795,"url":"https:\/\/batimedianews.com\/live\/index.php\/2019\/09\/23\/menuiseries-elva-des-performances-acoustiques-uniques-pour-les-fenetres-en-bois\/","url_meta":{"origin":21898,"position":0},"title":"Menuiseries ELVA : DES PERFORMANCES ACOUSTIQUES UNIQUES POUR LES FEN\u00caTRES EN BOIS","date":"23 septembre 2019","format":false,"excerpt":"Le groupe ELVA innove encore en proposant des fen\u00eatres en bois aux performances amplifi\u00e9es, avec un indice d\u2019att\u00e9nuation acoustique in\u00e9gal\u00e9 de 45 dB. Il est aujourd\u2019hui le seul fabricant fran\u00e7ais \u00e0 offrir ce niveau de confort sonore avec de simples fen\u00eatres sans compromettre les performances thermiques. Cette innovation repr\u00e9sente une\u2026","rel":"","context":"Dans &quot;Actualit\u00e9 Entreprises&quot;","img":{"alt_text":"","src":"https:\/\/i0.wp.com\/batimedianews.com\/live\/wp-content\/uploads\/2019\/09\/elvaimage.jpg?fit=810%2C810&ssl=1&resize=350%2C200","width":350,"height":200},"classes":[]},{"id":36610,"url":"https:\/\/batimedianews.com\/live\/index.php\/2024\/03\/29\/portes-et-fenetres-a-passibat-2024\/","url_meta":{"origin":21898,"position":1},"title":"Portes et fen\u00eatres \u00e0 Passibat\u2019 2024","date":"29 mars 2024","format":false,"excerpt":"Dans un b\u00e2timent passif, quel qu\u2019il soit, la qualit\u00e9 des ouvrants, portes et fen\u00eatres, compte beaucoup dans le bilan final. A Passibat\u2019 2024, sept industriels pr\u00e9sentaient des ouvrants labellis\u00e9s Passivhaus. Leur performance thermique est tr\u00e8s au-dessus de la moyenne des fen\u00eatres vendues en France et pr\u00e9figure le type d\u2019ouvrants qui\u2026","rel":"","context":"Dans &quot;Batiment passif&quot;","img":{"alt_text":"","src":"https:\/\/i2.wp.com\/batimedianews.com\/live\/wp-content\/uploads\/2024\/03\/fenpassibatimage-scaled.jpeg?fit=1200%2C1200&ssl=1&resize=350%2C200","width":350,"height":200},"classes":[]},{"id":43494,"url":"https:\/\/batimedianews.com\/live\/index.php\/2025\/03\/13\/la-division-fenetres-de-toit-de-roto-presente-sa-gamme-designo-performances-esthetique-durabilite-au-rendez-vous\/","url_meta":{"origin":21898,"position":2},"title":"La division fen\u00eatres de toit de Roto pr\u00e9sente sa gamme DESIGNO : Performances, Esth\u00e9tique, Durabilit\u00e9 au Rendez-Vous","date":"13 mars 2025","format":false,"excerpt":"Cr\u00e9dit photo ROTO La fen\u00eatre de toit Pionnier dans le monde des fen\u00eatres de toit, ROTO La fen\u00eatre de toit a su, depuis sa cr\u00e9ation en 1935, marquer le march\u00e9 gr\u00e2ce \u00e0 son esprit d'innovation et sa qualit\u00e9 \u00ab German Made \u00bb. Il est le premier industriel \u00e0 avoir utiliser\u2026","rel":"","context":"Dans &quot;Acoustique&quot;","img":{"alt_text":"","src":"https:\/\/i1.wp.com\/batimedianews.com\/live\/wp-content\/uploads\/2025\/03\/Roto.jpg?fit=825%2C825&ssl=1&resize=350%2C200","width":350,"height":200},"classes":[]},{"id":33565,"url":"https:\/\/batimedianews.com\/live\/index.php\/2023\/12\/04\/coup-de-coeur-inspirationnel-de-solabaie-la-fenetre-so-un-atout-confort-et-deco-dans-la-cuisine\/","url_meta":{"origin":21898,"position":3},"title":"Coup de c\u0153ur inspirationnel de SOLABAIE\u00ae : La fen\u00eatre so ! , un atout confort et deco dans la cuisine !","date":"4 d\u00e9cembre 2023","format":false,"excerpt":"La cuisine, qui est devenue au fil des derni\u00e8res ann\u00e9es le \u00ab poumon \u00bb de la maison, se veut de plus en plus un espace de vie ouvert sur le s\u00e9jour. Parmi les autres crit\u00e8res d\u2019am\u00e9nagement \u00e0 prendre en compte lors de sa conception figure l\u2019ouverture vers l\u2019ext\u00e9rieur. Lumi\u00e8re naturelle,\u2026","rel":"","context":"Dans &quot;Actualit\u00e9 Entreprises&quot;","img":{"alt_text":"","src":"https:\/\/i0.wp.com\/batimedianews.com\/live\/wp-content\/uploads\/2023\/12\/Solabaie-Image-articles-1-1.jpg?fit=825%2C825&ssl=1&resize=350%2C200","width":350,"height":200},"classes":[]},{"id":29454,"url":"https:\/\/batimedianews.com\/live\/index.php\/2023\/06\/17\/les-enjeux-dans-la-menuiserie-bois-atlantem-mise-sur-la-croissance-externe\/","url_meta":{"origin":21898,"position":4},"title":"Les enjeux dans la menuiserie bois : atlantem mise sur la croissance externe","date":"17 juin 2023","format":false,"excerpt":"De mani\u00e8re constante ces derni\u00e8res ann\u00e9es et d\u2019autant plus forte en 2022, Atlantem, activit\u00e9 Menuiserie du Groupe HERIGE, prend une nouvelle dimension en compl\u00e9tant sa croissance organique par des opportunit\u00e9s de croissance externe. En t\u00e9moignent les quatre acquisitions successives (Activence, MGT Menuiseries Bois, Poralu et Coferm\u2019Ing) venues densifier le maillage\u2026","rel":"","context":"Dans &quot;Actualit\u00e9 Entreprises&quot;","img":{"alt_text":"","src":"https:\/\/i0.wp.com\/batimedianews.com\/live\/wp-content\/uploads\/2023\/06\/atlantem-image-.png?fit=1200%2C1200&ssl=1&resize=350%2C200","width":350,"height":200},"classes":[]},{"id":35029,"url":"https:\/\/batimedianews.com\/live\/index.php\/2024\/02\/14\/sur-mesure-gammes-de-menuiseries-bois-ouveo\/","url_meta":{"origin":21898,"position":5},"title":"Sur-Mesure Gammes de Menuiseries BOIS Ouv\u00eao","date":"14 f\u00e9vrier 2024","format":false,"excerpt":"Ouv\u00eao r\u00e9nove une maison normande de 1883 En menuiseries Bois sur-mesure A 5 kms de la mer, c\u2019est dans la petite commune de Eu en Seine Maritime, au Nord de Rouen, derri\u00e8re le Tr\u00e9port que Diego et Emy tombent sous le charme d\u2019une maison normande d\u2019\u00e9poque fin XIXe si\u00e8cle. Le\u2026","rel":"","context":"Dans &quot;Actualit\u00e9 Entreprises&quot;","img":{"alt_text":"","src":"https:\/\/i1.wp.com\/batimedianews.com\/live\/wp-content\/uploads\/2024\/02\/Ouveo.jpg?fit=825%2C825&ssl=1&resize=350%2C200","width":350,"height":200},"classes":[]}],"_links":{"self":[{"href":"https:\/\/batimedianews.com\/live\/index.php\/wp-json\/wp\/v2\/posts\/21898"}],"collection":[{"href":"https:\/\/batimedianews.com\/live\/index.php\/wp-json\/wp\/v2\/posts"}],"about":[{"href":"https:\/\/batimedianews.com\/live\/index.php\/wp-json\/wp\/v2\/types\/post"}],"author":[{"embeddable":true,"href":"https:\/\/batimedianews.com\/live\/index.php\/wp-json\/wp\/v2\/users\/41"}],"replies":[{"embeddable":true,"href":"https:\/\/batimedianews.com\/live\/index.php\/wp-json\/wp\/v2\/comments?post=21898"}],"version-history":[{"count":2,"href":"https:\/\/batimedianews.com\/live\/index.php\/wp-json\/wp\/v2\/posts\/21898\/revisions"}],"predecessor-version":[{"id":21962,"href":"https:\/\/batimedianews.com\/live\/index.php\/wp-json\/wp\/v2\/posts\/21898\/revisions\/21962"}],"wp:featuredmedia":[{"embeddable":true,"href":"https:\/\/batimedianews.com\/live\/index.php\/wp-json\/wp\/v2\/media\/21906"}],"wp:attachment":[{"href":"https:\/\/batimedianews.com\/live\/index.php\/wp-json\/wp\/v2\/media?parent=21898"}],"wp:term":[{"taxonomy":"category","embeddable":true,"href":"https:\/\/batimedianews.com\/live\/index.php\/wp-json\/wp\/v2\/categories?post=21898"},{"taxonomy":"post_tag","embeddable":true,"href":"https:\/\/batimedianews.com\/live\/index.php\/wp-json\/wp\/v2\/tags?post=21898"}],"curies":[{"name":"wp","href":"https:\/\/api.w.org\/{rel}","templated":true}]}}