{"id":21908,"date":"2022-07-12T10:56:17","date_gmt":"2022-07-12T08:56:17","guid":{"rendered":"http:\/\/batimedianews.com\/live\/?p=21908"},"modified":"2023-07-15T15:02:56","modified_gmt":"2023-07-15T13:02:56","slug":"le-filmm-edite-une-nouvelle-brochure-sur-le-confort-dete-dans-la-re-2020-et-detaille-les-solutions-pour-un-confort-dete-efficient","status":"publish","type":"post","link":"https:\/\/batimedianews.com\/live\/index.php\/2022\/07\/12\/le-filmm-edite-une-nouvelle-brochure-sur-le-confort-dete-dans-la-re-2020-et-detaille-les-solutions-pour-un-confort-dete-efficient\/","title":{"rendered":"LE FILMM \u00e9dite une nouvelle brochure sur le confort d&rsquo;\u00e9t\u00e9 dans la RE 2020 et d\u00e9taille les solutions pour un confort d&rsquo;\u00e9t\u00e9 efficient"},"content":{"rendered":"\n<p>La R\u00e9glementation Environnementale &#8211; RE 2020 \u2013 a int\u00e9gr\u00e9 une \u00e9volution importante sur le th\u00e8me du confort d\u2019\u00e9t\u00e9. Ainsi, comme l\u2019explique la brochure du FILMM, la RE 2020 introduit un nouvel indicateur : les degr\u00e9s-heures d\u2019inconfort (DH) exprim\u00e9s en \u00b0C.h.&nbsp;<\/p>\n\n\n\n<p>Les \u00e9volutions des temp\u00e9ratures et les vagues de chaleur induites par le r\u00e9chauffement climatique ont \u00e9t\u00e9 prises en compte dans le cadre d\u2019une nouvelle m\u00e9thode de calcul.&nbsp;<\/p>\n\n\n\n<p>Afin que cette notion soit plus concr\u00e8te, le FILMM illustre clairement le principe de calcul de cet indicateur DH \u00e0 l\u2019appui d\u2019un graphique&nbsp;<\/p>\n\n\n\n<p>Pour prendre en compte la dur\u00e9e et de l\u2019intensit\u00e9 de l\u2019inconfort, il faut identifier les heures durant lesquelles la temp\u00e9rature maximale de confort est d\u00e9pass\u00e9e et faire la somme heure par heure des \u00e9carts de temp\u00e9rature (entre la temp\u00e9rature mesur\u00e9e dans le b\u00e2timent et la temp\u00e9rature maximale dite de confort).&nbsp;<\/p>\n\n\n\n<p>&nbsp;Une fois cette notion acquise, il est essentiel de savoir quelles solutions mettre en oeuvre pour un confort d\u2019\u00e9t\u00e9 efficient. Le FILMM a donc mandat\u00e9 le bureau d\u2019\u00e9tudes \u00ab Bastide et Bondoux \u00bb afin de r\u00e9aliser des calculs de sensibilit\u00e9 sur le confort d&rsquo;\u00e9t\u00e9 dans le cadre de la RE 2020.&nbsp;<\/p>\n\n\n\n<p>L\u2019\u00e9tude porte sur deux maisons, l\u2019une de plain-pied et l\u2019autre avec combles am\u00e9nag\u00e9s, avec pour chacune une structure ma\u00e7onn\u00e9e puis une structure en ossature bois dans trois zones climatiques (Nord, Centre et Sud). Le bureau d\u2019\u00e9tude a pris en compte les 3 m\u00e9thodes de calcul des DH qui entrent dans le cadre de la RE 2020 (m\u00e9thode forfaitaire, \u00e0 points et d\u00e9taill\u00e9e). La brochure fait la synth\u00e8se des conclusions des diff\u00e9rentes m\u00e9thodes de calcul et donne des r\u00e9ponses sur le r\u00f4le des isolants et rappelle les leviers les plus efficaces pour un confort d\u2019\u00e9t\u00e9 efficient.&nbsp;<\/p>\n\n\n\n<p>\u00c0 la disposition des professionnels et des particuliers, en acc\u00e8s libre de t\u00e9l\u00e9chargement sur son site Internet, cette nouvelle brochure du FILMM permet de mieux comprendre le confort d\u2019\u00e9t\u00e9 dans le cadre de la RE 2020, synth\u00e9tise des informations essentielles \u00e0 conna\u00eetre, pour s\u2019orienter vers les bons choix techniques \u00e0 faire, en mati\u00e8re de confort d\u2019\u00e9t\u00e9. L\u2019\u00e9tude distingue les param\u00e8tres importants du confort d\u2019\u00e9t\u00e9 et souligne qu\u2019une combinaison de solutions est la cl\u00e9 de vo\u00fbte du confort d\u2019\u00e9t\u00e9.&nbsp;<\/p>\n\n\n\n<figure class=\"wp-block-image size-large\"><img loading=\"lazy\" width=\"720\" height=\"1017\" src=\"https:\/\/i1.wp.com\/batimedianews.com\/live\/wp-content\/uploads\/2022\/07\/image-176.png?resize=720%2C1017\" alt=\"\" class=\"wp-image-21911\" srcset=\"https:\/\/i1.wp.com\/batimedianews.com\/live\/wp-content\/uploads\/2022\/07\/image-176.png?resize=725%2C1024&amp;ssl=1 725w, https:\/\/i1.wp.com\/batimedianews.com\/live\/wp-content\/uploads\/2022\/07\/image-176.png?resize=425%2C600&amp;ssl=1 425w, https:\/\/i1.wp.com\/batimedianews.com\/live\/wp-content\/uploads\/2022\/07\/image-176.png?resize=768%2C1085&amp;ssl=1 768w, https:\/\/i1.wp.com\/batimedianews.com\/live\/wp-content\/uploads\/2022\/07\/image-176.png?resize=7%2C10&amp;ssl=1 7w, https:\/\/i1.wp.com\/batimedianews.com\/live\/wp-content\/uploads\/2022\/07\/image-176.png?resize=432%2C610&amp;ssl=1 432w, https:\/\/i1.wp.com\/batimedianews.com\/live\/wp-content\/uploads\/2022\/07\/image-176.png?resize=396%2C560&amp;ssl=1 396w, https:\/\/i1.wp.com\/batimedianews.com\/live\/wp-content\/uploads\/2022\/07\/image-176.png?resize=660%2C933&amp;ssl=1 660w, https:\/\/i1.wp.com\/batimedianews.com\/live\/wp-content\/uploads\/2022\/07\/image-176.png?resize=156%2C220&amp;ssl=1 156w, https:\/\/i1.wp.com\/batimedianews.com\/live\/wp-content\/uploads\/2022\/07\/image-176.png?w=804&amp;ssl=1 804w\" sizes=\"(max-width: 600px) 91vw, (max-width: 900px) 600px, (max-width: 1060px) 50vw, (max-width: 1200px) 520px, (max-width: 1400px) 43vw, 600px\" data-recalc-dims=\"1\" \/><\/figure>\n","protected":false},"excerpt":{"rendered":"<p>La R\u00e9glementation Environnementale &#8211; RE 2020 \u2013 a int\u00e9gr\u00e9 une \u00e9volution importante sur le th\u00e8me du confort d\u2019\u00e9t\u00e9. Ainsi, comme l\u2019explique la brochure du FILMM, la RE 2020 introduit un nouvel indicateur : les degr\u00e9s-heures d\u2019inconfort (DH) exprim\u00e9s en \u00b0C.h.&nbsp; Les \u00e9volutions des temp\u00e9ratures et les vagues de chaleur induites par le r\u00e9chauffement climatique ont [&hellip;]<\/p>\n","protected":false},"author":41,"featured_media":21909,"comment_status":"open","ping_status":"open","sticky":false,"template":"","format":"standard","meta":{"spay_email":""},"categories":[4,80,708],"tags":[],"jetpack_featured_media_url":"https:\/\/i1.wp.com\/batimedianews.com\/live\/wp-content\/uploads\/2022\/07\/filmm-Article.jpg?fit=1920%2C1080&ssl=1","jetpack_sharing_enabled":true,"jetpack_likes_enabled":true,"jetpack-related-posts":[{"id":19169,"url":"https:\/\/batimedianews.com\/live\/index.php\/2022\/04\/20\/le-filmm-edite-une-nouvelle-brochure-re2020-vs-rt2012-ce-qui-change\/","url_meta":{"origin":21908,"position":0},"title":"Le FILMM \u00e9dite une nouvelle brochure :RE2020 VS RT2012 : ce qui change?","date":"20 avril 2022","format":false,"excerpt":"ELLE PR\u00c9SENTE LES 4 GRANDS PILIERS QUI STRUCTURENT LA NOUVELLE REGLEMENTATION DES B\u00c2TIMENTS NEUFS La R\u00e9glementation Environnementale - RE2020 - est entr\u00e9e en vigueur pour les logements neufs au 1er janvier 2022. Elle s'appliquera aux b\u00e2timents de bureaux et d'enseignement au 1er juillet 2022 et aux autres b\u00e2timents tertiaires un\u2026","rel":"","context":"Dans &quot;Actualit\u00e9 Entreprises&quot;","img":{"alt_text":"","src":"https:\/\/i1.wp.com\/batimedianews.com\/live\/wp-content\/uploads\/2022\/04\/film-Article.jpg?fit=1080%2C1080&ssl=1&resize=350%2C200","width":350,"height":200},"classes":[]},{"id":29571,"url":"https:\/\/batimedianews.com\/live\/index.php\/2023\/06\/21\/fortes-chaleurs-et-isolation-les-bases-du-confort-dete\/","url_meta":{"origin":21908,"position":1},"title":"Fortes chaleurs et isolation : les bases du confort d&rsquo;\u00e9t\u00e9","date":"21 juin 2023","format":false,"excerpt":"\u00c9viter la surchauffe l\u2019\u00e9t\u00e9 et conserver une temp\u00e9rature agr\u00e9able dans toutes les pi\u00e8ces de la maison gr\u00e2ce \u00e0 une bonne isolation : les solutions Isover pour passer un \u00e9t\u00e9 au frais.\u00a0 \u00a0LES FACTEURS IMPACTANTS POUR RESTER AU FRAIS L'\u00c9T\u00c9\u00a0 \u00a0\u2022 FACTEUR 1 : La surventilation nocturne\u00a0 Elle permet, lorsque la\u2026","rel":"","context":"Dans &quot;Actualit\u00e9 Entreprises&quot;","img":{"alt_text":"","src":"https:\/\/i1.wp.com\/batimedianews.com\/live\/wp-content\/uploads\/2023\/06\/Isover-Article.jpg?fit=1080%2C1080&ssl=1&resize=350%2C200","width":350,"height":200},"classes":[]},{"id":18970,"url":"https:\/\/batimedianews.com\/live\/index.php\/2022\/04\/12\/un-marche-en-croissance-pour-les-composants-et-systemes-integres-de-chauffage-rafraichissement-et-sanitaires\/","url_meta":{"origin":21908,"position":2},"title":"Un march\u00e9 en croissance pour les composants et syst\u00e8mes int\u00e9gr\u00e9s de chauffage , rafraichissement et sanitaires","date":"12 avril 2022","format":false,"excerpt":"En 2021 l\u2019impact de la crise sanitaire sur l\u2019activit\u00e9 \u00e9conomique, notamment dans le secteur du b\u00e2timent, a \u00e9t\u00e9 bien moindre qu\u2019en 2020. \u00ab Les march\u00e9s du neuf et de la r\u00e9novation se sont particuli\u00e8rement bien tenus. Au-del\u00e0 des bons chiffres du march\u00e9 et d\u2019un impact faible sur nos activit\u00e9s de\u2026","rel":"","context":"Dans &quot;Chauffage&quot;","img":{"alt_text":"","src":"https:\/\/i1.wp.com\/batimedianews.com\/live\/wp-content\/uploads\/2022\/04\/Cochebat-Article.jpg?fit=512%2C512&ssl=1&resize=350%2C200","width":350,"height":200},"classes":[]},{"id":8069,"url":"https:\/\/batimedianews.com\/live\/index.php\/2021\/01\/27\/cochebat-vigilant-face-aux-interpretations-de-la-re-2020\/","url_meta":{"origin":21908,"position":3},"title":"COCHEBAT VIGILANT FACE AUX INTERPRETATIONS DE LA RE 2020","date":"27 janvier 2021","format":false,"excerpt":"Diminuer l\u2019impact carbone des b\u00e2timents, poursuivre l\u2019am\u00e9lioration de leur performance \u00e9nerg\u00e9tique et en garantir la fra\u00eecheur pendant les \u00e9t\u00e9s caniculaires : tels sont les grands objectifs de la RE2020, qui s\u2019appliquera aux constructions neuves, normalement \u00e0 partir de 2021. \u00ab Il faut aller au bout des choses, sans arbitrer trop\u2026","rel":"","context":"Dans &quot;Actualit\u00e9 Entreprises&quot;","img":{"alt_text":"","src":"https:\/\/i2.wp.com\/batimedianews.com\/live\/wp-content\/uploads\/2021\/01\/image-233.png?fit=548%2C548&ssl=1&resize=350%2C200","width":350,"height":200},"classes":[]},{"id":15847,"url":"https:\/\/batimedianews.com\/live\/index.php\/2022\/02\/10\/somfy-accompagne-ses-clients-dans-le-cadre-de-la-re2020-grace-a-ses-solutions-et-en-leur-proposant-un-demonstrateur-en-ligne\/","url_meta":{"origin":21908,"position":4},"title":"Somfy accompagne ses clients dans le cadre de la RE2020, gr\u00e2ce \u00e0 ses solutions et en leur proposant un d\u00e9monstrateur en ligne","date":"10 f\u00e9vrier 2022","format":false,"excerpt":"Dans le cadre de la nouvelle R\u00e9glementation Environnementale 2020 (entr\u00e9e en vigueur le 1er janvier 2022), les bureaux d\u2019\u00e9tudes ont un r\u00f4le cl\u00e9 pour d\u00e9terminer la conformit\u00e9 d\u2019une construction neuve, en partenariat avec les promoteurs, constructeurs, architectes et installateurs, ainsi que les industriels du b\u00e2timent. Pour les accompagner dans l\u2019optimisation\u2026","rel":"","context":"Dans &quot;Actualit\u00e9 Entreprises&quot;","img":{"alt_text":"","src":"https:\/\/i1.wp.com\/batimedianews.com\/live\/wp-content\/uploads\/2022\/02\/Somfy-Article.jpg?fit=512%2C512&ssl=1&resize=350%2C200","width":350,"height":200},"classes":[]},{"id":27930,"url":"https:\/\/batimedianews.com\/live\/index.php\/2023\/04\/20\/elisabeth-bardet-elue-presidente-du-filmm-syndicat-des-fabricants-disolants-en-laine-minerale-manufacturee\/","url_meta":{"origin":21908,"position":5},"title":"Elisabeth BARDET \u00e9lue pr\u00e9sidente du FILMM &#8211; Syndicat des Fabricants d\u2019Isolants en Laine Min\u00e9rale Manufactur\u00e9e","date":"20 avril 2023","format":false,"excerpt":"Le FILMM a le plaisir d\u2019annoncer qu\u2019Elisabeth Bardet a \u00e9t\u00e9 \u00e9lue \u00e0 la pr\u00e9sidence du syndicat accompagn\u00e9e de Yann Ditsch \u00e0 la vice-pr\u00e9sidence, lors de son Assembl\u00e9e G\u00e9n\u00e9rale.\u00a0 Dipl\u00f4m\u00e9e de l\u2019ESPCI \u00e0 Paris, Elisabeth Bardet a occup\u00e9 successivement des fonctions de marketing strat\u00e9gique et commerciales, puis de direction de filiales\u2026","rel":"","context":"Dans &quot;Actualit\u00e9 Entreprises&quot;","img":{"alt_text":"","src":"https:\/\/i0.wp.com\/batimedianews.com\/live\/wp-content\/uploads\/2023\/04\/FILMM-Article.jpg?fit=1080%2C1080&ssl=1&resize=350%2C200","width":350,"height":200},"classes":[]}],"_links":{"self":[{"href":"https:\/\/batimedianews.com\/live\/index.php\/wp-json\/wp\/v2\/posts\/21908"}],"collection":[{"href":"https:\/\/batimedianews.com\/live\/index.php\/wp-json\/wp\/v2\/posts"}],"about":[{"href":"https:\/\/batimedianews.com\/live\/index.php\/wp-json\/wp\/v2\/types\/post"}],"author":[{"embeddable":true,"href":"https:\/\/batimedianews.com\/live\/index.php\/wp-json\/wp\/v2\/users\/41"}],"replies":[{"embeddable":true,"href":"https:\/\/batimedianews.com\/live\/index.php\/wp-json\/wp\/v2\/comments?post=21908"}],"version-history":[{"count":3,"href":"https:\/\/batimedianews.com\/live\/index.php\/wp-json\/wp\/v2\/posts\/21908\/revisions"}],"predecessor-version":[{"id":21961,"href":"https:\/\/batimedianews.com\/live\/index.php\/wp-json\/wp\/v2\/posts\/21908\/revisions\/21961"}],"wp:featuredmedia":[{"embeddable":true,"href":"https:\/\/batimedianews.com\/live\/index.php\/wp-json\/wp\/v2\/media\/21909"}],"wp:attachment":[{"href":"https:\/\/batimedianews.com\/live\/index.php\/wp-json\/wp\/v2\/media?parent=21908"}],"wp:term":[{"taxonomy":"category","embeddable":true,"href":"https:\/\/batimedianews.com\/live\/index.php\/wp-json\/wp\/v2\/categories?post=21908"},{"taxonomy":"post_tag","embeddable":true,"href":"https:\/\/batimedianews.com\/live\/index.php\/wp-json\/wp\/v2\/tags?post=21908"}],"curies":[{"name":"wp","href":"https:\/\/api.w.org\/{rel}","templated":true}]}}