{"id":22279,"date":"2022-08-03T13:17:40","date_gmt":"2022-08-03T11:17:40","guid":{"rendered":"http:\/\/batimedianews.com\/live\/?p=22279"},"modified":"2023-03-08T19:33:46","modified_gmt":"2023-03-08T18:33:46","slug":"zero-artificialisation-nette-donnons-aux-elus-locaux-les-moyens-dagir","status":"publish","type":"post","link":"https:\/\/batimedianews.com\/live\/index.php\/2022\/08\/03\/zero-artificialisation-nette-donnons-aux-elus-locaux-les-moyens-dagir\/","title":{"rendered":"Z\u00e9ro artificialisation nette : donnons aux \u00e9lus locaux les moyens d&rsquo;agir"},"content":{"rendered":"\n<p>Le 28\/07\/2022 par France urbaine<\/p>\n\n\n\n<figure class=\"wp-block-image size-large\"><img loading=\"lazy\" width=\"720\" height=\"347\" src=\"https:\/\/i1.wp.com\/batimedianews.com\/live\/wp-content\/uploads\/2022\/07\/image-323.png?resize=720%2C347\" alt=\"\" class=\"wp-image-22280\" srcset=\"https:\/\/i1.wp.com\/batimedianews.com\/live\/wp-content\/uploads\/2022\/07\/image-323.png?resize=1024%2C493&amp;ssl=1 1024w, https:\/\/i1.wp.com\/batimedianews.com\/live\/wp-content\/uploads\/2022\/07\/image-323.png?resize=600%2C289&amp;ssl=1 600w, https:\/\/i1.wp.com\/batimedianews.com\/live\/wp-content\/uploads\/2022\/07\/image-323.png?resize=768%2C370&amp;ssl=1 768w, https:\/\/i1.wp.com\/batimedianews.com\/live\/wp-content\/uploads\/2022\/07\/image-323.png?resize=1536%2C740&amp;ssl=1 1536w, https:\/\/i1.wp.com\/batimedianews.com\/live\/wp-content\/uploads\/2022\/07\/image-323.png?resize=10%2C5&amp;ssl=1 10w, https:\/\/i1.wp.com\/batimedianews.com\/live\/wp-content\/uploads\/2022\/07\/image-323.png?resize=432%2C208&amp;ssl=1 432w, https:\/\/i1.wp.com\/batimedianews.com\/live\/wp-content\/uploads\/2022\/07\/image-323.png?resize=396%2C191&amp;ssl=1 396w, https:\/\/i1.wp.com\/batimedianews.com\/live\/wp-content\/uploads\/2022\/07\/image-323.png?resize=1120%2C539&amp;ssl=1 1120w, https:\/\/i1.wp.com\/batimedianews.com\/live\/wp-content\/uploads\/2022\/07\/image-323.png?resize=660%2C318&amp;ssl=1 660w, https:\/\/i1.wp.com\/batimedianews.com\/live\/wp-content\/uploads\/2022\/07\/image-323.png?resize=457%2C220&amp;ssl=1 457w, https:\/\/i1.wp.com\/batimedianews.com\/live\/wp-content\/uploads\/2022\/07\/image-323.png?w=1856&amp;ssl=1 1856w, https:\/\/i1.wp.com\/batimedianews.com\/live\/wp-content\/uploads\/2022\/07\/image-323.png?w=1440 1440w\" sizes=\"(max-width: 600px) 91vw, (max-width: 900px) 600px, (max-width: 1060px) 50vw, (max-width: 1200px) 520px, (max-width: 1400px) 43vw, 600px\" data-recalc-dims=\"1\" \/><\/figure>\n\n\n\n<p><strong>France urbaine, repr\u00e9sent\u00e9e par Annette Laigneau, Vice-pr\u00e9sidente de Toulouse M\u00e9tropole en charge de l&rsquo;urbanisme, a \u00e9t\u00e9 auditionn\u00e9e le 27 juillet 2022 par la commission des Affaires \u00e9conomiques du S\u00e9nat et a fait part de ses constats et de ses propositions sur l\u2019objectif \u00a0\u00bb Z\u00e9ro artificialisation nette \u00ab\u00a0\u2002.<\/strong><\/p>\n\n\n\n<p>L\u2019objectif \u00a0\u00bb z\u00e9ro artificialisation nette \u00a0\u00bb (ZAN), pr\u00e9vu par le Plan biodiversit\u00e9\u2002port\u00e9 par le Gouvernement, a pour ambition de freiner l\u2019artificialisation des sols et de repenser l\u2019am\u00e9nagement urbain. La loi dite \u00a0\u00bb Climat et  r\u00e9silience \u00a0\u00bb vot\u00e9e en ao\u00fbt 2021 a r\u00e9affirm\u00e9 cet objectif, en lui donnant pour horizon 2050, avec un objectif interm\u00e9diaire de r\u00e9duction de 50 % du rythme d\u2019artificialisation dans les 10 ans suivant l\u2019adoption de la loi.<\/p>\n\n\n\n<p><strong>France urbaine soutient cet objectif qui participe d\u2019une d\u00e9marche de transition \u00e9cologique absolument n\u00e9cessaire. Mais elle s\u2019interroge sur les modalit\u00e9s concr\u00e8tes de la territorialisation de ces objectifs pr\u00e9sent\u00e9s dans la loi sur le z\u00e9ro artificialisation nette, qui ne pr\u00e9voit pas de v\u00e9ritable accompagnement des territoires dans la mise en \u0153uvre de ce qui rel\u00e8ve d\u2019un v\u00e9ritable changement de paradigme et de m\u00e9thode dans les politiques d\u2019am\u00e9nagement.<\/strong><\/p>\n\n\n\n<p>Pour les \u00e9lus des grandes villes, agglom\u00e9rations et m\u00e9tropoles, la loi impose une approche trop descendante et injonctive\u2002\u00e0 l\u2019\u00e9gard des territoires. Elle doit laisser la place \u00e0 une d\u00e9marche bas\u00e9e sur la contractualisation et partant de l\u2019expression des projets de territoire.<\/p>\n\n\n\n<p><strong>France urbaine r\u00e9affirme, dans le domaine de l\u2019urbanisme et de l\u2019am\u00e9nagement comme dans d&rsquo;autres, son attachement \u00e0 un pilotage qui soit le plus territorialis\u00e9 possible, bas\u00e9 sur la responsabilit\u00e9 des\u2002\u00e9lus locaux et fond\u00e9 par la confiance en eux r\u00e9affirm\u00e9e par l\u2019Etat.<\/strong><\/p>\n\n\n\n<p>Les objectifs de r\u00e9duction du rythme d\u2019artificialisation des sols doivent \u00eatre fix\u00e9s au sein d\u2019une Convention de sobri\u00e9t\u00e9 fonci\u00e8re qui, partant du projet de chaque territoire, soit adoss\u00e9e aux Contrats de relance et de transition\u2002\u00e9cologique. \u2002<em>\u00a0\u00bb Ces conventions permettraient, d\u2019une part, d\u2019int\u00e9grer dans la d\u00e9marche l\u2019ensemble des acteurs du territoire (associations locales, ONG, promoteurs, am\u00e9nageurs&#8230;) et, d\u2019autre part, de mobiliser les moyens techniques et financiers, notamment ceux pouvant \u00eatre mis \u00e0 disposition par l\u2019Etat, au service de cette d\u00e9marche. \u00ab\u00a0<\/em> a indiqu\u00e9 Annette Laigneau.<\/p>\n\n\n\n<p>Pour plus de lisibilit\u00e9 et d\u2019efficacit\u00e9,<strong> France urbaine appelle l\u2019Etat \u00e0\u2002pr\u00e9voir des moyens financiers suffisants pour la mise en \u0153uvre r\u00e9elle<\/strong> <strong>de ses objectifs et \u00e0 d\u00e9ployer l\u2019outil OCSGE d\u2019observation et de mesure de l\u2019artificialisation<\/strong>, indispensable pour mesurer et \u00e9valuer de mani\u00e8re unique sur l\u2019ensemble du territoire national.<\/p>\n\n\n\n<p><\/p>\n","protected":false},"excerpt":{"rendered":"<p>Le 28\/07\/2022 par France urbaine France urbaine, repr\u00e9sent\u00e9e par Annette Laigneau, Vice-pr\u00e9sidente de Toulouse M\u00e9tropole en charge de l&rsquo;urbanisme, a \u00e9t\u00e9 auditionn\u00e9e le 27 juillet 2022 par la commission des Affaires \u00e9conomiques du S\u00e9nat et a fait part de ses constats et de ses propositions sur l\u2019objectif \u00a0\u00bb Z\u00e9ro artificialisation nette \u00ab\u00a0\u2002. L\u2019objectif \u00a0\u00bb z\u00e9ro [&hellip;]<\/p>\n","protected":false},"author":41,"featured_media":22282,"comment_status":"open","ping_status":"open","sticky":false,"template":"","format":"standard","meta":{"spay_email":""},"categories":[4,1222,1223,8],"tags":[],"jetpack_featured_media_url":"https:\/\/i0.wp.com\/batimedianews.com\/live\/wp-content\/uploads\/2022\/07\/France-Urbaine-Article.jpg?fit=1920%2C1080&ssl=1","jetpack_sharing_enabled":true,"jetpack_likes_enabled":true,"jetpack-related-posts":[{"id":32973,"url":"https:\/\/batimedianews.com\/live\/index.php\/2023\/11\/13\/permeabilisation-des-zones-urbaines-les-produits-drainants-jouplast-apportent-la-solution\/","url_meta":{"origin":22279,"position":0},"title":"Perm\u00e9abilisation des zones urbaines &#8211; Les produits drainants JOUPLAST\u00ae apportent la solution","date":"13 novembre 2023","format":false,"excerpt":"parking lot at top of mountain in sunset. L'imperm\u00e9abilisation des zones urbaines engendre de nombreuses perturbations du cycle de l'eau : augmentation du ruissellement, et donc risque d'inondation, pollution des milieux naturels... Elle favorise \u00e9galement les \u00eelots de chaleur, auxquels les citadins sont de plus en plus expos\u00e9s. Les effets\u2026","rel":"","context":"Dans &quot;Actualit\u00e9 Entreprises&quot;","img":{"alt_text":"","src":"https:\/\/i2.wp.com\/batimedianews.com\/live\/wp-content\/uploads\/2023\/11\/Jouplast-Image-articles-.jpg?fit=825%2C825&ssl=1&resize=350%2C200","width":350,"height":200},"classes":[]},{"id":17397,"url":"https:\/\/batimedianews.com\/live\/index.php\/2022\/03\/16\/presidentielle-les-propositions-de-lassociation-promotoit-pour-habiter-mieux\/","url_meta":{"origin":22279,"position":1},"title":"Pr\u00e9sidentielle : Les propositions de l\u2019Association Promotoit pour habiter mieux","date":"16 mars 2022","format":false,"excerpt":"En vue des prochaines \u00e9ch\u00e9ances \u00e9lectorales, Promotoit interpelle les candidats et leur sugg\u00e8re des mesures simples :\u00a0 1. Assouplir les conditions d\u2019\u00e9ligibilit\u00e9 aux dispositifs d\u2019accompagnement d\u2019Action Logement ;\u00a0 2. \u00c9largir la port\u00e9e du cr\u00e9dit d\u2019imp\u00f4t personnes \u00e2g\u00e9es et de l\u2019aide \u00ab Habiter facile \u00bb de l\u2019ANAH pour financer les travaux\u2026","rel":"","context":"Dans &quot;R\u00e9novation&quot;","img":{"alt_text":"","src":"https:\/\/i1.wp.com\/batimedianews.com\/live\/wp-content\/uploads\/2022\/03\/Promotion-Article.jpg?fit=512%2C512&ssl=1&resize=350%2C200","width":350,"height":200},"classes":[]},{"id":2752,"url":"https:\/\/batimedianews.com\/live\/index.php\/2019\/09\/19\/gamme-o-pour-voiries-drainantes-alkern\/","url_meta":{"origin":22279,"position":2},"title":"Gamme O&rsquo; pour voiries drainantes Alkern,","date":"19 septembre 2019","format":false,"excerpt":"une offre exhaustive de solutions pour pr\u00e9venir des inondations et lutter contre les \u00eelots de chaleur Alkern con\u00e7oit et d\u00e9veloppe au quotidien des solutions techniques certifi\u00e9es et \u00e9co-responsables qui r\u00e9pondent avec pertinence aux exigences des travaux de voirie, d\u2019infrastructure et de g\u00e9nie civil. Proche des territoires par ses implantations (55\u2026","rel":"","context":"Dans &quot;Actualit\u00e9 Entreprises&quot;","img":{"alt_text":"","src":"https:\/\/i1.wp.com\/batimedianews.com\/live\/wp-content\/uploads\/2019\/09\/alkern1image.jpg?fit=813%2C813&ssl=1&resize=350%2C200","width":350,"height":200},"classes":[]},{"id":16791,"url":"https:\/\/batimedianews.com\/live\/index.php\/2022\/03\/04\/logement-neuf-la-derniere-digue-cede\/","url_meta":{"origin":22279,"position":3},"title":"Logement neuf : la derni\u00e8re digue c\u00e8de","date":"4 mars 2022","format":false,"excerpt":"\u00a0S\u2019il a connu un fort rebond en 2021 (ventes \u00e0 +21,5%), le march\u00e9 de la maison neuve en secteur diffus, qui soutient aujourd\u2019hui l\u2019activit\u00e9 en logement neuf, d\u00e9visse fortement depuis trois mois du fait des surco\u00fbts issus tant de la hausse des prix des mat\u00e9riaux et de l\u2019\u00e9nergie que de\u2026","rel":"","context":"Dans &quot;Actualit\u00e9 Entreprises&quot;","img":{"alt_text":"","src":"https:\/\/i2.wp.com\/batimedianews.com\/live\/wp-content\/uploads\/2022\/03\/PoleHabitat-Article.jpg?fit=512%2C512&ssl=1&resize=350%2C200","width":350,"height":200},"classes":[]},{"id":22017,"url":"https:\/\/batimedianews.com\/live\/index.php\/2022\/07\/13\/lunam-se-felicite-de-la-nomination-de-3-ministres-au-croisement-des-enjeux-de-logement-damenagement-et-durbanisme\/","url_meta":{"origin":22279,"position":4},"title":"L\u2019UNAM se f\u00e9licite de la nomination de 3 Ministres au croisement des enjeux de logement, d\u2019am\u00e9nagement et d\u2019urbanisme","date":"13 juillet 2022","format":false,"excerpt":"Suite \u00e0 la nomination du nouveau gouvernement, Fran\u00e7ois Rieussec, Pr\u00e9sident de l\u2019Union Nationale des Am\u00e9nageurs salue l\u2019engagement de la Premi\u00e8re Ministre pour le logement et plus largement pour la transition \u00e9cologique. La nomination de Christophe B\u00e9chu comme Ministre de la transition \u00e9cologique, d\u2019Olivier Klein comme Ministre de la ville et\u2026","rel":"","context":"Dans &quot;Actualit\u00e9 Entreprises&quot;","img":{"alt_text":"","src":"https:\/\/i1.wp.com\/batimedianews.com\/live\/wp-content\/uploads\/2022\/07\/UNAM-Article.jpg?fit=1080%2C1080&ssl=1&resize=350%2C200","width":350,"height":200},"classes":[]},{"id":30337,"url":"https:\/\/batimedianews.com\/live\/index.php\/2023\/09\/04\/le-role-des-espaces-verts-et-de-la-pierre-naturelle-pour-les-territoires\/","url_meta":{"origin":22279,"position":5},"title":"Le r\u00f4le des espaces verts et de la pierre naturelle pour les territoires","date":"4 septembre 2023","format":false,"excerpt":"\u00a0Apr\u00e8s la smart city, ce mod\u00e8le pl\u00e9biscit\u00e9 au d\u00e9but du XXIe si\u00e8cle qui mettait la technologie au centre de la vie en ville, la prise de conscience de l\u2019urgence climatique a fait \u00e9merger ces derni\u00e8res ann\u00e9es un nouvel id\u00e9al urbain : celui de la ville durable et r\u00e9siliente. En France\u2026","rel":"","context":"Dans &quot;Actualit\u00e9s salons&quot;","img":{"alt_text":"","src":"https:\/\/i0.wp.com\/batimedianews.com\/live\/wp-content\/uploads\/2023\/07\/Paysalia_Rocalia-article.jpg?fit=1080%2C1080&ssl=1&resize=350%2C200","width":350,"height":200},"classes":[]}],"_links":{"self":[{"href":"https:\/\/batimedianews.com\/live\/index.php\/wp-json\/wp\/v2\/posts\/22279"}],"collection":[{"href":"https:\/\/batimedianews.com\/live\/index.php\/wp-json\/wp\/v2\/posts"}],"about":[{"href":"https:\/\/batimedianews.com\/live\/index.php\/wp-json\/wp\/v2\/types\/post"}],"author":[{"embeddable":true,"href":"https:\/\/batimedianews.com\/live\/index.php\/wp-json\/wp\/v2\/users\/41"}],"replies":[{"embeddable":true,"href":"https:\/\/batimedianews.com\/live\/index.php\/wp-json\/wp\/v2\/comments?post=22279"}],"version-history":[{"count":2,"href":"https:\/\/batimedianews.com\/live\/index.php\/wp-json\/wp\/v2\/posts\/22279\/revisions"}],"predecessor-version":[{"id":22303,"href":"https:\/\/batimedianews.com\/live\/index.php\/wp-json\/wp\/v2\/posts\/22279\/revisions\/22303"}],"wp:featuredmedia":[{"embeddable":true,"href":"https:\/\/batimedianews.com\/live\/index.php\/wp-json\/wp\/v2\/media\/22282"}],"wp:attachment":[{"href":"https:\/\/batimedianews.com\/live\/index.php\/wp-json\/wp\/v2\/media?parent=22279"}],"wp:term":[{"taxonomy":"category","embeddable":true,"href":"https:\/\/batimedianews.com\/live\/index.php\/wp-json\/wp\/v2\/categories?post=22279"},{"taxonomy":"post_tag","embeddable":true,"href":"https:\/\/batimedianews.com\/live\/index.php\/wp-json\/wp\/v2\/tags?post=22279"}],"curies":[{"name":"wp","href":"https:\/\/api.w.org\/{rel}","templated":true}]}}