{"id":22630,"date":"2022-09-03T19:25:22","date_gmt":"2022-09-03T17:25:22","guid":{"rendered":"http:\/\/batimedianews.com\/live\/?p=22630"},"modified":"2023-07-15T15:01:58","modified_gmt":"2023-07-15T13:01:58","slug":"seule-unite-de-production-de-laine-de-bois-de-france-knauf-fibre-fete-ses-100-ans","status":"publish","type":"post","link":"https:\/\/batimedianews.com\/live\/index.php\/2022\/09\/03\/seule-unite-de-production-de-laine-de-bois-de-france-knauf-fibre-fete-ses-100-ans\/","title":{"rendered":"Seule unit\u00e9 de production de laine de bois de France , KNAUF FIBRE f\u00eate ses 100 ans"},"content":{"rendered":"\n<figure class=\"wp-block-image size-large\"><img loading=\"lazy\" width=\"720\" height=\"366\" src=\"https:\/\/i1.wp.com\/batimedianews.com\/live\/wp-content\/uploads\/2022\/09\/image.png?resize=720%2C366\" alt=\"\" class=\"wp-image-22631\" srcset=\"https:\/\/i1.wp.com\/batimedianews.com\/live\/wp-content\/uploads\/2022\/09\/image.png?resize=1024%2C520&amp;ssl=1 1024w, https:\/\/i1.wp.com\/batimedianews.com\/live\/wp-content\/uploads\/2022\/09\/image.png?resize=600%2C305&amp;ssl=1 600w, https:\/\/i1.wp.com\/batimedianews.com\/live\/wp-content\/uploads\/2022\/09\/image.png?resize=768%2C390&amp;ssl=1 768w, https:\/\/i1.wp.com\/batimedianews.com\/live\/wp-content\/uploads\/2022\/09\/image.png?resize=1536%2C780&amp;ssl=1 1536w, https:\/\/i1.wp.com\/batimedianews.com\/live\/wp-content\/uploads\/2022\/09\/image.png?resize=10%2C5&amp;ssl=1 10w, https:\/\/i1.wp.com\/batimedianews.com\/live\/wp-content\/uploads\/2022\/09\/image.png?resize=432%2C219&amp;ssl=1 432w, https:\/\/i1.wp.com\/batimedianews.com\/live\/wp-content\/uploads\/2022\/09\/image.png?resize=396%2C201&amp;ssl=1 396w, https:\/\/i1.wp.com\/batimedianews.com\/live\/wp-content\/uploads\/2022\/09\/image.png?resize=1120%2C568&amp;ssl=1 1120w, https:\/\/i1.wp.com\/batimedianews.com\/live\/wp-content\/uploads\/2022\/09\/image.png?resize=660%2C335&amp;ssl=1 660w, https:\/\/i1.wp.com\/batimedianews.com\/live\/wp-content\/uploads\/2022\/09\/image.png?resize=433%2C220&amp;ssl=1 433w, https:\/\/i1.wp.com\/batimedianews.com\/live\/wp-content\/uploads\/2022\/09\/image.png?w=1990&amp;ssl=1 1990w, https:\/\/i1.wp.com\/batimedianews.com\/live\/wp-content\/uploads\/2022\/09\/image.png?w=1440 1440w\" sizes=\"(max-width: 600px) 91vw, (max-width: 900px) 600px, (max-width: 1060px) 50vw, (max-width: 1200px) 520px, (max-width: 1400px) 43vw, 600px\" data-recalc-dims=\"1\" \/><figcaption>&nbsp;L\u2019\u00e9v\u00e8nement des 100 ans d\u2019activit\u00e9 industrielle du site de La C\u00f4te c\u00e9l\u00e9br\u00e9 le 7 juillet dernier en pr\u00e9sence de Messieurs Thies Knauf et Andrea Bucci, CEO Knauf Europe de l\u2019Ouest et Isra\u00ebl (au centre de la photo) et plus de 120 invit\u00e9s. Un anniversaire conclu par un d\u00eener festif et anim\u00e9 o\u00f9 chacun des salari\u00e9s, anciens ou actuels, a pu partager l\u2019engagement, le sens de l\u2019excellence et l\u2019esprit de famille qui animent depuis toujours ce site au sein du groupe Knauf.<\/figcaption><\/figure>\n\n\n\n<p><strong>Seule unit\u00e9 industrielle fran\u00e7aise de production de laine de bois, Knauf Fibre vient de f\u00eater ses 100 ans et s\u2019impose aujourd\u2019hui comme le sp\u00e9cialiste de la production de panneaux monolithes et composites d\u00e9di\u00e9s \u00e0 l\u2019isolation en sous-face de dalles (gamme Knauf Fibra) et \u00e0 l\u2019isolation acoustique des plafonds et murs (gamme Organic).&nbsp;<\/strong><\/p>\n\n\n\n<p>Entreprise \u00e0 taille et valeurs humaines, impr\u00e9gn\u00e9e d\u2019une culture fond\u00e9e notamment sur la motivation, Knauf Fibre compte <strong>une centaine de salari\u00e9s (+ 20 % depuis 3 ans) et une vingtaine d\u2019int\u00e9rimaires<\/strong>, qui, \u00e0 l\u2019unisson, sont anim\u00e9s par la m\u00eame recherche de l\u2019excellence.&nbsp;<\/p>\n\n\n\n<p>Soulignons d\u2019ailleurs le fort attachement \u00e0 Knauf Fibre, &#8211; consid\u00e9r\u00e9 comme l\u2019un des fleurons r\u00e9gionaux -, puisque nombre de ses collaborateurs sont r\u00e9guli\u00e8rement r\u00e9compens\u00e9s par des m\u00e9dailles du travail, pour des carri\u00e8res faites dans leur int\u00e9gralit\u00e9 \u00e0 La C\u00f4te, parfois m\u00eame, de g\u00e9n\u00e9ration en g\u00e9n\u00e9ration.&nbsp;<\/p>\n\n\n\n<p>Si Knauf Fibre a r\u00e9alis\u00e9, en 2021, 2,5 millions de m2 de panneaux, l\u2019industriel rayonne aussi \u00e0 l\u2019international notamment sur les march\u00e9s de pays limitrophes comme la Suisse, le Benelux, l\u2019Espagne. Des march\u00e9s qui, comme pour l\u2019Hexagone, affichent des attentes fortes et grandissantes en termes de confort dans l\u2019habitat, des lieux de travail comme de ceux recevant du public, qu\u2019il s\u2019agisse de confort acoustique mais aussi d\u2019aspect esth\u00e9tique et cr\u00e9atif, empreint d\u2019une atmosph\u00e8re naturelle et chaleureuse \u00ab bois \u00bb.&nbsp;<\/p>\n\n\n\n<p>Site certifi\u00e9 Cha\u00eene de contr\u00f4le PEFC, Knauf Fibre est implant\u00e9e \u00e0 La C\u00f4te sur un terrain de 170 000 m2 dont 23 000 m2 couverts. <strong>Cette unit\u00e9 b\u00e9n\u00e9ficie d\u2019un engagement r\u00e9gulier du Groupe Knauf sur son outil et dans son process depuis son acquisition (en 1984), comme en attestent les investissements de plus de 35 millions d\u2019euros consacr\u00e9s depuis 2006.<\/strong><\/p>\n\n\n\n<div class=\"wp-block-group has-sm-light-tertiary-background-color has-background\"><div class=\"wp-block-group__inner-container\">\n<div class=\"wp-block-image\"><figure class=\"alignleft size-large is-resized\"><img loading=\"lazy\" src=\"https:\/\/i1.wp.com\/batimedianews.com\/live\/wp-content\/uploads\/2022\/09\/image-2.png?resize=231%2C145\" alt=\"\" class=\"wp-image-22636\" width=\"231\" height=\"145\" srcset=\"https:\/\/i1.wp.com\/batimedianews.com\/live\/wp-content\/uploads\/2022\/09\/image-2.png?w=430&amp;ssl=1 430w, https:\/\/i1.wp.com\/batimedianews.com\/live\/wp-content\/uploads\/2022\/09\/image-2.png?resize=10%2C6&amp;ssl=1 10w, https:\/\/i1.wp.com\/batimedianews.com\/live\/wp-content\/uploads\/2022\/09\/image-2.png?resize=396%2C249&amp;ssl=1 396w, https:\/\/i1.wp.com\/batimedianews.com\/live\/wp-content\/uploads\/2022\/09\/image-2.png?resize=350%2C220&amp;ssl=1 350w\" sizes=\"(max-width: 600px) 91vw, (max-width: 900px) 600px, (max-width: 1060px) 50vw, (max-width: 1200px) 520px, (max-width: 1400px) 43vw, 600px\" data-recalc-dims=\"1\" \/><\/figure><\/div>\n\n\n\n<p><strong>Pour Gilles Schmitt et Francis Krick<\/strong>, respectivement Pr\u00e9sident et Directeur G\u00e9n\u00e9ral Knauf Fibre, les produits des gammes Knauf Fibra et Organic \u00ab <em>apportent des solutions isolantes et \u00e0 base de laine de bois biosourc\u00e9e aux architectes et aux ma\u00eetres d\u2019oeuvre pour r\u00e9duire l\u2019impact carbone de la construction selon la RE2020. <\/em><strong>Nous sommes en cours de labellisation \u00ab Produit Biosourc\u00e9 \/ Fili\u00e8re fran\u00e7aise \u00bb pour nombre de produits des gammes Knauf Fibra et Organic. Les bois utilis\u00e9s chez Knauf Fibre s\u2019inscrivent \u00e9galement dans la d\u00e9marche PEFC<\/strong><em>, certification permettant d\u2019avoir une garantie sur l\u2019origine du bois, ainsi que sur <\/em><strong>l\u2019exploitation et la gestion durable des arbres<\/strong><em>, dans le respect des fonctions \u00e9cologiques et sociales des for\u00eats. <\/em>Et de poursuivre : \u00ab <em>Des d\u00e9veloppements sont en cours pour franchir les prochaines \u00e9tapes de la RE2020. Les premi\u00e8res solutions seront appliqu\u00e9es \u00e0 court terme face \u00e0 notre responsabilit\u00e9 d\u2019industriel dans la gestion des d\u00e9chets. <\/em>\u00bb Avant de conclure : \u00ab <em>Notre d\u00e9fi dans les ann\u00e9es \u00e0 venir sera de fid\u00e9liser les salari\u00e9s sur leur poste de travail car l\u2019acquisition des savoir-faire est primordiale. Un poste de conducteur de ligne peut n\u00e9cessiter jusqu\u2019\u00e0 3 ans d\u2019accompagnement et de pratique avant d\u2019\u00eatre autonome. Un autre d\u00e9fi sera de remplacer les d\u00e9parts \u00e0 la retraite de ces 5 prochaines ann\u00e9es, ce qui repr\u00e9sente presque 15 % de l\u2019effectif. <\/em>\u00bb&nbsp;<\/p>\n<\/div><\/div>\n\n\n\n<h2>KNAUF FIBRE, UN LEADER QUI C\u00c9L\u00c8BRE SES 100 ANS&nbsp;<\/h2>\n\n\n\n<p>Avec un d\u00e9marrage de l\u2019activit\u00e9 d\u2019extraction du gypse en 1919, la soci\u00e9t\u00e9 des Pl\u00e2tri\u00e8res de l\u2019Est na\u00eet en 1922 et assure les premi\u00e8res livraisons de pierres de gypse \u00e0 la cimenterie d\u2019Altkirch. C\u2019est en 1925 que l\u2019entreprise se tourne vers la fabrication de \u00ab Planches pl\u00e2tre \u00bb avant de lancer dans les ann\u00e9es 30 des produits comme Lurite (panneau fini avec une face lisse en pl\u00e2tre) et Perfecta (un support \u00e0 enduire compos\u00e9 de fibres de bois, de ciment et de pl\u00e2tre). Si 1965 sera d\u00e9terminante avec la constitution du GIE Fibralith et le lancement de la fabrication de panneaux Fibralith \u00e0 Lure, l\u2019essor des ann\u00e9es 70 verra notamment l\u2019augmentation des capacit\u00e9s de production de La C\u00f4te avec une nouvelle ligne pour Perfecta et une nouvelle ligne pour la gamme Fibralith.&nbsp;<\/p>\n\n\n\n<p>Durant les ann\u00e9es 80, de nouvelles orientations sont prises comme l\u2019arr\u00eat de l\u2019exploitation du gypse et de la fabrication de Perfecta, entra\u00eenant le transfert de l\u2019activit\u00e9 depuis Lure \u00e0 La C\u00f4te. <strong>Int\u00e9gr\u00e9 au Groupe Knauf \u00e0 partir de 1984<\/strong>, le site est r\u00e9guli\u00e8rement modernis\u00e9, comme dans les ann\u00e9es 2000, lorsque Knauf Fibre voit sa capacit\u00e9 de production largement augment\u00e9e via la cr\u00e9ation d\u2019une unit\u00e9 de transformation de polystyr\u00e8ne expans\u00e9 (PSE qui entre dans la composition des panneaux isolants composites) et d\u2019une nouvelle ligne dite CO2 d\u00e9di\u00e9es, en r\u00e9ponse notamment \u00e0 l\u2019\u00e9volution des exigences de la r\u00e9glementation thermique.&nbsp;<\/p>\n\n\n\n<h2>D\u2019HIER \u00c0 AUJOURD\u2019HUI, L\u2019\u00c9VOLUTION DES PRODUITS SUR LE SITE DE LA C\u00d4TE<\/h2>\n\n\n\n<figure class=\"wp-block-image size-large\"><img loading=\"lazy\" width=\"720\" height=\"348\" src=\"https:\/\/i1.wp.com\/batimedianews.com\/live\/wp-content\/uploads\/2022\/09\/image-3.png?resize=720%2C348\" alt=\"\" class=\"wp-image-22637\" srcset=\"https:\/\/i1.wp.com\/batimedianews.com\/live\/wp-content\/uploads\/2022\/09\/image-3.png?resize=1024%2C495&amp;ssl=1 1024w, https:\/\/i1.wp.com\/batimedianews.com\/live\/wp-content\/uploads\/2022\/09\/image-3.png?resize=600%2C290&amp;ssl=1 600w, https:\/\/i1.wp.com\/batimedianews.com\/live\/wp-content\/uploads\/2022\/09\/image-3.png?resize=768%2C371&amp;ssl=1 768w, https:\/\/i1.wp.com\/batimedianews.com\/live\/wp-content\/uploads\/2022\/09\/image-3.png?resize=1536%2C742&amp;ssl=1 1536w, https:\/\/i1.wp.com\/batimedianews.com\/live\/wp-content\/uploads\/2022\/09\/image-3.png?resize=10%2C5&amp;ssl=1 10w, https:\/\/i1.wp.com\/batimedianews.com\/live\/wp-content\/uploads\/2022\/09\/image-3.png?resize=432%2C209&amp;ssl=1 432w, https:\/\/i1.wp.com\/batimedianews.com\/live\/wp-content\/uploads\/2022\/09\/image-3.png?resize=396%2C191&amp;ssl=1 396w, https:\/\/i1.wp.com\/batimedianews.com\/live\/wp-content\/uploads\/2022\/09\/image-3.png?resize=1120%2C541&amp;ssl=1 1120w, https:\/\/i1.wp.com\/batimedianews.com\/live\/wp-content\/uploads\/2022\/09\/image-3.png?resize=660%2C319&amp;ssl=1 660w, https:\/\/i1.wp.com\/batimedianews.com\/live\/wp-content\/uploads\/2022\/09\/image-3.png?resize=455%2C220&amp;ssl=1 455w, https:\/\/i1.wp.com\/batimedianews.com\/live\/wp-content\/uploads\/2022\/09\/image-3.png?w=1950&amp;ssl=1 1950w, https:\/\/i1.wp.com\/batimedianews.com\/live\/wp-content\/uploads\/2022\/09\/image-3.png?w=1440 1440w\" sizes=\"(max-width: 600px) 91vw, (max-width: 900px) 600px, (max-width: 1060px) 50vw, (max-width: 1200px) 520px, (max-width: 1400px) 43vw, 600px\" data-recalc-dims=\"1\" \/><\/figure>\n\n\n\n<p class=\"has-sm-light-primary-color has-text-color has-background\" style=\"background-color:#01b2f9\">KNAUF&nbsp;<\/p>\n\n\n\n<p>Sp\u00e9cialiste de l\u2019isolation et de l\u2019am\u00e9nagement int\u00e9rieur, Knauf met son expertise au service des professionnels afin de leur proposer une offre compl\u00e8te de solutions dont l\u2019excellence et les performances techniques sont reconnues. Producteur de plaques de pl\u00e2tre, de panneaux isolants en polystyr\u00e8ne expans\u00e9, polyur\u00e9thane, laine de bois et fibres biosourc\u00e9es, Knauf propose une gamme de produits innovante, en phase avec les \u00e9volutions du secteur de la construction et r\u00e9pondant aux enjeux des b\u00e2timents de demain.&nbsp;<\/p>\n","protected":false},"excerpt":{"rendered":"<p>Seule unit\u00e9 industrielle fran\u00e7aise de production de laine de bois, Knauf Fibre vient de f\u00eater ses 100 ans et s\u2019impose aujourd\u2019hui comme le sp\u00e9cialiste de la production de panneaux monolithes et composites d\u00e9di\u00e9s \u00e0 l\u2019isolation en sous-face de dalles (gamme Knauf Fibra) et \u00e0 l\u2019isolation acoustique des plafonds et murs (gamme Organic).&nbsp; Entreprise \u00e0 taille [&hellip;]<\/p>\n","protected":false},"author":1,"featured_media":22638,"comment_status":"open","ping_status":"open","sticky":false,"template":"","format":"standard","meta":{"spay_email":""},"categories":[4,486,673,80,862,108,128],"tags":[2070],"jetpack_featured_media_url":"https:\/\/i2.wp.com\/batimedianews.com\/live\/wp-content\/uploads\/2022\/09\/Knauf-Article.jpg?fit=1920%2C1080&ssl=1","jetpack_sharing_enabled":true,"jetpack_likes_enabled":true,"jetpack-related-posts":[{"id":33534,"url":"https:\/\/batimedianews.com\/live\/index.php\/2023\/12\/12\/rse-et-digitalisation-knauf-sengage-toujours-plus\/","url_meta":{"origin":22630,"position":0},"title":"RSE et digitalisation, KNAUF s\u2019engage toujours plus","date":"12 d\u00e9cembre 2023","format":false,"excerpt":"ESG icon concept. Environment, society and governance. Energy of natural gas sustainable and ethical business on network connection on green background. Soci\u00e9t\u00e9 familiale fond\u00e9e en 1932, le Groupe Knauf, leader mondial de la production de plaques de pl\u00e2tre, affiche un chiffre d\u2019affaires de 15,4 milliards d\u2019euros. Plus qu\u2019une soci\u00e9t\u00e9 familiale,\u2026","rel":"","context":"Dans &quot;Actualit\u00e9 Entreprises&quot;","img":{"alt_text":"","src":"https:\/\/i0.wp.com\/batimedianews.com\/live\/wp-content\/uploads\/2023\/12\/Knauf-Image-articles-.jpg?fit=825%2C825&ssl=1&resize=350%2C200","width":350,"height":200},"classes":[]},{"id":25202,"url":"https:\/\/batimedianews.com\/live\/index.php\/2022\/12\/12\/knauf-renforce-sa-relation-clients-avec-toujours-plus-de-services-et-de-digitalisation\/","url_meta":{"origin":22630,"position":1},"title":"KNAUF renforce sa relation clients avec toujours plus de services et de digitalisation","date":"12 d\u00e9cembre 2022","format":false,"excerpt":"La digitalisation enrichit la relation clients Soci\u00e9t\u00e9 familiale fond\u00e9e en 1932, le Groupe Knauf est le premier producteur mondial de plaques de pl\u00e2tre, avec 40 000 collaborateurs, 304 usines r\u00e9parties dans plus de 90 pays, pour un chiffre d\u2019affaires de 12,6 milliards d\u2019euros en 2021. En France, le Groupe est\u2026","rel":"","context":"Dans &quot;Actualit\u00e9 Entreprises&quot;","img":{"alt_text":"","src":"https:\/\/i2.wp.com\/batimedianews.com\/live\/wp-content\/uploads\/2022\/12\/Knauf-Article.jpg?fit=1080%2C1080&ssl=1&resize=350%2C200","width":350,"height":200},"classes":[]},{"id":40842,"url":"https:\/\/batimedianews.com\/live\/index.php\/2024\/10\/28\/knauf-inaugure-son-nouveau-site-de-production-de-plaques-de-platre-a-fos-sur-mer-13\/","url_meta":{"origin":22630,"position":2},"title":"KNAUF inaugure son nouveau site de production de plaques de pl\u00e2tre \u00e0 FOS-SUR-MER (13)","date":"28 octobre 2024","format":false,"excerpt":"Fos-sur-Mer, le 18 octobre 2024 - Knauf inaugure sa nouvelle unit\u00e9 de production de plaques de pl\u00e2tre. Fruit d\u2019un investissement de 80 millions d\u2019euros, cette usine de derni\u00e8re g\u00e9n\u00e9ration, respectueuse des exigences environnementales, produira \u00e0 terme toutes les r\u00e9f\u00e9rences de plaques de pl\u00e2tre de l\u2019offre Knauf, pour un volume annuel\u2026","rel":"","context":"Dans &quot;Actualit\u00e9 Entreprises&quot;","img":{"alt_text":"","src":"https:\/\/i2.wp.com\/batimedianews.com\/live\/wp-content\/uploads\/2024\/10\/Knauf.jpg?fit=825%2C825&ssl=1&resize=350%2C200","width":350,"height":200},"classes":[]},{"id":6037,"url":"https:\/\/batimedianews.com\/live\/index.php\/2020\/09\/20\/knauf-france-investit-dans-une-nouvelle-usine-de-plaques-de-platre-a-fos-sur-mer\/","url_meta":{"origin":22630,"position":3},"title":"KNAUF FRANCE INVESTIT DANS UNE NOUVELLE USINE DE PLAQUES DE PL\u00c2TRE \u00c0 FOS-SUR-MER","date":"20 septembre 2020","format":false,"excerpt":"N\u00b01 mondial de la plaque de pl\u00e2tre (*), le Groupe Knauf annonce l\u2019acquisition, en partenariat avec le Groupe F-SCOTT, de BMG Holding France, soci\u00e9t\u00e9 porteuse d\u2019un projet industriel pour la production de plaques de pl\u00e2tre en France. Cette op\u00e9ration, pilot\u00e9e par Dominique Bossan, CEO Knauf Western Europe & Latin America,\u2026","rel":"","context":"Dans &quot;Actualit\u00e9 Entreprises&quot;","img":{"alt_text":"","src":"https:\/\/i0.wp.com\/batimedianews.com\/live\/wp-content\/uploads\/2020\/09\/knauf_image.jpg?fit=952%2C625&ssl=1&resize=350%2C200","width":350,"height":200},"classes":[]},{"id":15112,"url":"https:\/\/batimedianews.com\/live\/index.php\/2022\/01\/26\/knauf-thermasoft-natura-le-nouvel-isolant-a-base-de-fibres-biosourcees-et-recyclees-de-knauf\/","url_meta":{"origin":22630,"position":4},"title":"KNAUF THERMASOFT\u00ae natura, LE NOUVEL ISOLANT \u00c0 BASE DE FIBRES BIOSOURC\u00c9ES ET RECYCL\u00c9ES DE KNAUF","date":"26 janvier 2022","format":false,"excerpt":"KNAUF THERMASOFT\u00ae natura :\u00a0LE D\u00c9FI DU D\u00c9VELOPPEMENT DURABLE\u00a0 Les d\u00e9fis qui attendent le b\u00e2timent sont colossaux. Responsable de 30 % des \u00e9missions de gaz \u00e0 effet de serre et 43 % de la consommation d\u2019\u00e9nergie en France, le b\u00e2timent doit absolument poursuivre et acc\u00e9l\u00e9rer sa transformation. Le b\u00e2timent s\u2019av\u00e8re \u00e9galement\u2026","rel":"","context":"Dans &quot;Actualit\u00e9 Entreprises&quot;","img":{"alt_text":"","src":"https:\/\/i2.wp.com\/batimedianews.com\/live\/wp-content\/uploads\/2022\/01\/Knauf-Article.jpg?fit=512%2C512&ssl=1&resize=350%2C200","width":350,"height":200},"classes":[]},{"id":12264,"url":"https:\/\/batimedianews.com\/live\/index.php\/2021\/10\/01\/knauf-insulation-present-au-salon-artibat-les-13-14-et-15-octobre-2021\/","url_meta":{"origin":22630,"position":5},"title":"KNAUF INSULATION PR\u00c9SENT AU SALON ARTIBAT 2021","date":"1 octobre 2021","format":false,"excerpt":"A l\u2019occasion du salon de la construction, Knauf Insulation, expert dans la fabrication de produits et syst\u00e8mes pour l\u2019isolation, pr\u00e9sentera toutes ses nouveaut\u00e9s 2021.\u00a0 Les \u00e9quipes et experts de Knauf Insulation iront \u00e0 la rencontre des professionnels de la fili\u00e8re pour revenir sur cette ann\u00e9e riche en innovations et pr\u00e9senter\u2026","rel":"","context":"Dans &quot;Actualit\u00e9 Entreprises&quot;","img":{"alt_text":"","src":"https:\/\/i0.wp.com\/batimedianews.com\/live\/wp-content\/uploads\/2021\/09\/KnaufInsulation-Article.jpg?fit=512%2C512&ssl=1&resize=350%2C200","width":350,"height":200},"classes":[]}],"_links":{"self":[{"href":"https:\/\/batimedianews.com\/live\/index.php\/wp-json\/wp\/v2\/posts\/22630"}],"collection":[{"href":"https:\/\/batimedianews.com\/live\/index.php\/wp-json\/wp\/v2\/posts"}],"about":[{"href":"https:\/\/batimedianews.com\/live\/index.php\/wp-json\/wp\/v2\/types\/post"}],"author":[{"embeddable":true,"href":"https:\/\/batimedianews.com\/live\/index.php\/wp-json\/wp\/v2\/users\/1"}],"replies":[{"embeddable":true,"href":"https:\/\/batimedianews.com\/live\/index.php\/wp-json\/wp\/v2\/comments?post=22630"}],"version-history":[{"count":3,"href":"https:\/\/batimedianews.com\/live\/index.php\/wp-json\/wp\/v2\/posts\/22630\/revisions"}],"predecessor-version":[{"id":22753,"href":"https:\/\/batimedianews.com\/live\/index.php\/wp-json\/wp\/v2\/posts\/22630\/revisions\/22753"}],"wp:featuredmedia":[{"embeddable":true,"href":"https:\/\/batimedianews.com\/live\/index.php\/wp-json\/wp\/v2\/media\/22638"}],"wp:attachment":[{"href":"https:\/\/batimedianews.com\/live\/index.php\/wp-json\/wp\/v2\/media?parent=22630"}],"wp:term":[{"taxonomy":"category","embeddable":true,"href":"https:\/\/batimedianews.com\/live\/index.php\/wp-json\/wp\/v2\/categories?post=22630"},{"taxonomy":"post_tag","embeddable":true,"href":"https:\/\/batimedianews.com\/live\/index.php\/wp-json\/wp\/v2\/tags?post=22630"}],"curies":[{"name":"wp","href":"https:\/\/api.w.org\/{rel}","templated":true}]}}