{"id":23299,"date":"2022-09-29T09:25:45","date_gmt":"2022-09-29T07:25:45","guid":{"rendered":"http:\/\/batimedianews.com\/live\/?p=23299"},"modified":"2023-03-08T19:34:09","modified_gmt":"2023-03-08T18:34:09","slug":"isolation-thermique-par-lexterieur-myral-presente-ses-deux-dernieres-realisations","status":"publish","type":"post","link":"https:\/\/batimedianews.com\/live\/index.php\/2022\/09\/29\/isolation-thermique-par-lexterieur-myral-presente-ses-deux-dernieres-realisations\/","title":{"rendered":"Isolation thermique par l&rsquo;ext\u00e9rieur &#8211; MYRAL pr\u00e9sente ses deux derni\u00e8res r\u00e9alisations"},"content":{"rendered":"\n<p><\/p>\n\n\n\n<p>Du complexe sportif et culturel au logement collectif, la <strong>solution MYRAL s\u2019adapte \u00e0 toutes les constructions et permet de r\u00e9pondre aux exigences de chaque chantier<\/strong>. Les panneaux Myral sont pl\u00e9biscit\u00e9s pour leurs performances, leur polyvalence et leur facilit\u00e9 de mise en oeuvre.<\/p>\n\n\n\n<p class=\"has-text-color has-medium-font-size\" style=\"color:#db9703\"><strong>Complexe culturel et sportif Ludres (54)<\/strong><\/p>\n\n\n\n<figure class=\"wp-block-image size-large\"><img loading=\"lazy\" width=\"628\" height=\"418\" src=\"https:\/\/i1.wp.com\/batimedianews.com\/live\/wp-content\/uploads\/2022\/09\/image-291.png?resize=628%2C418\" alt=\"\" class=\"wp-image-23300\" srcset=\"https:\/\/i1.wp.com\/batimedianews.com\/live\/wp-content\/uploads\/2022\/09\/image-291.png?w=628&amp;ssl=1 628w, https:\/\/i1.wp.com\/batimedianews.com\/live\/wp-content\/uploads\/2022\/09\/image-291.png?resize=600%2C399&amp;ssl=1 600w, https:\/\/i1.wp.com\/batimedianews.com\/live\/wp-content\/uploads\/2022\/09\/image-291.png?resize=10%2C7&amp;ssl=1 10w, https:\/\/i1.wp.com\/batimedianews.com\/live\/wp-content\/uploads\/2022\/09\/image-291.png?resize=432%2C288&amp;ssl=1 432w, https:\/\/i1.wp.com\/batimedianews.com\/live\/wp-content\/uploads\/2022\/09\/image-291.png?resize=396%2C264&amp;ssl=1 396w, https:\/\/i1.wp.com\/batimedianews.com\/live\/wp-content\/uploads\/2022\/09\/image-291.png?resize=331%2C220&amp;ssl=1 331w\" sizes=\"(max-width: 600px) 91vw, (max-width: 900px) 600px, (max-width: 1060px) 50vw, (max-width: 1200px) 520px, (max-width: 1400px) 43vw, 600px\" data-recalc-dims=\"1\" \/><\/figure>\n\n\n\n<p>Pour l\u2019habilitation thermique et esth\u00e9tique du nouveau complexe culturel et sportif de Ludres, commune situ\u00e9e en p\u00e9riph\u00e9rie de Nancy (54), la mairie de Ludres a s\u00e9lectionn\u00e9 le Bardage Myral M32 sur ossature m\u00e9tallique et le v\u00eatage sur b\u00e9ton M62.<\/p>\n\n\n\n<p>Avec une surface de 1935 m2 et un toit v\u00e9g\u00e9talis\u00e9, le b\u00e2timent flambant neuf allie <strong>modernit\u00e9 et confort<\/strong> pour offrir aux habitants de la ville un lieu polyvalent regroupant <strong>espace sportif<\/strong>, <strong>salle de danse<\/strong>, ou encore <strong>amphith\u00e9\u00e2tre ext\u00e9rieur.<\/strong><\/p>\n\n\n\n<p>Sur ce chantier, les 900 m2 de fa\u00e7ades ont \u00e9t\u00e9 trait\u00e9s avec deux solutions d\u2019ITE Myral : le bardage Myral M32 sur ossature m\u00e9tallique et le v\u00eatage sur b\u00e9ton M62 avec une finition cuivre qui apporte un certain esth\u00e9tisme au b\u00e2timent.<\/p>\n\n\n\n<p>Au-del\u00e0 de leur atout esth\u00e9tique, les solutions d\u2019ITE Myral offrent un<strong> pouvoir d\u2019isolation haute performance<\/strong> et contribuent \u00e0 faire de ce complexe culturel et sportif un <strong>b\u00e2timent respectueux de l\u2019environnement<\/strong>.<\/p>\n\n\n\n<p><strong>D\u00e9couvrir la fiche r\u00e9alisation <\/strong>: <a href=\"https:\/\/www.myral-pro.com\/fr\/realisations-isolation-thermique-exterieur\/complexe-culturel-etsportif-ludres-54_150.html\">https:\/\/www.myral-pro.com\/fr\/realisations-isolation-thermique-exterieur\/complexe-culturel-etsportif-ludres-54_150.html<\/a><\/p>\n\n\n\n<figure class=\"wp-block-image size-large\"><img loading=\"lazy\" width=\"720\" height=\"480\" src=\"https:\/\/i0.wp.com\/batimedianews.com\/live\/wp-content\/uploads\/2022\/09\/image-292.png?resize=720%2C480\" alt=\"\" class=\"wp-image-23301\" srcset=\"https:\/\/i0.wp.com\/batimedianews.com\/live\/wp-content\/uploads\/2022\/09\/image-292.png?w=785&amp;ssl=1 785w, https:\/\/i0.wp.com\/batimedianews.com\/live\/wp-content\/uploads\/2022\/09\/image-292.png?resize=600%2C400&amp;ssl=1 600w, https:\/\/i0.wp.com\/batimedianews.com\/live\/wp-content\/uploads\/2022\/09\/image-292.png?resize=768%2C512&amp;ssl=1 768w, https:\/\/i0.wp.com\/batimedianews.com\/live\/wp-content\/uploads\/2022\/09\/image-292.png?resize=10%2C7&amp;ssl=1 10w, https:\/\/i0.wp.com\/batimedianews.com\/live\/wp-content\/uploads\/2022\/09\/image-292.png?resize=432%2C288&amp;ssl=1 432w, https:\/\/i0.wp.com\/batimedianews.com\/live\/wp-content\/uploads\/2022\/09\/image-292.png?resize=396%2C264&amp;ssl=1 396w, https:\/\/i0.wp.com\/batimedianews.com\/live\/wp-content\/uploads\/2022\/09\/image-292.png?resize=660%2C440&amp;ssl=1 660w, https:\/\/i0.wp.com\/batimedianews.com\/live\/wp-content\/uploads\/2022\/09\/image-292.png?resize=330%2C220&amp;ssl=1 330w\" sizes=\"(max-width: 600px) 91vw, (max-width: 900px) 600px, (max-width: 1060px) 50vw, (max-width: 1200px) 520px, (max-width: 1400px) 43vw, 600px\" data-recalc-dims=\"1\" \/><\/figure>\n\n\n\n<p class=\"has-text-color has-medium-font-size\" style=\"color:#db9703\"><strong>Les Rives de Meurthe &#8211; Nancy (54)<\/strong><\/p>\n\n\n\n<figure class=\"wp-block-image size-large\"><img loading=\"lazy\" width=\"720\" height=\"480\" src=\"https:\/\/i0.wp.com\/batimedianews.com\/live\/wp-content\/uploads\/2022\/09\/image-293.png?resize=720%2C480\" alt=\"\" class=\"wp-image-23302\" srcset=\"https:\/\/i0.wp.com\/batimedianews.com\/live\/wp-content\/uploads\/2022\/09\/image-293.png?w=785&amp;ssl=1 785w, https:\/\/i0.wp.com\/batimedianews.com\/live\/wp-content\/uploads\/2022\/09\/image-293.png?resize=600%2C400&amp;ssl=1 600w, https:\/\/i0.wp.com\/batimedianews.com\/live\/wp-content\/uploads\/2022\/09\/image-293.png?resize=768%2C512&amp;ssl=1 768w, https:\/\/i0.wp.com\/batimedianews.com\/live\/wp-content\/uploads\/2022\/09\/image-293.png?resize=10%2C7&amp;ssl=1 10w, https:\/\/i0.wp.com\/batimedianews.com\/live\/wp-content\/uploads\/2022\/09\/image-293.png?resize=432%2C288&amp;ssl=1 432w, https:\/\/i0.wp.com\/batimedianews.com\/live\/wp-content\/uploads\/2022\/09\/image-293.png?resize=396%2C264&amp;ssl=1 396w, https:\/\/i0.wp.com\/batimedianews.com\/live\/wp-content\/uploads\/2022\/09\/image-293.png?resize=660%2C440&amp;ssl=1 660w, https:\/\/i0.wp.com\/batimedianews.com\/live\/wp-content\/uploads\/2022\/09\/image-293.png?resize=330%2C220&amp;ssl=1 330w\" sizes=\"(max-width: 600px) 91vw, (max-width: 900px) 600px, (max-width: 1060px) 50vw, (max-width: 1200px) 520px, (max-width: 1400px) 43vw, 600px\" data-recalc-dims=\"1\" \/><\/figure>\n\n\n\n<p>La r\u00e9sidence Attrakt, livr\u00e9e en janvier 2021, fait partie d\u2019un vaste chantier d\u2019am\u00e9nagement d\u2019un <strong>quartier dynamique<\/strong> situ\u00e9 entre le centre-ville de Nancy et les rives de Meurthe. Les appartements de cette r\u00e9sidence vont du <strong>T1 au T5-duplex<\/strong> et disposent tous d\u2019un ext\u00e9rieur \u00e0 partir du deuxi\u00e8me \u00e9tage.<\/p>\n\n\n\n<p>Pour assurer la <strong>finition ext\u00e9rieure<\/strong> et <strong>l\u2019isolation de l\u2019attique<\/strong> de ces b\u00e2timents, Vinci Immobilier, le maitre d\u2019ouvrage, a opt\u00e9 pour la solution Myral V\u00eatage M32, un syst\u00e8me tout-en-un permettant d\u2019assurer l\u2019isolation thermique par l\u2019ext\u00e9rieur tout-en-un. D\u2019une couleur gris aluminium, cette partie sup\u00e9rieure de la r\u00e9sidence se d\u00e9marque du reste du b\u00e2timent, apportant <strong>caract\u00e8re et touche contemporaine<\/strong> \u00e0 l\u2019ensemble et offrant un contraste esth\u00e9tique avec le beige de la fa\u00e7ade.<\/p>\n\n\n\n<p><strong>D\u00e9couvrir la fiche r\u00e9alisation<\/strong> :<a href=\"https:\/\/www.myral-pro.com\/fr\/realisations-isolation-thermique-exterieur\/les-rives-de-meurthenancy-54_149.html\"> https:\/\/www.myral-pro.com\/fr\/realisations-isolation-thermique-exterieur\/les-rives-de-meurthenancy-54_149.html<\/a><\/p>\n\n\n\n<figure class=\"wp-block-image size-large\"><img loading=\"lazy\" width=\"720\" height=\"480\" src=\"https:\/\/i0.wp.com\/batimedianews.com\/live\/wp-content\/uploads\/2022\/09\/image-294.png?resize=720%2C480\" alt=\"\" class=\"wp-image-23303\" srcset=\"https:\/\/i0.wp.com\/batimedianews.com\/live\/wp-content\/uploads\/2022\/09\/image-294.png?w=785&amp;ssl=1 785w, https:\/\/i0.wp.com\/batimedianews.com\/live\/wp-content\/uploads\/2022\/09\/image-294.png?resize=600%2C400&amp;ssl=1 600w, https:\/\/i0.wp.com\/batimedianews.com\/live\/wp-content\/uploads\/2022\/09\/image-294.png?resize=768%2C512&amp;ssl=1 768w, https:\/\/i0.wp.com\/batimedianews.com\/live\/wp-content\/uploads\/2022\/09\/image-294.png?resize=10%2C7&amp;ssl=1 10w, https:\/\/i0.wp.com\/batimedianews.com\/live\/wp-content\/uploads\/2022\/09\/image-294.png?resize=432%2C288&amp;ssl=1 432w, https:\/\/i0.wp.com\/batimedianews.com\/live\/wp-content\/uploads\/2022\/09\/image-294.png?resize=396%2C264&amp;ssl=1 396w, https:\/\/i0.wp.com\/batimedianews.com\/live\/wp-content\/uploads\/2022\/09\/image-294.png?resize=660%2C440&amp;ssl=1 660w, https:\/\/i0.wp.com\/batimedianews.com\/live\/wp-content\/uploads\/2022\/09\/image-294.png?resize=330%2C220&amp;ssl=1 330w\" sizes=\"(max-width: 600px) 91vw, (max-width: 900px) 600px, (max-width: 1060px) 50vw, (max-width: 1200px) 520px, (max-width: 1400px) 43vw, 600px\" data-recalc-dims=\"1\" \/><\/figure>\n","protected":false},"excerpt":{"rendered":"<p>Du complexe sportif et culturel au logement collectif, la solution MYRAL s\u2019adapte \u00e0 toutes les constructions et permet de r\u00e9pondre aux exigences de chaque chantier. Les panneaux Myral sont pl\u00e9biscit\u00e9s pour leurs performances, leur polyvalence et leur facilit\u00e9 de mise en oeuvre. Complexe culturel et sportif Ludres (54) Pour l\u2019habilitation thermique et esth\u00e9tique du nouveau [&hellip;]<\/p>\n","protected":false},"author":41,"featured_media":23304,"comment_status":"open","ping_status":"open","sticky":false,"template":"","format":"standard","meta":{"spay_email":""},"categories":[29,80,126],"tags":[],"jetpack_featured_media_url":"https:\/\/i0.wp.com\/batimedianews.com\/live\/wp-content\/uploads\/2022\/09\/Myral-Article.jpg?fit=1920%2C1080&ssl=1","jetpack_sharing_enabled":true,"jetpack_likes_enabled":true,"jetpack-related-posts":[{"id":34256,"url":"https:\/\/batimedianews.com\/live\/index.php\/2024\/01\/11\/lindustriel-myral-vous-convie-a-la-table-ronde-les-acteurs-du-batiment-face-au-defi-de-la-renovation-du-patrimoine-des-bailleurs-sociaux\/","url_meta":{"origin":23299,"position":0},"title":"L\u2019industriel Myral vous convie \u00e0 la table ronde \u00ab Les acteurs du b\u00e2timent face au d\u00e9fi de la r\u00e9novation du patrimoine des bailleurs sociaux \u00bb.","date":"11 janvier 2024","format":false,"excerpt":"Mercredi 20 d\u00e9cembre 2023 \u00e0 18 h au Bazaar St-So, 292 rue Camille Gu\u00e9rin, Lille Participants \u2022 Julien Bagnard, directeur de Myral et Val\u00e9rie Lesage, charg\u00e9e d\u2019affaires prescription de Myral. \u2022 Loris Poidvin, directeur d\u00e9veloppement et patrimoine d\u2019ICF Habitat Nord-Est. \u2022 Guillaume Drelon, charg\u00e9 de projet de Maning et \u00c9ric\u2026","rel":"","context":"Dans &quot;Actualit\u00e9 Entreprises&quot;","img":{"alt_text":"","src":"https:\/\/i2.wp.com\/batimedianews.com\/live\/wp-content\/uploads\/2024\/01\/Myral.jpg?fit=825%2C825&ssl=1&resize=350%2C200","width":350,"height":200},"classes":[]},{"id":1321,"url":"https:\/\/batimedianews.com\/live\/index.php\/2019\/06\/04\/myral-participe-a-la-renovation-globale-dune-copropriete-a-dijon\/","url_meta":{"origin":23299,"position":1},"title":"Myral participe \u00e0 la r\u00e9novation globale d&rsquo;une copropri\u00e9t\u00e9 \u00e0 Dijon","date":"4 juin 2019","format":false,"excerpt":"92 % de d\u00e9perdition \u00e9nerg\u00e9tique en moins ! En France, les copropri\u00e9t\u00e9s repr\u00e9sentent 10 millions de logements. Il s\u2019agit d\u2019un\u00a0vaste march\u00e9 dont les besoins \u00e9nerg\u00e9tiques sont importants. Cependant, malgr\u00e9\u00a0le lancement par le gouvernement du Plan de R\u00e9novation \u00e9nerg\u00e9tique des\u00a0b\u00e2timents, ce march\u00e9 a du mal \u00e0 d\u00e9coller \u00e0 cause d\u2019un mode\u2026","rel":"","context":"Dans &quot;Actualit\u00e9 Entreprises&quot;","img":{"alt_text":"","src":"https:\/\/i0.wp.com\/batimedianews.com\/live\/wp-content\/uploads\/2019\/08\/myral_image1.jpg?fit=1063%2C1063&ssl=1&resize=350%2C200","width":350,"height":200},"classes":[]},{"id":19197,"url":"https:\/\/batimedianews.com\/live\/index.php\/2022\/04\/21\/myral-se-fixe-un-objectif-de-63-de-reduction-dimpact-carbone-a-lhorizon-2024\/","url_meta":{"origin":23299,"position":2},"title":"Myral se fixe un objectif de 63 % de r\u00e9duction d\u2019impact carbone \u00e0 l\u2019horizon 2024","date":"21 avril 2022","format":false,"excerpt":"Une d\u00e9marche environnementale entre actions et engagements Myral s\u2019appr\u00eate \u00e0 d\u00e9ployer une d\u00e9carbonation massive, apr\u00e8s plus de 10 ans de travail et de r\u00e9flexion en faveur de la transition \u00e9cologique et de la r\u00e9duction des \u00e9missions de CO2 dans le b\u00e2timent. Depuis sa cr\u00e9ation en 1987, Myral place les pr\u00e9occupations\u2026","rel":"","context":"Dans &quot;Bas carbone&quot;","img":{"alt_text":"","src":"https:\/\/i1.wp.com\/batimedianews.com\/live\/wp-content\/uploads\/2022\/04\/Myral-Article.jpg?fit=1080%2C1080&ssl=1&resize=350%2C200","width":350,"height":200},"classes":[]},{"id":198,"url":"https:\/\/batimedianews.com\/live\/index.php\/2018\/10\/04\/salon-hexpo-myral-presente-la-finition-en-joint-debout-destinee-aux-logements-collectifs\/","url_meta":{"origin":23299,"position":3},"title":"Salon H&#039;Expo : Myral pr\u00e9sente la finition en joint debout destin\u00e9e aux logements collectifs","date":"4 octobre 2018","format":false,"excerpt":"Myral,\u00a0expert en isolation thermique par l'ext\u00e9rieur\u00a0et\u00a0acteur\u00a0majeur\u00a0du logement social,\u00a0sera pr\u00e9sent\u00a0au\u00a079\u00e8me\u00a0Congr\u00e8s de l'Union sociale pour\u00a0l'habitat\u00a0qui se tiendra cette ann\u00e9e\u00a0du\u00a09 au 11 octobre\u00a0au\u00a0Parc Chanot \u00e0 Marseille. > L'\u00e9quipe prescription pr\u00e9sentera\u00a0la\u00a0nouvelle solution \u00e0 l'esth\u00e9tique joint debout. Une innovation simple de mise en\u00a0\u0153uvre et \u00e9conomique qui, seule ou mix\u00e9e, offre un style moderne et contemporain\u2026","rel":"","context":"Dans &quot;Isolation&quot;","img":{"alt_text":"","src":"https:\/\/i1.wp.com\/batimedianews.com\/live\/wp-content\/uploads\/2018\/10\/unnamed.jpg?fit=384%2C256&ssl=1&resize=350%2C200","width":350,"height":200},"classes":[]},{"id":21312,"url":"https:\/\/batimedianews.com\/live\/index.php\/2022\/06\/24\/pour-renover-la-france-biosource-ne-veut-pas-forcement-dire-decarbone\/","url_meta":{"origin":23299,"position":4},"title":"\u2002Pour r\u00e9nover la France, biosourc\u00e9 ne veut pas forc\u00e9ment dire d\u00e9carbon\u00e9 \u2002","date":"24 juin 2022","format":false,"excerpt":"La nouvelle r\u00e9glementation environnementale des b\u00e2timents neufs (RE2020) entre en vigueur. Elle doit \u00eatre un outil pour atteindre la neutralit\u00e9 carbone en 2050. Comment ? En r\u00e9duisant drastiquement l\u2019impact de la construction et de la r\u00e9novation sur l\u2019environnement : 120 millions de tonnes de CO2 sont produites par le secteur\u2026","rel":"","context":"Dans &quot;Actualit\u00e9 Entreprises&quot;","img":{"alt_text":"","src":"https:\/\/i0.wp.com\/batimedianews.com\/live\/wp-content\/uploads\/2022\/06\/Myral-Article.jpg?fit=1080%2C1080&ssl=1&resize=350%2C200","width":350,"height":200},"classes":[]},{"id":46496,"url":"https:\/\/batimedianews.com\/live\/index.php\/2025\/09\/15\/les-materiaux-ecosources-une-reponse-aux-defis-environnementaux-et-de-la-construction-renovation\/","url_meta":{"origin":23299,"position":5},"title":"Les mat\u00e9riaux \u00e9cosourc\u00e9s : une r\u00e9ponse aux d\u00e9fis environnementaux et de la construction \/ r\u00e9novation","date":"15 septembre 2025","format":false,"excerpt":"https:\/\/www.youtube.com\/watch?v=c-TA6Gp0-dM Face \u00e0 l'augmentation des d\u00e9chets plastiques ou aluminium et aux exigences croissantes en mati\u00e8re de construction durable, l'utilisation de mat\u00e9riaux \u00e9cosourc\u00e9s s'impose comme une solution pertinente et d\u2019avenir. Myral, industriel sp\u00e9cialiste de la fa\u00e7ade et entreprise pionni\u00e8re des mat\u00e9riaux \u00e9cosourc\u00e9s, illustre cette d\u00e9marche en int\u00e9grant des mati\u00e8res recycl\u00e9es dans\u2026","rel":"","context":"Dans &quot;Actualit\u00e9 Entreprises&quot;","img":{"alt_text":"","src":"https:\/\/i1.wp.com\/batimedianews.com\/live\/wp-content\/uploads\/2025\/09\/Myral.jpg?fit=825%2C825&ssl=1&resize=350%2C200","width":350,"height":200},"classes":[]}],"_links":{"self":[{"href":"https:\/\/batimedianews.com\/live\/index.php\/wp-json\/wp\/v2\/posts\/23299"}],"collection":[{"href":"https:\/\/batimedianews.com\/live\/index.php\/wp-json\/wp\/v2\/posts"}],"about":[{"href":"https:\/\/batimedianews.com\/live\/index.php\/wp-json\/wp\/v2\/types\/post"}],"author":[{"embeddable":true,"href":"https:\/\/batimedianews.com\/live\/index.php\/wp-json\/wp\/v2\/users\/41"}],"replies":[{"embeddable":true,"href":"https:\/\/batimedianews.com\/live\/index.php\/wp-json\/wp\/v2\/comments?post=23299"}],"version-history":[{"count":3,"href":"https:\/\/batimedianews.com\/live\/index.php\/wp-json\/wp\/v2\/posts\/23299\/revisions"}],"predecessor-version":[{"id":23788,"href":"https:\/\/batimedianews.com\/live\/index.php\/wp-json\/wp\/v2\/posts\/23299\/revisions\/23788"}],"wp:featuredmedia":[{"embeddable":true,"href":"https:\/\/batimedianews.com\/live\/index.php\/wp-json\/wp\/v2\/media\/23304"}],"wp:attachment":[{"href":"https:\/\/batimedianews.com\/live\/index.php\/wp-json\/wp\/v2\/media?parent=23299"}],"wp:term":[{"taxonomy":"category","embeddable":true,"href":"https:\/\/batimedianews.com\/live\/index.php\/wp-json\/wp\/v2\/categories?post=23299"},{"taxonomy":"post_tag","embeddable":true,"href":"https:\/\/batimedianews.com\/live\/index.php\/wp-json\/wp\/v2\/tags?post=23299"}],"curies":[{"name":"wp","href":"https:\/\/api.w.org\/{rel}","templated":true}]}}