{"id":236,"date":"2018-10-09T11:05:00","date_gmt":"2018-10-09T10:05:00","guid":{"rendered":"http:\/\/batimedialive.com\/?p=236"},"modified":"2018-10-09T11:05:00","modified_gmt":"2018-10-09T10:05:00","slug":"les-couleurs-seront-aussi-au-programme-du-salon-habitat-deco-2018-a-nantes","status":"publish","type":"post","link":"https:\/\/batimedianews.com\/live\/index.php\/2018\/10\/09\/les-couleurs-seront-aussi-au-programme-du-salon-habitat-deco-2018-a-nantes\/","title":{"rendered":"Les couleurs seront aussi au programme du salon HABITAT DECO 2018 \u00e0 Nantes"},"content":{"rendered":"<p>Le salon HABITAT D\u00c9CO 2018 s\u2019installera au Parc des Expositions de Nantes du 9 au 11 novembre prochain. Cadre de vie, qualit\u00e9 de l\u2019environnement et<br \/>\nconfort du logement forment la combinaison gagnante d\u2019un rendez-vous de l\u2019habitat reconnu et attendu par le grand public. HABITAT D\u00c9CO livre un cahier<br \/>\nde tendances \u00ab grandeur nature \u00bb sur 25 000 m2 d\u2019exposition permettant tous les possibles. Il est une mine d\u2019informations et souvent une surprenante source<br \/>\nd\u2019inspirations. Pour cette 25\u00e8me \u00e9dition, le salon ouvre une fen\u00eatre sur la \u00ab psycho-d\u00e9co\u00bb, aspect m\u00e9connu de l\u2019influence des couleurs sur les \u00e9motions.<\/p>\n<h2><span style=\"color:#993300;\">ENTRE<\/span><span style=\"color:#993300;\">TIEN AVEC SOPHIE MOUTON-BRISSE<\/span><br \/>\n\u00ab L\u2019\u00e9nergie des couleurs agit comme un catalyseur au sein de la maison et leur force sur le bien-\u00eatre et\u00a0 l\u2019atmosph\u00e8re d\u2019une maison\u00a0est encore sous-estim\u00e9e \u00bb. Pour Sophie MOUTON-BRISSE, consultante\u00a0et experte en couleurs,<\/h2>\n<p><img loading=\"lazy\" class=\" size-full wp-image-237 alignleft\" src=\"https:\/\/batimedialive.files.wordpress.com\/2018\/10\/habitatdeco3.jpg?resize=300%2C343\" alt=\"habitatdeco3\" width=\"300\" height=\"343\" srcset=\"https:\/\/i1.wp.com\/batimedianews.com\/live\/wp-content\/uploads\/2018\/10\/habitatdeco3.jpg?w=300&amp;ssl=1 300w, https:\/\/i1.wp.com\/batimedianews.com\/live\/wp-content\/uploads\/2018\/10\/habitatdeco3.jpg?resize=262%2C300&amp;ssl=1 262w, https:\/\/i1.wp.com\/batimedianews.com\/live\/wp-content\/uploads\/2018\/10\/habitatdeco3.jpg?resize=10%2C10&amp;ssl=1 10w, https:\/\/i1.wp.com\/batimedianews.com\/live\/wp-content\/uploads\/2018\/10\/habitatdeco3.jpg?resize=192%2C220&amp;ssl=1 192w\" sizes=\"(max-width: 600px) 91vw, (max-width: 900px) 600px, (max-width: 1060px) 50vw, (max-width: 1200px) 520px, (max-width: 1400px) 43vw, 600px\" data-recalc-dims=\"1\" \/>il a \u00e9t\u00e9 scientifiquement prouv\u00e9 que\u00a0les \u00eatres humains r\u00e9agissent aux couleurs. Selon elle, repenser ses couleurs dans son int\u00e9rieur, c\u2019est repenser son bien-\u00eatre. \u00ab Il est\u00a0essentiel de ne pas se laisser influencer par les ph\u00e9nom\u00e8nes de mode. Nous devons choisir des couleurs avant tout pour le plaisir\u00a0qu\u2019elles nous procurent \u00bb, explique Sophie MOUTON-BRISSE.<br \/>\n\u00ab Les bleus et les violets apaisent et diminuent le rythme cardiaque.\u00a0Les tonalit\u00e9s de verts, elles, sont plus r\u00e9g\u00e9n\u00e9rantes. Le bleu associ\u00e9 au violet seront\u00a0 apaisants, a contrario du bleu et du rouge qui,\u00a0combin\u00e9s, stimuleront l\u2019\u00e9nergie. Les couleurs qui gagnent \u00e0 \u00eatre connues sont les d\u00e9clinaisons de verts, qui rappellent la nature.<br \/>\nElles sont pourtant sous estim\u00e9es. Une pi\u00e8ce verte serait, par exemple, l\u2019\u00e9quivalent d\u2019une promenade en for\u00eat lorsque l\u2019on se sent\u00a0oppress\u00e9. Il n\u2019y pas de couleurs \u00e0 proscrire, mais il est n\u00e9cessaire de r\u00e9fl\u00e9chir aux usages \u00bb, conclut Sophie MOUTON-BRISSE.<br \/>\n<img loading=\"lazy\" class=\"alignnone size-full wp-image-238\" src=\"https:\/\/batimedialive.files.wordpress.com\/2018\/10\/habitatdeco4.jpg?resize=720%2C123\" alt=\"habitatdeco4\" width=\"720\" height=\"123\" srcset=\"https:\/\/i2.wp.com\/batimedianews.com\/live\/wp-content\/uploads\/2018\/10\/habitatdeco4.jpg?w=936&amp;ssl=1 936w, https:\/\/i2.wp.com\/batimedianews.com\/live\/wp-content\/uploads\/2018\/10\/habitatdeco4.jpg?resize=300%2C51&amp;ssl=1 300w, https:\/\/i2.wp.com\/batimedianews.com\/live\/wp-content\/uploads\/2018\/10\/habitatdeco4.jpg?resize=768%2C131&amp;ssl=1 768w, https:\/\/i2.wp.com\/batimedianews.com\/live\/wp-content\/uploads\/2018\/10\/habitatdeco4.jpg?resize=10%2C2&amp;ssl=1 10w, https:\/\/i2.wp.com\/batimedianews.com\/live\/wp-content\/uploads\/2018\/10\/habitatdeco4.jpg?resize=432%2C74&amp;ssl=1 432w, https:\/\/i2.wp.com\/batimedianews.com\/live\/wp-content\/uploads\/2018\/10\/habitatdeco4.jpg?resize=396%2C68&amp;ssl=1 396w, https:\/\/i2.wp.com\/batimedianews.com\/live\/wp-content\/uploads\/2018\/10\/habitatdeco4.jpg?resize=660%2C113&amp;ssl=1 660w, https:\/\/i2.wp.com\/batimedianews.com\/live\/wp-content\/uploads\/2018\/10\/habitatdeco4.jpg?resize=710%2C121&amp;ssl=1 710w\" sizes=\"(max-width: 600px) 91vw, (max-width: 900px) 600px, (max-width: 1060px) 50vw, (max-width: 1200px) 520px, (max-width: 1400px) 43vw, 600px\" data-recalc-dims=\"1\" \/><br \/>\n<a href=\"https:\/\/www.salon-habiter.com\/\" target=\"_blank\" rel=\"noopener noreferrer\"><img loading=\"lazy\" class=\"alignnone size-full wp-image-239\" src=\"https:\/\/batimedialive.files.wordpress.com\/2018\/10\/habitatdeco5.jpg?resize=514%2C121\" alt=\"habitatdeco5\" width=\"514\" height=\"121\" srcset=\"https:\/\/i0.wp.com\/batimedianews.com\/live\/wp-content\/uploads\/2018\/10\/habitatdeco5.jpg?w=514&amp;ssl=1 514w, https:\/\/i0.wp.com\/batimedianews.com\/live\/wp-content\/uploads\/2018\/10\/habitatdeco5.jpg?resize=300%2C71&amp;ssl=1 300w, https:\/\/i0.wp.com\/batimedianews.com\/live\/wp-content\/uploads\/2018\/10\/habitatdeco5.jpg?resize=10%2C2&amp;ssl=1 10w, https:\/\/i0.wp.com\/batimedianews.com\/live\/wp-content\/uploads\/2018\/10\/habitatdeco5.jpg?resize=432%2C102&amp;ssl=1 432w, https:\/\/i0.wp.com\/batimedianews.com\/live\/wp-content\/uploads\/2018\/10\/habitatdeco5.jpg?resize=396%2C93&amp;ssl=1 396w\" sizes=\"(max-width: 600px) 91vw, (max-width: 900px) 600px, (max-width: 1060px) 50vw, (max-width: 1200px) 520px, (max-width: 1400px) 43vw, 600px\" data-recalc-dims=\"1\" \/><\/a><br \/>\n&nbsp;<br \/>\n&nbsp;<\/p>\n","protected":false},"excerpt":{"rendered":"<p>Le salon HABITAT D\u00c9CO 2018 s\u2019installera au Parc des Expositions de Nantes du 9 au 11 novembre prochain. Cadre de vie, qualit\u00e9 de l\u2019environnement et confort du logement forment la combinaison gagnante d\u2019un rendez-vous de l\u2019habitat reconnu et attendu par le grand public. HABITAT D\u00c9CO livre un cahier de tendances \u00ab grandeur nature \u00bb sur [&hellip;]<\/p>\n","protected":false},"author":2,"featured_media":240,"comment_status":"open","ping_status":"open","sticky":false,"template":"","format":"standard","meta":{"spay_email":""},"categories":[5,42,73],"tags":[372,393],"jetpack_featured_media_url":"https:\/\/i2.wp.com\/batimedianews.com\/live\/wp-content\/uploads\/2018\/10\/habitatdecoimage.jpg?fit=1180%2C670&ssl=1","jetpack_sharing_enabled":true,"jetpack_likes_enabled":true,"jetpack-related-posts":[{"id":87,"url":"https:\/\/batimedianews.com\/live\/index.php\/2018\/09\/24\/salon-hexpo-ubbink-accompagne-les-bailleurs-sociaux-dans-la-renovation-energetique-du-parc-social\/","url_meta":{"origin":236,"position":0},"title":"Salon H\u2019Expo : Ubbink, accompagne les bailleurs sociaux dans la r\u00e9novation \u00e9nerg\u00e9tique du parc social","date":"24 septembre 2018","format":false,"excerpt":"Hall 3\/ Stand G17\u00a0\u00a0du 9 au 11 octobre 2018 Ubbink, sp\u00e9cialiste de la performance \u00e9nerg\u00e9tique et du confort dans l\u2019habitat, propose aux\u00a0bailleurs sociaux\u00a0une approche compl\u00e8te - solutions & services \u2013 conforme \u00e0 la r\u00e9glementation en vigueur, en lien direct avec leurs\u00a0pr\u00e9occupations et attentes\u00a0: Efficacit\u00e9 et performance \u00e9nerg\u00e9tiques \u00c9conomies d\u2019\u00e9nergie notables\u2026","rel":"","context":"Dans &quot;H'Expo&quot;","img":{"alt_text":"ubbin a hexpo2018","src":"https:\/\/batimedialive.files.wordpress.com\/2018\/09\/ubbin-a-hexpo2018.jpg?w=350&h=200&crop=1","width":350,"height":200},"classes":[]},{"id":177,"url":"https:\/\/batimedianews.com\/live\/index.php\/2018\/10\/03\/edycem-salon-artibat-2018-presentation-des-dernieres-innovations-beton\/","url_meta":{"origin":236,"position":1},"title":"Edycem- Salon Artibat 2018- pr\u00e9sentation des derni\u00e8res innovations b\u00e9ton","date":"3 octobre 2018","format":false,"excerpt":"Cette \u00e9dition du salon ARTIBAT constituera une vitrine du savoir-faire d\u2019EDYCEM,\u00a0 branche du groupe HERIGE. Elle pr\u00e9sentera ses derni\u00e8res nouveaut\u00e9s en mati\u00e8re de b\u00e9tons, pr\u00eat-\u00e0-l\u2019emploi et pr\u00e9fabriqu\u00e9. EDYCEM BPE L\u2019activit\u00e9 BPE d\u2019EDYCEM est port\u00e9e, depuis plusieurs ann\u00e9es, par un esprit pionnier d\u2019innovation. La chaire de recherche mise en place avec\u2026","rel":"","context":"Dans &quot;Artibat 2018&quot;","img":{"alt_text":"","src":"https:\/\/i2.wp.com\/batimedianews.com\/live\/wp-content\/uploads\/2018\/10\/edycem.jpg?fit=990%2C449&ssl=1&resize=350%2C200","width":350,"height":200},"classes":[]},{"id":322,"url":"https:\/\/batimedianews.com\/live\/index.php\/2018\/10\/16\/eoletec-au-salon-artibat\/","url_meta":{"origin":236,"position":2},"title":"EOLETEC AU SALON ARTIBAT !","date":"16 octobre 2018","format":false,"excerpt":"Eoletec fabricant et distributeur de syst\u00e8mes de ventilation positive hydror\u00e9gul\u00e9e\u00a0 pour l'habitat (VPH) sera pr\u00e9sent lors de l'\u00e9dition 2018 du salon Artibat. A cette occasion, Eoletec pr\u00e9sentera l'ensemble de ses solutions de traitement de l'air ainsi que sa derni\u00e8re innovation qui sera commercialis\u00e9e d\u00e9but de l'ann\u00e9e 2019 [youtube https:\/\/www.youtube.com\/watch?v=MFwgVNVvP8Y&w=560&h=315]","rel":"","context":"Dans &quot;Artibat 2018&quot;","img":{"alt_text":"","src":"https:\/\/i2.wp.com\/batimedianews.com\/live\/wp-content\/uploads\/2018\/10\/presentation.jpg?fit=859%2C482&ssl=1&resize=350%2C200","width":350,"height":200},"classes":[]},{"id":198,"url":"https:\/\/batimedianews.com\/live\/index.php\/2018\/10\/04\/salon-hexpo-myral-presente-la-finition-en-joint-debout-destinee-aux-logements-collectifs\/","url_meta":{"origin":236,"position":3},"title":"Salon H&#039;Expo : Myral pr\u00e9sente la finition en joint debout destin\u00e9e aux logements collectifs","date":"4 octobre 2018","format":false,"excerpt":"Myral,\u00a0expert en isolation thermique par l'ext\u00e9rieur\u00a0et\u00a0acteur\u00a0majeur\u00a0du logement social,\u00a0sera pr\u00e9sent\u00a0au\u00a079\u00e8me\u00a0Congr\u00e8s de l'Union sociale pour\u00a0l'habitat\u00a0qui se tiendra cette ann\u00e9e\u00a0du\u00a09 au 11 octobre\u00a0au\u00a0Parc Chanot \u00e0 Marseille. > L'\u00e9quipe prescription pr\u00e9sentera\u00a0la\u00a0nouvelle solution \u00e0 l'esth\u00e9tique joint debout. Une innovation simple de mise en\u00a0\u0153uvre et \u00e9conomique qui, seule ou mix\u00e9e, offre un style moderne et contemporain\u2026","rel":"","context":"Dans &quot;Isolation&quot;","img":{"alt_text":"","src":"https:\/\/i1.wp.com\/batimedianews.com\/live\/wp-content\/uploads\/2018\/10\/unnamed.jpg?fit=384%2C256&ssl=1&resize=350%2C200","width":350,"height":200},"classes":[]},{"id":126,"url":"https:\/\/batimedianews.com\/live\/index.php\/2018\/09\/25\/rettig-france-a-artibat\/","url_meta":{"origin":236,"position":4},"title":"RETTIG FRANCE \u00e0 ARTIBAT","date":"25 septembre 2018","format":false,"excerpt":"Rettig Heating Group France\u00a0participera \u00e0 l\u2019\u00e9dition 2018 du Salon\u00a0ARTIBAT. Cette exposition sera l\u2018occasion de faire valoir la segmentation par typologie de produit de chacune des marques et de d\u00e9cliner l\u2019ensemble des \u00ab\u00a0b\u00e9n\u00e9fices installateur\u00a0\u00bb : FINIMETAL, une\u00a0offre globale\u00a0permettant d\u2019apporter des\u00a0solutions compl\u00e8tes\u00a0(radiateur, s\u00e8che-serviettes, plancher chauffant et hydroc\u00e2bl\u00e9s) Illustration avec\u00a09 \u00e9metteurs\u00a0dont 2 s\u00e8che-serviettes\u2026","rel":"","context":"Dans &quot;Artibat 2018&quot;","img":{"alt_text":"finimetal","src":"https:\/\/batimedialive.files.wordpress.com\/2018\/09\/finimetal.jpg?w=350&h=200&crop=1","width":350,"height":200},"classes":[]},{"id":11660,"url":"https:\/\/batimedianews.com\/live\/index.php\/2021\/09\/08\/kvi-concept-propose-par-kit-vulcain-industries-une-gamme-made-in-france-de-solutions-pratiques-et-economiques-pour-creer-et-renover-des-salles-de-bains-design-robustes-et-faciles-dentretie\/","url_meta":{"origin":236,"position":5},"title":"KVI Concept propos\u00e9 par Kit Vulcain Industries : une gamme Made in France de solutions pratiques et \u00e9conomiques pour cr\u00e9er et r\u00e9nover des salles de bains design, robustes et faciles d\u2019entretien","date":"8 septembre 2021","format":false,"excerpt":"Selon l\u2019Agence Nationale de l\u2019Habitat (Anha), l\u2019ann\u00e9e 2020 a \u00e9t\u00e9 marqu\u00e9e par une acc\u00e9l\u00e9ration de la r\u00e9novation des habitats priv\u00e9s : 247 323 logements ont \u00e9t\u00e9 r\u00e9nov\u00e9s, ce qui repr\u00e9sente une hausse d\u2019activit\u00e9 de + 58,8% (source). Cette tendance va probablement se produire notamment pour l\u2019adaptation de l\u2019habitat au handicap\u2026","rel":"","context":"Dans &quot;Actualit\u00e9 Entreprises&quot;","img":{"alt_text":"","src":"https:\/\/i0.wp.com\/batimedianews.com\/live\/wp-content\/uploads\/2021\/08\/KVIConcept-Article.png?fit=512%2C512&ssl=1&resize=350%2C200","width":350,"height":200},"classes":[]}],"_links":{"self":[{"href":"https:\/\/batimedianews.com\/live\/index.php\/wp-json\/wp\/v2\/posts\/236"}],"collection":[{"href":"https:\/\/batimedianews.com\/live\/index.php\/wp-json\/wp\/v2\/posts"}],"about":[{"href":"https:\/\/batimedianews.com\/live\/index.php\/wp-json\/wp\/v2\/types\/post"}],"author":[{"embeddable":true,"href":"https:\/\/batimedianews.com\/live\/index.php\/wp-json\/wp\/v2\/users\/2"}],"replies":[{"embeddable":true,"href":"https:\/\/batimedianews.com\/live\/index.php\/wp-json\/wp\/v2\/comments?post=236"}],"version-history":[{"count":0,"href":"https:\/\/batimedianews.com\/live\/index.php\/wp-json\/wp\/v2\/posts\/236\/revisions"}],"wp:featuredmedia":[{"embeddable":true,"href":"https:\/\/batimedianews.com\/live\/index.php\/wp-json\/wp\/v2\/media\/240"}],"wp:attachment":[{"href":"https:\/\/batimedianews.com\/live\/index.php\/wp-json\/wp\/v2\/media?parent=236"}],"wp:term":[{"taxonomy":"category","embeddable":true,"href":"https:\/\/batimedianews.com\/live\/index.php\/wp-json\/wp\/v2\/categories?post=236"},{"taxonomy":"post_tag","embeddable":true,"href":"https:\/\/batimedianews.com\/live\/index.php\/wp-json\/wp\/v2\/tags?post=236"}],"curies":[{"name":"wp","href":"https:\/\/api.w.org\/{rel}","templated":true}]}}