{"id":24410,"date":"2022-10-26T11:56:51","date_gmt":"2022-10-26T09:56:51","guid":{"rendered":"http:\/\/batimedianews.com\/live\/?p=24410"},"modified":"2023-03-08T19:34:59","modified_gmt":"2023-03-08T18:34:59","slug":"grace-a-son-procede-de-fossilisation-acceleree-neolithe-favorise-la-decarbonation-de-lindustrie-miniere-francaise","status":"publish","type":"post","link":"https:\/\/batimedianews.com\/live\/index.php\/2022\/10\/26\/grace-a-son-procede-de-fossilisation-acceleree-neolithe-favorise-la-decarbonation-de-lindustrie-miniere-francaise\/","title":{"rendered":"GR\u00c2CE \u00c0 SON PROC\u00c9D\u00c9 DE FOSSILISATION ACC\u00c9L\u00c9R\u00c9E, N\u00c9OLITHE FAVORISE LA D\u00c9CARBONATION DE L\u2019INDUSTRIE MINI\u00c8RE FRAN\u00c7AISE"},"content":{"rendered":"\n<p><strong>Chalonnes-sur-Loire, octobre 2022_<\/strong> D\u00e9j\u00e0 une r\u00e9alit\u00e9 depuis plusieurs ann\u00e9es, \u00e0 l\u2019image de la cr\u00e9ation d\u2019une REP (responsabilit\u00e9 \u00e9largie des producteurs) pour les produits et mat\u00e9riaux de construction et du b\u00e2timent, la transition \u00e9cologique de l\u2019industrie min\u00e9rale fran\u00e7aise est lanc\u00e9e mais fait face \u00e0 des enjeux colossaux. Pour accompagner les acteurs du secteur dans cette d\u00e9marche, N\u00e9olithe a invent\u00e9 et d\u00e9velopp\u00e9 un proc\u00e9d\u00e9 brevet\u00e9 de Fossilisation acc\u00e9l\u00e9r\u00e9e permettant de transformer les 30 millions de tonnes de d\u00e9chets non-recyclables enfouis ou incin\u00e9r\u00e9s chaque ann\u00e9e, en granulats pouvant \u00eatre utilis\u00e9s dans la fabrication de sous-couches routi\u00e8res ainsi qu\u2019au sein de b\u00e9tons non structurels.<\/p>\n\n\n\n<p class=\"has-sm-color-tertiary-color has-text-color\" style=\"font-size:18px\">Une innovation majeure participant \u00e0 la d\u00e9carbonation de l\u2019industrie min\u00e9rale<\/p>\n\n\n\n<p>Gr\u00e2ce \u00e0 la cr\u00e9ation de la fossilisation acc\u00e9l\u00e9r\u00e9e, nouvelle voie de traitement des d\u00e9chets non-recyclables, N\u00e9olithe apporte une alternative concr\u00e8te et efficace \u00e0 l\u2019enfouissement et\u2002\u00e0 l\u2019incin\u00e9ration.<\/p>\n\n\n\n<p>Ce proc\u00e9d\u00e9 brevet\u00e9 vise \u00e0 transformer les d\u00e9chets non-recyclables en granulats min\u00e9raux, gr\u00e2ce \u00e0 des unit\u00e9s de traitement appel\u00e9es Fossilisateurs. Ces granulats min\u00e9raux, nomm\u00e9s Anthropocite, peuvent ainsi \u00eatre utilis\u00e9s pour les sous-couches routi\u00e8res et le b\u00e9ton non structurel.<\/p>\n\n\n\n<p>Cette innovation, qui vise \u00e0 remplacer les m\u00e9thodes traditionnelles de traitement des d\u00e9chets non-recyclables, a parall\u00e8lement un impact majeur sur l\u2019industrie mini\u00e8re fran\u00e7aise puisqu\u2019elle participe \u00e0 la cr\u00e9ation d\u2019une mati\u00e8re premi\u00e8re issue 100% de la revalorisation de d\u00e9chets avec un impact carbone intrins\u00e8quement n\u00e9gatif de -318kgCO2\/t.<\/p>\n\n\n\n<p>Une r\u00e9elle avanc\u00e9e pour la d\u00e9carbonation du secteur lorsque l\u2019on sait que chaque ann\u00e9e en France, plus de 400 millions de tonnes de granulats sont consomm\u00e9s.<\/p>\n\n\n\n<p class=\"has-sm-color-tertiary-color has-text-color\" style=\"font-size:18px\">L\u2019Anthropocite comme nouvelle alternative \u00e9cologique<\/p>\n\n\n\n<figure class=\"wp-block-image size-large\"><img loading=\"lazy\" width=\"720\" height=\"376\" src=\"https:\/\/i1.wp.com\/batimedianews.com\/live\/wp-content\/uploads\/2022\/10\/image-225.png?resize=720%2C376\" alt=\"\" class=\"wp-image-24411\" srcset=\"https:\/\/i1.wp.com\/batimedianews.com\/live\/wp-content\/uploads\/2022\/10\/image-225.png?resize=1024%2C535&amp;ssl=1 1024w, https:\/\/i1.wp.com\/batimedianews.com\/live\/wp-content\/uploads\/2022\/10\/image-225.png?resize=600%2C314&amp;ssl=1 600w, https:\/\/i1.wp.com\/batimedianews.com\/live\/wp-content\/uploads\/2022\/10\/image-225.png?resize=768%2C401&amp;ssl=1 768w, https:\/\/i1.wp.com\/batimedianews.com\/live\/wp-content\/uploads\/2022\/10\/image-225.png?resize=10%2C5&amp;ssl=1 10w, https:\/\/i1.wp.com\/batimedianews.com\/live\/wp-content\/uploads\/2022\/10\/image-225.png?resize=432%2C226&amp;ssl=1 432w, https:\/\/i1.wp.com\/batimedianews.com\/live\/wp-content\/uploads\/2022\/10\/image-225.png?resize=396%2C207&amp;ssl=1 396w, https:\/\/i1.wp.com\/batimedianews.com\/live\/wp-content\/uploads\/2022\/10\/image-225.png?resize=1120%2C585&amp;ssl=1 1120w, https:\/\/i1.wp.com\/batimedianews.com\/live\/wp-content\/uploads\/2022\/10\/image-225.png?resize=660%2C345&amp;ssl=1 660w, https:\/\/i1.wp.com\/batimedianews.com\/live\/wp-content\/uploads\/2022\/10\/image-225.png?resize=421%2C220&amp;ssl=1 421w, https:\/\/i1.wp.com\/batimedianews.com\/live\/wp-content\/uploads\/2022\/10\/image-225.png?w=1500&amp;ssl=1 1500w, https:\/\/i1.wp.com\/batimedianews.com\/live\/wp-content\/uploads\/2022\/10\/image-225.png?w=1440 1440w\" sizes=\"(max-width: 600px) 91vw, (max-width: 900px) 600px, (max-width: 1060px) 50vw, (max-width: 1200px) 520px, (max-width: 1400px) 43vw, 600px\" data-recalc-dims=\"1\" \/><\/figure>\n\n\n\n<p>En d\u00e9veloppant son proc\u00e9d\u00e9\u2002\u00e0 \u00e9chelle industrielle, N\u00e9olithe montre que l\u2019innovation peut apporter des r\u00e9ponses efficaces aux enjeux environnementaux actuels.<\/p>\n\n\n\n<p>Ayant d\u00e9j\u00e0 obtenu un premier agr\u00e9ment de la part du CSTB (Centre Scientifique et Technique du B\u00e2timent), les granulats d\u2019Anthropocite peuvent \u00eatre utilis\u00e9s, \u00e0 hauteur de 10%, au sein de b\u00e9ton non structurel en tant que substitut aux granulats traditionnels. La familiarisation de cette nouvelle structure min\u00e9rale au sein de l\u2019industrie mini\u00e8re permettrait de participer\u2002\u00e0 l\u2019am\u00e9lioration du bilan carbone de ce secteur.<\/p>\n\n\n\n<p><em>\u00a0\u00bb L\u2019acceptation de nouvelles mati\u00e8res innovantes n\u00e9cessite des \u00e9volutions r\u00e9glementaires permettant aux acteurs de l\u2019industrie mini\u00e8re de faire appel \u00e0 ces alternatives \u00e9cologiques. Notre objectif est de multiplier les usages de l\u2019Anthropocite afin de faciliter leur utilisation par les acteurs du secteur et, dans le m\u00eame temps, am\u00e9liorer significativement l\u2019impact sur leur bilan carbone. \u00a0\u00bb <\/em>d\u00e9clare Nicolas Cruaud, Pr\u00e9sident de N\u00e9olithe.<\/p>\n\n\n\n<p><strong>\u00c0 propos de N\u00e9olithe<\/strong><\/p>\n\n\n\n<p class=\"has-small-font-size\">N\u00e9olithe est une soci\u00e9t\u00e9 cr\u00e9\u00e9e en janvier 2019 et localis\u00e9e \u00e0 Chalonnes-sur-Loire pr\u00e8s d\u2019Angers ayant d\u00e9velopp\u00e9 une nouvelle voie de traitement des d\u00e9chets non-recyclables qui vise \u00e0 mettre fin \u2002 l\u2019enfouissement et \u00e0 l\u2019incin\u00e9ration : la fossilisation acc\u00e9l\u00e9r\u00e9e. Ce proc\u00e9d\u00e9 brevet\u00e9 consiste \u00e0 transformer les d\u00e9chets non-recyclables en Anthropocite, nouvelle mati\u00e8re se pr\u00e9sentant sous la forme de granulats min\u00e9raux norm\u00e9s utilisables dans le secteur de la construction pour les sous-couches routi\u00e8res et le b\u00e9ton.<\/p>\n","protected":false},"excerpt":{"rendered":"<p>Chalonnes-sur-Loire, octobre 2022_ D\u00e9j\u00e0 une r\u00e9alit\u00e9 depuis plusieurs ann\u00e9es, \u00e0 l\u2019image de la cr\u00e9ation d\u2019une REP (responsabilit\u00e9 \u00e9largie des producteurs) pour les produits et mat\u00e9riaux de construction et du b\u00e2timent, la transition \u00e9cologique de l\u2019industrie min\u00e9rale fran\u00e7aise est lanc\u00e9e mais fait face \u00e0 des enjeux colossaux. Pour accompagner les acteurs du secteur dans cette d\u00e9marche, [&hellip;]<\/p>\n","protected":false},"author":41,"featured_media":24412,"comment_status":"open","ping_status":"open","sticky":false,"template":"","format":"standard","meta":{"spay_email":""},"categories":[4,866,50,486,56,59,77,109,128],"tags":[2169,1968,2168,2160,2170],"jetpack_featured_media_url":"https:\/\/i0.wp.com\/batimedianews.com\/live\/wp-content\/uploads\/2022\/10\/Neolithe-Article.jpg?fit=1920%2C1080&ssl=1","jetpack_sharing_enabled":true,"jetpack_likes_enabled":true,"jetpack-related-posts":[{"id":21253,"url":"https:\/\/batimedianews.com\/live\/index.php\/2022\/06\/22\/la-societe-neolithe-realise-avec-succes-sa-troisieme-levee-de-fonds-dun-montant-de-20-millions-deuros-marquant-une-etape-cle-pour-son-developpement\/","url_meta":{"origin":24410,"position":0},"title":"La soci\u00e9t\u00e9 N\u00e9olithe r\u00e9alise avec succ\u00e8s sa troisi\u00e8me lev\u00e9e de fonds d\u2019un montant de 20 millions d\u2019euros, marquant une \u00e9tape cl\u00e9 pour son d\u00e9veloppement.","date":"22 juin 2022","format":false,"excerpt":"Chalonnes-sur-Loire, juin 2022_ N\u00e9olithe, jeune start-up industrielle fran\u00e7aise laur\u00e9ate de la nouvelle promotion du French Tech Green20, \u00e0 l\u2019origine d\u2019une innovation majeure dans le traitement des d\u00e9chets, vient de r\u00e9aliser sa troisi\u00e8me lev\u00e9e de fonds d\u2019un montant total de 20 millions d\u2019euros aupr\u00e8s de Otium Capital et d\u2019investisseurs familiaux. Une\u2026","rel":"","context":"Dans &quot;Actualit\u00e9 Entreprises&quot;","img":{"alt_text":"","src":"https:\/\/i2.wp.com\/batimedianews.com\/live\/wp-content\/uploads\/2022\/06\/Neolithe-Article.jpg?fit=1080%2C1080&ssl=1&resize=350%2C200","width":350,"height":200},"classes":[]},{"id":16446,"url":"https:\/\/batimedianews.com\/live\/index.php\/2022\/02\/23\/le-syndicat-francais-de-lindustrie-cimentiere-et-le-cementlab-accelerateur-de-start-up-seront-presents-sur-le-forum-de-la-federation-nationale-des-travaux-publics-investir-la-transition\/","url_meta":{"origin":24410,"position":1},"title":"Le Syndicat Fran\u00e7ais de l\u2019Industrie Cimenti\u00e8re et le CementLAB, acc\u00e9l\u00e9rateur de start-up, seront pr\u00e9sents sur le Forum de la F\u00e9d\u00e9ration Nationale des Travaux Publics : \u00ab\u00a0Investir la transition \u00e9cologique\u00a0\u00bb \u2002","date":"23 f\u00e9vrier 2022","format":false,"excerpt":"L\u2019Industrie Cimenti\u00e8re engag\u00e9e dans une strat\u00e9gie ambitieuse de r\u00e9duction de ses \u00e9missions, souhaite profiter de cette occasion pour partager les contributions du b\u00e9ton dans la d\u00e9carbonation des infrastructures. La baisse de l'empreinte carbone des ouvrages ainsi que la capacit\u00e9 du b\u00e9ton \u00e0 r\u00e9pondre aux enjeux de r\u00e9silience climatique seront abord\u00e9s\u2026","rel":"","context":"Dans &quot;Actualit\u00e9 Entreprises&quot;","img":{"alt_text":"","src":"https:\/\/i1.wp.com\/batimedianews.com\/live\/wp-content\/uploads\/2022\/02\/SFIC-Article.jpg?fit=512%2C512&ssl=1&resize=350%2C200","width":350,"height":200},"classes":[]},{"id":25039,"url":"https:\/\/batimedianews.com\/live\/index.php\/2022\/11\/27\/le-batimedia-des-prescripteurs-de-novembre-2022\/","url_meta":{"origin":24410,"position":2},"title":"Le batim\u00e9dia des prescripteurs de Novembre 2022","date":"27 novembre 2022","format":false,"excerpt":"J'ai le plaisir de vous mettre \u00e0 disposition le dernier BMP - Batim\u00e9dia des prescripteurs, num\u00e9ro 301, de novembre 2022.L'objectif est de vous apporter une information technique de qualit\u00e9 sur les produits et services du b\u00e2timent.\u00a0Tr\u00e8s peu de pub, surtout des reportages, des espaces produits de fabricants , les informations\u2026","rel":"","context":"Dans &quot;Actualit\u00e9 Entreprises&quot;","img":{"alt_text":"","src":"https:\/\/i0.wp.com\/batimedianews.com\/live\/wp-content\/uploads\/2022\/11\/image-bmp301.png?fit=1200%2C1200&ssl=1&resize=350%2C200","width":350,"height":200},"classes":[]},{"id":21498,"url":"https:\/\/batimedianews.com\/live\/index.php\/2022\/07\/04\/bertrand-bedel-reelu-a-la-presidence-de-la-federation-de-lindustrie-du-beton-fib\/","url_meta":{"origin":24410,"position":3},"title":"Bertrand Bedel, r\u00e9\u00e9lu \u00e0 la pr\u00e9sidence de la                                   F\u00e9d\u00e9ration de l\u2019Industrie du B\u00e9ton (FIB)","date":"4 juillet 2022","format":false,"excerpt":"Bertrand Bedel (65 ans) a \u00e9t\u00e9 r\u00e9\u00e9lu \u00e0 la pr\u00e9sidence de la F\u00e9d\u00e9ration de l\u2019industrie du B\u00e9ton (FIB), pour un nouveau mandat d\u2019un an, lors de l\u2019Assembl\u00e9e G\u00e9n\u00e9rale qui s\u2019est tenue le 17 juin \u00e0 Paris. Bertrand Bedel est \u00e9galement le pr\u00e9sident du Centre d\u2019\u00c9tudes et de Recherches de l\u2019Industrie\u2026","rel":"","context":"Dans &quot;Actualit\u00e9 Entreprises&quot;","img":{"alt_text":"","src":"https:\/\/i1.wp.com\/batimedianews.com\/live\/wp-content\/uploads\/2022\/06\/FIB-Article.jpg?fit=1080%2C1080&ssl=1&resize=350%2C200","width":350,"height":200},"classes":[]},{"id":18494,"url":"https:\/\/batimedianews.com\/live\/index.php\/2022\/04\/06\/cercle-promodul-inef4-publie-son-rapport-dactivite-2021\/","url_meta":{"origin":24410,"position":4},"title":"Cercle Promodul \/ INEF4 publie son rapport d\u2019activit\u00e9 2021","date":"6 avril 2022","format":false,"excerpt":"\u00a0Retour sur une ann\u00e9e importante.\u00a0 Cercle Promodul \/ INEF4 pr\u00e9sente son rapport d\u2019activit\u00e9 2021. Ann\u00e9e riche pour le Fonds de dotation, permettant d\u2019atteindre ses objectifs de d\u00e9veloppement fix\u00e9s : notori\u00e9t\u00e9, visibilit\u00e9 et reconnaissance.\u00a0 \u00a0Des travaux importants et structurants\u00a0 Tout au long de l\u2019ann\u00e9e 2021, Cercle Promodul \/ INEF4 s\u2019est fortement\u2026","rel":"","context":"Dans &quot;Actualit\u00e9 Entreprises&quot;","img":{"alt_text":"","src":"https:\/\/i0.wp.com\/batimedianews.com\/live\/wp-content\/uploads\/2022\/03\/Promodul-Article-1.jpg?fit=512%2C512&ssl=1&resize=350%2C200","width":350,"height":200},"classes":[]},{"id":46677,"url":"https:\/\/batimedianews.com\/live\/index.php\/2025\/09\/25\/mecanisme-dajustement-carbone-aux-frontieres-cemineu-reaffirme-son-soutien-a-un-dispositif-indispensable-pour-soutenir-la-transition-bas-carbone-du-ciment\/","url_meta":{"origin":24410,"position":5},"title":"M\u00c9CANISME D&rsquo;AJUSTEMENT CARBONE AUX FRONTI\u00c8RES &#8211; CEM&rsquo;IN&rsquo;EU r\u00e9affirme son soutien \u00e0 un dispositif indispensable pour soutenir la transition bas carbone du ciment","date":"25 septembre 2025","format":false,"excerpt":"Nantes, le\u00a015\u00a0septembre 2025\u00a0-\u00a0Le 1er\u00a0janvier 2026, le m\u00e9canisme d'ajustement carbone aux fronti\u00e8res\u00a0(MACF ou CBAM en anglais)\u00a0de l'Union\u00a0Europ\u00e9enne\u00a0entrera\u00a0effectivement\u00a0dans sa phase op\u00e9rationnelle.\u00a0Avec le march\u00e9 europ\u00e9en du carbone (ETS), l'UE\u00a0est d\u00e9sormais dot\u00e9e\u00a0des outils indispensables \u00e0 l'atteinte de ses objectifs de d\u00e9carbonation de l'industrie, tout en pr\u00e9servant la comp\u00e9titivit\u00e9 des acteurs en Europe. Les politiques\u2026","rel":"","context":"Dans &quot;Actualit\u00e9 Entreprises&quot;","img":{"alt_text":"","src":"https:\/\/i0.wp.com\/batimedianews.com\/live\/wp-content\/uploads\/2025\/09\/Cemineuarticle.jpg?fit=825%2C825&ssl=1&resize=350%2C200","width":350,"height":200},"classes":[]}],"_links":{"self":[{"href":"https:\/\/batimedianews.com\/live\/index.php\/wp-json\/wp\/v2\/posts\/24410"}],"collection":[{"href":"https:\/\/batimedianews.com\/live\/index.php\/wp-json\/wp\/v2\/posts"}],"about":[{"href":"https:\/\/batimedianews.com\/live\/index.php\/wp-json\/wp\/v2\/types\/post"}],"author":[{"embeddable":true,"href":"https:\/\/batimedianews.com\/live\/index.php\/wp-json\/wp\/v2\/users\/41"}],"replies":[{"embeddable":true,"href":"https:\/\/batimedianews.com\/live\/index.php\/wp-json\/wp\/v2\/comments?post=24410"}],"version-history":[{"count":2,"href":"https:\/\/batimedianews.com\/live\/index.php\/wp-json\/wp\/v2\/posts\/24410\/revisions"}],"predecessor-version":[{"id":24515,"href":"https:\/\/batimedianews.com\/live\/index.php\/wp-json\/wp\/v2\/posts\/24410\/revisions\/24515"}],"wp:featuredmedia":[{"embeddable":true,"href":"https:\/\/batimedianews.com\/live\/index.php\/wp-json\/wp\/v2\/media\/24412"}],"wp:attachment":[{"href":"https:\/\/batimedianews.com\/live\/index.php\/wp-json\/wp\/v2\/media?parent=24410"}],"wp:term":[{"taxonomy":"category","embeddable":true,"href":"https:\/\/batimedianews.com\/live\/index.php\/wp-json\/wp\/v2\/categories?post=24410"},{"taxonomy":"post_tag","embeddable":true,"href":"https:\/\/batimedianews.com\/live\/index.php\/wp-json\/wp\/v2\/tags?post=24410"}],"curies":[{"name":"wp","href":"https:\/\/api.w.org\/{rel}","templated":true}]}}