{"id":25202,"date":"2022-12-12T09:35:24","date_gmt":"2022-12-12T08:35:24","guid":{"rendered":"http:\/\/batimedianews.com\/live\/?p=25202"},"modified":"2023-07-15T14:57:15","modified_gmt":"2023-07-15T12:57:15","slug":"knauf-renforce-sa-relation-clients-avec-toujours-plus-de-services-et-de-digitalisation","status":"publish","type":"post","link":"https:\/\/batimedianews.com\/live\/index.php\/2022\/12\/12\/knauf-renforce-sa-relation-clients-avec-toujours-plus-de-services-et-de-digitalisation\/","title":{"rendered":"KNAUF renforce sa relation clients avec toujours plus de services et de digitalisation"},"content":{"rendered":"\n<figure class=\"wp-block-image size-large\"><img loading=\"lazy\" width=\"720\" height=\"480\" src=\"https:\/\/i1.wp.com\/batimedianews.com\/live\/wp-content\/uploads\/2022\/12\/image-29.png?resize=720%2C480\" alt=\"\" class=\"wp-image-25203\" srcset=\"https:\/\/i1.wp.com\/batimedianews.com\/live\/wp-content\/uploads\/2022\/12\/image-29.png?w=850&amp;ssl=1 850w, https:\/\/i1.wp.com\/batimedianews.com\/live\/wp-content\/uploads\/2022\/12\/image-29.png?resize=600%2C400&amp;ssl=1 600w, https:\/\/i1.wp.com\/batimedianews.com\/live\/wp-content\/uploads\/2022\/12\/image-29.png?resize=768%2C512&amp;ssl=1 768w, https:\/\/i1.wp.com\/batimedianews.com\/live\/wp-content\/uploads\/2022\/12\/image-29.png?resize=10%2C7&amp;ssl=1 10w, https:\/\/i1.wp.com\/batimedianews.com\/live\/wp-content\/uploads\/2022\/12\/image-29.png?resize=432%2C288&amp;ssl=1 432w, https:\/\/i1.wp.com\/batimedianews.com\/live\/wp-content\/uploads\/2022\/12\/image-29.png?resize=396%2C264&amp;ssl=1 396w, https:\/\/i1.wp.com\/batimedianews.com\/live\/wp-content\/uploads\/2022\/12\/image-29.png?resize=660%2C440&amp;ssl=1 660w, https:\/\/i1.wp.com\/batimedianews.com\/live\/wp-content\/uploads\/2022\/12\/image-29.png?resize=330%2C220&amp;ssl=1 330w\" sizes=\"(max-width: 600px) 91vw, (max-width: 900px) 600px, (max-width: 1060px) 50vw, (max-width: 1200px) 520px, (max-width: 1400px) 43vw, 600px\" data-recalc-dims=\"1\" \/><figcaption>La digitalisation enrichit la relation clients<\/figcaption><\/figure>\n\n\n\n<p><strong>Soci\u00e9t\u00e9 familiale fond\u00e9e en 1932, le Groupe Knauf est le premier producteur mondial de plaques de pl\u00e2tre, avec 40 000 collaborateurs, 304 usines r\u00e9parties dans plus de 90 pays, pour un chiffre d\u2019affaires de 12,6 milliards d\u2019euros en 2021.<\/strong><\/p>\n\n\n\n<p>En France, le Groupe est pr\u00e9sent via sa filiale Knauf France depuis 1984, qui s\u2019impose aujourd\u2019hui comme le leader fran\u00e7ais du PSE (Polystyr\u00e8ne Expans\u00e9) pour le b\u00e2timent mais \u00e9galement comme l\u2019unique producteur tricolore de laine de bois.<\/p>\n\n\n\n<p>A travers son Offre Globale &#8211; plaques de pl\u00e2tre, panneaux isolants en polystyr\u00e8ne expans\u00e9, polyur\u00e9thane, laine de bois et fibres biosourc\u00e9es &#8211; Knauf r\u00e9pond \u00e0 l\u2019ensemble des besoins des acteurs du b\u00e2timent pour l\u2019am\u00e9nagement int\u00e9rieur et l\u2019isolation des b\u00e2timents.<\/p>\n\n\n\n<p class=\"has-medium-font-size\">POINT CONJONCTUREL,<\/p>\n\n\n\n<p class=\"has-text-color has-medium-font-size\" style=\"color:#03adf6\">BILAN 2022 ET PERSPECTIVES 2023<\/p>\n\n\n\n<p>Apr\u00e8s une ann\u00e9e 2021 de reprise tr\u00e8s soutenue, l\u2019exercice 2022 a \u00e9t\u00e9 marqu\u00e9 par la demande de travaux en am\u00e9nagement int\u00e9rieur, pl\u00e2trerie et isolation, m\u00eame si ceux-ci ont quelque peu fl\u00e9chi au cours du second trimestre.<\/p>\n\n\n\n<p>Si la croissance du march\u00e9 de la plaque de pl\u00e2tre, cloisons et doublages, a ralenti apr\u00e8s une ann\u00e9e 2021 exceptionnelle (+15 %), Knauf y revendique pour sa part une ann\u00e9e 2022 stable, en d\u00e9pit des probl\u00e8mes rencontr\u00e9s suite \u00e0 une cyber-attaque mondiale.<\/p>\n\n\n\n<div class=\"wp-block-image\"><figure class=\"alignright size-large is-resized\"><img loading=\"lazy\" src=\"https:\/\/i0.wp.com\/batimedianews.com\/live\/wp-content\/uploads\/2022\/12\/image-30.png?resize=180%2C227\" alt=\"\" class=\"wp-image-25204\" width=\"180\" height=\"227\" srcset=\"https:\/\/i0.wp.com\/batimedianews.com\/live\/wp-content\/uploads\/2022\/12\/image-30.png?w=449&amp;ssl=1 449w, https:\/\/i0.wp.com\/batimedianews.com\/live\/wp-content\/uploads\/2022\/12\/image-30.png?resize=8%2C10&amp;ssl=1 8w, https:\/\/i0.wp.com\/batimedianews.com\/live\/wp-content\/uploads\/2022\/12\/image-30.png?resize=432%2C546&amp;ssl=1 432w, https:\/\/i0.wp.com\/batimedianews.com\/live\/wp-content\/uploads\/2022\/12\/image-30.png?resize=396%2C500&amp;ssl=1 396w, https:\/\/i0.wp.com\/batimedianews.com\/live\/wp-content\/uploads\/2022\/12\/image-30.png?resize=174%2C220&amp;ssl=1 174w\" sizes=\"(max-width: 600px) 91vw, (max-width: 900px) 600px, (max-width: 1060px) 50vw, (max-width: 1200px) 520px, (max-width: 1400px) 43vw, 600px\" data-recalc-dims=\"1\" \/><\/figure><\/div>\n\n\n\n<p class=\"has-sm-dark-tertiary-color has-text-color\">Et Christine Muscat, Directeur G\u00e9n\u00e9ral Knauf de d\u00e9velopper :\u2002<em>\u00a0\u00bb Notre volume d\u2019affaires tricolore est en l\u00e9g\u00e8re croissance pour l\u2019ensemble de notre Offre Globale vs 2021. Les plafonds en laine de bois Knauf affichent \u00e9galement une belle performance, avec une progression de + 5 % des ventes. Il en est de m\u00eame des isolants PSE Knauf pour les fa\u00e7ades, qui revendiquent une progression de + 10 %. Le volume des autres solutions d\u2019isolants Knauf est quant \u00e0 lui stable par rapport \u00e0 2021 \u00ab\u00a0<\/em>.<\/p>\n\n\n\n<p class=\"has-sm-dark-tertiary-color has-text-color\">Et de conclure :\u2002<em>\u00a0\u00bb Outre notre Offre Globale, Knauf s\u2019engage vers toujours plus de services et de digitalisation afin d\u2019accompagner les acteurs du b\u00e2timent dans l\u2019\u00e9volution incontournable des modes constructifs face notamment aux d\u00e9fis de la RE2020 et de la d\u00e9carbonation \u00ab\u00a0.<\/em><\/p>\n\n\n\n<p>Concernant les perspectives g\u00e9n\u00e9rales 2023, une ann\u00e9e sous le signe d\u2019une forte inflation, elles s\u2019annoncent plus difficiles que l\u2019exercice 2022 dans le logement neuf malgr\u00e9 une tendance annuelle encore positive (mise en chantier de logements + 2,1 % dans le diffus, 12 mois glissants \u00e0 la fin du T3 2021 &#8211; + 8,9 % en 2021).<\/p>\n\n\n\n<p>Un ralentissement s\u2019av\u00e8re donc in\u00e9luctable. Quant au non-r\u00e9sidentiel, apr\u00e8s un red\u00e9marrage plus tardif, la tendance commence juste \u00e0 fl\u00e9chir (+5,7%). Si les carnets de commande demeurent importants, les prix de l\u2019\u00e9nergie notamment ont atteint des sommets in\u00e9dits, diffusant la crise \u00e0 tous les secteurs et entra\u00eenant une inflation record.<\/p>\n\n\n\n<p><strong>Aussi, la construction neuve ne devrait pas produire de croissance et la r\u00e9novation, port\u00e9e par l\u2019efficacit\u00e9\u2002\u00e9nerg\u00e9tique, poursuivra certainement sa tendance 2022 \u00e0 + 3 % pour devenir le secteur moteur du b\u00e2timent.<\/strong><\/p>\n\n\n\n<figure class=\"wp-block-image size-large\"><img loading=\"lazy\" width=\"720\" height=\"327\" src=\"https:\/\/i1.wp.com\/batimedianews.com\/live\/wp-content\/uploads\/2022\/12\/image-31.png?resize=720%2C327\" alt=\"\" class=\"wp-image-25205\" srcset=\"https:\/\/i1.wp.com\/batimedianews.com\/live\/wp-content\/uploads\/2022\/12\/image-31.png?w=999&amp;ssl=1 999w, https:\/\/i1.wp.com\/batimedianews.com\/live\/wp-content\/uploads\/2022\/12\/image-31.png?resize=600%2C273&amp;ssl=1 600w, https:\/\/i1.wp.com\/batimedianews.com\/live\/wp-content\/uploads\/2022\/12\/image-31.png?resize=768%2C349&amp;ssl=1 768w, https:\/\/i1.wp.com\/batimedianews.com\/live\/wp-content\/uploads\/2022\/12\/image-31.png?resize=10%2C5&amp;ssl=1 10w, https:\/\/i1.wp.com\/batimedianews.com\/live\/wp-content\/uploads\/2022\/12\/image-31.png?resize=432%2C196&amp;ssl=1 432w, https:\/\/i1.wp.com\/batimedianews.com\/live\/wp-content\/uploads\/2022\/12\/image-31.png?resize=396%2C180&amp;ssl=1 396w, https:\/\/i1.wp.com\/batimedianews.com\/live\/wp-content\/uploads\/2022\/12\/image-31.png?resize=660%2C300&amp;ssl=1 660w, https:\/\/i1.wp.com\/batimedianews.com\/live\/wp-content\/uploads\/2022\/12\/image-31.png?resize=484%2C220&amp;ssl=1 484w\" sizes=\"(max-width: 600px) 91vw, (max-width: 900px) 600px, (max-width: 1060px) 50vw, (max-width: 1200px) 520px, (max-width: 1400px) 43vw, 600px\" data-recalc-dims=\"1\" \/><\/figure>\n\n\n\n<p class=\"has-medium-font-size\">KNAUF RENFORCE SES \u00c9QUIPES AU SERVICE DES MA\u00ceTRES D\u2019OUVRAGE ET MA\u00ceTRES D\u2019OEUVRE<\/p>\n\n\n\n<div class=\"wp-block-image\"><figure class=\"alignright size-large is-resized\"><img loading=\"lazy\" src=\"https:\/\/i2.wp.com\/batimedianews.com\/live\/wp-content\/uploads\/2022\/12\/image-33.png?resize=296%2C197\" alt=\"\" class=\"wp-image-25207\" width=\"296\" height=\"197\" srcset=\"https:\/\/i2.wp.com\/batimedianews.com\/live\/wp-content\/uploads\/2022\/12\/image-33.png?w=510&amp;ssl=1 510w, https:\/\/i2.wp.com\/batimedianews.com\/live\/wp-content\/uploads\/2022\/12\/image-33.png?resize=10%2C7&amp;ssl=1 10w, https:\/\/i2.wp.com\/batimedianews.com\/live\/wp-content\/uploads\/2022\/12\/image-33.png?resize=432%2C288&amp;ssl=1 432w, https:\/\/i2.wp.com\/batimedianews.com\/live\/wp-content\/uploads\/2022\/12\/image-33.png?resize=396%2C264&amp;ssl=1 396w, https:\/\/i2.wp.com\/batimedianews.com\/live\/wp-content\/uploads\/2022\/12\/image-33.png?resize=330%2C220&amp;ssl=1 330w\" sizes=\"(max-width: 600px) 91vw, (max-width: 900px) 600px, (max-width: 1060px) 50vw, (max-width: 1200px) 520px, (max-width: 1400px) 43vw, 600px\" data-recalc-dims=\"1\" \/><\/figure><\/div>\n\n\n\n<p>Knauf s\u2019engage toujours plus pour accompagner les acteurs du b\u00e2timent dans l\u2019\u00e9volution incontournable des modes constructifs afin de relever les d\u00e9fis de la RE2020 et de la d\u00e9carbonation. Ainsi, <strong>5 personnes d\u00e9di\u00e9es viennent renforcer les actions de prescription d\u00e9j\u00e0 men\u00e9es chez Knauf, pour r\u00e9pondre aux projets les plus ambitieux d\u00e8s l\u2019\u00e9tape de conception<\/strong>. Sous la direction de Jean-Philippe Estner (architecte ENSAIS), Kam\u00e9lia Halhali (\u00cele-de-France Ouest \/ Ouest), Catherine Lillemann (\u00cele-de-France Est \/ Nord), Fran\u00e7ois Dass\u00e9 (Sud-Ouest) Alain Boujemaaoui (Rh\u00f4ne-Alpes\/Sud-Est) constituent la toute nouvelle \u00e9quipe Prescription Knauf.<\/p>\n\n\n\n<p>Celle-ci aura pour mission d\u2019assister efficacement tous les intervenants d\u2019un projet dans toutes les phases d\u2019\u00e9tudes. Les charg\u00e9s de prescription interviendront en amont, aupr\u00e8s des ma\u00eetres d\u2019ouvrage, architectes, bureaux d\u2019\u00e9tudes et\u2002\u00e9conomistes, afin de leur proposer les solutions Knauf les mieux optimis\u00e9es pour leurs projets. Ils seront les garants des prescriptions des syst\u00e8mes d\u2019am\u00e9nagement int\u00e9rieur, des gammes de plafonds acoustiques, mais aussi de l\u2019Offre Globale Knauf. <strong>L\u2019objectif est ainsi de r\u00e9pondre efficacement \u00e0 toutes les sollicitations, mais aussi d\u2019identifier les projets futurs pour lesquels les solutions Knauf sont particuli\u00e8rement adapt\u00e9es<\/strong>.<\/p>\n\n\n\n<p class=\"has-medium-font-size\">DE NOUVEAUX SERVICES DIGITAUX KNAUF<\/p>\n\n\n\n<p class=\"has-text-color has-medium-font-size\" style=\"color:#02a9f1\">D\u00c9DI\u00c9S \u00c0 LA PRESCRIPTION ET AUX PLAQUISTES<\/p>\n\n\n\n<p>Dans cette<strong> logique d\u2019accompagnement et de d\u00e9veloppement de services<\/strong>, Knauf \u00e9toffe son offre \u00e0 destination des professionnels du b\u00e2timent avec <strong>une nouvelle application d\u00e9di\u00e9e aux architectes, bureaux d\u2019\u00e9tudes et \u00e9conomistes : Planner Suite Knauf. Cet outil constitue pour ces acteurs, un outil 3 en 1 de productivit\u00e9 ultime de la planification de leurs projets<\/strong>.<\/p>\n\n\n\n<p>Accessible comme application sur le web ou comme Plug-in BIM disponible pour Revit et ArchiCAD, Planner Suite Knauf leur permet de rechercher et ins\u00e9rer ais\u00e9ment les produits et syst\u00e8mes Knauf adapt\u00e9s \u00e0 leurs projets d\u2019am\u00e9nagement int\u00e9rieur, ainsi que toutes les sp\u00e9cifications pertinentes par une simple recherche ou via une configuration multicrit\u00e8res, avec importation possible dans la maquette BIM.<\/p>\n\n\n\n<p>En posant quelques questions simples, sa fonction de recherche donne un aper\u00e7u des produits et syst\u00e8mes qui correspondent aux besoins sp\u00e9cifiques, comme la r\u00e9sistance au feu ou l\u2019affaiblissement acoustique. Il prend \u00e9galement en compte d\u2019autres facteurs, tels que la disponibilit\u00e9 r\u00e9gionale, pour garantir que seuls les  produits et syst\u00e8mes pertinents pour l\u2019emplacement du projet sont recommand\u00e9s &#8211; une donn\u00e9e particuli\u00e8rement utile pour les projets transfrontaliers.<strong> Planner Suite Knauf valide imm\u00e9diatement les donn\u00e9es relatives aux syst\u00e8mes propos\u00e9s avec une v\u00e9rification en continu de la validit\u00e9 des syst\u00e8mes s\u00e9lectionn\u00e9s, pour une maquette BIM toujours \u00e0 jour.<\/strong><\/p>\n\n\n\n<p>La version Plug-in BIM les alerte \u00e9galement s\u2019ils utilisent des produits qui ne sont plus commercialis\u00e9s et leur recommande, de mani\u00e8re proactive, les alternatives possibles.<\/p>\n\n\n\n<p>Planner Suite Knauf leur permettra \u00e9galement, dans sa prochaine version, un processus d\u2019appel d\u2019offres simplifi\u00e9, en fournissant les textes de cahiers des charges \u00e0 t\u00e9l\u00e9charger et est leur facilitera aussi la r\u00e9daction de leurs appels d\u2019offres gr\u00e2ce au configurateur  int\u00e9gr\u00e9 (\u00e0 l\u2019aide de descriptifs types d\u2019ouvrages).<\/p>\n\n\n\n<p>Cette nouvelle version quantifiera aussi les m\u00e9tr\u00e9s de mani\u00e8re automatis\u00e9e pour le DCE.<\/p>\n\n\n\n<figure class=\"wp-block-image size-large\"><img loading=\"lazy\" width=\"532\" height=\"454\" src=\"https:\/\/i0.wp.com\/batimedianews.com\/live\/wp-content\/uploads\/2022\/12\/image-34.png?resize=532%2C454\" alt=\"\" class=\"wp-image-25208\" srcset=\"https:\/\/i0.wp.com\/batimedianews.com\/live\/wp-content\/uploads\/2022\/12\/image-34.png?w=532&amp;ssl=1 532w, https:\/\/i0.wp.com\/batimedianews.com\/live\/wp-content\/uploads\/2022\/12\/image-34.png?resize=10%2C10&amp;ssl=1 10w, https:\/\/i0.wp.com\/batimedianews.com\/live\/wp-content\/uploads\/2022\/12\/image-34.png?resize=432%2C369&amp;ssl=1 432w, https:\/\/i0.wp.com\/batimedianews.com\/live\/wp-content\/uploads\/2022\/12\/image-34.png?resize=396%2C338&amp;ssl=1 396w, https:\/\/i0.wp.com\/batimedianews.com\/live\/wp-content\/uploads\/2022\/12\/image-34.png?resize=258%2C220&amp;ssl=1 258w\" sizes=\"(max-width: 600px) 91vw, (max-width: 900px) 600px, (max-width: 1060px) 50vw, (max-width: 1200px) 520px, (max-width: 1400px) 43vw, 600px\" data-recalc-dims=\"1\" \/><\/figure>\n\n\n\n<figure class=\"wp-block-image size-large is-resized\"><img loading=\"lazy\" src=\"https:\/\/i0.wp.com\/batimedianews.com\/live\/wp-content\/uploads\/2022\/12\/image-35.png?resize=475%2C356\" alt=\"\" class=\"wp-image-25209\" width=\"475\" height=\"356\" srcset=\"https:\/\/i0.wp.com\/batimedianews.com\/live\/wp-content\/uploads\/2022\/12\/image-35.png?w=606&amp;ssl=1 606w, https:\/\/i0.wp.com\/batimedianews.com\/live\/wp-content\/uploads\/2022\/12\/image-35.png?resize=600%2C450&amp;ssl=1 600w, https:\/\/i0.wp.com\/batimedianews.com\/live\/wp-content\/uploads\/2022\/12\/image-35.png?resize=10%2C7&amp;ssl=1 10w, https:\/\/i0.wp.com\/batimedianews.com\/live\/wp-content\/uploads\/2022\/12\/image-35.png?resize=432%2C324&amp;ssl=1 432w, https:\/\/i0.wp.com\/batimedianews.com\/live\/wp-content\/uploads\/2022\/12\/image-35.png?resize=396%2C297&amp;ssl=1 396w, https:\/\/i0.wp.com\/batimedianews.com\/live\/wp-content\/uploads\/2022\/12\/image-35.png?resize=294%2C220&amp;ssl=1 294w\" sizes=\"(max-width: 600px) 91vw, (max-width: 900px) 600px, (max-width: 1060px) 50vw, (max-width: 1200px) 520px, (max-width: 1400px) 43vw, 600px\" data-recalc-dims=\"1\" \/><\/figure>\n\n\n\n<p>Par ailleurs, Knauf s\u2019inscrit, depuis octobre 2022, en <strong>partenaire de BiM Cloisons, une entreprise qui facilite le travail des professionnels plaquistes 2.0<\/strong>. Con\u00e7u par des plaquistes pour les plaquistes, BiM Cloisons.Knauf constitue en effet un outil de derni\u00e8re g\u00e9n\u00e9ration permettant une mobilit\u00e9 sans pr\u00e9c\u00e9dent et un acc\u00e8s universel aux donn\u00e9es et documents g\u00e9n\u00e9r\u00e9s avec, \u00e0 la cl\u00e9, <strong>plus de r\u00e9activit\u00e9, plus de pr\u00e9cision et plus de productivit\u00e9<\/strong>.<\/p>\n\n\n\n<p>Avec l\u2019aide d\u2019un configurateur \u00e0 l\u2019interface intuitive et au design novateur, BiM Cloisons.Knauf s\u2019impose comme compagnon digital id\u00e9al et 360\u00b0, assurant notamment la pr\u00e9conisation des choix technico-\u00e9conomiques les plus pertinents en fonction des contraintes de chaque chantier, en comparant et variantant, en quelques clics, les ouvrages les mieux adapt\u00e9s techniquement et \u00e9conomiquement.<\/p>\n\n\n\n<p>BiM Cloisons.Knauf offre un acc\u00e9s rapide \u00e0 la base de donn\u00e9es Knauf Am\u00e9nagement Int\u00e9rieur. Un panel qui concentre \u00e0 ce jour les syst\u00e8mes Knauf les plus couramment utilis\u00e9s en cloisons et contre-cloisons, doublages coll\u00e9s et plafonds d\u00e9montables et non d\u00e9montables pour les logements, les ERP et le tertiaire. Notons que le p\u00e9rim\u00e8tre est appel\u00e9 \u00e0 se compl\u00e9ter pour pr\u00e9senter l\u2019int\u00e9gralit\u00e9 des solutions Knauf en Am\u00e9nagement Int\u00e9rieur.<\/p>\n\n\n\n<p><strong>BiM Cloisons.Knauf s\u2019adapte \u00e0 toutes les phases de chantier, BIM ou non<\/strong>. Il assure un d\u00e9marrage rapide des projets Revit\u00ae sous gabarits BIM Cloisons, afin de g\u00e9n\u00e9rer rapidement les m\u00e9tr\u00e9s, les devis, les dossiers techniques et plans de rep\u00e9rage. Il s\u2019impose\u2002\u00e9galement comme v\u00e9ritable atout concurrentiel gr\u00e2ce aux vues 3D dot\u00e9es d\u2019un niveau de d\u00e9tail tr\u00e8s \u00e9lev\u00e9.<\/p>\n\n\n\n<p>Enfin, en automatisant les processus de gestion, en g\u00e9n\u00e9rant en un clic tous les documents de gestion indispensables, BiM Cloisons.Knauf assure \u00e9galement la ma\u00eetrise des budgets et des \u00e9volutions, gr\u00e2ce \u00e0\u2002 une mise \u00e0 jour instantan\u00e9e de toutes les donn\u00e9es, supprimant ainsi les t\u00e2ches redondantes et les saisies inutiles.<\/p>\n\n\n\n<p><strong>BiM Cloisons.Knauf est donc un outil complet et polyvalent qui facilite le travail des plaquistes 2.0.Doc.<\/strong><\/p>\n\n\n\n<figure class=\"wp-block-image size-large is-resized\"><img loading=\"lazy\" src=\"https:\/\/i1.wp.com\/batimedianews.com\/live\/wp-content\/uploads\/2022\/12\/image-36.png?resize=407%2C207\" alt=\"\" class=\"wp-image-25210\" width=\"407\" height=\"207\" srcset=\"https:\/\/i1.wp.com\/batimedianews.com\/live\/wp-content\/uploads\/2022\/12\/image-36.png?w=667&amp;ssl=1 667w, https:\/\/i1.wp.com\/batimedianews.com\/live\/wp-content\/uploads\/2022\/12\/image-36.png?resize=600%2C306&amp;ssl=1 600w, https:\/\/i1.wp.com\/batimedianews.com\/live\/wp-content\/uploads\/2022\/12\/image-36.png?resize=10%2C5&amp;ssl=1 10w, https:\/\/i1.wp.com\/batimedianews.com\/live\/wp-content\/uploads\/2022\/12\/image-36.png?resize=432%2C220&amp;ssl=1 432w, https:\/\/i1.wp.com\/batimedianews.com\/live\/wp-content\/uploads\/2022\/12\/image-36.png?resize=396%2C202&amp;ssl=1 396w, https:\/\/i1.wp.com\/batimedianews.com\/live\/wp-content\/uploads\/2022\/12\/image-36.png?resize=660%2C336&amp;ssl=1 660w\" sizes=\"(max-width: 600px) 91vw, (max-width: 900px) 600px, (max-width: 1060px) 50vw, (max-width: 1200px) 520px, (max-width: 1400px) 43vw, 600px\" data-recalc-dims=\"1\" \/><\/figure>\n\n\n\n<figure class=\"wp-block-image size-large\"><img loading=\"lazy\" width=\"616\" height=\"340\" src=\"https:\/\/i1.wp.com\/batimedianews.com\/live\/wp-content\/uploads\/2022\/12\/image-37.png?resize=616%2C340\" alt=\"\" class=\"wp-image-25211\" srcset=\"https:\/\/i1.wp.com\/batimedianews.com\/live\/wp-content\/uploads\/2022\/12\/image-37.png?w=616&amp;ssl=1 616w, https:\/\/i1.wp.com\/batimedianews.com\/live\/wp-content\/uploads\/2022\/12\/image-37.png?resize=600%2C331&amp;ssl=1 600w, https:\/\/i1.wp.com\/batimedianews.com\/live\/wp-content\/uploads\/2022\/12\/image-37.png?resize=10%2C6&amp;ssl=1 10w, https:\/\/i1.wp.com\/batimedianews.com\/live\/wp-content\/uploads\/2022\/12\/image-37.png?resize=432%2C238&amp;ssl=1 432w, https:\/\/i1.wp.com\/batimedianews.com\/live\/wp-content\/uploads\/2022\/12\/image-37.png?resize=396%2C219&amp;ssl=1 396w, https:\/\/i1.wp.com\/batimedianews.com\/live\/wp-content\/uploads\/2022\/12\/image-37.png?resize=399%2C220&amp;ssl=1 399w\" sizes=\"(max-width: 600px) 91vw, (max-width: 900px) 600px, (max-width: 1060px) 50vw, (max-width: 1200px) 520px, (max-width: 1400px) 43vw, 600px\" data-recalc-dims=\"1\" \/><\/figure>\n\n\n\n<p class=\"has-text-color has-medium-font-size\" style=\"color:#01abf4\">KNAUF : UNE LONGUE TRADITION DU BIOSOURC\u00c9\u2002<\/p>\n\n\n\n<figure class=\"wp-block-image size-large\"><img loading=\"lazy\" width=\"528\" height=\"716\" src=\"https:\/\/i0.wp.com\/batimedianews.com\/live\/wp-content\/uploads\/2022\/12\/image-38.png?resize=528%2C716\" alt=\"\" class=\"wp-image-25212\" srcset=\"https:\/\/i0.wp.com\/batimedianews.com\/live\/wp-content\/uploads\/2022\/12\/image-38.png?w=528&amp;ssl=1 528w, https:\/\/i0.wp.com\/batimedianews.com\/live\/wp-content\/uploads\/2022\/12\/image-38.png?resize=442%2C600&amp;ssl=1 442w, https:\/\/i0.wp.com\/batimedianews.com\/live\/wp-content\/uploads\/2022\/12\/image-38.png?resize=7%2C10&amp;ssl=1 7w, https:\/\/i0.wp.com\/batimedianews.com\/live\/wp-content\/uploads\/2022\/12\/image-38.png?resize=432%2C586&amp;ssl=1 432w, https:\/\/i0.wp.com\/batimedianews.com\/live\/wp-content\/uploads\/2022\/12\/image-38.png?resize=396%2C537&amp;ssl=1 396w, https:\/\/i0.wp.com\/batimedianews.com\/live\/wp-content\/uploads\/2022\/12\/image-38.png?resize=162%2C220&amp;ssl=1 162w\" sizes=\"(max-width: 600px) 91vw, (max-width: 900px) 600px, (max-width: 1060px) 50vw, (max-width: 1200px) 520px, (max-width: 1400px) 43vw, 600px\" data-recalc-dims=\"1\" \/><figcaption>Zoom sur la laine de bois<\/figcaption><\/figure>\n\n\n\n<p>L\u2019usine Knauf Fibre, qui vient de f\u00eater cette ann\u00e9e son 100\u00e8me anniversaire, constitue l\u2019incarnation parfaite d\u2019une longue tradition du biosourc\u00e9. Site certifi\u00e9 cha\u00eene de contr\u00f4le PEFC, elle est la<strong> seule unit\u00e9 industrielle fran\u00e7aise de production de laine de bois<\/strong>. En 2021, elle a r\u00e9alis\u00e9 quelque 2,5 millions de m2 de panneaux monolithes et composites d\u00e9di\u00e9s \u00e0 l\u2019isolation en sous-face de dalles (gamme Knauf Fibra\u2002) et \u00e0 l\u2019isolation acoustique des plafonds et murs (gamme Organic).<\/p>\n\n\n\n<p><strong>Dans une d\u00e9marche d\u2019\u00e9co-conception, la R&amp;D Knauf est parvenue \u00e0 encore augmenter le pourcentage de mat\u00e9riaux biosourc\u00e9s en optimisant la composition des produits et leur proc\u00e9d\u00e9 de fabrication.<\/strong> Ces am\u00e9liorations ont permis de r\u00e9duire les impacts de r\u00e9chauffement climatique (total \u00e9quivalent CO2) pour l\u2019ensemble du cycle de vie des produits. Les FDES des produits concern\u00e9s ont ensuite \u00e9t\u00e9 recalcul\u00e9es, mises \u00e0 jour et rev\u00e9rifi\u00e9es par une tierce partie. Elles sont disponibles sur knauf.fr et sur la base INIES, ce qui favorise leur utilisation pour la construction bas carbone, notamment la RE2020.<\/p>\n\n\n\n<figure class=\"wp-block-image size-large\"><img loading=\"lazy\" width=\"378\" height=\"567\" src=\"https:\/\/i1.wp.com\/batimedianews.com\/live\/wp-content\/uploads\/2022\/12\/image-39.png?resize=378%2C567\" alt=\"\" class=\"wp-image-25213\" srcset=\"https:\/\/i1.wp.com\/batimedianews.com\/live\/wp-content\/uploads\/2022\/12\/image-39.png?w=378&amp;ssl=1 378w, https:\/\/i1.wp.com\/batimedianews.com\/live\/wp-content\/uploads\/2022\/12\/image-39.png?resize=7%2C10&amp;ssl=1 7w, https:\/\/i1.wp.com\/batimedianews.com\/live\/wp-content\/uploads\/2022\/12\/image-39.png?resize=147%2C220&amp;ssl=1 147w\" sizes=\"(max-width: 600px) 91vw, (max-width: 900px) 600px, (max-width: 1060px) 50vw, (max-width: 1200px) 520px, (max-width: 1400px) 43vw, 600px\" data-recalc-dims=\"1\" \/><figcaption>Salle de r\u2002union au si\u2002ge de CMEM, Norroy-Le-Veneur (57)<\/figcaption><\/figure>\n\n\n\n<figure class=\"wp-block-image size-large is-resized\"><img loading=\"lazy\" src=\"https:\/\/i2.wp.com\/batimedianews.com\/live\/wp-content\/uploads\/2022\/12\/image-40.png?resize=311%2C213\" alt=\"\" class=\"wp-image-25214\" width=\"311\" height=\"213\" srcset=\"https:\/\/i2.wp.com\/batimedianews.com\/live\/wp-content\/uploads\/2022\/12\/image-40.png?w=648&amp;ssl=1 648w, https:\/\/i2.wp.com\/batimedianews.com\/live\/wp-content\/uploads\/2022\/12\/image-40.png?resize=600%2C411&amp;ssl=1 600w, https:\/\/i2.wp.com\/batimedianews.com\/live\/wp-content\/uploads\/2022\/12\/image-40.png?resize=10%2C7&amp;ssl=1 10w, https:\/\/i2.wp.com\/batimedianews.com\/live\/wp-content\/uploads\/2022\/12\/image-40.png?resize=432%2C296&amp;ssl=1 432w, https:\/\/i2.wp.com\/batimedianews.com\/live\/wp-content\/uploads\/2022\/12\/image-40.png?resize=396%2C271&amp;ssl=1 396w, https:\/\/i2.wp.com\/batimedianews.com\/live\/wp-content\/uploads\/2022\/12\/image-40.png?resize=321%2C220&amp;ssl=1 321w\" sizes=\"(max-width: 600px) 91vw, (max-width: 900px) 600px, (max-width: 1060px) 50vw, (max-width: 1200px) 520px, (max-width: 1400px) 43vw, 600px\" data-recalc-dims=\"1\" \/><\/figure>\n\n\n\n<p>Et Knauf va encore plus loin. Dans la m\u00eame lign\u00e9e, <strong>afin d\u2019apporter toujours plus de garanties aux concepteurs de b\u00e2timents, Knauf s\u2019est r\u00e9cemment rapproch\u00e9 de Karibati, expert du b\u00e2timent biosourc\u00e9, pour certifier les produits Organic et Knauf Fibra\u00ae\u2002\u00e9ligibles au label\u2002\u00a0\u00bb Produit Biosourc\u00e9 &#8211; Fili\u00e8re Fran\u00e7aise \u00ab\u00a0<\/strong>.<\/p>\n\n\n\n<p>Une labellisation qui permet d\u2019ailleurs aux ma\u00eetres d\u2019ouvrages de b\u00e9n\u00e9ficier de \u00a0\u00bb points \u00a0\u00bb ou de \u00a0\u00bb cr\u00e9dits \u00ab\u00a0\u2002suppl\u00e9mentaires dans le cadre de certifications environnementales de chantier type \u00a0\u00bb LEED \u00a0\u00bb ou\u2002\u00a0\u00bb BREEAM \u00ab\u00a0, ou encore de valoriser la quantit\u00e9 de bois utilis\u00e9e dans les certifications d\u2019ouvrage, par exemple pour les projets de construction ou de r\u00e9novation lab\u00e9lis\u00e9s \u00a0\u00bb B\u00e2timent Biosourc\u00e9 \u00a0\u00bb ou \u00a0\u00bb BBCA \u00a0\u00bb (B\u00e2timent Bas Carbone).<\/p>\n\n\n\n<p><strong>Les produits Knauf concern\u00e9s*<\/strong> (panneaux mono-composants, 100 % laine de bois, certains complexes isolants mixant laine de bois, PSE et\/ou laine de roche) <strong>deviennent ainsi les seuls produits en France \u2002 justifier de cette labellisation Karibati dans leurs cat\u00e9gories respectives : Knauf Fibra\u00ae pour l\u2019isolation des sous-faces de dalles des logements collectifs, b\u00e2timents tertiaires et ERP, les dalles Organic pour les parements int\u00e9rieurs acoustiques et d\u00e9coratifs.<\/strong> Notons que ce certificat\u2002\u00a0\u00bb <strong>Produit Biosourc\u00e9 et Fili\u00e8re Fran\u00e7aise <\/strong>\u00a0\u00bb peut\u2002\u00eatre librement t\u00e9l\u00e9charg\u00e9 sur knauf.fr et que cette labellisation positionne sans \u00e9quivoque les gammes Organic et Knauf Fibra\u00ae s\u00e9lectionn\u00e9es comme des \u00a0\u00bb solutions biosourc\u00e9es \u00a0\u00bb pouvant ainsi pleinement r\u00e9pondre aux r\u00e9f\u00e9rentiels d\u2019\u00e9co-construction comme le \u00a0\u00bb Guide des mat\u00e9riaux biosourc\u00e9s et commande publique \u00a0\u00bb d\u2019avril 2020.<\/p>\n\n\n\n<p class=\"has-sm-dark-tertiary-color has-text-color has-small-font-size\"><em>*Organic, Organic Authentic, Organic Min\u00e9ral (\u00e9paisseur jusqu\u2019\u00e0 100 mm), Knauf Fibra Ultra (\u00e9paisseur jusqu\u2019\u00e0 150 mm), Knauf Fibra Ultra+ (\u00e9paisseur jusqu\u2019\u00e0 225 mm), Knauf Fibrastyroc+ Phonik (\u00e9paisseur jusqu\u2019\u00e0 180 mm).<\/em><\/p>\n\n\n\n<figure class=\"wp-block-image size-large\"><img loading=\"lazy\" width=\"565\" height=\"567\" src=\"https:\/\/i1.wp.com\/batimedianews.com\/live\/wp-content\/uploads\/2022\/12\/image-41.png?resize=565%2C567\" alt=\"\" class=\"wp-image-25215\" srcset=\"https:\/\/i1.wp.com\/batimedianews.com\/live\/wp-content\/uploads\/2022\/12\/image-41.png?w=565&amp;ssl=1 565w, https:\/\/i1.wp.com\/batimedianews.com\/live\/wp-content\/uploads\/2022\/12\/image-41.png?resize=300%2C300&amp;ssl=1 300w, https:\/\/i1.wp.com\/batimedianews.com\/live\/wp-content\/uploads\/2022\/12\/image-41.png?resize=10%2C10&amp;ssl=1 10w, https:\/\/i1.wp.com\/batimedianews.com\/live\/wp-content\/uploads\/2022\/12\/image-41.png?resize=432%2C434&amp;ssl=1 432w, https:\/\/i1.wp.com\/batimedianews.com\/live\/wp-content\/uploads\/2022\/12\/image-41.png?resize=396%2C397&amp;ssl=1 396w, https:\/\/i1.wp.com\/batimedianews.com\/live\/wp-content\/uploads\/2022\/12\/image-41.png?resize=219%2C220&amp;ssl=1 219w\" sizes=\"(max-width: 600px) 91vw, (max-width: 900px) 600px, (max-width: 1060px) 50vw, (max-width: 1200px) 520px, (max-width: 1400px) 43vw, 600px\" data-recalc-dims=\"1\" \/><figcaption>Knauf Fibra &#8211; TMA Montaudran, Toulouse (36) \u2002 David Aubert<\/figcaption><\/figure>\n\n\n\n<p><strong>THERMASOFT\u00ae NATURA !<\/strong><\/p>\n\n\n\n<p>Avec le lancement de la nouvelle solution d\u2019isolation int\u00e9rieure Knauf ThermaSoft\u00ae natura en d\u00e9but d\u2019ann\u00e9e, Knauf confirmait sa volont\u00e9 d\u2019\u00e9largir ses propositions d\u2019isolants biosourc\u00e9s. Si la p\u00e9riode de r\u00e9f\u00e9rencement s\u2019est av\u00e9r\u00e9e particuli\u00e8rement longue, les retours terrain sont tr\u00e8s positifs de la part des installateurs concernant les qualit\u00e9s du produit. Depuis ao\u00fbt, la mont\u00e9e en puissance est exponentielle et devrait atteindre 300 000 m2 vendus en 2022.<\/p>\n\n\n\n<figure class=\"wp-block-image size-large\"><img loading=\"lazy\" width=\"548\" height=\"272\" src=\"https:\/\/i1.wp.com\/batimedianews.com\/live\/wp-content\/uploads\/2022\/12\/image-42.png?resize=548%2C272\" alt=\"\" class=\"wp-image-25216\" srcset=\"https:\/\/i1.wp.com\/batimedianews.com\/live\/wp-content\/uploads\/2022\/12\/image-42.png?w=548&amp;ssl=1 548w, https:\/\/i1.wp.com\/batimedianews.com\/live\/wp-content\/uploads\/2022\/12\/image-42.png?resize=10%2C5&amp;ssl=1 10w, https:\/\/i1.wp.com\/batimedianews.com\/live\/wp-content\/uploads\/2022\/12\/image-42.png?resize=432%2C214&amp;ssl=1 432w, https:\/\/i1.wp.com\/batimedianews.com\/live\/wp-content\/uploads\/2022\/12\/image-42.png?resize=396%2C197&amp;ssl=1 396w, https:\/\/i1.wp.com\/batimedianews.com\/live\/wp-content\/uploads\/2022\/12\/image-42.png?resize=443%2C220&amp;ssl=1 443w\" sizes=\"(max-width: 600px) 91vw, (max-width: 900px) 600px, (max-width: 1060px) 50vw, (max-width: 1200px) 520px, (max-width: 1400px) 43vw, 600px\" data-recalc-dims=\"1\" \/><\/figure>\n\n\n\n<p class=\"has-small-font-size\"><strong>Sp\u00e9cialiste de l\u2019isolation et de l\u2019am\u00e9nagement int\u00e9rieur, Knauf met son expertise au service des professionnels afin de leur proposer une offre compl\u00e8te de solutions dont l\u2019excellence et les performances techniques sont reconnues. Producteur de plaques de pl\u00e2tre, de panneaux isolants en polystyr\u00e8ne expans\u00e9, polyur\u00e9thane, laine de bois et fibres biosourc\u00e9es, Knauf propose une gamme de produits innovante, en phase avec les \u00e9volutions du secteur de la construction et r\u00e9pondant aux enjeux des b\u00e2timents de demain.<\/strong><\/p>\n","protected":false},"excerpt":{"rendered":"<p>Soci\u00e9t\u00e9 familiale fond\u00e9e en 1932, le Groupe Knauf est le premier producteur mondial de plaques de pl\u00e2tre, avec 40 000 collaborateurs, 304 usines r\u00e9parties dans plus de 90 pays, pour un chiffre d\u2019affaires de 12,6 milliards d\u2019euros en 2021. En France, le Groupe est pr\u00e9sent via sa filiale Knauf France depuis 1984, qui s\u2019impose aujourd\u2019hui [&hellip;]<\/p>\n","protected":false},"author":41,"featured_media":25218,"comment_status":"open","ping_status":"open","sticky":false,"template":"","format":"standard","meta":{"spay_email":""},"categories":[4,8,22,53,486,80,862,108,128],"tags":[],"jetpack_featured_media_url":"https:\/\/i2.wp.com\/batimedianews.com\/live\/wp-content\/uploads\/2022\/12\/Knauf-Article.jpg?fit=1920%2C1080&ssl=1","jetpack_sharing_enabled":true,"jetpack_likes_enabled":true,"jetpack-related-posts":[{"id":40842,"url":"https:\/\/batimedianews.com\/live\/index.php\/2024\/10\/28\/knauf-inaugure-son-nouveau-site-de-production-de-plaques-de-platre-a-fos-sur-mer-13\/","url_meta":{"origin":25202,"position":0},"title":"KNAUF inaugure son nouveau site de production de plaques de pl\u00e2tre \u00e0 FOS-SUR-MER (13)","date":"28 octobre 2024","format":false,"excerpt":"Fos-sur-Mer, le 18 octobre 2024 - Knauf inaugure sa nouvelle unit\u00e9 de production de plaques de pl\u00e2tre. Fruit d\u2019un investissement de 80 millions d\u2019euros, cette usine de derni\u00e8re g\u00e9n\u00e9ration, respectueuse des exigences environnementales, produira \u00e0 terme toutes les r\u00e9f\u00e9rences de plaques de pl\u00e2tre de l\u2019offre Knauf, pour un volume annuel\u2026","rel":"","context":"Dans &quot;Actualit\u00e9 Entreprises&quot;","img":{"alt_text":"","src":"https:\/\/i2.wp.com\/batimedianews.com\/live\/wp-content\/uploads\/2024\/10\/Knauf.jpg?fit=825%2C825&ssl=1&resize=350%2C200","width":350,"height":200},"classes":[]},{"id":33534,"url":"https:\/\/batimedianews.com\/live\/index.php\/2023\/12\/12\/rse-et-digitalisation-knauf-sengage-toujours-plus\/","url_meta":{"origin":25202,"position":1},"title":"RSE et digitalisation, KNAUF s\u2019engage toujours plus","date":"12 d\u00e9cembre 2023","format":false,"excerpt":"ESG icon concept. Environment, society and governance. Energy of natural gas sustainable and ethical business on network connection on green background. Soci\u00e9t\u00e9 familiale fond\u00e9e en 1932, le Groupe Knauf, leader mondial de la production de plaques de pl\u00e2tre, affiche un chiffre d\u2019affaires de 15,4 milliards d\u2019euros. Plus qu\u2019une soci\u00e9t\u00e9 familiale,\u2026","rel":"","context":"Dans &quot;Actualit\u00e9 Entreprises&quot;","img":{"alt_text":"","src":"https:\/\/i0.wp.com\/batimedianews.com\/live\/wp-content\/uploads\/2023\/12\/Knauf-Image-articles-.jpg?fit=825%2C825&ssl=1&resize=350%2C200","width":350,"height":200},"classes":[]},{"id":22630,"url":"https:\/\/batimedianews.com\/live\/index.php\/2022\/09\/03\/seule-unite-de-production-de-laine-de-bois-de-france-knauf-fibre-fete-ses-100-ans\/","url_meta":{"origin":25202,"position":2},"title":"Seule unit\u00e9 de production de laine de bois de France , KNAUF FIBRE f\u00eate ses 100 ans","date":"3 septembre 2022","format":false,"excerpt":"\u00a0L\u2019\u00e9v\u00e8nement des 100 ans d\u2019activit\u00e9 industrielle du site de La C\u00f4te c\u00e9l\u00e9br\u00e9 le 7 juillet dernier en pr\u00e9sence de Messieurs Thies Knauf et Andrea Bucci, CEO Knauf Europe de l\u2019Ouest et Isra\u00ebl (au centre de la photo) et plus de 120 invit\u00e9s. Un anniversaire conclu par un d\u00eener festif et\u2026","rel":"","context":"Dans &quot;Actualit\u00e9 Entreprises&quot;","img":{"alt_text":"","src":"https:\/\/i2.wp.com\/batimedianews.com\/live\/wp-content\/uploads\/2022\/09\/Knauf-Article.jpg?fit=1080%2C1080&ssl=1&resize=350%2C200","width":350,"height":200},"classes":[]},{"id":6037,"url":"https:\/\/batimedianews.com\/live\/index.php\/2020\/09\/20\/knauf-france-investit-dans-une-nouvelle-usine-de-plaques-de-platre-a-fos-sur-mer\/","url_meta":{"origin":25202,"position":3},"title":"KNAUF FRANCE INVESTIT DANS UNE NOUVELLE USINE DE PLAQUES DE PL\u00c2TRE \u00c0 FOS-SUR-MER","date":"20 septembre 2020","format":false,"excerpt":"N\u00b01 mondial de la plaque de pl\u00e2tre (*), le Groupe Knauf annonce l\u2019acquisition, en partenariat avec le Groupe F-SCOTT, de BMG Holding France, soci\u00e9t\u00e9 porteuse d\u2019un projet industriel pour la production de plaques de pl\u00e2tre en France. Cette op\u00e9ration, pilot\u00e9e par Dominique Bossan, CEO Knauf Western Europe & Latin America,\u2026","rel":"","context":"Dans &quot;Actualit\u00e9 Entreprises&quot;","img":{"alt_text":"","src":"https:\/\/i0.wp.com\/batimedianews.com\/live\/wp-content\/uploads\/2020\/09\/knauf_image.jpg?fit=952%2C625&ssl=1&resize=350%2C200","width":350,"height":200},"classes":[]},{"id":44557,"url":"https:\/\/batimedianews.com\/live\/index.php\/2025\/05\/02\/special-renovation-knauf-laplak-la-nouvelle-plaque-de-platre-universelle-qui-fait-rimer-simplicite-et-efficacite\/","url_meta":{"origin":25202,"position":4},"title":"SP\u00c9CIAL R\u00c9NOVATION : KNAUF LAPLAK\u00ae, la nouvelle plaque de pl\u00e2tre universelle qui fait rimer simplicit\u00e9 et efficacit\u00e9","date":"2 mai 2025","format":false,"excerpt":"Knauf, leader mondial de la plaque de pl\u00e2tre, innove avec sa plaque unique, Knauf LaPlaK\u00ae, r\u00e9ponse universelle \u00e0 tous les cas de r\u00e9novation.\u00a0 Knauf LaPlak\u00ae simplifie de facto tous les projets de r\u00e9novation en rationnalisant les pr\u00e9occupations li\u00e9es \u00e0 la multiplication des mat\u00e9riaux \u00e0 approvisionner sur chantier, au choix de\u2026","rel":"","context":"Dans &quot;Actualit\u00e9 Entreprises&quot;","img":{"alt_text":"","src":"https:\/\/i0.wp.com\/batimedianews.com\/live\/wp-content\/uploads\/2025\/04\/Knauf.jpg?fit=825%2C825&ssl=1&resize=350%2C200","width":350,"height":200},"classes":[]},{"id":19717,"url":"https:\/\/batimedianews.com\/live\/index.php\/2022\/05\/09\/guide-knauf-isolation-sous-enduit-une-lecture-simplifiee-de-la-reglementation-pour-prescrire-et-poser-en-toute-serenite\/","url_meta":{"origin":25202,"position":5},"title":"Guide KNAUF ISOLATION sous enduit : une lecture simplifi\u00e9e de la r\u00e9glementation pour prescrire et poser en toute s\u00e9r\u00e9nit\u00e9","date":"9 mai 2022","format":false,"excerpt":"Fid\u00e8le \u00e0 sa volont\u00e9 d\u2019accompagner au quotidien les acteurs de la construction notamment dans l\u2019\u00e9volution des r\u00e9glementations, Knauf vient d\u2019\u00e9diter un tout nouveau guide technique pour l\u2019isolation par l\u2019ext\u00e9rieur sous enduit des fa\u00e7ades. Ce document de 60 pages facilite la compr\u00e9hension des r\u00e9centes \u00e9volutions r\u00e8glementaires pour la protection des personnes\u2026","rel":"","context":"Dans &quot;Actualit\u00e9 Entreprises&quot;","img":{"alt_text":"","src":"https:\/\/i0.wp.com\/batimedianews.com\/live\/wp-content\/uploads\/2022\/05\/Knauf-Article.jpg?fit=1080%2C1080&ssl=1&resize=350%2C200","width":350,"height":200},"classes":[]}],"_links":{"self":[{"href":"https:\/\/batimedianews.com\/live\/index.php\/wp-json\/wp\/v2\/posts\/25202"}],"collection":[{"href":"https:\/\/batimedianews.com\/live\/index.php\/wp-json\/wp\/v2\/posts"}],"about":[{"href":"https:\/\/batimedianews.com\/live\/index.php\/wp-json\/wp\/v2\/types\/post"}],"author":[{"embeddable":true,"href":"https:\/\/batimedianews.com\/live\/index.php\/wp-json\/wp\/v2\/users\/41"}],"replies":[{"embeddable":true,"href":"https:\/\/batimedianews.com\/live\/index.php\/wp-json\/wp\/v2\/comments?post=25202"}],"version-history":[{"count":2,"href":"https:\/\/batimedianews.com\/live\/index.php\/wp-json\/wp\/v2\/posts\/25202\/revisions"}],"predecessor-version":[{"id":25232,"href":"https:\/\/batimedianews.com\/live\/index.php\/wp-json\/wp\/v2\/posts\/25202\/revisions\/25232"}],"wp:featuredmedia":[{"embeddable":true,"href":"https:\/\/batimedianews.com\/live\/index.php\/wp-json\/wp\/v2\/media\/25218"}],"wp:attachment":[{"href":"https:\/\/batimedianews.com\/live\/index.php\/wp-json\/wp\/v2\/media?parent=25202"}],"wp:term":[{"taxonomy":"category","embeddable":true,"href":"https:\/\/batimedianews.com\/live\/index.php\/wp-json\/wp\/v2\/categories?post=25202"},{"taxonomy":"post_tag","embeddable":true,"href":"https:\/\/batimedianews.com\/live\/index.php\/wp-json\/wp\/v2\/tags?post=25202"}],"curies":[{"name":"wp","href":"https:\/\/api.w.org\/{rel}","templated":true}]}}