{"id":2583,"date":"2019-09-03T10:26:01","date_gmt":"2019-09-03T08:26:01","guid":{"rendered":"http:\/\/batimedianews.com\/live\/?p=2583"},"modified":"2021-10-21T12:33:52","modified_gmt":"2021-10-21T10:33:52","slug":"iso-chemie-affirme-sa-position-dacteur-du-developpement-durable","status":"publish","type":"post","link":"https:\/\/batimedianews.com\/live\/index.php\/2019\/09\/03\/iso-chemie-affirme-sa-position-dacteur-du-developpement-durable\/","title":{"rendered":"ISO-CHEMIE affirme sa position d&rsquo;acteur du d\u00e9veloppement durable"},"content":{"rendered":"\n<p style=\"text-align:justify\">ISO-CHEMIE, le sp\u00e9cialiste de l\u2019\u00e9tanch\u00e9it\u00e9, s\u2019engage quotidiennement en faveur d\u2019une approche environnementale responsable, favorisant la protection de la nature comme  les g\u00e9n\u00e9rations actuelles et futures. Depuis sa cr\u00e9ation, il y a plus de 40 ans, ISO-CHEMIE a mis en place une multitude d\u2019actions concr\u00e8tes pour le d\u00e9veloppement durable.<br> Objectif ? R\u00e9duire la consommation d\u2019\u00e9nergie et faire chuter les \u00e9missions de CO2.<br> La derni\u00e8re initiative en date est men\u00e9e par le si\u00e8ge social d\u2019ISO-CHEMIE, bas\u00e9 en Allemagne : aujourd\u2019hui, les collaborateurs de l\u2019entreprise se  mobilisent pour prot\u00e9ger les  insectes menac\u00e9s, particuli\u00e8rement les abeilles, ainsi que la biodiversit\u00e9.<\/p>\n\n\n\n<h3>ISO-CHEMIE, CONSCIENTE DE SES RESPONSABILIT\u00c9S ENVIRONNEMENTALES<\/h3>\n\n\n\n<p style=\"text-align:justify\">Depuis sa cr\u00e9ation, lSO-CHEMIE adopte un comportement responsable et respectueux envers  l\u2019environnement. L\u2019entreprise s\u2019engage chaque jour \u00e0 concevoir et \u00e0 commercialiser des solutions  d\u2019\u00e9tanch\u00e9it\u00e9 durables, aidant \u00e0 r\u00e9duire la consommation d\u2019\u00e9nergie et l\u2019empreinte carbone.<br> \u00abISO-CHEMIE met en oeuvre des proc\u00e9d\u00e9s d\u2019\u00e9tanch\u00e9it\u00e9 respectueux de l\u2019environnement. Notre objectif  premier est que chacun de nos produits ait une incidence positive sur le bilan \u00e9nerg\u00e9tique des constructions.\u00bb  ajoutent Josef Dei\u00df et Dr Martin J. Dei\u00df, associ\u00e9s &#8211; g\u00e9rants ISO-CHEMIE.<br> Les produits ISO-CHEMIE sont certifi\u00e9s ISO 14001 et ISO 9001. Il s\u2019agit de certifications bas\u00e9es sur des  mesures en faveur de la protection de  l\u2019environnement. Dr Martin J. Dei\u00df affirme : \u00abISO-CHEMIE assume pleinement ses responsabilit\u00e9s pour un avenir agr\u00e9able.\u00bb<br> La forte politique environnementale de l\u2019entreprise donne naissance \u00e0 une devise : Use the blue technology.<\/p>\n\n\n\n<table class=\"wp-block-table\"><tbody><tr><td> ISO-CHEMIE agit pour le d\u00e9veloppement durable  avec les D\u00e9clarations Environnementales de Produits (EPD en anglais)<br> ISO-CHEMIE a \u00e9labor\u00e9 un syst\u00e8me de d\u00e9clarations attestant que les solutions d\u2019\u00e9tanch\u00e9it\u00e9 produites par  l\u2019entreprise ont un impact positif sur la consommation d\u2019\u00e9nergie et par cons\u00e9quent, sur le bilan \u00e9cologique  des b\u00e2timents.<br> Par exemple, la gamme de mousses impr\u00e9gn\u00e9es a un impact  environnemental qui va dans le sens du  d\u00e9veloppement durable <\/td><\/tr><\/tbody><\/table>\n\n\n\n<h4>LE SPECIALISTE DE L\u2019\u00c9TANCHEIT\u00c9 PROT\u00c8GE LES ABEILLES, MAILLON ESSENTIEL DE LA BIODIVERSIT\u00c9<\/h4>\n\n\n\n<figure class=\"wp-block-image\"><img loading=\"lazy\" width=\"544\" height=\"436\" src=\"https:\/\/i2.wp.com\/batimedianews.com\/live\/wp-content\/uploads\/2019\/09\/isochemie2.jpg?resize=544%2C436\" alt=\"\" class=\"wp-image-2584\" srcset=\"https:\/\/i2.wp.com\/batimedianews.com\/live\/wp-content\/uploads\/2019\/09\/isochemie2.jpg?w=544&amp;ssl=1 544w, https:\/\/i2.wp.com\/batimedianews.com\/live\/wp-content\/uploads\/2019\/09\/isochemie2.jpg?resize=300%2C240&amp;ssl=1 300w, https:\/\/i2.wp.com\/batimedianews.com\/live\/wp-content\/uploads\/2019\/09\/isochemie2.jpg?resize=10%2C8&amp;ssl=1 10w, https:\/\/i2.wp.com\/batimedianews.com\/live\/wp-content\/uploads\/2019\/09\/isochemie2.jpg?resize=432%2C346&amp;ssl=1 432w, https:\/\/i2.wp.com\/batimedianews.com\/live\/wp-content\/uploads\/2019\/09\/isochemie2.jpg?resize=396%2C317&amp;ssl=1 396w, https:\/\/i2.wp.com\/batimedianews.com\/live\/wp-content\/uploads\/2019\/09\/isochemie2.jpg?resize=274%2C220&amp;ssl=1 274w\" sizes=\"(max-width: 600px) 91vw, (max-width: 900px) 600px, (max-width: 1060px) 50vw, (max-width: 1200px) 520px, (max-width: 1400px) 43vw, 600px\" data-recalc-dims=\"1\" \/><\/figure>\n\n\n\n<p style=\"text-align:justify\">ISO-CHEMIE signe une nouvelle action en faveur du d\u00e9veloppement  durable.<br> Le si\u00e8ge social de l\u2019entreprise met en oeuvre une action destin\u00e9e \u00e0 la  protection des abeilles et par  cons\u00e9quent, de la biodiversit\u00e9.<br> Sur le toit v\u00e9g\u00e9talis\u00e9 de la soci\u00e9t\u00e9 allemande, des ruches ont \u00e9t\u00e9 install\u00e9es. Cette intention vise \u00e0 cr\u00e9er un  espace favorable \u00e0 la croissance et \u00e0 la reproduction des abeilles sauvages. L\u2019installation est g\u00e9r\u00e9e par Peter  Weis, le responsable d\u00e9veloppement d\u2019ISO-Chemie, apiculteur de passion.<\/p>\n","protected":false},"excerpt":{"rendered":"<p>ISO-CHEMIE, le sp\u00e9cialiste de l\u2019\u00e9tanch\u00e9it\u00e9, s\u2019engage quotidiennement en faveur d\u2019une approche environnementale responsable, favorisant la protection de la nature comme les g\u00e9n\u00e9rations actuelles et futures. Depuis sa cr\u00e9ation, il y a plus de 40 ans, ISO-CHEMIE a mis en place une multitude d\u2019actions concr\u00e8tes pour le d\u00e9veloppement durable. Objectif ? R\u00e9duire la consommation d\u2019\u00e9nergie et [&hellip;]<\/p>\n","protected":false},"author":1,"featured_media":2585,"comment_status":"open","ping_status":"open","sticky":false,"template":"","format":"standard","meta":{"spay_email":""},"categories":[4,52,61,1],"tags":[],"jetpack_featured_media_url":"https:\/\/i2.wp.com\/batimedianews.com\/live\/wp-content\/uploads\/2019\/09\/isochemie1_image.jpg?fit=1633%2C1080&ssl=1","jetpack_sharing_enabled":true,"jetpack_likes_enabled":true,"jetpack-related-posts":[{"id":8450,"url":"https:\/\/batimedianews.com\/live\/index.php\/2021\/02\/17\/iso-chemie-ouvre-un-webshop\/","url_meta":{"origin":2583,"position":0},"title":"ISO-CHEMIE OUVRE UN WEBSHOP","date":"17 f\u00e9vrier 2021","format":false,"excerpt":"Le nouveau webshop ISO-CHEMIE est en ligne depuis peu sur le portail ISO-PORTAL. Les clients du sp\u00e9cialiste en syst\u00e8mes d\u2019\u00e9tanch\u00e9it\u00e9 ont d\u00e9sormais la possibilit\u00e9 de commander 24 heures sur 24 et de n\u2019importe o\u00f9. Cette nouvelle solution apporte une r\u00e9elle flexibilit\u00e9 dans le quotidien des professionnels 24h\/24 7j\/7 et une\u2026","rel":"","context":"Dans &quot;Actualit\u00e9 Entreprises&quot;","img":{"alt_text":"","src":"https:\/\/i1.wp.com\/batimedianews.com\/live\/wp-content\/uploads\/2021\/02\/image-126.png?fit=1186%2C614&ssl=1&resize=350%2C200","width":350,"height":200},"classes":[]},{"id":6570,"url":"https:\/\/batimedianews.com\/live\/index.php\/2020\/11\/29\/iso-chemie-cree-un-salon-virtuel\/","url_meta":{"origin":2583,"position":1},"title":"ISO-CHEMIE CR\u00c9E UN SALON VIRTUEL","date":"29 novembre 2020","format":false,"excerpt":"La soci\u00e9t\u00e9 m\u00e8re ISO-CHEMIE, bas\u00e9e \u00e0 Aalen en Allemagne, voyant que les salons BtoB auxquels elle devait participer cette ann\u00e9e en direct ou via ses filiales, sont report\u00e9s les uns apr\u00e8s les autres (Fensterbau, Artibat, Equipbaie\u2026), a d\u00e9cid\u00e9 de mettre en place un salon virtuel \u00e0 disposition de ses clients\u2026","rel":"","context":"Dans &quot;Actualit\u00e9 Entreprises&quot;","img":{"alt_text":"","src":"https:\/\/i0.wp.com\/batimedianews.com\/live\/wp-content\/uploads\/2020\/11\/image-8-e1606649639385.png?fit=567%2C431&ssl=1&resize=350%2C200","width":350,"height":200},"classes":[]},{"id":39152,"url":"https:\/\/batimedianews.com\/live\/index.php\/2024\/08\/02\/iso-chemie-au-salon-batimat-equipbaie-2024-des-solutions-detancheite-et-disolation-faciles-a-mettre-en-oeuvre\/","url_meta":{"origin":2583,"position":2},"title":"ISO-CHEMIE au salon BATIMAT\/EQUIPBAIE 2024: des solutions d&rsquo;\u00e9tanch\u00e9it\u00e9 et d\u2019isolation, faciles \u00e0 mettre en \u0153uvre","date":"2 ao\u00fbt 2024","format":false,"excerpt":"ISO-Chemie pr\u00e9sente au salon BATIMAT\/\u00c9QUIPBAIE 2024 des solutions pratiques pour l'\u00e9tanch\u00e9it\u00e9 et isolation \u00e9nerg\u00e9tique des b\u00e2timents. Le professionnel de solutions innovantes met en 2024 fortement l'accent sur la facilit\u00e9 de la mise en \u0153uvre de ses produits et sur une grande flexibilit\u00e9 d'utilisation. Dans ce contexte, les visiteurs du salon\u2026","rel":"","context":"Dans &quot;Actualit\u00e9 Entreprises&quot;","img":{"alt_text":"","src":"https:\/\/i2.wp.com\/batimedianews.com\/live\/wp-content\/uploads\/2024\/07\/IsoChemie-articles-.jpg?fit=825%2C825&ssl=1&resize=350%2C200","width":350,"height":200},"classes":[]},{"id":3888,"url":"https:\/\/batimedianews.com\/live\/index.php\/2020\/02\/26\/au-salon-fensterbau-frontale-iso-chemie-devoile-deux-nouveaux-produits\/","url_meta":{"origin":2583,"position":3},"title":"AU SALON FENSTERBAU FRONTALE, ISO-CHEMIE D\u00c9VOILE DEUX NOUVEAUX PRODUITS","date":"26 f\u00e9vrier 2020","format":false,"excerpt":"Afin de s\u2019adapter aux besoins \u00e9nonc\u00e9s par le march\u00e9 et d\u2019\u00e9largir en permanence son offre de produits et de services, ISO-CHEMIE ne cesse d\u2019innover. La marque sera pr\u00e9sente au salon Fensterbau Frontale 2020 \u00e0 Nuremberg, du 18 au 21 mars (Hall 4A, stand 125). Pour cet \u00e9v\u00e9nement, ISO-CHEMIE pr\u00e9sente deux\u2026","rel":"","context":"Dans &quot;Actualit\u00e9 Entreprises&quot;","img":{"alt_text":"","src":"https:\/\/i1.wp.com\/batimedianews.com\/live\/wp-content\/uploads\/2020\/02\/isoochemie_Image.jpg?fit=1009%2C610&ssl=1&resize=350%2C200","width":350,"height":200},"classes":[]},{"id":1075,"url":"https:\/\/batimedianews.com\/live\/index.php\/2019\/04\/23\/iso-chemie-le-specialiste-de-letancheite-devoile-deux-nouveautes\/","url_meta":{"origin":2583,"position":4},"title":"ISO-CHEMIE : LE SP\u00c9CIALISTE DE L\u2019\u00c9TANCH\u00c9IT\u00c9 D\u00c9VOILE DEUX NOUVEAUT\u00c9S","date":"23 avril 2019","format":false,"excerpt":"Afin de s\u2019adapter aux besoins \u00e9nonc\u00e9s par le march\u00e9 et d\u2019\u00e9largir en permanence son offre de produits et de\u00a0services, ISO-CHEMIE ne cesse d\u2019innover. La marque renforce sa gamme avec ISO-BLOCO HYBRATEC, syst\u00e8me d\u2019\u00e9tanch\u00e9it\u00e9 pour joints et raccordements\u00a0fen\u00eatres, une nouveaut\u00e9 pr\u00e9sent\u00e9e en janvier dernier sur le salon allemand Bau. En parall\u00e8le,\u2026","rel":"","context":"Dans &quot;Actualit\u00e9 Entreprises&quot;","img":{"alt_text":"ISO-TOP_WINFRAMER_TYP1_E30_produit","src":"https:\/\/batimedialive.files.wordpress.com\/2019\/04\/iso-top_winframer_typ1_e30_produit.jpg?w=350&h=200&crop=1","width":350,"height":200},"classes":[]},{"id":39839,"url":"https:\/\/batimedianews.com\/live\/index.php\/2024\/09\/26\/le-radiateur-chem-de-brem-recompense-aux-french-design-awards-2024\/","url_meta":{"origin":2583,"position":5},"title":"Le radiateur Chem de Brem r\u00e9compens\u00e9 aux French Design Awards 2024","date":"26 septembre 2024","format":false,"excerpt":"Brem, cr\u00e9ateur italien de radiateurs design, est fier d\u2019annoncer que sa collection \u00ab Chem \u00bb a \u00e9t\u00e9 prim\u00e9e lors des prestigieux French Design Awards 2024. Ses produits ont remport\u00e9 le Silver Award dans la cat\u00e9gorie Design Produit\/Salle de Bain\/\u00c9lectrom\u00e9nager.\u00a0 Les French Design Awards c\u00e9l\u00e8brent l\u2019innovation dans les domaines du design\u2026","rel":"","context":"Dans &quot;Actualit\u00e9 Entreprises&quot;","img":{"alt_text":"","src":"https:\/\/i0.wp.com\/batimedianews.com\/live\/wp-content\/uploads\/2024\/09\/BREM-articles-.jpg?fit=825%2C825&ssl=1&resize=350%2C200","width":350,"height":200},"classes":[]}],"_links":{"self":[{"href":"https:\/\/batimedianews.com\/live\/index.php\/wp-json\/wp\/v2\/posts\/2583"}],"collection":[{"href":"https:\/\/batimedianews.com\/live\/index.php\/wp-json\/wp\/v2\/posts"}],"about":[{"href":"https:\/\/batimedianews.com\/live\/index.php\/wp-json\/wp\/v2\/types\/post"}],"author":[{"embeddable":true,"href":"https:\/\/batimedianews.com\/live\/index.php\/wp-json\/wp\/v2\/users\/1"}],"replies":[{"embeddable":true,"href":"https:\/\/batimedianews.com\/live\/index.php\/wp-json\/wp\/v2\/comments?post=2583"}],"version-history":[{"count":1,"href":"https:\/\/batimedianews.com\/live\/index.php\/wp-json\/wp\/v2\/posts\/2583\/revisions"}],"predecessor-version":[{"id":2586,"href":"https:\/\/batimedianews.com\/live\/index.php\/wp-json\/wp\/v2\/posts\/2583\/revisions\/2586"}],"wp:featuredmedia":[{"embeddable":true,"href":"https:\/\/batimedianews.com\/live\/index.php\/wp-json\/wp\/v2\/media\/2585"}],"wp:attachment":[{"href":"https:\/\/batimedianews.com\/live\/index.php\/wp-json\/wp\/v2\/media?parent=2583"}],"wp:term":[{"taxonomy":"category","embeddable":true,"href":"https:\/\/batimedianews.com\/live\/index.php\/wp-json\/wp\/v2\/categories?post=2583"},{"taxonomy":"post_tag","embeddable":true,"href":"https:\/\/batimedianews.com\/live\/index.php\/wp-json\/wp\/v2\/tags?post=2583"}],"curies":[{"name":"wp","href":"https:\/\/api.w.org\/{rel}","templated":true}]}}