{"id":25956,"date":"2023-02-03T09:28:18","date_gmt":"2023-02-03T08:28:18","guid":{"rendered":"http:\/\/batimedianews.com\/live\/?p=25956"},"modified":"2023-07-15T15:04:32","modified_gmt":"2023-07-15T13:04:32","slug":"bepositive-place-lemploi-et-la-formation-au-coeur-de-ledition-2023","status":"publish","type":"post","link":"https:\/\/batimedianews.com\/live\/index.php\/2023\/02\/03\/bepositive-place-lemploi-et-la-formation-au-coeur-de-ledition-2023\/","title":{"rendered":"BePOSITIVE place l\u2019emploi et la formation au coeur de l\u2019\u00e9dition 2023 !"},"content":{"rendered":"\n<p class=\"has-text-color has-medium-font-size\" style=\"color:#74ba02\">&nbsp;Des enjeux forts port\u00e9s par le 1e Campus BePOSITIVE&nbsp;<\/p>\n\n\n\n<figure class=\"wp-block-image size-large\"><img loading=\"lazy\" width=\"720\" height=\"480\" src=\"https:\/\/i0.wp.com\/batimedianews.com\/live\/wp-content\/uploads\/2023\/01\/image-210.png?resize=720%2C480\" alt=\"\" class=\"wp-image-25957\" srcset=\"https:\/\/i0.wp.com\/batimedianews.com\/live\/wp-content\/uploads\/2023\/01\/image-210.png?resize=1024%2C683&amp;ssl=1 1024w, https:\/\/i0.wp.com\/batimedianews.com\/live\/wp-content\/uploads\/2023\/01\/image-210.png?resize=600%2C400&amp;ssl=1 600w, https:\/\/i0.wp.com\/batimedianews.com\/live\/wp-content\/uploads\/2023\/01\/image-210.png?resize=768%2C512&amp;ssl=1 768w, https:\/\/i0.wp.com\/batimedianews.com\/live\/wp-content\/uploads\/2023\/01\/image-210.png?resize=10%2C7&amp;ssl=1 10w, https:\/\/i0.wp.com\/batimedianews.com\/live\/wp-content\/uploads\/2023\/01\/image-210.png?resize=432%2C288&amp;ssl=1 432w, https:\/\/i0.wp.com\/batimedianews.com\/live\/wp-content\/uploads\/2023\/01\/image-210.png?resize=396%2C264&amp;ssl=1 396w, https:\/\/i0.wp.com\/batimedianews.com\/live\/wp-content\/uploads\/2023\/01\/image-210.png?resize=1120%2C747&amp;ssl=1 1120w, https:\/\/i0.wp.com\/batimedianews.com\/live\/wp-content\/uploads\/2023\/01\/image-210.png?resize=660%2C440&amp;ssl=1 660w, https:\/\/i0.wp.com\/batimedianews.com\/live\/wp-content\/uploads\/2023\/01\/image-210.png?resize=330%2C220&amp;ssl=1 330w, https:\/\/i0.wp.com\/batimedianews.com\/live\/wp-content\/uploads\/2023\/01\/image-210.png?w=1410&amp;ssl=1 1410w\" sizes=\"(max-width: 600px) 91vw, (max-width: 900px) 600px, (max-width: 1060px) 50vw, (max-width: 1200px) 520px, (max-width: 1400px) 43vw, 600px\" data-recalc-dims=\"1\" \/><figcaption><em>Photo \u00a9Alexandre Moulard&nbsp;<\/em><\/figcaption><\/figure>\n\n\n\n<p>&nbsp;<strong>La Transition Energ\u00e9tique est en marche ! Boost\u00e9e par les engagements europ\u00e9ens et les r\u00e9glementations environnementales, elle est plus que jamais au coeur de l\u2019actualit\u00e9 et des enjeux des fili\u00e8res de l\u2019\u00e9nergie et du b\u00e2timent. Elles vivent aujourd\u2019hui l\u2019\u00e9mergence de nouveaux march\u00e9s et de nouvelles activit\u00e9s qui placent le recrutement et la mont\u00e9e en comp\u00e9tences au coeur des strat\u00e9gies des entreprises et donc, de l\u2019\u00e9dition 2023 du salon BePOSITIVE.&nbsp;<\/strong><\/p>\n\n\n\n<p><strong>La formation, qui constitue l\u2019un des cinq axes strat\u00e9giques du plan France 2030 avec une enveloppe d\u00e9di\u00e9e de 2,5 milliards d\u2019euros, est donc l\u2019un des d\u00e9fis \u00e0 relever pour les acteurs de ces secteurs. Pour la fili\u00e8re du b\u00e2timent par exemple, l\u2019enjeu est de faire monter en&nbsp;comp\u00e9tences les 1,342 million de professionnels en exercice et sensibiliser les 150 000 nouveaux entrants annuels aux nouvelles pratiques de construction durables et \u00e0 la r\u00e9novation \u00e9nerg\u00e9tique.&nbsp;<\/strong><\/p>\n\n\n\n<p><strong>L\u2019enjeu est donc ambitieux mais incontournable : former les jeunes aux nouveaux m\u00e9tiers, faire monter en comp\u00e9tences des personnes en activit\u00e9, rendre attractif les m\u00e9tiers de la transition \u00e9nerg\u00e9tique et accompagner les professionnels en reconversion.&nbsp;<\/strong><\/p>\n\n\n\n<p><strong>Pour r\u00e9pondre \u00e0 ces probl\u00e9matiques fortes, le salon propose le Campus BePOSITIVE, un espace exclusivement d\u00e9di\u00e9 \u00e0 l\u2019emploi et \u00e0 la formation, avec la participation de centres de formation sp\u00e9cialis\u00e9s, des entreprises et des professionnels en recherche d\u2019emploi ou de formation qui pourront partager leurs besoins et leurs opportunit\u00e9s.&nbsp;<\/strong><\/p>\n\n\n\n<div class=\"wp-block-image\"><figure class=\"alignright size-large is-resized\"><img loading=\"lazy\" src=\"https:\/\/i1.wp.com\/batimedianews.com\/live\/wp-content\/uploads\/2023\/01\/image-212.png?resize=171%2C296\" alt=\"\" class=\"wp-image-25959\" width=\"171\" height=\"296\" srcset=\"https:\/\/i1.wp.com\/batimedianews.com\/live\/wp-content\/uploads\/2023\/01\/image-212.png?w=304&amp;ssl=1 304w, https:\/\/i1.wp.com\/batimedianews.com\/live\/wp-content\/uploads\/2023\/01\/image-212.png?resize=6%2C10&amp;ssl=1 6w, https:\/\/i1.wp.com\/batimedianews.com\/live\/wp-content\/uploads\/2023\/01\/image-212.png?resize=127%2C220&amp;ssl=1 127w\" sizes=\"(max-width: 600px) 91vw, (max-width: 900px) 600px, (max-width: 1060px) 50vw, (max-width: 1200px) 520px, (max-width: 1400px) 43vw, 600px\" data-recalc-dims=\"1\" \/><\/figure><\/div>\n\n\n\n<p><em>\u00ab Le salon BePOSITIVE suit les \u00e9volutions du march\u00e9 et cela se traduit par des partis pris et des engagements forts destin\u00e9s \u00e0 accompagner les fili\u00e8res de l\u2019\u00e9nergie et du b\u00e2timent. Les probl\u00e9matiques d\u2019emploi et de formation ne sont pas nouvelles dans ces secteurs, ces sujets \u00e9taient d\u00e9j\u00e0 largement abord\u00e9s lors des pr\u00e9c\u00e9dentes \u00e9ditions. Mais le contexte \u00e9conomique, politique et \u00e9nerg\u00e9tique de cette ann\u00e9e renforce encore l\u2019enjeu. Nous avons donc poursuivi notre engagement en organisant le 1e Campus BePOSITIVE, dans le but de mettre en relation les professionnels qui cherchent \u00e0 d\u00e9velopper leurs savoir-faire et leurs comp\u00e9tences. Avec une dizaine d\u2019organismes de formation pr\u00e9sents et de nombreuses offres d\u2019emploi propos\u00e9es, les m\u00e9tiers de la fili\u00e8re seront valoris\u00e9s, les recrutements et l\u2019acc\u00e8s aux formations existantes facilit\u00e9s et la mont\u00e9e en comp\u00e9tences accompagn\u00e9e. \u00bb <\/em><\/p>\n\n\n\n<p class=\"has-text-color\" style=\"color:#74ba02\"><strong>Florence Rousson Mompo, Directrice de la division GreenTech+&nbsp;<\/strong><\/p>\n\n\n\n<p class=\"has-text-color has-medium-font-size\" style=\"color:#74ba02\"><strong>Le Campus BePOSITIVE : un espace qui r\u00e9pond aux enjeux de la formation et de l\u2019emploi pour les fili\u00e8res du b\u00e2timent et de l\u2019\u00e9nergie&nbsp;<\/strong><\/p>\n\n\n\n<p>Pour faciliter, d\u2019une part, les rencontres entre les centres de formation, les \u00e9tudiants et les professionnels qui souhaitent d\u00e9velopper leurs comp\u00e9tences et d\u2019autre part, les entretiens entre les recruteurs et les demandeurs d\u2019emploi, le Campus BePOSITIVE sera organis\u00e9 autour de 2 espaces distincts :&nbsp;<\/p>\n\n\n\n<ul><li>\u2022 <strong>Le \u00ab Mur de l\u2019emploi \u00bb<\/strong>, qui permettra aux personnes en recherche d\u2019emploi de consulter les offres de recrutements propos\u00e9es par les exposants. Ils auront \u00e9galement la possibilit\u00e9 de d\u00e9poser leur CV qui sera ensuite transmis aux recruteurs.&nbsp;<\/li><\/ul>\n\n\n\n<p>Cet espace est organis\u00e9 en partenariat avec Actu-Environnement et Emploi-Environnement.&nbsp;<\/p>\n\n\n\n<ul><li>\u2022 <strong>L\u2019espace formation, <\/strong>qui rassemblera cette ann\u00e9e une dizaine de centres de formation, tous dans les fili\u00e8res de l\u2019\u00e9nergie et du b\u00e2timent, proposant des formations continues ou initiales. Ils seront pr\u00e9sents pour renseigner, conseiller et accompagner les \u00e9tudiants et\/ou les professionnels en recherche de formation, mais \u00e9galement pr\u00e9senter les d\u00e9bouch\u00e9s possibles, les nouvelles formations dipl\u00f4mantes, ainsi que les modalit\u00e9s pour y acc\u00e9der.&nbsp;<\/li><\/ul>\n\n\n\n<p>Parmi les centres de formations pr\u00e9sents :&nbsp;<\/p>\n\n\n\n<ul><li>AFPA&nbsp;<\/li><li>ASDER&nbsp;<\/li><li>BTP CFA AURA&nbsp;<\/li><li>NEOPOLIS&nbsp;<\/li><li>OIKOS&nbsp;<\/li><li>INES&nbsp;<\/li><li>MOOC B\u00e2timent Durable&nbsp;<\/li><li>TECSOL&nbsp;<\/li><li>La Solive&nbsp;<\/li><\/ul>\n\n\n\n<p class=\"has-text-color\" style=\"color:#74ba02\"><strong>La r\u00e9novation \u00e9nerg\u00e9tique : de nouvelles perspectives d\u2019emplois et de carri\u00e8res&nbsp;<\/strong><\/p>\n\n\n\n<p>La r\u00e9novation \u00e9nerg\u00e9tique s\u2019impose comme une priorit\u00e9 \u00e0 diff\u00e9rents titres : \u00e9cologique, sociale et \u00e9conomique avec <strong>la cr\u00e9ation de milliers d\u2019emplois, l\u2019\u00e9mergence de nouveaux m\u00e9tiers et la dynamisation d\u2019une fili\u00e8re<\/strong>. Cela donne lieu \u00e0 de nouveaux d\u00e9bouch\u00e9s et de nouvelles perspectives de carri\u00e8res, les besoins en recrutement \u00e9voluant donc selon la conjoncture. Ces nouveaux march\u00e9s n\u00e9cessitent d\u2019acqu\u00e9rir de nouvelles comp\u00e9tences et une compr\u00e9hension globale des enjeux \u00e9cologiques et \u00e9nerg\u00e9tiques. L\u2019ADEME estime que la transition \u00e9nerg\u00e9tique g\u00e9n\u00e9rera un solde positif de 540 000 emplois (en ETP) suppl\u00e9mentaires cr\u00e9\u00e9s d\u2019ici \u00e0 2030 et pourrait atteindre 1 million d\u2019emplois \u00e0 l\u2019horizon 2050.&nbsp;<\/p>\n\n\n\n<p>Parmi les nouveaux m\u00e9tiers qui recrutent on trouve notamment des ing\u00e9nieurs en efficacit\u00e9 \u00e9nerg\u00e9tique, les ing\u00e9nieurs Bas carbone et les ing\u00e9nieurs Data. Le SERCE, le syndicat des entreprises de la transition \u00e9nerg\u00e9tique et num\u00e9rique, met en exergue trois autres profils recherch\u00e9s sur le march\u00e9 : installateur photovolta\u00efque, ing\u00e9nieur en g\u00e9nie climatique et ing\u00e9nieur \u00e9nerg\u00e9ticien.&nbsp;<\/p>\n\n\n\n<p>Au-del\u00e0 de ces nouveaux m\u00e9tiers, la mont\u00e9e en comp\u00e9tence sur les sujets de la r\u00e9novation \u00e9nerg\u00e9tique devient un avantage pour les professionnels et les demandeurs d\u2019emploi. Selon une \u00e9tude P\u00f4le Emploi de 2022, <strong>\u00ab 4 employeurs sur 10 consid\u00e8rent qu\u2019avoir \u00e9t\u00e9 form\u00e9 aux enjeux de la transition \u00e9cologique constitue un atout pour \u00eatre recrut\u00e9 <\/strong>\u00bb.&nbsp;<\/p>\n\n\n\n<p>Avec les tensions sur certains m\u00e9tiers, les crit\u00e8res de recrutement \u00e9voluent. Jean-Philippe Burtin, directeur du cabinet Borea en a fait le constat sur les derniers mois. Sp\u00e9cialis\u00e9 dans&nbsp;les \u00e9nergies renouvelables, il observe que \u00ab <strong>si le recrutement \u00e9tait jusque-l\u00e0 bas\u00e9 sur le dipl\u00f4me et l\u2019exp\u00e9rience, les comp\u00e9tences et le potentiel sont devenus incontournables <\/strong>\u00bb.&nbsp;<\/p>\n\n\n\n<p class=\"has-text-color has-medium-font-size\" style=\"color:#74ba02\"><strong>Retours d\u2019exp\u00e9rience sur BePOSITIVE 2021, une \u00e9dition d\u00e9j\u00e0 en phase avec les besoins du march\u00e9 et les attentes des jeunes&nbsp;<\/strong><\/p>\n\n\n\n<p>Parmi les \u00e9tudiants pr\u00e9sents sur l\u2019\u00e9dition 2021 de BePOSITIVE, deux d\u2019entre eux ont fait part de leur exp\u00e9rience sur le salon et sur les opportunit\u00e9s professionnelles cr\u00e9\u00e9es sur place.&nbsp;<\/p>\n\n\n\n<p><strong>Thierry-Jo\u00ebl <\/strong>\u00e9tait alors \u00e9tudiant en Master Sp\u00e9cialis\u00e9 Construction Durable. Le salon lui \u00ab a permis d\u2019\u00e9changer avec des professionnels ancr\u00e9s dans le m\u00e9tier, d\u2019avoir un retour d\u2019exp\u00e9riences qui m\u2019a confort\u00e9 dans mon choix d\u2019orientation. \u00bb Il travaille aujourd\u2019hui chez Arcadis, dans la section audit environnemental.&nbsp;<\/p>\n\n\n\n<p>En 2021, <strong>Thomas <\/strong>\u00e9tait alternant dans un bureau d\u2019\u00e9tudes \u00e9nerg\u00e9tiques. Il a pu d\u00e9velopper ses comp\u00e9tences et ses perspectives au contact des professionnels pr\u00e9sents sur le salon. Il suit depuis septembre un Master en B\u00e2timent Intelligent et efficacit\u00e9 \u00e9nerg\u00e9tique \u00e0 Paris.&nbsp;<\/p>\n\n\n\n<div class=\"wp-block-group\"><div class=\"wp-block-group__inner-container\">\n<p class=\"has-small-font-size\"><strong>GL events Exhibitions Op\u00e9rations&nbsp;<\/strong><\/p>\n\n\n\n<p class=\"has-small-font-size\">Avec 200 manifestations grand public ou professionnelles organis\u00e9es \u00e0 travers le monde, GL events Exhibitions Op\u00e9rations a d\u00e9velopp\u00e9 une forte expertise du m\u00e9tier d&rsquo;organisateur de salons, un m\u00e9tier qui doit, tout \u00e0 la fois, satisfaire \u00e0 des techniques de marketing, de communication et d&rsquo;organisation de plus en plus pointues et conserver une proximit\u00e9 avec les acteurs de ses march\u00e9s. Le salon BePOSITIVE est organis\u00e9 par la division GreenTech+ qui g\u00e8re \u00e9galement 8 autres manifestations : Eurobois, Expobiogaz, HyVolution, Horizonia, Open Energies, Paysalia, Piscine Global Europe, Rocalia.&nbsp;<\/p>\n\n\n\n<p class=\"has-small-font-size\">GreenTech+ est la nouvelle division du groupe GL events, une vitrine in\u00e9dite n\u00e9e de synergies entre des salons rassembl\u00e9s autour de th\u00e9matiques communes que sont l&rsquo;innovation \u00e9cologique et le d\u00e9veloppement durable.&nbsp;<\/p>\n\n\n\n<p class=\"has-small-font-size\">Le groupe GL events a voulu, avec GreenTech+, prendre toute sa part dans les grands enjeux environnementaux, avec un format unique en son genre qui r\u00e9unit et offre une visibilit\u00e9 nouvelle aux fili\u00e8res d&rsquo;avenir. GreenTech+ est un acc\u00e9l\u00e9rateur qui s\u2019engage \u00e0 accompagner les acteurs de la fili\u00e8re dans leur d\u00e9veloppement, \u00e0 rechercher les solutions de demain et \u00e0 diriger de plus en plus nos citoyens vers l\u2019\u00e9co-responsabilit\u00e9.&nbsp;<\/p>\n<\/div><\/div>\n","protected":false},"excerpt":{"rendered":"<p>&nbsp;Des enjeux forts port\u00e9s par le 1e Campus BePOSITIVE&nbsp; &nbsp;La Transition Energ\u00e9tique est en marche ! Boost\u00e9e par les engagements europ\u00e9ens et les r\u00e9glementations environnementales, elle est plus que jamais au coeur de l\u2019actualit\u00e9 et des enjeux des fili\u00e8res de l\u2019\u00e9nergie et du b\u00e2timent. Elles vivent aujourd\u2019hui l\u2019\u00e9mergence de nouveaux march\u00e9s et de nouvelles activit\u00e9s [&hellip;]<\/p>\n","protected":false},"author":41,"featured_media":25961,"comment_status":"open","ping_status":"open","sticky":false,"template":"","format":"standard","meta":{"spay_email":""},"categories":[4,5,1590,1161,1348,116,128,895],"tags":[2254],"jetpack_featured_media_url":"https:\/\/i0.wp.com\/batimedianews.com\/live\/wp-content\/uploads\/2023\/01\/BePositive_GL-events-Article.jpg?fit=1920%2C1080&ssl=1","jetpack_sharing_enabled":true,"jetpack_likes_enabled":true,"jetpack-related-posts":[{"id":28164,"url":"https:\/\/batimedianews.com\/live\/index.php\/2023\/04\/25\/une-dynamique-retrouvee-sur-cette-edition-2023\/","url_meta":{"origin":25956,"position":0},"title":"Une dynamique retrouv\u00e9e sur cette \u00e9dition 2023 !","date":"25 avril 2023","format":false,"excerpt":"\u00a0Photo \u00a9Nicolas Rodet\u00a0 \u00a0C\u2019est une \u00e9dition couronn\u00e9e de succ\u00e8s qui s\u2019est d\u00e9roul\u00e9e \u00e0 Eurexpo Lyon du 21 au 23 mars. L\u2019effervescence observ\u00e9e sur le salon signe son grand retour et d\u00e9montre l\u2019attachement des participants \u00e0 ce rendez-vous incontournable ainsi que leur engagement pour la transition \u00e9nerg\u00e9tique !\u00a0 Les nombreux temps\u2026","rel":"","context":"Dans &quot;Be positive 2023&quot;","img":{"alt_text":"","src":"https:\/\/i2.wp.com\/batimedianews.com\/live\/wp-content\/uploads\/2023\/04\/BePositive-Article.jpg?fit=1080%2C1080&ssl=1&resize=350%2C200","width":350,"height":200},"classes":[]},{"id":31421,"url":"https:\/\/batimedianews.com\/live\/index.php\/2023\/09\/18\/nouveau-salon-open-energies-le-nouveau-rendez-vous-dedie-a-la-production-photovoltaique-a-lautoconsommation-et-au-pilotage-des-systemes-energetiques\/","url_meta":{"origin":25956,"position":1},"title":"NOUVEAU SALON : Open Energies : le nouveau rendez-vous d\u00e9di\u00e9 \u00e0 la production photovolta\u00efque, \u00e0 l\u2019autoconsommation et au pilotage des syst\u00e8mes \u00e9nerg\u00e9tiques","date":"18 septembre 2023","format":false,"excerpt":"\u00a0La premi\u00e8re \u00e9dition aura lieu les 23 et 24 janvier 2024 \u00e0 Eurexpo Lyon France\u00a0 https:\/\/www.youtube.com\/watch?v=2umJ4BWJ7fs \u00a0Le monde de l'\u00e9nergie est en pleine mutation. Une r\u00e9volution qui red\u00e9finit les normes du secteur. Les \u00e9nergies renouvelables, d\u00e9carbon\u00e9es et d\u00e9centralis\u00e9es occupent d\u00e9sormais une place centrale dans notre soci\u00e9t\u00e9. Les syst\u00e8mes \u00e9lectriques intelligents\u2026","rel":"","context":"Dans &quot;Actualit\u00e9s salons&quot;","img":{"alt_text":"","src":"https:\/\/i2.wp.com\/batimedianews.com\/live\/wp-content\/uploads\/2023\/09\/OpenEnergies-articles.jpg?fit=825%2C825&ssl=1&resize=350%2C200","width":350,"height":200},"classes":[]},{"id":26553,"url":"https:\/\/batimedianews.com\/live\/index.php\/2023\/03\/02\/bepositive-awards-57-innovations-en-lice-pour-devenir-laureates-de-ledition-2023-du-concours\/","url_meta":{"origin":25956,"position":2},"title":"BePOSITIVE AWARDS : 57 innovations en lice pour devenir laur\u00e9ates de l\u2019\u00e9dition 2023 du concours !","date":"2 mars 2023","format":false,"excerpt":"Photo \u00a9Alexandre Moulard\u00a0 \u00a0BePOSITIVE \u2013 le salon national de la transition \u00e9nerg\u00e9tique \u2013 se tiendra du 21 au 23 mars 2023 \u00e0 Eurexpo Lyon. Parmi les temps forts du salon, les BEPOSITIVE AWARDS r\u00e9compenseront les nouveaut\u00e9s, les innovations et les \u00e9volutions technologiques pr\u00e9sent\u00e9es par les industriels et fabricants des fili\u00e8res\u2026","rel":"","context":"Dans &quot;Actualit\u00e9s salons&quot;","img":{"alt_text":"","src":"https:\/\/i1.wp.com\/batimedianews.com\/live\/wp-content\/uploads\/2023\/02\/BePositive-Article.jpg?fit=1080%2C1080&ssl=1&resize=350%2C200","width":350,"height":200},"classes":[]},{"id":28108,"url":"https:\/\/batimedianews.com\/live\/index.php\/2023\/04\/22\/au-salon-bepositive-le-chauffage-cest-bois-energie-ou-pompes-a-chaleur\/","url_meta":{"origin":25956,"position":3},"title":"Au salon BePositive, le chauffage, c\u2019est bois-\u00e9nergie ou pompes \u00e0 chaleur","date":"22 avril 2023","format":false,"excerpt":"Les chaudi\u00e8res gaz et fioul semblent avoir presque enti\u00e8rement disparu du paysage des salons europ\u00e9ens, au profit des chaudi\u00e8res bois et des pompes \u00e0 chaleur. Le salon BePositive \u00e0 Lyon n\u2019a pas d\u00e9rog\u00e9 \u00e0 la r\u00e8gle. Pascal Poggi pour Batim\u00e9dia Chaudi\u00e8res Perge propose des chaudi\u00e8res bois et des chaudi\u00e8res hybrides,\u2026","rel":"","context":"Dans &quot;Articles et analyses&quot;","img":{"alt_text":"","src":"https:\/\/i1.wp.com\/batimedianews.com\/live\/wp-content\/uploads\/2023\/04\/bepositive1.jpeg?fit=1200%2C1200&ssl=1&resize=350%2C200","width":350,"height":200},"classes":[]},{"id":28642,"url":"https:\/\/batimedianews.com\/live\/index.php\/2023\/05\/15\/le-solaire-photovoltaique-a-bepositive\/","url_meta":{"origin":25956,"position":4},"title":"Le solaire photovolta\u00efque \u00e0 BePositive","date":"15 mai 2023","format":false,"excerpt":"BePositive \u00e0 Lyon devient l\u2019un des premiers salons fran\u00e7ais pour le photovolta\u00efque. On y trouve des distributeurs, des panneaux photovolta\u00efques, des kits de montage en toiture et en fa\u00e7ade, du stockage d\u2019\u00e9lectricit\u00e9 physique et virtuel. Pascal Poggi pour Batim\u00e9dia A BePositive, enphase montrait deux nouveaut\u00e9s sur plusieurs stands\u00a0: d\u2019une part,\u2026","rel":"","context":"Dans &quot;Articles et analyses&quot;","img":{"alt_text":"","src":"https:\/\/i0.wp.com\/batimedianews.com\/live\/wp-content\/uploads\/2023\/05\/solaire.png?fit=1200%2C1200&ssl=1&resize=350%2C200","width":350,"height":200},"classes":[]},{"id":28977,"url":"https:\/\/batimedianews.com\/live\/index.php\/2023\/05\/27\/le-solaire-thermique-a-bepositive\/","url_meta":{"origin":25956,"position":5},"title":"Le solaire thermique \u00e0 BePositive","date":"27 mai 2023","format":false,"excerpt":"Le salon BePositive \u00e0 Lyon a attir\u00e9 les principaux acteurs fran\u00e7ais du solaire thermique et s\u2019inscrit dans une reprise du march\u00e9 solaire thermique en France. Pascal Poggi pour Batim\u00e9dia A BePositive, on trouvait aussi bien des fabricants de mat\u00e9riels que des distributeurs sp\u00e9cialis\u00e9s en solaire thermique et en stockage d\u2019\u00e9lectricit\u00e9.\u2026","rel":"","context":"Dans &quot;Articles et analyses&quot;","img":{"alt_text":"","src":"https:\/\/i2.wp.com\/batimedianews.com\/live\/wp-content\/uploads\/2023\/05\/Be-positive-4-thermique-.jpeg?fit=1200%2C1200&ssl=1&resize=350%2C200","width":350,"height":200},"classes":[]}],"_links":{"self":[{"href":"https:\/\/batimedianews.com\/live\/index.php\/wp-json\/wp\/v2\/posts\/25956"}],"collection":[{"href":"https:\/\/batimedianews.com\/live\/index.php\/wp-json\/wp\/v2\/posts"}],"about":[{"href":"https:\/\/batimedianews.com\/live\/index.php\/wp-json\/wp\/v2\/types\/post"}],"author":[{"embeddable":true,"href":"https:\/\/batimedianews.com\/live\/index.php\/wp-json\/wp\/v2\/users\/41"}],"replies":[{"embeddable":true,"href":"https:\/\/batimedianews.com\/live\/index.php\/wp-json\/wp\/v2\/comments?post=25956"}],"version-history":[{"count":2,"href":"https:\/\/batimedianews.com\/live\/index.php\/wp-json\/wp\/v2\/posts\/25956\/revisions"}],"predecessor-version":[{"id":25965,"href":"https:\/\/batimedianews.com\/live\/index.php\/wp-json\/wp\/v2\/posts\/25956\/revisions\/25965"}],"wp:featuredmedia":[{"embeddable":true,"href":"https:\/\/batimedianews.com\/live\/index.php\/wp-json\/wp\/v2\/media\/25961"}],"wp:attachment":[{"href":"https:\/\/batimedianews.com\/live\/index.php\/wp-json\/wp\/v2\/media?parent=25956"}],"wp:term":[{"taxonomy":"category","embeddable":true,"href":"https:\/\/batimedianews.com\/live\/index.php\/wp-json\/wp\/v2\/categories?post=25956"},{"taxonomy":"post_tag","embeddable":true,"href":"https:\/\/batimedianews.com\/live\/index.php\/wp-json\/wp\/v2\/tags?post=25956"}],"curies":[{"name":"wp","href":"https:\/\/api.w.org\/{rel}","templated":true}]}}