{"id":26015,"date":"2023-02-08T08:52:33","date_gmt":"2023-02-08T07:52:33","guid":{"rendered":"http:\/\/batimedianews.com\/live\/?p=26015"},"modified":"2023-07-15T15:04:32","modified_gmt":"2023-07-15T13:04:32","slug":"iko-insulations-pret-pour-la-rep-pmcb-adhere-a-valobat-et-entend-participer-a-lavancee-de-leconomie-circulaire","status":"publish","type":"post","link":"https:\/\/batimedianews.com\/live\/index.php\/2023\/02\/08\/iko-insulations-pret-pour-la-rep-pmcb-adhere-a-valobat-et-entend-participer-a-lavancee-de-leconomie-circulaire\/","title":{"rendered":"IKO INSULATIONS, pr\u00eat pour la REP PMCB, adh\u00e8re \u00e0 VALOBAT  et entend participer \u00e0 l&rsquo;avanc\u00e9e de l&rsquo;\u00e9conomie circulaire"},"content":{"rendered":"\n<div class=\"wp-block-image\"><figure class=\"alignright size-large\"><img loading=\"lazy\" width=\"720\" height=\"482\" src=\"https:\/\/i1.wp.com\/batimedianews.com\/live\/wp-content\/uploads\/2023\/02\/image-17.png?resize=720%2C482\" alt=\"\" class=\"wp-image-26018\" srcset=\"https:\/\/i1.wp.com\/batimedianews.com\/live\/wp-content\/uploads\/2023\/02\/image-17.png?w=774&amp;ssl=1 774w, https:\/\/i1.wp.com\/batimedianews.com\/live\/wp-content\/uploads\/2023\/02\/image-17.png?resize=600%2C402&amp;ssl=1 600w, https:\/\/i1.wp.com\/batimedianews.com\/live\/wp-content\/uploads\/2023\/02\/image-17.png?resize=768%2C514&amp;ssl=1 768w, https:\/\/i1.wp.com\/batimedianews.com\/live\/wp-content\/uploads\/2023\/02\/image-17.png?resize=10%2C7&amp;ssl=1 10w, https:\/\/i1.wp.com\/batimedianews.com\/live\/wp-content\/uploads\/2023\/02\/image-17.png?resize=432%2C289&amp;ssl=1 432w, https:\/\/i1.wp.com\/batimedianews.com\/live\/wp-content\/uploads\/2023\/02\/image-17.png?resize=396%2C265&amp;ssl=1 396w, https:\/\/i1.wp.com\/batimedianews.com\/live\/wp-content\/uploads\/2023\/02\/image-17.png?resize=660%2C442&amp;ssl=1 660w, https:\/\/i1.wp.com\/batimedianews.com\/live\/wp-content\/uploads\/2023\/02\/image-17.png?resize=329%2C220&amp;ssl=1 329w\" sizes=\"(max-width: 600px) 91vw, (max-width: 900px) 600px, (max-width: 1060px) 50vw, (max-width: 1200px) 520px, (max-width: 1400px) 43vw, 600px\" data-recalc-dims=\"1\" \/><figcaption>Cr\u00e9dit photo IKO Insulations&nbsp;<\/figcaption><\/figure><\/div>\n\n\n\n<p>IKO Insulations, fabricant de panneaux d\u2019isolation en mousse rigide de polyur\u00e9thane, pr\u00e9pare la rentr\u00e9e 2023. En tant qu\u2019industriel et \u00ab metteur sur le march\u00e9 \u00bb, selon la loi AGEC et l\u2019article L541-10-1(4\u00b0) du Code de l\u2019environnement, il est pr\u00eat pour r\u00e9pondre aux exigences de la Responsabilit\u00e9 \u00c9largie du Producteur des Produits et Mat\u00e9riaux de Construction du secteur B\u00e2timent (REP PMCB). Il a ainsi adh\u00e9r\u00e9 \u00e0 Valobat : le choix s\u2019est port\u00e9 sur cet \u00e9co-organisme qui est le seul agr\u00e9\u00e9 sur toutes les cat\u00e9gories de produits et mat\u00e9riaux du b\u00e2timent, inertes ou non inertes, permettant d\u2019assurer une pr\u00e9sence sur tous les circuits de collecte.&nbsp;<\/p>\n\n\n\n<p>&nbsp;\u00ab <em>Le Groupe IKO a choisi d\u2019adh\u00e9rer \u00e0 Valobat pour l\u2019ensemble de ses activit\u00e9s, dont IKO Insulations, pour son mode de gouvernance ouverte \u00e0 tous les metteurs sur le march\u00e9. Nous souhaitons nous impliquer et apporter nos connaissances au collectif afin d\u2019acc\u00e9l\u00e9rer la mise en place d\u2019une fili\u00e8re de recyclage d\u00e9di\u00e9e \u00e0 nos produits. Nous avons ainsi soumis notre candidature \u00e0 participer au Comit\u00e9 de Secteur des Plastiques rigides, membranes et isolants plastiques, afin de devenir acteur de cette future \u00e9mergence. <\/em>\u00bb.&nbsp;<\/p>\n\n\n\n<p><strong>Daniele Cerutti, Directeur Commercial IKO Insulations&nbsp;<\/strong><\/p>\n\n\n\n<p><strong>Houda Bechraoui, Responsable Technique &amp; Certification IKO Insulations&nbsp;<\/strong><\/p>\n\n\n\n<p>&nbsp;\u00ab <em>Nous nous r\u00e9jouissons de l\u2019adh\u00e9sion du Groupe IKO \u00e0 notre \u00e9co-organisme et de sa volont\u00e9 d\u2019aller au-del\u00e0 de la r\u00e8glementation et de participer \u00e0 faire bouger les lignes. C\u2019est avec le concours de tous les industriels que nous r\u00e9ussirons collectivement \u00e0 construire les fili\u00e8res de recyclage et de valorisation. <\/em>\u00bb.&nbsp;<\/p>\n\n\n\n<p><strong>Rami Jabbour,&nbsp;Directeur Communication et Marketing de Valobat&nbsp;<\/strong><\/p>\n\n\n\n<p class=\"has-text-color\" style=\"color:#ab2828\"><strong>\u25aa ANTICIPATION ET TRANSPARENCE&nbsp;<\/strong><\/p>\n\n\n\n<p>IKO Insulations va informer l\u2019ensemble de ses clients des dispositions qui seront prises au 1er mai 2023, et communiquer la grille tarifaire par produit. Conform\u00e9ment aux r\u00e8gles d\u2019adh\u00e9sion de Valobat, l\u2019industriel mentionnera le montant total de l\u2019\u00e9co-contribution* en pied de facture. Afin d\u2019accompagner les clients dans ces changements profonds, sa force commerciale se met \u00e0 disposition pour r\u00e9pondre aux questions.&nbsp;<\/p>\n\n\n\n<p class=\"has-small-font-size\">&nbsp;* L\u2019\u00e9co-contribution, sans possibilit\u00e9 de r\u00e9faction, s\u2019applique de fa\u00e7on fixe, quel que soit le prix de vente de l\u2019article, suivant la formule : Prix de vente TTC = (((prix de base x (1- remise)) + \u00e9co-contribution) x (1 + taux TVA)).&nbsp;<\/p>\n\n\n\n<p><\/p>\n","protected":false},"excerpt":{"rendered":"<p>IKO Insulations, fabricant de panneaux d\u2019isolation en mousse rigide de polyur\u00e9thane, pr\u00e9pare la rentr\u00e9e 2023. En tant qu\u2019industriel et \u00ab metteur sur le march\u00e9 \u00bb, selon la loi AGEC et l\u2019article L541-10-1(4\u00b0) du Code de l\u2019environnement, il est pr\u00eat pour r\u00e9pondre aux exigences de la Responsabilit\u00e9 \u00c9largie du Producteur des Produits et Mat\u00e9riaux de Construction [&hellip;]<\/p>\n","protected":false},"author":41,"featured_media":26022,"comment_status":"open","ping_status":"open","sticky":false,"template":"","format":"standard","meta":{"spay_email":""},"categories":[4,80],"tags":[],"jetpack_featured_media_url":"https:\/\/i0.wp.com\/batimedianews.com\/live\/wp-content\/uploads\/2023\/02\/Iko-Article.jpg?fit=1920%2C1080&ssl=1","jetpack_sharing_enabled":true,"jetpack_likes_enabled":true,"jetpack-related-posts":[{"id":26221,"url":"https:\/\/batimedianews.com\/live\/index.php\/2023\/02\/16\/producteur-responsable-de-solutions-disolation-unilin-insulation-adhere-a-valobat\/","url_meta":{"origin":26015,"position":0},"title":"Producteur responsable de solutions d\u2019isolation, Unilin Insulation adh\u00e8re \u00e0 VALOBAT","date":"16 f\u00e9vrier 2023","format":false,"excerpt":"L\u2019entr\u00e9e en vigueur \u00e0 partir du 1er janvier 2023 de la REP PMCB \/ Responsabilit\u00e9 Elargie des Producteurs de Produits et Mat\u00e9riaux de Construction pour le B\u00e2timent impose \u00e0 tous les industriels fran\u00e7ais du b\u00e2timent d\u2019adh\u00e9rer \u00e0 un \u00e9co-organisme charg\u00e9 de g\u00e9rer la fin de vie de leurs produits en\u2026","rel":"","context":"Dans &quot;Isolation&quot;","img":{"alt_text":"","src":"https:\/\/i1.wp.com\/batimedianews.com\/live\/wp-content\/uploads\/2023\/02\/UNILIN-Insulation-Article.jpg?fit=1080%2C1080&ssl=1&resize=350%2C200","width":350,"height":200},"classes":[]},{"id":33096,"url":"https:\/\/batimedianews.com\/live\/index.php\/2023\/11\/15\/iko-insulations-accelere-son-positionnement-sur-le-marche-de-la-maison-individuelle\/","url_meta":{"origin":26015,"position":1},"title":"IKO Insulations acc\u00e9l\u00e8re son positionnement sur le march\u00e9 de la maison individuelle","date":"15 novembre 2023","format":false,"excerpt":"\u00a0PROXIMIT\u00c9 AVEC LES CONSTRUCTEURS LOCAUX ET EXPERTISE TECHNIQUE\u00a0 Figurant parmi les principaux fabricants de panneaux d\u2019isolation thermique et acoustique en mousse rigide de polyur\u00e9thane, IKO Insulations structure et renforce sa pr\u00e9sence aux c\u00f4t\u00e9s des ma\u00eetres d\u2019\u0153uvre et des constructeurs de maisons individuelles. En d\u00e9but d\u2019ann\u00e9e, il nommait Herv\u00e9 Deleersnyder au\u2026","rel":"","context":"Dans &quot;Actualit\u00e9 Entreprises&quot;","img":{"alt_text":"","src":"https:\/\/i2.wp.com\/batimedianews.com\/live\/wp-content\/uploads\/2023\/11\/IKO-Insulations-Image-articles-.jpg?fit=825%2C825&ssl=1&resize=350%2C200","width":350,"height":200},"classes":[]},{"id":47760,"url":"https:\/\/batimedianews.com\/live\/index.php\/2025\/11\/05\/des-fdes-conformes-a-la-norme-nf-en-15804a2-iko-insulations-renforce-la-transparence-environnementale-de-ses-panneaux-isolants-pir\/","url_meta":{"origin":26015,"position":2},"title":"Des FDES conformes \u00e0 la norme NF EN 15804+A2 :&nbsp;IKO Insulations renforce la transparence environnementale de ses panneaux isolants PIR","date":"5 novembre 2025","format":false,"excerpt":"Face aux nouvelles exigences environnementales du b\u00e2timent, la fiabilit\u00e9 des donn\u00e9es produits s\u2019impose comme un crit\u00e8re essentiel. Acteur majeur de l\u2019isolation en mousse rigide PIR, IKO Insulations confirme son engagement en publiant des FDES v\u00e9rifi\u00e9es selon la norme NF EN 15804+A2. Une \u00e9tape cl\u00e9 qui t\u00e9moigne de sa volont\u00e9 d\u2019offrir\u2026","rel":"","context":"Dans &quot;Actualit\u00e9 Entreprises&quot;","img":{"alt_text":"","src":"https:\/\/i0.wp.com\/batimedianews.com\/live\/wp-content\/uploads\/2025\/11\/Iko.jpg?fit=825%2C825&ssl=1&resize=350%2C200","width":350,"height":200},"classes":[]},{"id":32484,"url":"https:\/\/batimedianews.com\/live\/index.php\/2023\/10\/23\/iko-insulations-devoile-son-nouvel-outil-3d-iko-design-center\/","url_meta":{"origin":26015,"position":3},"title":"IKO Insulations d\u00e9voile son nouvel outil 3D IKO Design Center","date":"23 octobre 2023","format":false,"excerpt":"\u00a0UNE AIDE POUR MA\u00ceTRISER LA VALEUR TECHNIQUE DES SOLUTIONS D\u2019ISOLATION\u00a0 https:\/\/youtu.be\/qrhB8tCbcaQ https:\/\/designcenter.iko.com\/ \u00a0Le sens du service constitue l\u2019un des moteurs d\u2019IKO Insulations dont le positionnement cro\u00eet sur le march\u00e9 fran\u00e7ais de l\u2019isolation. En parall\u00e8le de son maillage du territoire qui s\u2019intensifie et de sa proximit\u00e9 terrain, il d\u00e9veloppe sa digitalisation\u2026","rel":"","context":"Dans &quot;Actualit\u00e9 Entreprises&quot;","img":{"alt_text":"","src":"https:\/\/i0.wp.com\/batimedianews.com\/live\/wp-content\/uploads\/2023\/10\/Iko-Image-articles-.jpg?fit=825%2C825&ssl=1&resize=350%2C200","width":350,"height":200},"classes":[]},{"id":24574,"url":"https:\/\/batimedianews.com\/live\/index.php\/2022\/11\/04\/re2020-iko-insulations-renouvelle-4-fdes-qui-visent-la-totalite-de-sa-gamme\/","url_meta":{"origin":26015,"position":4},"title":"RE2020 : IKO INSULATIONS renouvelle  4 FDES qui visent la totalit\u00e9 de sa gamme","date":"4 novembre 2022","format":false,"excerpt":"IKO Insulations r\u00e9affirme son ambition de participer \u00e0 la construction de b\u00e2timents durables. L\u2019industriel vient de renouveler ses Fiches de D\u00e9claration Environnementale et Sanitaire (FDES), v\u00e9rifi\u00e9es et r\u00e9f\u00e9renc\u00e9es sur la base INIES. Dot\u00e9s d\u2019une dur\u00e9e de vie de plus de 50 ans et d\u2019une \u00e9paisseur moindre pour un lambda de\u2026","rel":"","context":"Dans &quot;Bas carbone&quot;","img":{"alt_text":"","src":"https:\/\/i1.wp.com\/batimedianews.com\/live\/wp-content\/uploads\/2022\/10\/Iko-Article.jpg?fit=1080%2C1080&ssl=1&resize=350%2C200","width":350,"height":200},"classes":[]},{"id":39491,"url":"https:\/\/batimedianews.com\/live\/index.php\/2024\/09\/09\/iko-insulations-innove-avec-son-nouveau-panneau-disolation-pour-toitures-inclinees-iko-enertherm-alu-nf-as-anti-slip\/","url_meta":{"origin":26015,"position":5},"title":"IKO Insulations innove avec son nouveau panneau d&rsquo;isolation pour toitures inclin\u00e9es : IKO enertherm ALU NF AS (Anti-Slip)","date":"9 septembre 2024","format":false,"excerpt":"R\u00e9pondre aux besoins du march\u00e9 : un produit qui garantit la s\u00e9curit\u00e9 sur les chantiers La demande pour des solutions d'isolation \u00e0 la fois durables thermiquement, m\u00e9caniquement et acoustiquement ainsi que s\u00e9curis\u00e9es est en constante augmentation, notamment dans le secteur de la construction o\u00f9 la protection des professionnels sur les\u2026","rel":"","context":"Dans &quot;Acoustique&quot;","img":{"alt_text":"","src":"https:\/\/i0.wp.com\/batimedianews.com\/live\/wp-content\/uploads\/2024\/09\/Iko-articles-.jpg?fit=825%2C825&ssl=1&resize=350%2C200","width":350,"height":200},"classes":[]}],"_links":{"self":[{"href":"https:\/\/batimedianews.com\/live\/index.php\/wp-json\/wp\/v2\/posts\/26015"}],"collection":[{"href":"https:\/\/batimedianews.com\/live\/index.php\/wp-json\/wp\/v2\/posts"}],"about":[{"href":"https:\/\/batimedianews.com\/live\/index.php\/wp-json\/wp\/v2\/types\/post"}],"author":[{"embeddable":true,"href":"https:\/\/batimedianews.com\/live\/index.php\/wp-json\/wp\/v2\/users\/41"}],"replies":[{"embeddable":true,"href":"https:\/\/batimedianews.com\/live\/index.php\/wp-json\/wp\/v2\/comments?post=26015"}],"version-history":[{"count":2,"href":"https:\/\/batimedianews.com\/live\/index.php\/wp-json\/wp\/v2\/posts\/26015\/revisions"}],"predecessor-version":[{"id":26044,"href":"https:\/\/batimedianews.com\/live\/index.php\/wp-json\/wp\/v2\/posts\/26015\/revisions\/26044"}],"wp:featuredmedia":[{"embeddable":true,"href":"https:\/\/batimedianews.com\/live\/index.php\/wp-json\/wp\/v2\/media\/26022"}],"wp:attachment":[{"href":"https:\/\/batimedianews.com\/live\/index.php\/wp-json\/wp\/v2\/media?parent=26015"}],"wp:term":[{"taxonomy":"category","embeddable":true,"href":"https:\/\/batimedianews.com\/live\/index.php\/wp-json\/wp\/v2\/categories?post=26015"},{"taxonomy":"post_tag","embeddable":true,"href":"https:\/\/batimedianews.com\/live\/index.php\/wp-json\/wp\/v2\/tags?post=26015"}],"curies":[{"name":"wp","href":"https:\/\/api.w.org\/{rel}","templated":true}]}}