{"id":26051,"date":"2023-02-09T10:22:48","date_gmt":"2023-02-09T09:22:48","guid":{"rendered":"http:\/\/batimedianews.com\/live\/?p=26051"},"modified":"2023-07-15T15:04:32","modified_gmt":"2023-07-15T13:04:32","slug":"aiguillon-construction-lance-un-projet-dhabitat-participatif-le-contrepoint-en-hyper-centre-de-lorient","status":"publish","type":"post","link":"https:\/\/batimedianews.com\/live\/index.php\/2023\/02\/09\/aiguillon-construction-lance-un-projet-dhabitat-participatif-le-contrepoint-en-hyper-centre-de-lorient\/","title":{"rendered":"Aiguillon construction lance un projet d\u2019habitat participatif \u00ab Le Contrepoint \u00bb, en hyper centre de Lorient"},"content":{"rendered":"\n<figure class=\"wp-block-image size-large\"><img loading=\"lazy\" width=\"720\" height=\"292\" src=\"https:\/\/i0.wp.com\/batimedianews.com\/live\/wp-content\/uploads\/2023\/02\/image-22.png?resize=720%2C292\" alt=\"\" class=\"wp-image-26052\" srcset=\"https:\/\/i0.wp.com\/batimedianews.com\/live\/wp-content\/uploads\/2023\/02\/image-22.png?resize=1024%2C415&amp;ssl=1 1024w, https:\/\/i0.wp.com\/batimedianews.com\/live\/wp-content\/uploads\/2023\/02\/image-22.png?resize=600%2C243&amp;ssl=1 600w, https:\/\/i0.wp.com\/batimedianews.com\/live\/wp-content\/uploads\/2023\/02\/image-22.png?resize=768%2C311&amp;ssl=1 768w, https:\/\/i0.wp.com\/batimedianews.com\/live\/wp-content\/uploads\/2023\/02\/image-22.png?resize=10%2C4&amp;ssl=1 10w, https:\/\/i0.wp.com\/batimedianews.com\/live\/wp-content\/uploads\/2023\/02\/image-22.png?resize=432%2C175&amp;ssl=1 432w, https:\/\/i0.wp.com\/batimedianews.com\/live\/wp-content\/uploads\/2023\/02\/image-22.png?resize=396%2C160&amp;ssl=1 396w, https:\/\/i0.wp.com\/batimedianews.com\/live\/wp-content\/uploads\/2023\/02\/image-22.png?resize=1120%2C454&amp;ssl=1 1120w, https:\/\/i0.wp.com\/batimedianews.com\/live\/wp-content\/uploads\/2023\/02\/image-22.png?resize=660%2C267&amp;ssl=1 660w, https:\/\/i0.wp.com\/batimedianews.com\/live\/wp-content\/uploads\/2023\/02\/image-22.png?resize=543%2C220&amp;ssl=1 543w, https:\/\/i0.wp.com\/batimedianews.com\/live\/wp-content\/uploads\/2023\/02\/image-22.png?w=1412&amp;ssl=1 1412w\" sizes=\"(max-width: 600px) 91vw, (max-width: 900px) 600px, (max-width: 1060px) 50vw, (max-width: 1200px) 520px, (max-width: 1400px) 43vw, 600px\" data-recalc-dims=\"1\" \/><\/figure>\n\n\n\n<p><strong>Le bailleur social breton Aiguillon construction, par le biais de sa marque imoja, sp\u00e9cialis\u00e9e dans la commercialisation de logements en accession sociale \u00e0 la propri\u00e9t\u00e9, a remport\u00e9 l\u2019appel \u00e0 projet lanc\u00e9 par la ville de Lorient sur l\u2019\u00eelot Mettrie, en plein centre-ville, \u00e0 l\u2019est du cours Chazelles. Au coeur d\u2019un quartier en plein renouvellement urbain, le programme \u00ab Le Contrepoint \u00bb accueillera environ 60 logements, dont 50 en Accession Coop\u00e9rative \u00e9ligibles au dispositif d\u2019habitat participatif et 10 en Bail R\u00e9el Solidaire (BRS).<\/strong><\/p>\n\n\n\n<p><strong>Le groupe d\u2019habitants est en cours de construction* pour imaginer la future r\u00e9sidence. Les \u00e9ventuels int\u00e9ress\u00e9s peuvent contacter les \u00e9quipes imoja pour obtenir des renseignements et rejoindre le projet.<\/strong><\/p>\n\n\n\n<p class=\"has-sm-light-primary-color has-text-color has-background has-medium-font-size\" style=\"background-color:#0a0a0a\"><strong>L\u2019habitat participatif, ou co-construire son habitat<\/strong><\/p>\n\n\n\n<p>Compos\u00e9e, \u00e0 terme, d\u2019environ 60 logements dont 50 \u00e9ligibles \u00e0 l\u2019habitat participatif, la r\u00e9sidence \u00ab Le Contrepoint \u00bb est n\u00e9e de la volont\u00e9 d\u2019associer les futurs habitants \u00e0 la conception de leur lieu de vie. imoja, en lien avec l\u2019atelier d\u2019architecture TLPA, propose une d\u00e9marche de co-conception des habitations.<\/p>\n\n\n\n<p>\u00ab<em> Dans la limite de l\u2019occupation de ces espaces et volumes pr\u00e9d\u00e9finis, nous dessinerons chaque logements avec ses futurs habitants. Nous les rencontrons en rendez-vous individuel, durant deux heures environ, pour le d\u00e9coupage\/dessin de leur logement. <\/em>\u00bb explique Tristan la Prairie, architecte urbaniste. \u00ab<em> Moins de 25% des fran\u00e7ais vivent au sein d\u2019une famille de 4 personnes avec parents et enfants, les typologies habituelles ne refl\u00e8tent donc pas vraiment la diversit\u00e9 des habitants. Cette m\u00e9thode va permettre aux acqu\u00e9reurs de dimensionner leur logement librement, l\u00e0 o\u00f9 la m\u00e9thode habituelle pr\u00e9d\u00e9finit des typologies aux surfaces standardis\u00e9es (un T2 fait 45m2, un T3 65, et un T4 85\u2026) <\/em>\u00bb. Les futurs voisins pourront aussi imaginer ensemble les espaces communs qui leur ressemblent, par le biais de rendez-vous trimestriels (visites de chantier, ateliers participatifs), organis\u00e9s jusqu\u2019\u00e0 la fin des travaux.<\/p>\n\n\n\n<p class=\"has-sm-light-primary-color has-text-color has-background has-medium-font-size\" style=\"background-color:#121212\"><strong>Une construction certifi\u00e9e HQE**<\/strong><\/p>\n\n\n\n<p>C\u00f4t\u00e9 architecture, l\u2019atelier TLPA a imagin\u00e9 la r\u00e9sidence comme un village vertical, sur 6 niveaux. L\u2019architecte souhaite laisser la part belle au bois, par un choix de syst\u00e8me constructif novateur compos\u00e9 d\u2019un bardage et d\u2019une structure bois. L\u2019acc\u00e8s aux logements se fera par des coursives ext\u00e9rieures, conf\u00e9rant ind\u00e9pendance et intimit\u00e9 \u00e0 chaque appartement. Des maisons en bois et en paille seront \u00e9rig\u00e9es sur le toit et viendront couronner la r\u00e9sidence. Un lieu de vie enti\u00e8rement tourn\u00e9 vers un coeur d\u2019\u00eelot accessible \u00e0 tous, qui laissera place \u00e0 la v\u00e9g\u00e9tation, agr\u00e9ment\u00e9 de cheminements pi\u00e9tons. Labellis\u00e9e Haute Qualit\u00e9 Environnementale, la r\u00e9sidence b\u00e9n\u00e9ficiera d\u2019un niveau de performance \u00e9nerg\u00e9tique sup\u00e9rieur \u00e0 la r\u00e8glementation \u00ab RE2020 \u00bb (niveau vis\u00e9 : E3C2) et du niveau 1 du label b\u00e2timent biosourc\u00e9 (isolation thermique de qualit\u00e9, panneaux photovolta\u00efques, chaufferie collective au bois plus \u00e9conome\u2026).<\/p>\n\n\n\n<p class=\"has-small-font-size\"><em>**Haute Qualit\u00e9 Environnementale<\/em><\/p>\n\n\n\n<p class=\"has-sm-light-primary-color has-text-color has-background has-medium-font-size\" style=\"background-color:#0f0f0f\"><strong>Permettre l\u2019accession \u00e0 la propri\u00e9t\u00e9 au plus grand nombre<\/strong><\/p>\n\n\n\n<p>\u00ab<em> imoja est tr\u00e8s investie dans sa mission d\u2019utilit\u00e9 sociale, en d\u00e9fendant l\u2019id\u00e9e que chacun, quels que soient ses revenus, peut pr\u00e9tendre \u00e0 son \u00ab premier chez soi \u00bb. L\u2019accession \u00e0 la propri\u00e9t\u00e9 s\u2019int\u00e8gre pleinement dans cette mission <\/em>\u00bb souligne Franck Gauthier, directeur territorial Aiguillon du Morbihan. \u00ab Le Contrepoint \u00bb propose une soixantaine de logements int\u00e9gralement destin\u00e9s \u00e0 de la r\u00e9sidence principale, en Accession Coop\u00e9rative et en Bail R\u00e9el Solidaire (BRS), des dispositifs d\u2019aide \u00e0 l\u2019achat, adress\u00e9s \u00e0 des m\u00e9nages sous conditions de ressources.<\/p>\n\n\n\n<ul><li>\u2022 <strong>L\u2019Accession Coop\u00e9rative<\/strong> est un dispositif d\u2019accession \u00e0 la propri\u00e9t\u00e9 destin\u00e9 aux foyers respectant certains plafonds de ressources. Ce dispositif permet de b\u00e9n\u00e9ficier d\u2019un prix de vente encadr\u00e9 (avec une TVA \u00e0 20 %), ainsi que des garanties compl\u00e9mentaires des coop\u00e9ratives pour s\u00e9curiser l\u2019achat.<\/li><\/ul>\n\n\n\n<ul><li>\u2022 <strong>Le Bail R\u00e9el Solidaire <\/strong>a pour objectif de faciliter l\u2019accession \u00e0 la propri\u00e9t\u00e9 pour tous, afin de permettre au plus grand nombre de devenir propri\u00e9taire. L\u2019acqu\u00e9reur est propri\u00e9taire de son logement et verse une redevance mensuelle \u00e0 un Organisme Foncier Solidaire (OFS) pour la partie fonci\u00e8re (le terrain) sur lequel la r\u00e9sidence est construite.<\/li><\/ul>\n\n\n\n<p class=\"has-small-font-size\"><em>*Vous \u00eates int\u00e9ress\u00e9 par ce projet d\u2019habitat participatif ? Contactez Mathilde Jego, conseill\u00e8re commerciale imoja, pour obtenir des renseignements et rejoindre le projet : par t\u00e9l\u00e9phone au 02 56 37 71 06. Sur rendez-vous, imoja \u00e0 lorient &#8211; 52B cours de Chazelles<\/em><\/p>\n\n\n\n<div class=\"wp-block-group has-sm-light-primary-color has-text-color has-background\" style=\"background-color:#0e0f0f\"><div class=\"wp-block-group__inner-container\">\n<p><strong>ZOOM SUR AIGUILLON CONSTRUCTION<\/strong><\/p>\n\n\n\n<p class=\"has-small-font-size\">Entreprise Sociale pour l\u2019Habitat (ESH) implant\u00e9e dans l\u2019Ouest depuis 1902, Aiguillon construction est pr\u00e9sente dans 4 d\u00e9partements et 205 communes en gestion locative. Gestionnaire immobilier de 18 892 logements lou\u00e9s, Aiguillon construction a investi 189,3 millions d\u2019euros dans l\u2019\u00e9conomie r\u00e9gionale pour construire et r\u00e9habiliter le patrimoine.<\/p>\n\n\n\n<p><strong>10<\/strong> agences, en Bretagne et Pays de la Loire<\/p>\n<\/div><\/div>\n\n\n\n<div class=\"wp-block-group has-sm-light-primary-color has-text-color has-background\" style=\"background-color:#0a0a0a\"><div class=\"wp-block-group__inner-container\">\n<p><strong>ZOOM SUR imoja<\/strong><\/p>\n\n\n\n<p class=\"has-small-font-size\">imoja est la marque d\u2019Aiguillon R\u00e9sidences d\u00e9di\u00e9e \u00e0 l\u2019achat immobilier. L\u2019entreprise, pr\u00e9sente en Bretagne et Pays de la Loire, part du postulat qu\u2019en int\u00e9grant une dynamique collective \u00e0 l\u2019achat individuel, les freins \u00e0 l\u2019achat du futur acqu\u00e9reur peuvent \u00eatre lev\u00e9s.<\/p>\n\n\n\n<p class=\"has-small-font-size\">imoja a donc instaur\u00e9 des rendezvous r\u00e9guliers, avec les acheteurs, afin de leur permettre de rencontrer leurs futurs voisins avant m\u00eame d\u2019emm\u00e9nager, et de rendre l\u2019accession \u00e0 la propri\u00e9t\u00e9 fluide, facile et sereine.<\/p>\n\n\n\n<p><strong>7 903<\/strong> logements vendus en accession<\/p>\n<\/div><\/div>\n\n\n\n<p><\/p>\n","protected":false},"excerpt":{"rendered":"<p>Le bailleur social breton Aiguillon construction, par le biais de sa marque imoja, sp\u00e9cialis\u00e9e dans la commercialisation de logements en accession sociale \u00e0 la propri\u00e9t\u00e9, a remport\u00e9 l\u2019appel \u00e0 projet lanc\u00e9 par la ville de Lorient sur l\u2019\u00eelot Mettrie, en plein centre-ville, \u00e0 l\u2019est du cours Chazelles. Au coeur d\u2019un quartier en plein renouvellement urbain, [&hellip;]<\/p>\n","protected":false},"author":41,"featured_media":26054,"comment_status":"open","ping_status":"open","sticky":false,"template":"","format":"standard","meta":{"spay_email":""},"categories":[4,39,73,2264,77,921],"tags":[2263],"jetpack_featured_media_url":"https:\/\/i2.wp.com\/batimedianews.com\/live\/wp-content\/uploads\/2023\/02\/Aiguillon-Article.jpg?fit=1920%2C1080&ssl=1","jetpack_sharing_enabled":true,"jetpack_likes_enabled":true,"jetpack-related-posts":[{"id":29170,"url":"https:\/\/batimedianews.com\/live\/index.php\/2023\/06\/11\/inauguration-de-lhabitat-inclusif-ty-koad-et-de-la-residence-perce-neige-1-12-rue-anjela-duval-la-bouexiere-35\/","url_meta":{"origin":26051,"position":0},"title":"Inauguration de l&rsquo;habitat inclusif &#8211; \u00ab\u00a0Ty Koad\u00a0\u00bb et de la r\u00e9sidence \u00ab\u00a0Perce-Neige\u00a0\u00bb &#8211; 1 &#8211; 12 rue Anjela DUVAL, La Bou\u00ebxi\u00e8re (35)","date":"11 juin 2023","format":false,"excerpt":"Aiguillon construction et l'association Espoir 35 ont organis\u00e9 l'inauguration des deux nouvelles r\u00e9sidences \u00ab Ty Koad \u00bb et \u00ab Perce-Neige \u00bb, \u00e0 La Bou\u00ebxi\u00e8re, dont les travaux ont d\u00e9but\u00e9 en d\u00e9cembre 2020. Le programme en habitat inclusif \u00ab Ty Koad \u00bb est g\u00e9r\u00e9 par l\u2019association Espoir 35 et permettra \u00e0\u2026","rel":"","context":"Dans &quot;accessibilit\u00e9 Universelle&quot;","img":{"alt_text":"","src":"https:\/\/i0.wp.com\/batimedianews.com\/live\/wp-content\/uploads\/2023\/06\/Aiguillon-Article-1.jpg?fit=1080%2C1080&ssl=1&resize=350%2C200","width":350,"height":200},"classes":[]},{"id":47363,"url":"https:\/\/batimedianews.com\/live\/index.php\/2025\/10\/14\/a-caen-linkcity-realise-avec-cdc-habitat-grand-ouest-et-3f-normanvie-un-projet-a-haute-ambition-environnementale-dans-le-quartier-de-la-folie-couvrechef\/","url_meta":{"origin":26051,"position":1},"title":"\u00c0 Caen, Linkcity r\u00e9alise avec CDC Habitat Grand Ouest et 3F Normanvie un projet \u00e0 haute ambition environnementale dans le quartier de la Folie Couvrechef","date":"14 octobre 2025","format":false,"excerpt":"Dans le quartier de La Folie Couvrechef \u00e0 Caen, Linkcity d\u00e9veloppe avec CDC Habitat Grand Ouest et 3F Normanvie un projet immobilier exemplaire qui place le bois au coeur de sa conception. Pens\u00e9 comme un v\u00e9ritable d\u00e9monstrateur, ce programme mixte \u00e0 vocation sociale et locale de 90 logements illustre la\u2026","rel":"","context":"Dans &quot;Actualit\u00e9 Entreprises&quot;","img":{"alt_text":"","src":"https:\/\/i2.wp.com\/batimedianews.com\/live\/wp-content\/uploads\/2025\/10\/Linkcity_cdchabitat.jpg?fit=825%2C825&ssl=1&resize=350%2C200","width":350,"height":200},"classes":[]},{"id":31530,"url":"https:\/\/batimedianews.com\/live\/index.php\/2023\/09\/20\/antin-residences-bailleur-social-partenaire-des-collectivites-et-acteur-majeur-du-logement-sante-en-ile-de-france\/","url_meta":{"origin":26051,"position":2},"title":"Antin R\u00e9sidences, bailleur social, partenaire des collectivit\u00e9s et acteur majeur du Logement Sant\u00e9 en \u00cele-de-France.","date":"20 septembre 2023","format":false,"excerpt":"Vision \u00ab L\u2019habitat est un droit fondamental qui doit \u00eatre garanti \u00e0 tous, ind\u00e9pendamment de leur statut social, \u00e9conomique ou culturel. Il est donc essentiel de concevoir des logements qui r\u00e9pondent aux besoins de tous les habitants et qui soient sains, s\u00fbrs et confortables. \u00bb ONU-Habitat (Organisation des Nations Unies\u2026","rel":"","context":"Dans &quot;Actualit\u00e9 Entreprises&quot;","img":{"alt_text":"","src":"https:\/\/i0.wp.com\/batimedianews.com\/live\/wp-content\/uploads\/2023\/09\/Antin-articles.jpg?fit=825%2C825&ssl=1&resize=350%2C200","width":350,"height":200},"classes":[]},{"id":14133,"url":"https:\/\/batimedianews.com\/live\/index.php\/2021\/12\/06\/palmares-du-challenge-de-lhabitat-innovant-2022\/","url_meta":{"origin":26051,"position":3},"title":"PALMAR\u00c8S DU CHALLENGE DE L\u2019HABITAT INNOVANT 2022","date":"6 d\u00e9cembre 2021","format":false,"excerpt":"\u00a0\u00c0 l\u2019occasion de son S\u00e9minaire Technique qui s\u2019est d\u00e9roul\u00e9 du 25 au 28 novembre \u00e0 Lisbonne, le P\u00f4le Habitat FFB a d\u00e9voil\u00e9 le palmar\u00e8s de son Challenge de l\u2019Habitat Innovant 2022, auquel seize adh\u00e9rents ont particip\u00e9 tout au long de l\u2019ann\u00e9e. Autant de dossiers qui refl\u00e8tent tant le go\u00fbt d\u2019entreprendre\u2026","rel":"","context":"Dans &quot;Actualit\u00e9 Entreprises&quot;","img":{"alt_text":"","src":"https:\/\/i1.wp.com\/batimedianews.com\/live\/wp-content\/uploads\/2021\/12\/PoleHabitat-Article.jpg?fit=512%2C512&ssl=1&resize=350%2C200","width":350,"height":200},"classes":[]},{"id":18395,"url":"https:\/\/batimedianews.com\/live\/index.php\/2022\/04\/04\/podeliha-devoile-son-concept-innovant-dhabitat-deplacable-habiflex\/","url_meta":{"origin":26051,"position":4},"title":"Podeliha d\u00e9voile son concept innovant d&rsquo;habitat d\u00e9pla\u00e7able, \u00ab\u00a0Habiflex\u00ae\u00a0\u00bb.","date":"4 avril 2022","format":false,"excerpt":"Premier projet sur la commune de Chanverrie (85). Ce mardi 22 mars, Gonzague Noyelle, Directeur g\u00e9n\u00e9ral de Podeliha, annonce le lancement de sa toute nouvelle marque Habiflex\u00ae en pr\u00e9sence de Jean-Fran\u00e7ois FRUCHET, Maire de Chanverrie (85), commune sur laquelle un premier projet de 20 maisons modulaires va \u00eatre d\u00e9ploy\u00e9. Habiflex\u00ae\u2026","rel":"","context":"Dans &quot;Actualit\u00e9 Entreprises&quot;","img":{"alt_text":"","src":"https:\/\/i0.wp.com\/batimedianews.com\/live\/wp-content\/uploads\/2022\/03\/Podeliha-Article.jpg?fit=512%2C512&ssl=1&resize=350%2C200","width":350,"height":200},"classes":[]},{"id":12956,"url":"https:\/\/batimedianews.com\/live\/index.php\/2021\/10\/20\/habiter-la-france-de-demain-comment-depasser-les-contradictions\/","url_meta":{"origin":26051,"position":5},"title":"HABITER LA FRANCE DE DEMAIN : COMMENT D\u00c9PASSER LES CONTRADICTIONS ?","date":"20 octobre 2021","format":false,"excerpt":"La ministre en charge du Logement, Emmanuelle Wargon, a conclu ce 14 octobre les huit mois d\u2019\u00e9changes de la d\u00e9marche \u00ab Habiter la France de demain \u00bb en avan\u00e7ant dix pistes de r\u00e9flexions et de propositions sur la densification, le foncier, le logement abordable, la qualit\u00e9 des logements, la r\u00e9novation\u2026","rel":"","context":"Dans &quot;Actualit\u00e9 Entreprises&quot;","img":{"alt_text":"","src":"https:\/\/i1.wp.com\/batimedianews.com\/live\/wp-content\/uploads\/2021\/10\/Pole-HabitatFFB-Article.jpg?fit=512%2C512&ssl=1&resize=350%2C200","width":350,"height":200},"classes":[]}],"_links":{"self":[{"href":"https:\/\/batimedianews.com\/live\/index.php\/wp-json\/wp\/v2\/posts\/26051"}],"collection":[{"href":"https:\/\/batimedianews.com\/live\/index.php\/wp-json\/wp\/v2\/posts"}],"about":[{"href":"https:\/\/batimedianews.com\/live\/index.php\/wp-json\/wp\/v2\/types\/post"}],"author":[{"embeddable":true,"href":"https:\/\/batimedianews.com\/live\/index.php\/wp-json\/wp\/v2\/users\/41"}],"replies":[{"embeddable":true,"href":"https:\/\/batimedianews.com\/live\/index.php\/wp-json\/wp\/v2\/comments?post=26051"}],"version-history":[{"count":2,"href":"https:\/\/batimedianews.com\/live\/index.php\/wp-json\/wp\/v2\/posts\/26051\/revisions"}],"predecessor-version":[{"id":26106,"href":"https:\/\/batimedianews.com\/live\/index.php\/wp-json\/wp\/v2\/posts\/26051\/revisions\/26106"}],"wp:featuredmedia":[{"embeddable":true,"href":"https:\/\/batimedianews.com\/live\/index.php\/wp-json\/wp\/v2\/media\/26054"}],"wp:attachment":[{"href":"https:\/\/batimedianews.com\/live\/index.php\/wp-json\/wp\/v2\/media?parent=26051"}],"wp:term":[{"taxonomy":"category","embeddable":true,"href":"https:\/\/batimedianews.com\/live\/index.php\/wp-json\/wp\/v2\/categories?post=26051"},{"taxonomy":"post_tag","embeddable":true,"href":"https:\/\/batimedianews.com\/live\/index.php\/wp-json\/wp\/v2\/tags?post=26051"}],"curies":[{"name":"wp","href":"https:\/\/api.w.org\/{rel}","templated":true}]}}