{"id":26315,"date":"2023-02-20T10:53:13","date_gmt":"2023-02-20T09:53:13","guid":{"rendered":"http:\/\/batimedianews.com\/live\/?p=26315"},"modified":"2023-07-15T15:04:16","modified_gmt":"2023-07-15T13:04:16","slug":"etude-environnement-logements-sociaux-plus-de-10-millions-deuros-deconomies-possibles-pour-les-locataires","status":"publish","type":"post","link":"https:\/\/batimedianews.com\/live\/index.php\/2023\/02\/20\/etude-environnement-logements-sociaux-plus-de-10-millions-deuros-deconomies-possibles-pour-les-locataires\/","title":{"rendered":"\u00c9tude Environnement \/ Logements sociaux : Plus de 10 millions d\u2019euros d\u2019\u00e9conomies possibles pour les locataires"},"content":{"rendered":"\n<p><strong>Fond\u00e9e en 2018, Homeys aide les professionnels de l&rsquo;\u00e9nergie \u00e0 acc\u00e9der aux donn\u00e9es des b\u00e2timents et \u00e0 les analyser pour acc\u00e9l\u00e9rer la dynamique de sobri\u00e9t\u00e9 et de d\u00e9carbonation. La start-up a men\u00e9 une \u00e9tude1 pour savoir si un gisement d\u2019\u00e9conomies \u00e9tait possible en optimisant la puissance des compteurs d\u2019\u00e9lectricit\u00e9 des parties communes des logements sociaux. Voici les r\u00e9sultats.<\/strong><\/p>\n\n\n\n<p>De nombreux compteurs d\u2019\u00e9lectricit\u00e9 install\u00e9s dans les parties communes d\u2019immeubles semblent ne pas avoir une puissance \u00e9lectrique adapt\u00e9e aux besoins de l\u2019immeuble. Trois raisons principales expliquent ce ph\u00e9nom\u00e8ne :<\/p>\n\n\n\n<ul><li>Des travaux d\u2019efficacit\u00e9 \u00e9nerg\u00e9tique ont \u00e9t\u00e9 r\u00e9alis\u00e9s et les nouveaux \u00e9quipements appellent moins de puissance qu\u2019avant<\/li><li>La puissance \u00e9lectrique a \u00e9t\u00e9 souscrite de mani\u00e8re impr\u00e9cise<\/li><li>Il \u00e9tait co\u00fbteux et quasiment infaisable de r\u00e9aliser une optimisation de la puissance sur ces compteurs avant le d\u00e9ploiement du compteur Linky.<\/li><\/ul>\n\n\n\n<p>L\u2019\u00e9tude men\u00e9e par Homeys sur <strong>100.000 compteurs Linky des parties communes<\/strong> r\u00e9v\u00e8le qu\u2019il est possible de r\u00e9aliser en moyenne <strong>16\u20ac d\u2019\u00e9conomies par an par compteur<\/strong>. Des \u00e9conomies annuelles de l\u2019ordre de <strong>1,6 million<\/strong> d\u2019euros sont donc r\u00e9alisables simplement en optimisant la puissance de ces 100.000 compteurs.<\/p>\n\n\n\n<p>Le parc de logements sociaux \u00e9tant compos\u00e9 de plus de <strong>600.000 compteurs<\/strong>, les locataires peuvent \u00e9conomiser <strong>plus de 10 millions d\u2019euros en tout.<\/strong><\/p>\n\n\n\n<p>Homeys indique \u00e9galement que <strong>30% des compteurs<\/strong> analys\u00e9s sont <strong>optimisables<\/strong>.<\/p>\n\n\n\n<p class=\"has-text-align-center\"><em>\u00ab Optimiser la puissance souscrite des compteurs des parties communes des immeubles, c\u2019est r\u00e9duire les charges locatives d\u2019\u00e9nergie en quelques semaines dans un contexte de forte hausse de la facture. \u00bb<\/em><\/p>\n\n\n\n<p class=\"has-text-align-center\"><strong>Henri de Noblens, co-fondateur de Homeys<\/strong><\/p>\n\n\n\n<p><strong>A propos de Homeys<\/strong><\/p>\n\n\n\n<p>Fond\u00e9e en 2018 par Henri de Noblens et Mathieu Anderhalt, Homeys aide les professionnels de l&rsquo;\u00e9nergie \u00e0 acc\u00e9der aux donn\u00e9es \u00e9nerg\u00e9tiques des b\u00e2timents et \u00e0 les analyser pour acc\u00e9l\u00e9rer la dynamique de sobri\u00e9t\u00e9 et de d\u00e9carbonation.<\/p>\n\n\n\n<p>Pour cela, la start-up propose deux typologies d\u2019offres : le monitoring pour se connecter aux donn\u00e9es d\u2019un b\u00e2timent tout en les analysant de mani\u00e8re automatique, et le diagnostic pour collecter et analyser \u00e0 distance les donn\u00e9es historiques des clients avant la r\u00e9alisation d\u2019une installation. Homeys collabore actuellement avec plus de 80 clients, 50 bailleurs et 80.000 compteurs ont d\u00e9j\u00e0 \u00e9t\u00e9 analys\u00e9s.<\/p>\n\n\n\n<p class=\"has-small-font-size\">1 \u00c9tude men\u00e9e sur plus de 100.000 compteurs Linky install\u00e9es dans les parties communes de logements sociaux<\/p>\n","protected":false},"excerpt":{"rendered":"<p>Fond\u00e9e en 2018, Homeys aide les professionnels de l&rsquo;\u00e9nergie \u00e0 acc\u00e9der aux donn\u00e9es des b\u00e2timents et \u00e0 les analyser pour acc\u00e9l\u00e9rer la dynamique de sobri\u00e9t\u00e9 et de d\u00e9carbonation. La start-up a men\u00e9 une \u00e9tude1 pour savoir si un gisement d\u2019\u00e9conomies \u00e9tait possible en optimisant la puissance des compteurs d\u2019\u00e9lectricit\u00e9 des parties communes des logements sociaux. [&hellip;]<\/p>\n","protected":false},"author":41,"featured_media":26316,"comment_status":"open","ping_status":"open","sticky":false,"template":"","format":"standard","meta":{"spay_email":""},"categories":[4,866,1161,122],"tags":[],"jetpack_featured_media_url":"https:\/\/i1.wp.com\/batimedianews.com\/live\/wp-content\/uploads\/2023\/02\/Homeys-Article.jpg?fit=1920%2C1080&ssl=1","jetpack_sharing_enabled":true,"jetpack_likes_enabled":true,"jetpack-related-posts":[{"id":1438,"url":"https:\/\/batimedianews.com\/live\/index.php\/2019\/07\/26\/et-si-vos-radiateurs-connectes-vous-permettaient-de-realiser-plus-deconomies-denergie\/","url_meta":{"origin":26315,"position":0},"title":"Et si vos radiateurs connect\u00e9s vous permettaient de r\u00e9aliser plus d&rsquo;\u00e9conomies d&rsquo;\u00e9nergie ?","date":"26 juillet 2019","format":false,"excerpt":"Gr\u00e2ce aux radiateurs connect\u00e9s Thermor et \u00e0 leurs fonctions intelligentes, il est possible\u00a0de r\u00e9aliser jusqu\u2019\u00e0 20% d\u2019\u00e9conomies sur sa facture d\u2019\u00e9lectricit\u00e9 (1). Il est loin le temps des appareils chauffant\u00a0trop fort tout ce qui se trouve autour ou\u00a0ass\u00e9chant l\u2019air ambiant. D\u00e9sormais, avec\u00a0Thermor, les radiateurs offrent un confort sur\u00a0mesure, contr\u00f4l\u00e9 et\u2026","rel":"","context":"Dans &quot;Actualit\u00e9 Entreprises&quot;","img":{"alt_text":"","src":"https:\/\/i0.wp.com\/batimedianews.com\/live\/wp-content\/uploads\/2019\/08\/thermor1.jpg?fit=1015%2C658&ssl=1&resize=350%2C200","width":350,"height":200},"classes":[]},{"id":10265,"url":"https:\/\/batimedianews.com\/live\/index.php\/2021\/06\/07\/plum-energie-lutte-contre-la-precarite-energetique-et-milite-en-faveur-dun-service-minimum-de-lelectricite\/","url_meta":{"origin":26315,"position":1},"title":"Pl\u00fcm \u00e9nergie lutte contre la pr\u00e9carit\u00e9 \u00e9nerg\u00e9tique et milite en faveur d\u2019un \u00ab service minimum de l\u2019\u00e9lectricit\u00e9 \u00bb","date":"7 juin 2021","format":false,"excerpt":"Le fournisseur d\u2019int\u00e9r\u00eat g\u00e9n\u00e9ral lancera un test grandeur nature aupr\u00e8s de ses clients pr\u00e9caires le 1er juin, \u00e0 la lev\u00e9e de la tr\u00eave hivernale. Paris, le 31 mai 2021 \u2013 Alors que les coupures d\u2019\u00e9lectricit\u00e9 risquent d\u2019\u00eatre massives \u00e0 partir du 1er juin prochain, date marquant la fin de la\u2026","rel":"","context":"Dans &quot;Actualit\u00e9 Entreprises&quot;","img":{"alt_text":"","src":"https:\/\/i2.wp.com\/batimedianews.com\/live\/wp-content\/uploads\/2021\/06\/Plum-Article.jpg?fit=512%2C512&ssl=1&resize=350%2C200","width":350,"height":200},"classes":[]},{"id":45521,"url":"https:\/\/batimedianews.com\/live\/index.php\/2025\/06\/24\/somfy-presente-son-capteur-de-consommation-connecte-pour-compteur-linky\/","url_meta":{"origin":26315,"position":2},"title":"Somfy pr\u00e9sente son capteur de consommation connect\u00e9 pour compteur Linky","date":"24 juin 2025","format":false,"excerpt":"\u00a0Somfy renforce son offre Smart Home avec un nouveau capteur de consommation connect\u00e9. Con\u00e7u aussi bien pour les projets de r\u00e9novation que pour les logements neufs, ce dispositif, compatible avec les compteurs Linky et int\u00e9gr\u00e9 \u00e0 l\u2019\u00e9cosyst\u00e8me TaHoma\u00ae, permet un suivi en temps r\u00e9el de la consommation \u00e9lectrique du logement.\u2026","rel":"","context":"Dans &quot;Actualit\u00e9 Entreprises&quot;","img":{"alt_text":"","src":"https:\/\/i1.wp.com\/batimedianews.com\/live\/wp-content\/uploads\/2025\/06\/Somfy.jpg?fit=825%2C825&ssl=1&resize=350%2C200","width":350,"height":200},"classes":[]},{"id":10458,"url":"https:\/\/batimedianews.com\/live\/index.php\/2021\/06\/14\/fin-de-la-treve-hivernale-hausse-historique-de-20-des-interventions-des-fournisseurs-denergie-pour-factures-impayees\/","url_meta":{"origin":26315,"position":3},"title":"Fin de la tr\u00eave hivernale : hausse historique de +20% des interventions des fournisseurs d\u2019\u00e9nergie pour factures impay\u00e9es","date":"14 juin 2021","format":false,"excerpt":"Face \u00e0 la pr\u00e9carit\u00e9 \u00e9nerg\u00e9tique, Pl\u00fcm \u00e9nergie milite en faveur d\u2019un \u00ab service minimum de l\u2019\u00e9lectricit\u00e9 \u00bb Paris, le 8 juin 2021 \u2013 Le M\u00e9diateur national de l\u2019\u00e9nergie vient de l\u2019annoncer : les coupures d\u2019\u00e9lectricit\u00e9 pour impay\u00e9s explosent depuis la fin de la tr\u00eave hivernale le 1er juin dernier et\u2026","rel":"","context":"Dans &quot;Actualit\u00e9 Entreprises&quot;","img":{"alt_text":"","src":"https:\/\/i2.wp.com\/batimedianews.com\/live\/wp-content\/uploads\/2021\/06\/Pl\u00fcm-Article.jpg?fit=512%2C512&ssl=1&resize=350%2C200","width":350,"height":200},"classes":[]},{"id":520,"url":"https:\/\/batimedianews.com\/live\/index.php\/2018\/11\/12\/ista-et-batiment-connecte-645-000-logements-equipes-de-ista-smart-services-pour-reduire-ses-charges\/","url_meta":{"origin":26315,"position":4},"title":"ista et b\u00e2timent connect\u00e9 : 645 000 logements \u00e9quip\u00e9s de ista Smart Services pour r\u00e9duire ses charges","date":"12 novembre 2018","format":false,"excerpt":"A l\u2019occasion du 10e Congr\u00e8s de l\u2019Union des Syndicats de l\u2019Immobilier (UNIS),\u00a0ista, leader du comptage individuel d\u2019eau et de chauffage en habitat collectif,\u00a0prouve que le march\u00e9 du b\u00e2timent connect\u00e9 poursuit son essor. En effet, plus\u00a0de 11 000 copropri\u00e9t\u00e9s ont d\u00e9j\u00e0 souscrit \u00e0 ista Smart Services, annonce\u00a0l\u2019entreprise, une offre cl\u00e9 en\u2026","rel":"","context":"Dans &quot;Batiment connect\u00e9&quot;","img":{"alt_text":"","src":"","width":0,"height":0},"classes":[]},{"id":39527,"url":"https:\/\/batimedianews.com\/live\/index.php\/2024\/09\/09\/au-salon-ifa-a-berlin-fort-developpement-dun-nouveau-type-doffre-globale\/","url_meta":{"origin":26315,"position":5},"title":"Au salon IFA \u00e0 Berlin, fort d\u00e9veloppement d\u2019un nouveau type d\u2019offre globale","date":"9 septembre 2024","format":false,"excerpt":"Photovolta\u00efque, stockage d\u2019\u00e9lectricit\u00e9, recharge d\u2019un ou deux v\u00e9hicules \u00e9lectriques, pompe \u00e0 chaleur, un automate et une application pour faire fonctionner tout \u00e7a harmonieusement en minimisant le co\u00fbt d\u2019exploitation. Pascal Poggi pour batimedialive.com Au second jour du salon IFA, qui se tient \u00e0 Berlin du 6 au 10 septembre 2024, nous\u2026","rel":"","context":"Dans &quot;Actualit\u00e9 Entreprises&quot;","img":{"alt_text":"","src":"https:\/\/i2.wp.com\/batimedianews.com\/live\/wp-content\/uploads\/2024\/09\/Actualite\u0301-Salon-IFA2-scaled.jpg?fit=1200%2C1200&ssl=1&resize=350%2C200","width":350,"height":200},"classes":[]}],"_links":{"self":[{"href":"https:\/\/batimedianews.com\/live\/index.php\/wp-json\/wp\/v2\/posts\/26315"}],"collection":[{"href":"https:\/\/batimedianews.com\/live\/index.php\/wp-json\/wp\/v2\/posts"}],"about":[{"href":"https:\/\/batimedianews.com\/live\/index.php\/wp-json\/wp\/v2\/types\/post"}],"author":[{"embeddable":true,"href":"https:\/\/batimedianews.com\/live\/index.php\/wp-json\/wp\/v2\/users\/41"}],"replies":[{"embeddable":true,"href":"https:\/\/batimedianews.com\/live\/index.php\/wp-json\/wp\/v2\/comments?post=26315"}],"version-history":[{"count":1,"href":"https:\/\/batimedianews.com\/live\/index.php\/wp-json\/wp\/v2\/posts\/26315\/revisions"}],"predecessor-version":[{"id":26317,"href":"https:\/\/batimedianews.com\/live\/index.php\/wp-json\/wp\/v2\/posts\/26315\/revisions\/26317"}],"wp:featuredmedia":[{"embeddable":true,"href":"https:\/\/batimedianews.com\/live\/index.php\/wp-json\/wp\/v2\/media\/26316"}],"wp:attachment":[{"href":"https:\/\/batimedianews.com\/live\/index.php\/wp-json\/wp\/v2\/media?parent=26315"}],"wp:term":[{"taxonomy":"category","embeddable":true,"href":"https:\/\/batimedianews.com\/live\/index.php\/wp-json\/wp\/v2\/categories?post=26315"},{"taxonomy":"post_tag","embeddable":true,"href":"https:\/\/batimedianews.com\/live\/index.php\/wp-json\/wp\/v2\/tags?post=26315"}],"curies":[{"name":"wp","href":"https:\/\/api.w.org\/{rel}","templated":true}]}}