{"id":26761,"date":"2023-03-08T08:55:20","date_gmt":"2023-03-08T07:55:20","guid":{"rendered":"http:\/\/batimedianews.com\/live\/?p=26761"},"modified":"2023-07-15T15:05:51","modified_gmt":"2023-07-15T13:05:51","slug":"aurys-specialiste-de-la-transformation-du-verre-pour-lamenagement-dinterieur-depuis-1972-inaugure-son-nouveau-four-de-trempe-et-accelere-sa-demarche-de-sobriete-energetique-et-d","status":"publish","type":"post","link":"https:\/\/batimedianews.com\/live\/index.php\/2023\/03\/08\/aurys-specialiste-de-la-transformation-du-verre-pour-lamenagement-dinterieur-depuis-1972-inaugure-son-nouveau-four-de-trempe-et-accelere-sa-demarche-de-sobriete-energetique-et-d\/","title":{"rendered":"AURYS, sp\u00e9cialiste de la transformation du verre pour l\u2019am\u00e9nagement d\u2019int\u00e9rieur depuis 1972, inaugure son nouveau four de trempe et acc\u00e9l\u00e8re sa d\u00e9marche de sobri\u00e9t\u00e9 \u00e9nerg\u00e9tique et d\u2019innovation"},"content":{"rendered":"\n<p class=\"has-text-align-center\">&nbsp;<em>Le nouveau four de trempe de la soci\u00e9t\u00e9 a \u00e9t\u00e9 mis en fonctionnement, apr\u00e8s plusieurs semaines d\u2019installation. Au total, 2 millions d\u2019euros ont \u00e9t\u00e9 investis dans ce nouvel outil de production industriel 4.0. La c\u00e9r\u00e9monie d\u2019inauguration s\u2019est d\u00e9roul\u00e9e sur le site de production d\u2019AURYS \u00e0 Carentan-Les-Marais (50), en pr\u00e9sence de Fr\u00e9d\u00e9ric Perissat, Pr\u00e9f\u00e9t de la Manche.&nbsp;<\/em><\/p>\n\n\n\n<p>Pionni\u00e8re depuis 1972 dans la transformation du verre pour l\u2019am\u00e9nagement d\u2019int\u00e9rieur, AURYS est aujourd\u2019hui la seule entit\u00e9 de production de miroirs en France. A ce savoir-faire unique, s\u2019ajoute une fabrication de produits verriers laqu\u00e9s, s\u00e9rigraphi\u00e9s, de s\u00e9curit\u00e9 et d\u2019impression digitale sur verre. <strong>Afin de moderniser son outil de production et de r\u00e9pondre aux enjeux \u00e9nerg\u00e9tiques actuels, l\u2019entreprise s\u2019est dot\u00e9e d\u2019un nouveau four de trempe. Ce nouvel \u00e9quipement, en pr\u00e9paration depuis plus d\u2019un an, remplace l\u2019ancien four, en fonctionnement depuis presque 35 ans.&nbsp;<\/strong><\/p>\n\n\n\n<p>L\u2019objectif d\u2019AURYS est de disposer d&rsquo;un outil industriel performant afin de moderniser ses processus de fabrication tout en r\u00e9pondant aux contraintes \u00e9nerg\u00e9tiques. La fonction de trempe intelligente permet d\u2019atteindre une r\u00e9duction significative des consommations d\u2019\u00e9nergie. \u00ab <em>Ce four nous permet de diminuer de 30 % nos besoins en \u00e9nergie, en comparaison avec l\u2019ancien four de trempe. Nous pouvons donc contribuer aux \u00e9conomies d\u2019\u00e9nergie tout en r\u00e9duisant de mani\u00e8re importante l\u2019impact environnemental <\/em>\u00bb souligne Samir BOU OBEID &#8211; Pr\u00e9sident d\u2019AURYS.&nbsp;<\/p>\n\n\n\n<p>Dans le cadre de son investissement de 2 millions d\u2019euros, AURYS a b\u00e9n\u00e9fici\u00e9 d\u2019une aide significative du plan France Relance. Ce soutien du gouvernement vient renforcer les engagements en faveur de la d\u00e9carbonation des \u00e9quipements de production industriels.&nbsp;<\/p>\n\n\n\n<p>R\u00e9aliser des \u00e9conomies d\u2019\u00e9nergie tout en renfor\u00e7ant la qualit\u00e9 et assurer un meilleur service est une volont\u00e9 d\u2019AURYS. Ce nouveau four int\u00e8gre des fonctionnalit\u00e9s dernier cri, avec notamment un contr\u00f4le pr\u00e9cis du chauffage, la commande de chaleur des rouleaux ainsi qu\u2019une augmentation de la capacit\u00e9 de trempe.&nbsp;<\/p>\n\n\n\n<p>Ce nouvel \u00e9quipement, avec une digitalisation pouss\u00e9e, est aussi un moyen pour AURYS de renouveler ses outils de production et de renforcer son d\u00e9ploiement d\u2019industrie 4.0. <em>\u00ab Il est important de noter que l\u2019industrie 4.0 est un parcours qui s\u2019inscrit n\u00e9cessairement sur le long terme avec une feuille de route pr\u00e9cise d\u2019ex\u00e9cution. AURYS est donc une entreprise tourn\u00e9e vers l\u2019avenir avec de la digitalisation et la robotisation, tout en gardant l\u2019humain au coeur de ses processus. \u00bb <\/em>ajoute Samir BOU OBEID.&nbsp;<\/p>\n\n\n\n<p class=\"has-text-align-center\"><strong>&nbsp;Gr\u00e2ce \u00e0 cet investissement ancr\u00e9 dans le futur, AURYS pr\u00e9serve son ADN de fabricant local avec une production 100 % fran\u00e7aise.&nbsp;<\/strong><\/p>\n\n\n\n<p class=\"has-text-align-center\">Le verre tremp\u00e9 est une transformation de s\u00e9curit\u00e9 obtenue par le passage du verre dans un four aux environs de 600\u00b0C. En cas de bris, le verre tremp\u00e9 se fragmente en petits morceaux peu ou non tranchants.&nbsp;<\/p>\n\n\n\n<p><strong>\u00c0 propos d\u2019AURYS&nbsp;<\/strong><\/p>\n\n\n\n<p>AURYS est sp\u00e9cialiste de la transformation du verre plat pour l\u2019am\u00e9nagement d\u2019int\u00e9rieur depuis plus de 50 ans. La soci\u00e9t\u00e9 cr\u00e9\u00e9e en 1972 r\u00e9alise un chiffre d\u2019affaires de 27 millions d\u2019euros avec 150 collaborateurs. L\u2019ancrage de son site de production \u00e0 Carentan-Les-Marais en Normandie dans la Manche (50) atteste de son ADN de fabricant local avec une production 100 % fran\u00e7aise.&nbsp;<\/p>\n\n\n\n<p>Le verre est un mat\u00e9riau durable, esth\u00e9tique r\u00e9v\u00e9lant l\u2019harmonie de l\u2019int\u00e9rieur. Il est d\u00e9clinable \u00e0 l\u2019infini de par sa texture, son aspect, ses couleurs et ses reflets. Tous types de d\u00e9cors et d\u2019applications sont possibles. La vision d\u2019AURYS repose sur le principe que le verre d\u2019int\u00e9rieur est pr\u00e9sent pour am\u00e9liorer notre environnement. En ce sens son slogan \u00ab UPLIFT INTERIORS BY GLASS \u00bb prend tout son sens.&nbsp;<\/p>\n\n\n\n<p>AURYS propose une large gamme de solutions d\u00e9coratives verri\u00e8res destin\u00e9es \u00e0 apporter des reflets, couleurs, motifs aux espaces de vie pour le bien-\u00eatre de chacun. Sur base de verre de haute qualit\u00e9, AURYS con\u00e7oit, fabrique et commercialise des solutions verri\u00e8res :&nbsp;<\/p>\n\n\n\n<ul><li>Miroirs, verres laqu\u00e9s, s\u00e9rigraphi\u00e9s ou avec impression digitale&nbsp;<\/li><li>Transform\u00e9es \u00e0 fa\u00e7on en s\u00e9rie&nbsp;<\/li><li>Syst\u00e8mes complets (parois de douches, miroirs LED, cr\u00e9dences, etc)&nbsp;<\/li><\/ul>\n\n\n\n<p><\/p>\n","protected":false},"excerpt":{"rendered":"<p>&nbsp;Le nouveau four de trempe de la soci\u00e9t\u00e9 a \u00e9t\u00e9 mis en fonctionnement, apr\u00e8s plusieurs semaines d\u2019installation. Au total, 2 millions d\u2019euros ont \u00e9t\u00e9 investis dans ce nouvel outil de production industriel 4.0. La c\u00e9r\u00e9monie d\u2019inauguration s\u2019est d\u00e9roul\u00e9e sur le site de production d\u2019AURYS \u00e0 Carentan-Les-Marais (50), en pr\u00e9sence de Fr\u00e9d\u00e9ric Perissat, Pr\u00e9f\u00e9t de la [&hellip;]<\/p>\n","protected":false},"author":41,"featured_media":26791,"comment_status":"open","ping_status":"open","sticky":false,"template":"","format":"standard","meta":{"spay_email":""},"categories":[4,8,538],"tags":[],"jetpack_featured_media_url":"https:\/\/i0.wp.com\/batimedianews.com\/live\/wp-content\/uploads\/2023\/03\/aurys_article-.png?fit=1200%2C1200&ssl=1","jetpack_sharing_enabled":true,"jetpack_likes_enabled":true,"jetpack-related-posts":[{"id":3222,"url":"https:\/\/batimedianews.com\/live\/index.php\/2019\/10\/18\/specialiste-de-lamenagement-utilitaire-mobile-optima-system-inaugure-sa-nouvelle-station-de-montage-a-coueron-44\/","url_meta":{"origin":26761,"position":0},"title":"Sp\u00e9cialiste de l&rsquo;am\u00e9nagement utilitaire mobile, Optima System inaugure sa nouvelle station de montage \u00e0 Cou\u00ebron (44)","date":"18 octobre 2019","format":false,"excerpt":"Depuis 1999, Optima System con\u00e7oit, fabrique et monte des syst\u00e8mes d\u2019am\u00e9nagement int\u00e9rieur et ext\u00e9rieur pour les v\u00e9hicules utilitaires des artisans, des flottes d\u2019entreprise et des collectivit\u00e9s locales. Pour accro\u00eetre sa capacit\u00e9 de montage, l\u2019entreprise a inaugur\u00e9 le 3 octobre 2019 une nouvelle agence de 600 m\u00b2 \u00e0 Cou\u00ebron (44). Pr\u00e9sente\u2026","rel":"","context":"Dans &quot;Actualit\u00e9 Entreprises&quot;","img":{"alt_text":"","src":"https:\/\/i2.wp.com\/batimedianews.com\/live\/wp-content\/uploads\/2019\/10\/Image1.jpg?fit=1025%2C1025&ssl=1&resize=350%2C200","width":350,"height":200},"classes":[]},{"id":24911,"url":"https:\/\/batimedianews.com\/live\/index.php\/2022\/11\/22\/pour-isover-dechets-rime-avec-ressources\/","url_meta":{"origin":26761,"position":1},"title":"Pour Isover, \u201cd\u00e9chets\u201d rime avec \u201cressources\u201d","date":"22 novembre 2022","format":false,"excerpt":"Le secteur du b\u00e2timent g\u00e9n\u00e8re 46 millions de tonnes de d\u00e9chets par an en France, soit plus que les m\u00e9nages (environ 30 millions de tonnes) et cinq fois moins que les travaux publics (220 millions de tonnes). Les d\u00e9chets du b\u00e2timent proviennent pour plus de 90 % des travaux de\u2026","rel":"","context":"Dans &quot;D\u00e9chets&quot;","img":{"alt_text":"","src":"https:\/\/i0.wp.com\/batimedianews.com\/live\/wp-content\/uploads\/2022\/11\/Isover-Article.jpg?fit=1080%2C1080&ssl=1&resize=350%2C200","width":350,"height":200},"classes":[]},{"id":23633,"url":"https:\/\/batimedianews.com\/live\/index.php\/2022\/09\/26\/galinoin-et-galino-portes-automatiques-dinterieur-en-galandage-pour-des-espaces-de-travail-amenages-avec-elegance-et-modernite\/","url_meta":{"origin":26761,"position":2},"title":"GALINO\u2019IN et GALINO, portes automatiques d\u2019int\u00e9rieur en galandage pour des espaces de travail am\u00e9nag\u00e9s avec \u00e9l\u00e9gance et modernit\u00e9.","date":"26 septembre 2022","format":false,"excerpt":"L\u2019activit\u00e9 de SOFTICA est partie de l\u2019intuition qu\u2019un besoin existait pour l\u2019automatisation de portes d\u2019int\u00e9rieur. Avant m\u00eame la conception de portes automatiques pi\u00e9tonnes, SOFTICA avait d\u00e9j\u00e0\u2002con\u00e7u une porte automatique coulissante d\u2019int\u00e9rieur en applique et une en galandage. R\u00e9solument tendances, pratiques et design, les portes automatiques coulissantes d\u2019int\u00e9rieur GALINO de SOFTICA\u2026","rel":"","context":"Dans &quot;Actualit\u00e9 Entreprises&quot;","img":{"alt_text":"","src":"https:\/\/i1.wp.com\/batimedianews.com\/live\/wp-content\/uploads\/2022\/09\/Softica-Article.jpg?fit=1080%2C1080&ssl=1&resize=350%2C200","width":350,"height":200},"classes":[]},{"id":34830,"url":"https:\/\/batimedianews.com\/live\/index.php\/2024\/01\/30\/isoconfort-fait-peau-neuve-grace-a-la-nouvelle-generation-de-laine-de-verre\/","url_meta":{"origin":26761,"position":3},"title":"Isoconfort fait peau neuve gr\u00e2ce \u00e0 la nouvelle g\u00e9n\u00e9ration de laine de verre !","date":"30 janvier 2024","format":false,"excerpt":"Apr\u00e8s la sortie de sa gamme d\u2019isolants dot\u00e9s de la nouvelle g\u00e9n\u00e9ration de laine de verre pour les combles perdus (IBR), et de la gamme d\u00e9di\u00e9e aux cloisons (PAR PHONIC), Isover s\u2019attaque \u00e0 sa gamme d\u00e9di\u00e9e \u00e0 l\u2019isolation des combles am\u00e9nag\u00e9s avec Isoconfort !\u00a0 \u00a0LES NOMBREUX B\u00c9N\u00c9FICES D'ISOCONFORT EN NOUVELLE\u2026","rel":"","context":"Dans &quot;Actualit\u00e9 Entreprises&quot;","img":{"alt_text":"","src":"https:\/\/i0.wp.com\/batimedianews.com\/live\/wp-content\/uploads\/2024\/01\/Isover-2.jpg?fit=825%2C825&ssl=1&resize=350%2C200","width":350,"height":200},"classes":[]},{"id":35712,"url":"https:\/\/batimedianews.com\/live\/index.php\/2024\/03\/04\/isoconfort-fait-peau-neuve-grace-a-la-nouvelle-generation-de-laine-de-verre-2\/","url_meta":{"origin":26761,"position":4},"title":"Isoconfort fait peau neuve gr\u00e2ce \u00e0 la nouvelle g\u00e9n\u00e9ration de laine de verre !","date":"4 mars 2024","format":false,"excerpt":"Apr\u00e8s la sortie de sa gamme d\u2019isolants dot\u00e9s de la nouvelle g\u00e9n\u00e9ration de laine de verre pour les combles perdus (IBR), et de la gamme d\u00e9di\u00e9e aux cloisons (PAR PHONIC), Isover s\u2019attaque \u00e0 sa gamme d\u00e9di\u00e9e \u00e0 l\u2019isolation des combles am\u00e9nag\u00e9s avec Isoconfort !\u00a0 \u00a0LES NOMBREUX B\u00c9N\u00c9FICES D'ISOCONFORT EN NOUVELLE\u2026","rel":"","context":"Dans &quot;Actualit\u00e9 Entreprises&quot;","img":{"alt_text":"","src":"https:\/\/i2.wp.com\/batimedianews.com\/live\/wp-content\/uploads\/2024\/03\/Isover.jpg?fit=550%2C300&ssl=1&resize=350%2C200","width":350,"height":200},"classes":[]},{"id":14625,"url":"https:\/\/batimedianews.com\/live\/index.php\/2022\/01\/06\/campa-des-radiateurs-dexception-au-design-epure\/","url_meta":{"origin":26761,"position":5},"title":"CAMPA Des radiateurs d&rsquo;exception au design \u00e9pur\u00e9","date":"6 janvier 2022","format":false,"excerpt":"Campa, la marque haut de gamme du groupe Muller, pr\u00e9sente les radiateurs\u00a0CAMPAVER DEPOLI\u00a0et\u00a0KERAMOS, ses nouvelles cr\u00e9ations qui allient design de caract\u00e8re et performance. Depuis plus de 40 ans Campa a su imposer un v\u00e9ritable parti-pris dans la conception de ses radiateurs \u00e9lectriques haut de gamme. La s\u00e9lection et la mise\u2026","rel":"","context":"Dans &quot;Chauffage&quot;","img":{"alt_text":"","src":"https:\/\/i1.wp.com\/batimedianews.com\/live\/wp-content\/uploads\/2021\/12\/Muller-Intuitiv-Article.jpg?fit=512%2C512&ssl=1&resize=350%2C200","width":350,"height":200},"classes":[]}],"_links":{"self":[{"href":"https:\/\/batimedianews.com\/live\/index.php\/wp-json\/wp\/v2\/posts\/26761"}],"collection":[{"href":"https:\/\/batimedianews.com\/live\/index.php\/wp-json\/wp\/v2\/posts"}],"about":[{"href":"https:\/\/batimedianews.com\/live\/index.php\/wp-json\/wp\/v2\/types\/post"}],"author":[{"embeddable":true,"href":"https:\/\/batimedianews.com\/live\/index.php\/wp-json\/wp\/v2\/users\/41"}],"replies":[{"embeddable":true,"href":"https:\/\/batimedianews.com\/live\/index.php\/wp-json\/wp\/v2\/comments?post=26761"}],"version-history":[{"count":2,"href":"https:\/\/batimedianews.com\/live\/index.php\/wp-json\/wp\/v2\/posts\/26761\/revisions"}],"predecessor-version":[{"id":26778,"href":"https:\/\/batimedianews.com\/live\/index.php\/wp-json\/wp\/v2\/posts\/26761\/revisions\/26778"}],"wp:featuredmedia":[{"embeddable":true,"href":"https:\/\/batimedianews.com\/live\/index.php\/wp-json\/wp\/v2\/media\/26791"}],"wp:attachment":[{"href":"https:\/\/batimedianews.com\/live\/index.php\/wp-json\/wp\/v2\/media?parent=26761"}],"wp:term":[{"taxonomy":"category","embeddable":true,"href":"https:\/\/batimedianews.com\/live\/index.php\/wp-json\/wp\/v2\/categories?post=26761"},{"taxonomy":"post_tag","embeddable":true,"href":"https:\/\/batimedianews.com\/live\/index.php\/wp-json\/wp\/v2\/tags?post=26761"}],"curies":[{"name":"wp","href":"https:\/\/api.w.org\/{rel}","templated":true}]}}