{"id":2746,"date":"2019-09-19T10:46:16","date_gmt":"2019-09-19T08:46:16","guid":{"rendered":"http:\/\/batimedianews.com\/live\/?p=2746"},"modified":"2021-10-20T12:55:54","modified_gmt":"2021-10-20T10:55:54","slug":"kandu-presente-son-diagnostic-de-confort-des-espaces-interieurs-au-salon-architectwork","status":"publish","type":"post","link":"https:\/\/batimedianews.com\/live\/index.php\/2019\/09\/19\/kandu-presente-son-diagnostic-de-confort-des-espaces-interieurs-au-salon-architectwork\/","title":{"rendered":"KANDU pr\u00e9sente son diagnostic de confort des espaces int\u00e9rieurs au salon Architect@Work"},"content":{"rendered":"\n<p style=\"text-align:justify\">Kandu, la startup fran\u00e7aise sp\u00e9cialiste de l&rsquo;am\u00e9lioration du confort des espaces int\u00e9rieurs, annonce aujourd&rsquo;hui participer au prochain salon&nbsp;Architect@Work, qui se tiendra les 26 et 27 septembre&nbsp;prochains au Paris Event Center. L&rsquo;occasion de pr\u00e9senter son&nbsp;service&nbsp;innovant&nbsp;de diagnostic du confort&nbsp;aux architectes et professionnels de l&rsquo;am\u00e9nagement.<\/p>\n\n\n\n<p style=\"text-align:justify\">Sur son stand n\u00b0133, Kandu proposera en effet aux visiteurs de d\u00e9couvrir son service, et notamment&nbsp;ses outils de diagnostic&nbsp;complets et pr\u00e9cis&nbsp;du confort des espaces int\u00e9rieurs. Ceux-ci recueillent&nbsp;:<\/p>\n\n\n\n<ul><li>Des donn\u00e9es quantitatives \u00e0 l&rsquo;aide du&nbsp;Kandum\u00e8tre, outil d\u00e9velopp\u00e9&nbsp;par la R&amp;D de Saint-Gobain. Il mesure&nbsp;<strong>l<\/strong><strong>&lsquo;<\/strong><strong>acoustique, la thermique, la qualit\u00e9 de l<\/strong><strong>&lsquo;<\/strong><strong>air et la luminosit\u00e9<\/strong>&nbsp;des espaces int\u00e9rieurs, gr\u00e2ce \u00e0 une campagne de mesures r\u00e9alis\u00e9e pendant&nbsp;une&nbsp;\u00e0&nbsp;deux&nbsp;semaines<\/li><li>Des donn\u00e9es qualitatives gr\u00e2ce&nbsp;\u00e0 des questionnaires&nbsp;anonymes&nbsp;de&nbsp;ressenti des occupants<\/li><\/ul>\n\n\n\n<p style=\"text-align:justify\">Kandu met ensuite ces donn\u00e9es \u00e0 disposition des architectes et d\u00e9livre un diagnostic&nbsp;permettant d&rsquo;identifier&nbsp;les forces et faiblesses par espace.&nbsp;Des recommandations de produits et solutions d&rsquo;am\u00e9lioration sont \u00e9galement&nbsp;propos\u00e9es&nbsp;selon les besoins.<\/p>\n\n\n\n<p style=\"text-align:justify\">Soucieux de&nbsp;concevoir&nbsp;des projets&nbsp;de r\u00e9am\u00e9nagement et de d\u00e9m\u00e9nagement&nbsp;les mieux adapt\u00e9s aux probl\u00e9matiques des espaces&nbsp;\u00e0 transformer, les architectes b\u00e9n\u00e9ficient gr\u00e2ce \u00e0 Kandu&nbsp;d&rsquo;une&nbsp;assistance&nbsp;innovante&nbsp;\u00e0 la conception de&nbsp;leurs projets. Le&nbsp;rapport complet,&nbsp;objectif et factuel&nbsp;fourni&nbsp;repr\u00e9sente&nbsp;un&nbsp;v\u00e9ritable avantage comp\u00e9titif&nbsp;en identifiant&nbsp;clairement les usages et besoins des&nbsp;clients.<\/p>\n\n\n\n<p><strong>A propos de KANDU<\/strong><\/p>\n\n\n\n<p style=\"text-align:justify\">KANDU est une startup fran\u00e7aise qui accompagne les entreprises dans l&rsquo;am\u00e9lioration du confort de leurs espaces int\u00e9rieurs, en termes d&rsquo;acoustique, de thermique, de qualit\u00e9 de l&rsquo;air et de luminosit\u00e9.<\/p>\n\n\n\n<p style=\"text-align:justify\">KANDU propose un service en trois \u00e9tapes&nbsp;: le diagnostic du confort des espaces, la conception du projet d&rsquo;am\u00e9lioration et la mise en&nbsp;\u0153uvre des solutions retenues. Le diagnostic est r\u00e9alis\u00e9 par le&nbsp;Kandum\u00e8tre, un appareil de mesure \u00e9quip\u00e9 de capteurs de tr\u00e8s haute pr\u00e9cision, con\u00e7u et d\u00e9velopp\u00e9 par la R&amp;D de Saint-Gobain et fabriqu\u00e9 en France.<\/p>\n\n\n\n<p style=\"text-align:justify\">L&rsquo;offre de KANDU est particuli\u00e8rement adapt\u00e9e aux espaces de bureaux et de s\u00e9minaire, pour am\u00e9liorer le confort et donc l&rsquo;efficacit\u00e9 des collaborateurs ; aux lieux recevant du public (restaurants, bars, commerces&#8230;) pour le bien-\u00eatre et donc la satisfaction des clients&nbsp;; ainsi qu&rsquo;\u00e0 certains \u00e9tablissements d&rsquo;accueil sp\u00e9cialis\u00e9s (\u00e9tablissements de sant\u00e9, maisons de retraite, \u00e9coles, cr\u00e8ches&#8230;).<\/p>\n\n\n\n<p>Cr\u00e9\u00e9e en 2017 par Saint-Gobain et bas\u00e9e \u00e0 Paris, KANDU emploie 12 personnes.&nbsp;<\/p>\n","protected":false},"excerpt":{"rendered":"<p>Kandu, la startup fran\u00e7aise sp\u00e9cialiste de l&rsquo;am\u00e9lioration du confort des espaces int\u00e9rieurs, annonce aujourd&rsquo;hui participer au prochain salon&nbsp;Architect@Work, qui se tiendra les 26 et 27 septembre&nbsp;prochains au Paris Event Center. L&rsquo;occasion de pr\u00e9senter son&nbsp;service&nbsp;innovant&nbsp;de diagnostic du confort&nbsp;aux architectes et professionnels de l&rsquo;am\u00e9nagement. Sur son stand n\u00b0133, Kandu proposera en effet aux visiteurs de d\u00e9couvrir son [&hellip;]<\/p>\n","protected":false},"author":1,"featured_media":0,"comment_status":"open","ping_status":"open","sticky":false,"template":"","format":"standard","meta":{"spay_email":""},"categories":[3,4,529,18,29,31,35,59,80,449,124],"tags":[],"jetpack_featured_media_url":"","jetpack_sharing_enabled":true,"jetpack_likes_enabled":true,"jetpack-related-posts":[{"id":2536,"url":"https:\/\/batimedianews.com\/live\/index.php\/2019\/08\/22\/kandu-expose-sur-maison-objet\/","url_meta":{"origin":2746,"position":0},"title":"KANDU expose sur Maison &#038; Objet","date":"22 ao\u00fbt 2019","format":false,"excerpt":"Kandu, la startup fran\u00e7aise sp\u00e9cialiste de l\u2019am\u00e9lioration du confort des espaces int\u00e9rieurs, annonce aujourd\u2019hui participer au prochain salon Maison & Objet","rel":"","context":"Dans &quot;Acoustique&quot;","img":{"alt_text":"","src":"https:\/\/i0.wp.com\/batimedianews.com\/live\/wp-content\/uploads\/2019\/08\/kandu5-1.jpg?fit=663%2C663&ssl=1&resize=350%2C200","width":350,"height":200},"classes":[]},{"id":37312,"url":"https:\/\/batimedianews.com\/live\/index.php\/2024\/05\/17\/graphisoft-participe-au-salon-architectwork-les-5-et-6-juin-2024-a-la-halle-tony-garnier-a-lyon\/","url_meta":{"origin":2746,"position":1},"title":"Graphisoft participe au salon ARCHITECT@WORK les 5 et 6 juin 2024 \u00e0 La Halle Tony Garnier A Lyon","date":"17 mai 2024","format":false,"excerpt":"Graphisoft, entreprise reconnue pour le d\u00e9veloppement de son logiciel Archicad\u00ae destin\u00e9 aux architectes, sera pr\u00e9sente au salon Architect@Work avec son partenaire local Idao Solution, les 5 et 6 juin prochains \u00e0 Lyon. Ce salon, \u00e9v\u00e9nement majeur du secteur, est r\u00e9serv\u00e9 aux architectes, architectes d\u2019int\u00e9rieur et autres prescripteurs, et aura comme\u2026","rel":"","context":"Dans &quot;Architect@work&quot;","img":{"alt_text":"","src":"https:\/\/i2.wp.com\/batimedianews.com\/live\/wp-content\/uploads\/2024\/05\/Graphisoft.jpg?fit=825%2C825&ssl=1&resize=350%2C200","width":350,"height":200},"classes":[]},{"id":23079,"url":"https:\/\/batimedianews.com\/live\/index.php\/2022\/09\/15\/semin-present-au-salon-architecte-work\/","url_meta":{"origin":2746,"position":2},"title":"SEMIN pr\u00e9sent au salon ARCHITECT@WORK \u2002 \u00e0 Paris le 22 et le 23 septembre prochain au Paris event center","date":"15 septembre 2022","format":false,"excerpt":"Industriel fran\u00e7ais sp\u00e9cialis\u00e9 dans la fabrication de mat\u00e9riaux de construction, SEMIN est une entreprise familiale cr\u00e9\u00e9e en 1838 dirig\u00e9e par la sixi\u00e8me g\u00e9n\u00e9ration. Devenue ETI, l\u2019entreprise a su s\u2019imposer comme l\u2019un des sp\u00e9cialistes mondiaux des solutions pour l\u2019am\u00e9nagement int\u00e9rieur de l\u2019habitat. La soci\u00e9t\u00e9 dont le coeur de m\u00e9tier est la\u2026","rel":"","context":"Dans &quot;Actualit\u00e9 Entreprises&quot;","img":{"alt_text":"","src":"https:\/\/i2.wp.com\/batimedianews.com\/live\/wp-content\/uploads\/2022\/09\/SEMIN-Article.jpg?fit=1080%2C1080&ssl=1&resize=350%2C200","width":350,"height":200},"classes":[]},{"id":22778,"url":"https:\/\/batimedianews.com\/live\/index.php\/2022\/09\/08\/lignotrend-presente-ses-nouveautes-au-salon-architectwork-a-paris-stand-216\/","url_meta":{"origin":2746,"position":3},"title":"LIGNOTREND pr\u00e9sente ses nouveaut\u00e9s au salon ARCHITECT@WORK \u00e0 PARIS, STAND 216","date":"8 septembre 2022","format":false,"excerpt":"\u00a0Lignotrend, l\u2019un des principaux fabricants d\u2019\u00e9l\u00e9ments en bois lamell\u00e9-crois\u00e9 pour les constructions modernes, a le plaisir de vous inviter \u00e0 d\u00e9couvrir ses panneaux acoustiques en bois v\u00e9ritable lors du salon Architect@Work, du 22 au 23 septembre prochain \u00e0 Paris (Paris Event Center).\u00a0 Vous aurez l\u2019occasion de rencontrer M. Tobias STRITT,\u2026","rel":"","context":"Dans &quot;Acoustique&quot;","img":{"alt_text":"","src":"https:\/\/i1.wp.com\/batimedianews.com\/live\/wp-content\/uploads\/2022\/09\/LignoTrend-Article.jpg?fit=1080%2C1080&ssl=1&resize=350%2C200","width":350,"height":200},"classes":[]},{"id":2743,"url":"https:\/\/batimedianews.com\/live\/index.php\/2019\/09\/19\/winsol-sera-sur-le-salon-architectwork-paris\/","url_meta":{"origin":2746,"position":4},"title":"WINSOL sera sur le salon Architect@Work Paris","date":"19 septembre 2019","format":false,"excerpt":"WINSOL sera sur le salon Architect@Work Paris les 26 et 27 septembre prochains pour pr\u00e9senter sa derni\u00e8re innovation\u00a0: la Pergola SO! So chic et so design, la pergola bioclimatique SO! r\u00e9gule la chaleur et permet d\u2019\u00eatre prot\u00e9g\u00e9 du soleil comme de la pluie. Elle transforme la terrasse en\u00a0une nouvelle pi\u00e8ce\u2026","rel":"","context":"Dans &quot;Actualit\u00e9 Entreprises&quot;","img":{"alt_text":"","src":"https:\/\/i0.wp.com\/batimedianews.com\/live\/wp-content\/uploads\/2019\/09\/winsol_image.jpg?fit=695%2C695&ssl=1&resize=350%2C200","width":350,"height":200},"classes":[]},{"id":48062,"url":"https:\/\/batimedianews.com\/live\/index.php\/2025\/11\/24\/intuis-present-a-architectwork-bordeaux-27-et-28-novembre-2025\/","url_meta":{"origin":2746,"position":5},"title":"Intuis pr\u00e9sent \u00e0 Architect@Work Bordeaux \u2013 27 et  28 novembre 2025","date":"24 novembre 2025","format":false,"excerpt":"La semaine prochaine,\u00a0le Groupe intuis,\u00a0acteur fran\u00e7ais de r\u00e9f\u00e9rence du confort thermique durable,\u00a0participera \u00e0 la\u00a04\u1d49 \u00e9dition d'Architect@Work Bordeaux, qui se tiendra les\u00a027 et 28 novembre 2025\u00a0au Parc des Expositions de Bordeaux. Plac\u00e9e sous le th\u00e8me \u00ab Architecture en symbiose \u00bb, cette \u00e9dition mettra en lumi\u00e8re les innovations qui renforcent le lien\u2026","rel":"","context":"Dans &quot;Actualit\u00e9 Entreprises&quot;","img":{"alt_text":"","src":"https:\/\/i2.wp.com\/batimedianews.com\/live\/wp-content\/uploads\/2025\/11\/Intuis.jpg?fit=825%2C825&ssl=1&resize=350%2C200","width":350,"height":200},"classes":[]}],"_links":{"self":[{"href":"https:\/\/batimedianews.com\/live\/index.php\/wp-json\/wp\/v2\/posts\/2746"}],"collection":[{"href":"https:\/\/batimedianews.com\/live\/index.php\/wp-json\/wp\/v2\/posts"}],"about":[{"href":"https:\/\/batimedianews.com\/live\/index.php\/wp-json\/wp\/v2\/types\/post"}],"author":[{"embeddable":true,"href":"https:\/\/batimedianews.com\/live\/index.php\/wp-json\/wp\/v2\/users\/1"}],"replies":[{"embeddable":true,"href":"https:\/\/batimedianews.com\/live\/index.php\/wp-json\/wp\/v2\/comments?post=2746"}],"version-history":[{"count":1,"href":"https:\/\/batimedianews.com\/live\/index.php\/wp-json\/wp\/v2\/posts\/2746\/revisions"}],"predecessor-version":[{"id":2747,"href":"https:\/\/batimedianews.com\/live\/index.php\/wp-json\/wp\/v2\/posts\/2746\/revisions\/2747"}],"wp:attachment":[{"href":"https:\/\/batimedianews.com\/live\/index.php\/wp-json\/wp\/v2\/media?parent=2746"}],"wp:term":[{"taxonomy":"category","embeddable":true,"href":"https:\/\/batimedianews.com\/live\/index.php\/wp-json\/wp\/v2\/categories?post=2746"},{"taxonomy":"post_tag","embeddable":true,"href":"https:\/\/batimedianews.com\/live\/index.php\/wp-json\/wp\/v2\/tags?post=2746"}],"curies":[{"name":"wp","href":"https:\/\/api.w.org\/{rel}","templated":true}]}}