{"id":2766,"date":"2019-09-19T15:48:19","date_gmt":"2019-09-19T13:48:19","guid":{"rendered":"http:\/\/batimedianews.com\/live\/?p=2766"},"modified":"2021-10-20T12:55:37","modified_gmt":"2021-10-20T10:55:37","slug":"somfyetlegroupeliebotlaureats-desawardsdelinnovation-dumondialdubatiment-2019","status":"publish","type":"post","link":"https:\/\/batimedianews.com\/live\/index.php\/2019\/09\/19\/somfyetlegroupeliebotlaureats-desawardsdelinnovation-dumondialdubatiment-2019\/","title":{"rendered":"Somfy\tet\tle\tgroupe\tLi\u00e9bot\tlaur\u00e9ats des\tAwards\tde\tl\u2019Innovation du\tMondial\tdu\tB\u00e2timent 2019 !"},"content":{"rendered":"\n<p style=\"text-align:justify\"> Tous les deux ans, les Awards de l&rsquo;Innovation du Mondial du B\u00e2timent mettent en lumi\u00e8re le meilleur de l\u2019innovation des industriels de la construction. La  premi\u00e8re  solution  de  baie  coulissante  automatis\u00e9e  et  connect\u00e9e,  d\u00e9velopp\u00e9e conjointement  par  Somfy,  leader  mondial  de  l\u2019automatisation  des  ouvertures  et  des fermetures, et  le  Groupe  Li\u00e9bot, leader  fran\u00e7ais  de  la  fen\u00eatre  industrielle (CAIB,  K\u2022LINE, M\u00e9O\u2026), est laur\u00e9at de cette \u00e9dition 2019. Concourant  parmi  140  innovations  pr\u00e9sent\u00e9es,  cette  nouvelle  solution, fruit  du  partenariat des deux industriels, est la premi\u00e8re baie du march\u00e9 automatis\u00e9e et connect\u00e9e \u00e0 int\u00e9grer une fonction  permettant  d\u2019assurer  l\u2019a\u00e9ration du  logement en  toute  s\u00e9r\u00e9nit\u00e9. <\/p>\n\n\n\n<figure class=\"wp-block-image\"><img loading=\"lazy\" width=\"720\" height=\"414\" src=\"https:\/\/i1.wp.com\/batimedianews.com\/live\/wp-content\/uploads\/2019\/09\/somfy1.jpg?resize=720%2C414\" alt=\"\" class=\"wp-image-2767\" srcset=\"https:\/\/i1.wp.com\/batimedianews.com\/live\/wp-content\/uploads\/2019\/09\/somfy1.jpg?w=945&amp;ssl=1 945w, https:\/\/i1.wp.com\/batimedianews.com\/live\/wp-content\/uploads\/2019\/09\/somfy1.jpg?resize=300%2C173&amp;ssl=1 300w, https:\/\/i1.wp.com\/batimedianews.com\/live\/wp-content\/uploads\/2019\/09\/somfy1.jpg?resize=768%2C442&amp;ssl=1 768w, https:\/\/i1.wp.com\/batimedianews.com\/live\/wp-content\/uploads\/2019\/09\/somfy1.jpg?resize=10%2C6&amp;ssl=1 10w, https:\/\/i1.wp.com\/batimedianews.com\/live\/wp-content\/uploads\/2019\/09\/somfy1.jpg?resize=432%2C249&amp;ssl=1 432w, https:\/\/i1.wp.com\/batimedianews.com\/live\/wp-content\/uploads\/2019\/09\/somfy1.jpg?resize=396%2C228&amp;ssl=1 396w, https:\/\/i1.wp.com\/batimedianews.com\/live\/wp-content\/uploads\/2019\/09\/somfy1.jpg?resize=660%2C380&amp;ssl=1 660w, https:\/\/i1.wp.com\/batimedianews.com\/live\/wp-content\/uploads\/2019\/09\/somfy1.jpg?resize=382%2C220&amp;ssl=1 382w\" sizes=\"(max-width: 600px) 91vw, (max-width: 900px) 600px, (max-width: 1060px) 50vw, (max-width: 1200px) 520px, (max-width: 1400px) 43vw, 600px\" data-recalc-dims=\"1\" \/><\/figure>\n\n\n\n<p style=\"text-align:justify\">C\u2019est  dans  un contexte de  transformation  du  b\u00e2timent &#8211; prochainement  concr\u00e9tis\u00e9e \u00e0  travers  la R\u00e9glementation environnementale  (RE) des b\u00e2timents &#8211; que Somfy et le groupe Li\u00e9bot ont imagin\u00e9 cette solution intelligente r\u00e9pondant aux besoins d\u2019un habitat toujours plus durable et confortable, plus \u00e9conome en \u00e9nergie et \u00e0 prix accessible. L\u2019annonce  de  ce  palmar\u00e8s  vient  conforter  le  travail  des  deux  ann\u00e9es  de  R&amp;D  qui  ont  \u00e9t\u00e9 n\u00e9cessaires au d\u00e9veloppement de cette innovation et les fortes ambitions des deux groupes pour proposer une solution de pointe qui r\u00e9ponde \u00e0 de nombreux b\u00e9n\u00e9fices utilisateurs, sur le march\u00e9 de la fen\u00eatre connect\u00e9e (15 brevets d\u00e9pos\u00e9s dont 3 en copropri\u00e9t\u00e9). Man\u0153uvrable  ais\u00e9ment  \u00e0  distance depuis  un  smartphone  ou  en  local  gr\u00e2ce  au  point  de commande, la  nouvelle  baie automatis\u00e9e  et  connect\u00e9e s\u2019ouvre  et  se  ferme  sans  effort  et permet de pouvoir a\u00e9rer \u00e0 toute heure de la journ\u00e9e mais \u00e9galement la nuit, aux heures les plus fra\u00eeches. La fonction Time Out g\u00e8re la fermeture apr\u00e8s un laps de temps programm\u00e9. Tous les b\u00e9n\u00e9fices d\u2019usage et nouvelles fonctionnalit\u00e9s sont propos\u00e9s sans compromis sur l\u2019esth\u00e9tique et la mise en \u0153uvre : design et \u00e9quipements soign\u00e9s pour une solution pr\u00eate \u00e0 poser. La  baie  coulissante automatis\u00e9e  s\u2019int\u00e8gre  parfaitement  dans l\u2019\u00e9cosyst\u00e8me  des \u00e9quipements connect\u00e9s  de  la  maison  comprenant  :  fen\u00eatres  et  capteurs,  volets  roulants,  chauffage, alarme\u2026  Les  solutions  K\u2022LINE  SMART  HOME,  CAIB  CONNECT  et  M\u00e9O  associ\u00e9es  \u00e0  la  box domotique Tahoma de Somfy permettent de la man\u0153uvrer \u00e0 distance, de la programmer ou de  l&rsquo;int\u00e9grer  \u00e0  un  sc\u00e9nario  \u00ab\u00a0d\u00e9part\u00a0\u00bb  pour  d\u00e9clencher  la  fermeture  automatique  des  baies, d\u00e9clencher le syst\u00e8me d\u2019alarme et couper le chauffage. S\u00e9lectionn\u00e9e  pour  son concentr\u00e9 d\u2019innovation, r\u00e9pondant  aux  probl\u00e9matiques  des professionnels  de  toute  la  cha\u00eene  de  valeur  du  b\u00e2timent,  le  palmar\u00e8s  des  laur\u00e9ats  a  \u00e9t\u00e9 \u00e9tabli par un jury d\u2019experts sur la base des points attribu\u00e9s (ind\u00e9pendant de toute cat\u00e9gorie) sur  diff\u00e9rents  crit\u00e8res :  performances  techniques,  design,  fonctionnalit\u00e9s,  b\u00e9n\u00e9fice  d\u2019usage, etc&#8230; La  remise officielle des prix des Awards de l\u2019Innovation 2019 aura lieu mardi 5 novembre \u00e0 11h sur le Forum Architecture de BATIMAT (hall 5A). Disponibilit\u00e9 et prix La  baie  coulissante  automatis\u00e9e  par  Somfy  et  commercialis\u00e9e  par  le  groupe  Li\u00e9bot  sera disponible  en  avril  2020.  Cette  solution  sera  propos\u00e9e  avec  une  estimation  de  surco\u00fbt  de l\u2019ordre de 800\u20ac* prix public TTC pour la motorisation. *Estimation sur la base des tarifs 2020, hors installation <\/p>\n","protected":false},"excerpt":{"rendered":"<p>Tous les deux ans, les Awards de l&rsquo;Innovation du Mondial du B\u00e2timent mettent en lumi\u00e8re le meilleur de l\u2019innovation des industriels de la construction. La premi\u00e8re solution de baie coulissante automatis\u00e9e et connect\u00e9e, d\u00e9velopp\u00e9e conjointement par Somfy, leader mondial de l\u2019automatisation des ouvertures et des fermetures, et le Groupe Li\u00e9bot, leader fran\u00e7ais de la fen\u00eatre [&hellip;]<\/p>\n","protected":false},"author":1,"featured_media":2767,"comment_status":"open","ping_status":"open","sticky":false,"template":"","format":"standard","meta":{"spay_email":""},"categories":[4,140,18,54,531,84,449],"tags":[],"jetpack_featured_media_url":"https:\/\/i1.wp.com\/batimedianews.com\/live\/wp-content\/uploads\/2019\/09\/somfy1.jpg?fit=945%2C544&ssl=1","jetpack_sharing_enabled":true,"jetpack_likes_enabled":true,"jetpack-related-posts":[{"id":12315,"url":"https:\/\/batimedianews.com\/live\/index.php\/2021\/10\/04\/equipbaie-2021-somfy-devoile-8-nouveaux-partenaires-qui-deploieront-la-motorisation-sliding-air-io-dans-leurs-baies-coulissantes\/","url_meta":{"origin":2766,"position":0},"title":"Equip\u2019Baie 2021 : Somfy d\u00e9voile 8 nouveaux partenaires qui d\u00e9ploieront la motorisation Sliding air\u00ae io dans leurs baies coulissantes","date":"4 octobre 2021","format":false,"excerpt":"Pour r\u00e9pondre aux enjeux environnementaux sur la qualit\u00e9 de l\u2019air, Somfy a lanc\u00e9 en novembre 2019 le programme Somfy air, une gamme de solutions concr\u00e8tes pour accompagner les particuliers dans l\u2019am\u00e9lioration de la qualit\u00e9 de l\u2019air int\u00e9rieur.\u00a0 Au coeur de ce programme, Somfy propose une motorisation pour fen\u00eatres et baies\u2026","rel":"","context":"Dans &quot;Traitement de l'air&quot;","img":{"alt_text":"","src":"https:\/\/i0.wp.com\/batimedianews.com\/live\/wp-content\/uploads\/2021\/09\/Somfy-Article-1.jpg?fit=512%2C512&ssl=1&resize=350%2C200","width":350,"height":200},"classes":[]},{"id":3410,"url":"https:\/\/batimedianews.com\/live\/index.php\/2019\/11\/04\/innovation-somfy-autour-de-la-fenetre-connectee\/","url_meta":{"origin":2766,"position":1},"title":"Innovation Somfy autour de la fen\u00eatre connect\u00e9e","date":"4 novembre 2019","format":"video","excerpt":"https:\/\/youtu.be\/1DhzlcZKCRo","rel":"","context":"Dans &quot;Batimat&quot;","img":{"alt_text":"","src":"https:\/\/i2.wp.com\/img.youtube.com\/vi\/1DhzlcZKCRo\/0.jpg?resize=350%2C200","width":350,"height":200},"classes":[]},{"id":32470,"url":"https:\/\/batimedianews.com\/live\/index.php\/2023\/10\/23\/somfy-devoile-ses-dernieres-innovations-a-loccasion-dartibat-2023\/","url_meta":{"origin":2766,"position":2},"title":"Somfy d\u00e9voile ses derni\u00e8res innovations \u00e0 l\u2019occasion d\u2019Artibat 2023","date":"23 octobre 2023","format":false,"excerpt":"Somfy, leader mondial de l\u2019automatisation des ouvertures et des fermetures de la maison et du b\u00e2timent, pr\u00e9sente \u00e0 Artibat, rendez-vous incontournable pour les professionnels du b\u00e2timent, des solutions qui permettent \u00e0 ses clients professionnels d\u2019offrir aux consommateurs une exp\u00e9rience toujours plus compl\u00e8te de la maison connect\u00e9e.\u00a0 \u00a0La gamme de motorisations\u2026","rel":"","context":"Dans &quot;Actualit\u00e9 Entreprises&quot;","img":{"alt_text":"","src":"https:\/\/i1.wp.com\/batimedianews.com\/live\/wp-content\/uploads\/2023\/10\/Somfy-Image-articles-.jpg?fit=825%2C825&ssl=1&resize=350%2C200","width":350,"height":200},"classes":[]},{"id":35528,"url":"https:\/\/batimedianews.com\/live\/index.php\/2024\/02\/21\/somfy-annonce-le-lancement-de-somfy-climate-une-gamme-de-solutions-visant-a-optimiser-lefficacite-energetique\/","url_meta":{"origin":2766,"position":3},"title":"Somfy annonce le lancement de Somfy climate, une gamme de solutions visant \u00e0 optimiser l\u2019efficacit\u00e9 \u00e9nerg\u00e9tique","date":"21 f\u00e9vrier 2024","format":false,"excerpt":"A l\u2019heure o\u00f9 la gestion du confort thermique de son habitat devient cruciale avec l\u2019augmentation des \u00e9pisodes de canicules et l\u2019augmentation des tarifs de l\u2019\u00e9lectricit\u00e9 et du gaz, les particuliers recherchent des solutions pour rentrer dans une d\u00e9marche d\u2019efficacit\u00e9 \u00e9nerg\u00e9tique.\u00a0 Dans ce contexte, Somfy, leader mondial de l\u2019automatisation des ouvertures\u2026","rel":"","context":"Dans &quot;Actualit\u00e9 Entreprises&quot;","img":{"alt_text":"","src":"https:\/\/i2.wp.com\/batimedianews.com\/live\/wp-content\/uploads\/2024\/02\/Somfy.jpg?fit=825%2C825&ssl=1&resize=350%2C200","width":350,"height":200},"classes":[]},{"id":31912,"url":"https:\/\/batimedianews.com\/live\/index.php\/2023\/10\/02\/somfy-et-nexelec-sassocient-pour-garantir-une-meilleure-qualite-dair-interieur-aux-particuliers\/","url_meta":{"origin":2766,"position":4},"title":"Somfy et Nexelec s\u2019associent pour garantir une meilleure qualit\u00e9 d\u2019air int\u00e9rieur aux particuliers","date":"2 octobre 2023","format":false,"excerpt":"\u00a0L\u2019air int\u00e9rieur \u00e9tant 2 \u00e0 5 fois* plus pollu\u00e9 que l\u2019air ext\u00e9rieur, l\u2019OMS recommande d\u2019a\u00e9rer son logement 2 fois par jour pendant 10 minutes, matin et soir. Pour r\u00e9pondre \u00e0 ces enjeux environnementaux sur la qualit\u00e9 de l\u2019air int\u00e9rieur, Somfy, leader mondial de l\u2019automatisation des ouvertures et des fermetures, et\u2026","rel":"","context":"Dans &quot;Actualit\u00e9 Entreprises&quot;","img":{"alt_text":"","src":"https:\/\/i0.wp.com\/batimedianews.com\/live\/wp-content\/uploads\/2023\/09\/Somfy-articles-1.jpg?fit=825%2C825&ssl=1&resize=350%2C200","width":350,"height":200},"classes":[]},{"id":36960,"url":"https:\/\/batimedianews.com\/live\/index.php\/2024\/04\/24\/le-groupe-liebot-annonce-la-nomination-de-benoit-fabre-au-poste-de-directeur-general-de-kline\/","url_meta":{"origin":2766,"position":5},"title":"Le Groupe LIEBOT annonce la nomination de Beno\u00eet FABRE au poste de Directeur G\u00e9n\u00e9ral de K\u2022LINE","date":"24 avril 2024","format":false,"excerpt":"Le 15 avril, K\u2022LINE a annonc\u00e9 la nomination de son nouveau Directeur G\u00e9n\u00e9ral, Beno\u00eet FABRE. Fort d\u2019une solide exp\u00e9rience dans les domaines du b\u00e2timent et de la construction, il f\u00fbt le Directeur G\u00e9n\u00e9ral de VELUX France puis d\u2019ALIAXIS France avant de rejoindre K\u2022LINE. Un nouveau Directeur G\u00e9n\u00e9ral pour poursuivre la\u2026","rel":"","context":"Dans &quot;Actualit\u00e9 Entreprises&quot;","img":{"alt_text":"","src":"https:\/\/i0.wp.com\/batimedianews.com\/live\/wp-content\/uploads\/2024\/04\/KLine.jpg?fit=825%2C825&ssl=1&resize=350%2C200","width":350,"height":200},"classes":[]}],"_links":{"self":[{"href":"https:\/\/batimedianews.com\/live\/index.php\/wp-json\/wp\/v2\/posts\/2766"}],"collection":[{"href":"https:\/\/batimedianews.com\/live\/index.php\/wp-json\/wp\/v2\/posts"}],"about":[{"href":"https:\/\/batimedianews.com\/live\/index.php\/wp-json\/wp\/v2\/types\/post"}],"author":[{"embeddable":true,"href":"https:\/\/batimedianews.com\/live\/index.php\/wp-json\/wp\/v2\/users\/1"}],"replies":[{"embeddable":true,"href":"https:\/\/batimedianews.com\/live\/index.php\/wp-json\/wp\/v2\/comments?post=2766"}],"version-history":[{"count":1,"href":"https:\/\/batimedianews.com\/live\/index.php\/wp-json\/wp\/v2\/posts\/2766\/revisions"}],"predecessor-version":[{"id":2768,"href":"https:\/\/batimedianews.com\/live\/index.php\/wp-json\/wp\/v2\/posts\/2766\/revisions\/2768"}],"wp:featuredmedia":[{"embeddable":true,"href":"https:\/\/batimedianews.com\/live\/index.php\/wp-json\/wp\/v2\/media\/2767"}],"wp:attachment":[{"href":"https:\/\/batimedianews.com\/live\/index.php\/wp-json\/wp\/v2\/media?parent=2766"}],"wp:term":[{"taxonomy":"category","embeddable":true,"href":"https:\/\/batimedianews.com\/live\/index.php\/wp-json\/wp\/v2\/categories?post=2766"},{"taxonomy":"post_tag","embeddable":true,"href":"https:\/\/batimedianews.com\/live\/index.php\/wp-json\/wp\/v2\/tags?post=2766"}],"curies":[{"name":"wp","href":"https:\/\/api.w.org\/{rel}","templated":true}]}}