{"id":28250,"date":"2023-05-03T13:20:25","date_gmt":"2023-05-03T11:20:25","guid":{"rendered":"http:\/\/batimedianews.com\/live\/?p=28250"},"modified":"2023-09-06T19:08:48","modified_gmt":"2023-09-06T17:08:48","slug":"faun-investit-15-million-deuros-dans-un-centre-de-services-a-maraussan-34","status":"publish","type":"post","link":"https:\/\/batimedianews.com\/live\/index.php\/2023\/05\/03\/faun-investit-15-million-deuros-dans-un-centre-de-services-a-maraussan-34\/","title":{"rendered":"FAUN investit 1,5 million d\u2019euros dans un Centre de Services \u00e0 Maraussan (34)"},"content":{"rendered":"\n<figure class=\"wp-block-image size-large\"><img loading=\"lazy\" width=\"720\" height=\"207\" src=\"https:\/\/i2.wp.com\/batimedianews.com\/live\/wp-content\/uploads\/2023\/04\/image-296.png?resize=720%2C207\" alt=\"\" class=\"wp-image-28251\" srcset=\"https:\/\/i2.wp.com\/batimedianews.com\/live\/wp-content\/uploads\/2023\/04\/image-296.png?resize=1024%2C294&amp;ssl=1 1024w, https:\/\/i2.wp.com\/batimedianews.com\/live\/wp-content\/uploads\/2023\/04\/image-296.png?resize=600%2C172&amp;ssl=1 600w, https:\/\/i2.wp.com\/batimedianews.com\/live\/wp-content\/uploads\/2023\/04\/image-296.png?resize=768%2C220&amp;ssl=1 768w, https:\/\/i2.wp.com\/batimedianews.com\/live\/wp-content\/uploads\/2023\/04\/image-296.png?resize=1536%2C441&amp;ssl=1 1536w, https:\/\/i2.wp.com\/batimedianews.com\/live\/wp-content\/uploads\/2023\/04\/image-296.png?resize=10%2C3&amp;ssl=1 10w, https:\/\/i2.wp.com\/batimedianews.com\/live\/wp-content\/uploads\/2023\/04\/image-296.png?resize=432%2C124&amp;ssl=1 432w, https:\/\/i2.wp.com\/batimedianews.com\/live\/wp-content\/uploads\/2023\/04\/image-296.png?resize=396%2C114&amp;ssl=1 396w, https:\/\/i2.wp.com\/batimedianews.com\/live\/wp-content\/uploads\/2023\/04\/image-296.png?resize=1120%2C321&amp;ssl=1 1120w, https:\/\/i2.wp.com\/batimedianews.com\/live\/wp-content\/uploads\/2023\/04\/image-296.png?resize=660%2C189&amp;ssl=1 660w, https:\/\/i2.wp.com\/batimedianews.com\/live\/wp-content\/uploads\/2023\/04\/image-296.png?resize=710%2C204&amp;ssl=1 710w, https:\/\/i2.wp.com\/batimedianews.com\/live\/wp-content\/uploads\/2023\/04\/image-296.png?w=1540&amp;ssl=1 1540w, https:\/\/i2.wp.com\/batimedianews.com\/live\/wp-content\/uploads\/2023\/04\/image-296.png?w=1440 1440w\" sizes=\"(max-width: 600px) 91vw, (max-width: 900px) 600px, (max-width: 1060px) 50vw, (max-width: 1200px) 520px, (max-width: 1400px) 43vw, 600px\" data-recalc-dims=\"1\" \/><figcaption><em>Futur Centre FAUN Services Languedoc \u00e0 Maraussan &#8211; Le leitmotiv dans tous les Centres de Services FAUN est de r\u00e9duire au minimum les temps de prise en charge et d\u2019immobilisation des bennes, facteur \u00e9conomique important lorsque la perte d\u2019exploitation peut \u00eatre pr\u00e9judiciable.<\/em><\/figcaption><\/figure>\n\n\n\n<p class=\"has-text-color\" style=\"color:#0299da\"><strong>FAUN s\u2019impose aujourd\u2019hui comme leader europ\u00e9en des v\u00e9hicules de collecte de d\u00e9chets et de propret\u00e9 urbaine, avec deux sites de production, l\u2019un \u00e0 Guilherand-Granges (07), \u00e9galement si\u00e8ge social, et l\u2019autre \u00e0 Lambesc (13), employant quelque 400 personnes. Au rang de ses clients, les agglom\u00e9rations de B\u00e9ziers et Narbonne, les Communaut\u00e9s de Communes La Domitienne, Sud-H\u00e9rault, Clermont l\u2019H\u00e9rault, les Alb\u00e8res Argel\u00e8s, L\u00e9zignan-Corbi\u00e8res, le Sictom de P\u00e9zenas et les villes de Gignac, Saint- Cyprien, Saint-Paul de Fenouillet mais \u00e9galement les collecteurs priv\u00e9s tels que Nicollin, Suez, V\u00e9olia, Paprec, entre autres, disposent d\u2019une flotte FAUN.<\/strong><\/p>\n\n\n\n<p class=\"has-text-color\" style=\"color:#0299da\"><strong>Au-del\u00e0 de toujours \u00ab innover pour une collecte intelligente \u00bb, FAUN, seul concepteur fran\u00e7ais de bennes \u00e0 ordures revendiquant une fabrication 100 % int\u00e9gr\u00e9e(1), porte un soin particulier au Service Apr\u00e8s-Vente. Il entend ainsi renforcer son maillage territorial via l\u2019ouverture de Centres de Services, comme d\u2019ici septembre 2023 celui de Maraussan, dans l\u2019H\u00e9rault, dont la premi\u00e8re pierre est pos\u00e9e ce mardi 18 avril. L\u2019objectif est de permettre \u00e0 ses clients de b\u00e9n\u00e9ficier, dans un rayon d\u2019environ 100 km, d\u2019une prestation de qualit\u00e9, ax\u00e9e sur la r\u00e9activit\u00e9 et la disponibilit\u00e9 que seule la proximit\u00e9 octroie.<em> \u00ab Choisir un v\u00e9hicule de collecte de d\u00e9chets et de propret\u00e9 urbaine s\u2019av\u00e8re un acte engageant, c\u2019est pourquoi FAUN d\u00e9ploie un important dispositif SAV afin que l\u2019entretien et la remise en \u00e9tat des mat\u00e9riels, avec des pi\u00e8ces d\u2019origine pour en garantir la long\u00e9vit\u00e9, demeurent optimales \u00bb<\/em> souligne Etienne Blaise, Pr\u00e9sident de FAUN.<\/strong><\/p>\n\n\n\n<p class=\"has-small-font-size\">1 &#8211; L\u00e0 o\u00f9 d\u2019autres produisent les caissons et portes de leurs v\u00e9hicules mais sous-traitent le basculeur qu\u2019ils se contentent d\u2019assembler par la suite, FAUN fabrique bel et bien les 3 composants, parfaitement compatibles les uns avec les autres.<\/p>\n\n\n\n<p class=\"has-medium-font-size\"><strong>Centre FAUN Services Languedoc : \u00eatre au plus proche des entreprises occitanes<\/strong><\/p>\n\n\n\n<p>FAUN affiche une expertise reconnue en r\u00e9parations de v\u00e9hicules de voirie, y compris tr\u00e8s lourdes. Ses prestations de d\u00e9pannage, r\u00e9glage et suivi du mat\u00e9riel font la r\u00e9putation du constructeur ard\u00e9chois, qu\u2019il s\u2019agisse de syst\u00e8mes \u00e9lectriques, hydrauliques, pneumatiques, m\u00e9caniques ou encore automatiques.<\/p>\n\n\n\n<p>Et ce, toujours dans l\u2019objectif d\u2019augmenter la durabilit\u00e9 des mat\u00e9riels et d\u2019en assurer la s\u00e9curit\u00e9 pour les ripers.<\/p>\n\n\n\n<p>Le nouveau site de Maraussan va donc venir \u00e9toffer le dispositif FAUN SAV d\u00e9j\u00e0 riche de 7 \u00e9tablissements r\u00e9partis sur l\u2019Hexagone(2).<\/p>\n\n\n\n<p>Avec tr\u00e8s exactement 669 m2 de b\u00e2ti sur un terrain de 2 000 m2, le Centre FAUN Services Languedoc \u00e0 Maraussan se composera d\u2019un p\u00f4le administratif, d\u2019un atelier de m\u00e9canique pouvant accueillir des bennes et PL jusqu\u2019\u00e0 32 tonnes, ainsi que d\u2019un espace d\u00e9di\u00e9 au lavage des v\u00e9hicules. Il abritera \u00e9galement des mat\u00e9riels de location pr\u00eats \u00e0 collecter, \u00e0 disposition des collectivit\u00e9s comme des collecteurs priv\u00e9s qui font souvent appel \u00e0 FAUN, premier loueur de France.<\/p>\n\n\n\n<p>Soulignons que ce nouveau site int\u00e8gre non seulement des valeurs de confort accrues pour son personnel mais \u00e9galement des crit\u00e8res respectueux de l\u2019environnement, en totale ad\u00e9quation avec l\u2019engagement RSE de FAUN.<\/p>\n\n\n\n<p>Ainsi l\u2019atelier sera trait\u00e9 acoustiquement et sa toiture pourvue de panneaux photovolta\u00efques. L\u2019\u00e9clairage int\u00e9rieur et ext\u00e9rieur, \u00e0 gradation, favorisera une consommation d\u2019\u00e9nergie moindre. Les eaux pluviales, r\u00e9cup\u00e9r\u00e9es, se verront recycl\u00e9es pour un usage interne. De m\u00eame, l\u2019int\u00e9gralit\u00e9 des fum\u00e9es g\u00e9n\u00e9r\u00e9es par l\u2019activit\u00e9 sera capt\u00e9e et trait\u00e9e, avant son rejet.<\/p>\n\n\n\n<p>Par ailleurs, la perm\u00e9abilit\u00e9 des rev\u00eatements des parkings VL permettra de pr\u00e9server les fonctions naturelles du sol, sans risque de ruissellement.<\/p>\n\n\n\n<p>Enfin, le site sera v\u00e9g\u00e9talis\u00e9 sur 1\/4 de sa surface (506 m2 d\u2019espaces verts), soit 20 % de plus de ce qui est exig\u00e9 \u00e0 minima.<\/p>\n\n\n\n<p>Les 4 postes cr\u00e9\u00e9s pour ce site panacheront des comp\u00e9tences ma\u00eetris\u00e9es en tant que soudeur, \u00e9lectrotechnicien avec notions de m\u00e9canique, disposant de permis C et C+FIMO.<\/p>\n\n\n\n<p>Ce nouveau Centre FAUN Services Languedoc \u00e0 Maraussan incarne l\u2019engagement de FAUN \u00e0 accompagner au mieux ses clients afin de leur apporter toujours plus de facilit\u00e9 et d\u2019efficacit\u00e9 dans leur quotidien.<\/p>\n\n\n\n<p class=\"has-small-font-size\">(2) &#8211; Rh\u00f4ne-Alpes, Normandie, PACA, Nord, Ile-de-France, Occitanie et Pays de la Loire<\/p>\n\n\n\n<p class=\"has-background\" style=\"background-color:#bfe6f6\"><strong>A propos de FAUN.<\/strong> N\u00e9 d\u2019une entreprise familiale de carrosserie en 1922, FAUN s\u2019impose aujourd\u2019hui en partenaire tr\u00e8s appr\u00e9ci\u00e9 dans la collecte des d\u00e9chets des collectivit\u00e9s territoriales et de l\u2019industrie. Gr\u00e2ce \u00e0 un large r\u00e9seau SAV, le leader europ\u00e9en de bennes \u00e0 ordures poursuit \u00e9galement une politique de proximit\u00e9 terrain pour servir efficacement et accompagner ses clients. Affichant un chiffre d\u2019affaires 2019 de pr\u00e8s de 100 millions d\u2019euros, FAUN emploie quelque 400 personnes sur ses deux sites de production : Guilherand-Granges (07), qui est aussi son si\u00e8ge social, et Lambesc (13).<\/p>\n","protected":false},"excerpt":{"rendered":"<p>FAUN s\u2019impose aujourd\u2019hui comme leader europ\u00e9en des v\u00e9hicules de collecte de d\u00e9chets et de propret\u00e9 urbaine, avec deux sites de production, l\u2019un \u00e0 Guilherand-Granges (07), \u00e9galement si\u00e8ge social, et l\u2019autre \u00e0 Lambesc (13), employant quelque 400 personnes. Au rang de ses clients, les agglom\u00e9rations de B\u00e9ziers et Narbonne, les Communaut\u00e9s de Communes La Domitienne, Sud-H\u00e9rault, [&hellip;]<\/p>\n","protected":false},"author":41,"featured_media":28253,"comment_status":"open","ping_status":"open","sticky":false,"template":"","format":"standard","meta":{"spay_email":""},"categories":[50,2257],"tags":[],"jetpack_featured_media_url":"https:\/\/i1.wp.com\/batimedianews.com\/live\/wp-content\/uploads\/2023\/04\/Faun-Article.jpg?fit=1920%2C1080&ssl=1","jetpack_sharing_enabled":true,"jetpack_likes_enabled":true,"jetpack-related-posts":[{"id":14476,"url":"https:\/\/batimedianews.com\/live\/index.php\/2021\/12\/16\/faun-etoffe-son-maillage-territorial-avec-2-nouveaux-centres-de-services-en-occitanie-et-pays-de-la-loire\/","url_meta":{"origin":28250,"position":0},"title":"FAUN \u00e9toffe son maillage territorial avec 2 nouveaux Centres de Services en Occitanie et Pays de la Loire","date":"16 d\u00e9cembre 2021","format":false,"excerpt":"Apr\u00e8s avoir investi 12 millions d\u2019euros sur son site de Guilherand-Granges (07) et en droite ligne de sa strat\u00e9gie de d\u00e9veloppement, FAUN renforce encore sa pr\u00e9sence dans l\u2019Hexagone avec l\u2019ouverture de 2 nouveaux Centres de Services, portant ainsi \u00e0 8 ses \u00e9tablissements de SAV. Qu\u2019il s\u2019agisse du rachat d\u2019une entreprise\u2026","rel":"","context":"Dans &quot;Actualit\u00e9 Entreprises&quot;","img":{"alt_text":"","src":"https:\/\/i1.wp.com\/batimedianews.com\/live\/wp-content\/uploads\/2021\/12\/FAUN-Article.jpg?fit=512%2C512&ssl=1&resize=350%2C200","width":350,"height":200},"classes":[]},{"id":40452,"url":"https:\/\/batimedianews.com\/live\/index.php\/2024\/10\/16\/faun-livre-une-nouvelle-benne-urbanea-a-la-metropole-du-havre-ideale-pour-la-collecte-de-dechets-en-centre-ville\/","url_meta":{"origin":28250,"position":1},"title":"FAUN livre une nouvelle benne URBAN\u00c9A \u00e0 la M\u00e9tropole du Havre. Id\u00e9ale pour la collecte de d\u00e9chets en centre-ville !","date":"16 octobre 2024","format":false,"excerpt":"\u00a0FAUN, acteur majeur du march\u00e9 des v\u00e9hicules de collecte de d\u00e9chets et de propret\u00e9 urbaine, se distingue par ses innovations en mati\u00e8re de \u00abcollecte intelligente\u00bb. Les \u00e9quipements FAUN, enti\u00e8rement fabriqu\u00e9s en France, sont en effet reconnus pour leur faible niveau sonore, leur r\u00e9duction des \u00e9missions de gaz \u00e0 effet de\u2026","rel":"","context":"Dans &quot;Actualit\u00e9 Entreprises&quot;","img":{"alt_text":"","src":"https:\/\/i2.wp.com\/batimedianews.com\/live\/wp-content\/uploads\/2024\/10\/faun.jpg?fit=825%2C825&ssl=1&resize=350%2C200","width":350,"height":200},"classes":[]},{"id":44724,"url":"https:\/\/batimedianews.com\/live\/index.php\/2025\/05\/06\/securite-et-sante-au-travail-faun-sengage-aux-cotes-de-ses-collaborateurs\/","url_meta":{"origin":28250,"position":2},"title":"S\u00e9curit\u00e9 et sant\u00e9 au travail : FAUN s\u2019engage aux c\u00f4t\u00e9s de ses collaborateurs","date":"6 mai 2025","format":false,"excerpt":"Le 28 avril, FAUN, acteur de r\u00e9f\u00e9rence dans la conception de v\u00e9hicules de collecte de d\u00e9chets et de propret\u00e9 urbaine, a pris part \u00e0 la Journ\u00e9e mondiale de la s\u00e9curit\u00e9 et de la sant\u00e9 au travail. Cet \u00e9v\u00e9nement international a offert \u00e0 l\u2019industriel l\u2019opportunit\u00e9 de mettre en lumi\u00e8re les \u00e9quipes\u2026","rel":"","context":"Dans &quot;Actualit\u00e9 Entreprises&quot;","img":{"alt_text":"","src":"https:\/\/i1.wp.com\/batimedianews.com\/live\/wp-content\/uploads\/2025\/04\/faun.jpg?fit=825%2C825&ssl=1&resize=350%2C200","width":350,"height":200},"classes":[]},{"id":42724,"url":"https:\/\/batimedianews.com\/live\/index.php\/2025\/02\/11\/faun-presente-sa-nouvelle-benne-bionea-une-solution-innovante-pour-la-collecte-des-biodechets\/","url_meta":{"origin":28250,"position":3},"title":"FAUN pr\u00e9sente sa nouvelle benne BION\u00c9A, une solution innovante pour la collecte des biod\u00e9chets","date":"11 f\u00e9vrier 2025","format":false,"excerpt":"Bion\u00e9a 7 (volume 7 m3 pour 4 tonnes de biod\u00e9chets) et Bion\u00e9a 10 (volume 10 m3 pour 5,5 tonnes de biod\u00e9chets). Acteur majeur du march\u00e9 des v\u00e9hicules de propret\u00e9 urbaine et bennes \u00e0 ordures, FAUN met \u00e0 disposition des collectivit\u00e9s territoriales et partenaires priv\u00e9s un large panel de solutions pour\u2026","rel":"","context":"Dans &quot;Actualit\u00e9 Entreprises&quot;","img":{"alt_text":"","src":"https:\/\/i0.wp.com\/batimedianews.com\/live\/wp-content\/uploads\/2025\/02\/faun.jpg?fit=825%2C825&ssl=1&resize=350%2C200","width":350,"height":200},"classes":[]},{"id":36050,"url":"https:\/\/batimedianews.com\/live\/index.php\/2024\/03\/11\/faun-et-adrien-simon-embarquent-pour-la-solo-guy-cotten-coup-denvoi-de-la-saison-du-circuit-figaro-beneteau\/","url_meta":{"origin":28250,"position":4},"title":"FAUN et Adrien Simon embarquent pour la Solo Guy Cotten &#8211; Coup d\u2019envoi de la saison du circuit Figaro B\u00e9n\u00e9teau","date":"11 mars 2024","format":false,"excerpt":"FAUN, acteur majeur du march\u00e9 des v\u00e9hicules de collecte de d\u00e9chets & de propret\u00e9 urbaine, et le skipper Adrien Simon inaugurent le renouvellement de leur partenariat (sign\u00e9 pour 3 ans) en prenant le d\u00e9part de la Solo Guy Cotten. La 47\u00e8me \u00e9dition de cette course lan\u00e7ant la saison du circuit\u2026","rel":"","context":"Dans &quot;Actualit\u00e9 Entreprises&quot;","img":{"alt_text":"","src":"https:\/\/i0.wp.com\/batimedianews.com\/live\/wp-content\/uploads\/2024\/03\/faun.jpg?fit=825%2C825&ssl=1&resize=350%2C200","width":350,"height":200},"classes":[]},{"id":45686,"url":"https:\/\/batimedianews.com\/live\/index.php\/2025\/06\/26\/urbanet-des-balayeuses-dexception-signees-faun\/","url_meta":{"origin":28250,"position":5},"title":"URBANET : des balayeuses d\u2019exception sign\u00e9es FAUN","date":"26 juin 2025","format":false,"excerpt":"Reconnu des collectivit\u00e9s et des acteurs priv\u00e9s de la propret\u00e9 urbaine pour ses solutions de collecte intelligente et 100 % fabriqu\u00e9es en France, FAUN, innove \u00e0 nouveau en proposant une nouvelle g\u00e9n\u00e9ration de balayeuses : les URBANET.\u00a0 URBANET : les deux nouvelles balayeuses FAUN, robustes et compactes D\u00e9montrant une fois\u2026","rel":"","context":"Dans &quot;Actualit\u00e9 Entreprises&quot;","img":{"alt_text":"","src":"https:\/\/i2.wp.com\/batimedianews.com\/live\/wp-content\/uploads\/2025\/06\/faun.jpg?fit=825%2C825&ssl=1&resize=350%2C200","width":350,"height":200},"classes":[]}],"_links":{"self":[{"href":"https:\/\/batimedianews.com\/live\/index.php\/wp-json\/wp\/v2\/posts\/28250"}],"collection":[{"href":"https:\/\/batimedianews.com\/live\/index.php\/wp-json\/wp\/v2\/posts"}],"about":[{"href":"https:\/\/batimedianews.com\/live\/index.php\/wp-json\/wp\/v2\/types\/post"}],"author":[{"embeddable":true,"href":"https:\/\/batimedianews.com\/live\/index.php\/wp-json\/wp\/v2\/users\/41"}],"replies":[{"embeddable":true,"href":"https:\/\/batimedianews.com\/live\/index.php\/wp-json\/wp\/v2\/comments?post=28250"}],"version-history":[{"count":2,"href":"https:\/\/batimedianews.com\/live\/index.php\/wp-json\/wp\/v2\/posts\/28250\/revisions"}],"predecessor-version":[{"id":28388,"href":"https:\/\/batimedianews.com\/live\/index.php\/wp-json\/wp\/v2\/posts\/28250\/revisions\/28388"}],"wp:featuredmedia":[{"embeddable":true,"href":"https:\/\/batimedianews.com\/live\/index.php\/wp-json\/wp\/v2\/media\/28253"}],"wp:attachment":[{"href":"https:\/\/batimedianews.com\/live\/index.php\/wp-json\/wp\/v2\/media?parent=28250"}],"wp:term":[{"taxonomy":"category","embeddable":true,"href":"https:\/\/batimedianews.com\/live\/index.php\/wp-json\/wp\/v2\/categories?post=28250"},{"taxonomy":"post_tag","embeddable":true,"href":"https:\/\/batimedianews.com\/live\/index.php\/wp-json\/wp\/v2\/tags?post=28250"}],"curies":[{"name":"wp","href":"https:\/\/api.w.org\/{rel}","templated":true}]}}