{"id":28728,"date":"2023-05-23T19:21:23","date_gmt":"2023-05-23T17:21:23","guid":{"rendered":"http:\/\/batimedianews.com\/live\/?p=28728"},"modified":"2023-09-06T19:07:51","modified_gmt":"2023-09-06T17:07:51","slug":"le-snep-accueille-trois-nouveaux-adherents","status":"publish","type":"post","link":"https:\/\/batimedianews.com\/live\/index.php\/2023\/05\/23\/le-snep-accueille-trois-nouveaux-adherents\/","title":{"rendered":"LE SNEP ACCUEILLE TROIS NOUVEAUX ADH\u00c9RENTS"},"content":{"rendered":"\n<p>&nbsp;<strong>Le Syndicat National de l\u2019Extrusion Plastique vient d\u2019int\u00e9grer trois nouvelles entreprises. Les entreprises DYKA et NICOLL, deux leaders europ\u00e9ens de la fabrication de syst\u00e8mes de canalisation et de gestion des eaux en PVC, ont rejoint le syndicat de l\u2019extrusion tandis que DOW, multinationale sp\u00e9cialis\u00e9e dans la fabrication et la distribution de produits chimiques, devient membre associ\u00e9. L\u2019arriv\u00e9e de ces entreprises t\u00e9moigne de l\u2019attractivit\u00e9 du SNEP et de l\u2019\u00e9largissement de son champ d\u2019action \u00e0 tous les acteurs de la fili\u00e8re extrusion, notamment de PVC.&nbsp;<\/strong><\/p>\n\n\n\n<p class=\"has-text-color has-medium-font-size\" style=\"color:#00a356\">&nbsp;Trois nouvelles entreprises adh\u00e9rentes au SNEP&nbsp;<\/p>\n\n\n\n<p>&nbsp;Le SNEP, syndicat professionnel cr\u00e9\u00e9 en 1963, repr\u00e9sente les entreprises sp\u00e9cialis\u00e9es dans l&rsquo;extrusion de mati\u00e8res plastiques et contribue \u00e0 promouvoir les atouts de la fili\u00e8re PVC aupr\u00e8s des institutions fran\u00e7aises et europ\u00e9ennes. Suite aux adh\u00e9sions de DYKA, NICOLL et DOW, le SNEP est aujourd\u2019hui compos\u00e9 de 20 entreprises adh\u00e9rentes aux profils tr\u00e8s divers, de PME fran\u00e7aises \u00e0 des groupes mondiaux, en passant par des ETI dynamiques, qui repr\u00e9sentent la richesse du tissu \u00e9conomique fran\u00e7ais.&nbsp;<\/p>\n\n\n\n<p>DYKA, NICOLL et DOW se sont tourn\u00e9es vers le SNEP pour int\u00e9grer un r\u00e9seau dynamique, qui d\u00e9veloppe notamment des r\u00e9flexions et partage ses bonnes pratiques en mati\u00e8re d\u2019\u00e9conomie circulaire et de recyclage, faisant du PVC un pionnier et un leader en termes de collecte, recyclage et valorisation post-consommation.&nbsp;<\/p>\n\n\n\n<p>Les diff\u00e9rentes campagnes de sensibilisation et d\u2019information men\u00e9es par le SNEP depuis le d\u00e9but de l\u2019ann\u00e9e autour des m\u00e9tiers de l\u2019extrusion plastique et les besoins en recrutement des entreprises ont \u00e9galement convaincu ces trois entreprises de rejoindre le syndicat.&nbsp;<\/p>\n\n\n\n<p class=\"has-text-color has-medium-font-size\" style=\"color:#00a35f\">&nbsp;Un \u00e9largissement du champ d\u2019action du syndicat&nbsp;<\/p>\n\n\n\n<p>&nbsp;Historiquement, le SNEP regroupe les acteurs du profil\u00e9 PVC pour le b\u00e2timent, avec la fen\u00eatre PVC comme fer de lance. Depuis 2021, en plus du PVC, le SNEP \u00e9largit son champ d\u2019actions \u00e0 l\u2019extrusion d\u2019autres polym\u00e8res comme l\u2019ABS ou les polyol\u00e9fines par exemple et enrichit sans cesse le spectre des profil\u00e9s \u00e0 destination du b\u00e2timent, \u00ab <em>L\u2019adh\u00e9sion de ces trois nouvelles entreprises \u00e9largit encore le champ d\u2019action du SNEP, pass\u00e9 d\u2019un m\u00e9tier d\u2019extrusion \u00e0 une fili\u00e8re en mouvement. Le syndicat f\u00e9d\u00e8re ainsi des compoundeurs, des fabricants de profil\u00e9s plastique (dont des gammistes fen\u00eatres et, tout r\u00e9cemment, des tubistes) et, plus g\u00e9n\u00e9ralement, les professionnels qui participent \u00e0 la cha\u00eene&nbsp;de valeur du profil\u00e9 thermoplastique (r\u00e9g\u00e9n\u00e9rateurs, formateurs, fournisseurs d\u2019additifs et de composants de finition).&nbsp;<\/em><\/p>\n\n\n\n<p><em>Le syndicat souhaite renforcer son positionnement sur l\u2019extrusion plastique et d\u00e9velopper des partenariats forts avec l\u2019ensemble de son \u00e9cosyst\u00e8me, y compris au niveau europ\u00e9en. Notre objectif ? Renforcer notre collaboration avec la plasturgie, les secteurs du b\u00e2timent, du recyclage et les institutions pour asseoir les profil\u00e9s thermoplastiques comme des atouts cl\u00e9s du b\u00e2timent fran\u00e7ais face aux enjeux de demain en alliant performance et durabilit\u00e9.&nbsp;<\/em><\/p>\n\n\n\n<p><em>Tous nos adh\u00e9rents partagent une vision commune des m\u00e9tiers de l\u2019extrusion plastique et la volont\u00e9 de d\u00e9fendre et de continuer \u00e0 faire \u00e9voluer cette industrie \u00bb<\/em> d\u00e9clare <strong>Elisabeth Charrier, D\u00e9l\u00e9gu\u00e9e G\u00e9n\u00e9rale du SNEP.&nbsp;<\/strong><\/p>\n\n\n\n<p class=\"has-small-font-size\"><em>Depuis 1964, date de sa cr\u00e9ation, le Syndicat National de l\u2019Extrusion Plastique (SNEP) est pass\u00e9 d\u2019un groupement d\u2019industriels de l\u2019extrusion \u00e0 une fili\u00e8re en mouvement f\u00e9d\u00e9rant fabricants d\u2019additifs, compounders, extrudeurs dont extrudeurs-gammistes, r\u00e9g\u00e9n\u00e9rateurs et professions associ\u00e9es. L\u2019Innovation, d\u00e9veloppement durable, r\u00e9duction des impacts environnementaux sont le trait d\u2019union de l\u2019ensemble des adh\u00e9rents.&nbsp;<\/em><\/p>\n\n\n\n<p><\/p>\n","protected":false},"excerpt":{"rendered":"<p>&nbsp;Le Syndicat National de l\u2019Extrusion Plastique vient d\u2019int\u00e9grer trois nouvelles entreprises. Les entreprises DYKA et NICOLL, deux leaders europ\u00e9ens de la fabrication de syst\u00e8mes de canalisation et de gestion des eaux en PVC, ont rejoint le syndicat de l\u2019extrusion tandis que DOW, multinationale sp\u00e9cialis\u00e9e dans la fabrication et la distribution de produits chimiques, devient membre [&hellip;]<\/p>\n","protected":false},"author":1,"featured_media":0,"comment_status":"open","ping_status":"open","sticky":false,"template":"","format":"standard","meta":{"spay_email":""},"categories":[4,842,793],"tags":[],"jetpack_featured_media_url":"","jetpack_sharing_enabled":true,"jetpack_likes_enabled":true,"jetpack-related-posts":[{"id":8125,"url":"https:\/\/batimedianews.com\/live\/index.php\/2021\/01\/28\/economie-circulaire-nouveau-positionnement-du-snep\/","url_meta":{"origin":28728,"position":0},"title":"\u00c9conomie circulaire NOUVEAU POSITIONNEMENT DU SNEP","date":"28 janvier 2021","format":false,"excerpt":"Parmi les priorit\u00e9s du syndicat national de l\u2019extrusion plastique : de nouvelles mati\u00e8res polym\u00e8res, l\u2019\u00e9conomie circulaire, le d\u00e9veloppement d\u2019une R&D collective, le social et la formation et le d\u00e9veloppement de la marque QualiPVC.\u00a0 Le Snep confiant dans l\u2019atteinte des objectifs \u00ab \u00e9conomie circulaire \u00bb en 2025\u00a0 Avec son nouveau positionnement,\u2026","rel":"","context":"Dans &quot;Actualit\u00e9 Entreprises&quot;","img":{"alt_text":"","src":"https:\/\/i0.wp.com\/batimedianews.com\/live\/wp-content\/uploads\/2021\/01\/image-270.png?fit=628%2C280&ssl=1&resize=350%2C200","width":350,"height":200},"classes":[]},{"id":5312,"url":"https:\/\/batimedianews.com\/live\/index.php\/2020\/07\/17\/elisabeth-charrier-une-nouvelle-deleguee-generale-pour-le-snep\/","url_meta":{"origin":28728,"position":1},"title":"ELISABETH CHARRIER: UNE NOUVELLE D\u00c9L\u00c9GU\u00c9E G\u00c9N\u00c9RALE POUR LE SNEP","date":"17 juillet 2020","format":false,"excerpt":"\u00ab Pour le SNEP, je souhaite d\u00e9velopper des services autour de l'enjeu majeur que constitue l'\u00e9conomie circulaire et contribuer \u00e0 la performance \u00e9nerg\u00e9tique du b\u00e2timent. Et aussi, m'appuyer sur ma connaissance des organisations professionnelles pour cr\u00e9er des synergies avec d'autres organisations fran\u00e7aises et europ\u00e9ennes en \u00e9largissant notre r\u00e9seau \u00bb. \u00a0Elisabeth\u2026","rel":"","context":"Dans &quot;Actualit\u00e9 Entreprises&quot;","img":{"alt_text":"","src":"https:\/\/i2.wp.com\/batimedianews.com\/live\/wp-content\/uploads\/2020\/07\/image-13.png?fit=876%2C876&ssl=1&resize=350%2C200","width":350,"height":200},"classes":[]},{"id":24940,"url":"https:\/\/batimedianews.com\/live\/index.php\/2022\/11\/22\/changer-le-regard-sur-le-pvc-quand-le-pvc-prend-la-parole\/","url_meta":{"origin":28728,"position":2},"title":"Changer le regard sur le pvc quand le pvc prend la parole \u2026","date":"22 novembre 2022","format":false,"excerpt":"\u00a0\u00ab Je suis archi efficace ! \u00bb\u00a0 Par quoi commence-t-on ?\u00a0 Va pour la polyvalence, l\u2019une de mes qualit\u00e9s phares, qui fait de moi un mat\u00e9riau tr\u00e8s pl\u00e9biscit\u00e9.\u00a0 Pourquoi ? Parce qu\u2019\u00e9tant par nature l\u00e9ger et mall\u00e9able, je propose mes services en version souple ou rigide, opaque ou transparente, mate\u2026","rel":"","context":"Dans &quot;Acoustique&quot;","img":{"alt_text":"","src":"https:\/\/i0.wp.com\/batimedianews.com\/live\/wp-content\/uploads\/2022\/11\/SnEp-Article.jpg?fit=1080%2C1080&ssl=1&resize=350%2C200","width":350,"height":200},"classes":[]},{"id":37757,"url":"https:\/\/batimedianews.com\/live\/index.php\/2024\/05\/30\/le-pvc-matiere-a-innover\/","url_meta":{"origin":28728,"position":3},"title":"Le PVC, mati\u00e8re \u00e0 innover","date":"30 mai 2024","format":false,"excerpt":"Port\u00e9 par les labels de qualit\u00e9 environnementale, l\u2019approche passive, puis par la RE2020, le b\u00e2timent doit augmenter ses performances en mati\u00e8re d\u2019isolation thermique et de sobri\u00e9t\u00e9 \u00e9nerg\u00e9tique. Dans cette perspective, les produits en PVC pr\u00e9sentent de nombreux atouts. Non seulement la mati\u00e8re continue \u00e0 progresser en termes d\u2019impact environnemental et\u2026","rel":"","context":"Dans &quot;Recyclage&quot;","img":{"alt_text":"","src":"https:\/\/i2.wp.com\/batimedianews.com\/live\/wp-content\/uploads\/2024\/05\/SnEP-articles-.jpg?fit=825%2C825&ssl=1&resize=350%2C200","width":350,"height":200},"classes":[]},{"id":18035,"url":"https:\/\/batimedianews.com\/live\/index.php\/2022\/04\/05\/innovation-2022-le-groupe-aliaxis-france-et-sa-marque-nicoll-by-aliaxis-renforcent-leur-engagement-dans-leconomie-circulaire-en-introduisant-du-pvc-bio-source-dans-leur-production\/","url_meta":{"origin":28728,"position":4},"title":"INNOVATION 2022 : Le groupe Aliaxis France et sa marque Nicoll by Aliaxis renforcent leur engagement dans l\u2019\u00e9conomie circulaire en introduisant du PVC bio-sourc\u00e9 dans leur production","date":"5 avril 2022","format":false,"excerpt":"D\u00e9j\u00e0 engag\u00e9s en faveur de l\u2019\u00e9conomie circulaire avec la charte \u201cAgissons \u00e0 la source\u201d et un engagement dans l\u2019\u00e9co-organisme Valobat, Aliaxis France et sa marque Nicoll by Aliaxis poursuivent leur engagement dans le d\u00e9veloppement durable et la r\u00e9duction de leur empreinte carbone en int\u00e9grant du PVC bio-sourc\u00e9 dans leur production.\u2026","rel":"","context":"Dans &quot;Actualit\u00e9 Entreprises&quot;","img":{"alt_text":"","src":"https:\/\/i0.wp.com\/batimedianews.com\/live\/wp-content\/uploads\/2022\/03\/Aliaxis-Article-1.jpg?fit=512%2C512&ssl=1&resize=350%2C200","width":350,"height":200},"classes":[]},{"id":35040,"url":"https:\/\/batimedianews.com\/live\/index.php\/2024\/02\/14\/deceuninck-poursuit-son-engagement-pour-un-avenir-durable\/","url_meta":{"origin":28728,"position":5},"title":"Deceuninck poursuit son engagement pour un avenir durable !","date":"14 f\u00e9vrier 2024","format":false,"excerpt":"Ligne de co-extrusion usine de Roye (80). Le site industriel de Roye est \u00e0 l\u2019image de la strat\u00e9gie de recyclage du PVC ch\u00e8re \u00e0 l\u2019entreprise. La mise en fonctionnement de deux nouvelles lignes de co-extrusion en est le reflet. Deceuninck dispose d\u2019un v\u00e9ritable outil industriel de taille europ\u00e9enne lui permettant\u2026","rel":"","context":"Dans &quot;Actualit\u00e9 Entreprises&quot;","img":{"alt_text":"","src":"https:\/\/i2.wp.com\/batimedianews.com\/live\/wp-content\/uploads\/2024\/02\/deceuninck.jpg?fit=825%2C825&ssl=1&resize=350%2C200","width":350,"height":200},"classes":[]}],"_links":{"self":[{"href":"https:\/\/batimedianews.com\/live\/index.php\/wp-json\/wp\/v2\/posts\/28728"}],"collection":[{"href":"https:\/\/batimedianews.com\/live\/index.php\/wp-json\/wp\/v2\/posts"}],"about":[{"href":"https:\/\/batimedianews.com\/live\/index.php\/wp-json\/wp\/v2\/types\/post"}],"author":[{"embeddable":true,"href":"https:\/\/batimedianews.com\/live\/index.php\/wp-json\/wp\/v2\/users\/1"}],"replies":[{"embeddable":true,"href":"https:\/\/batimedianews.com\/live\/index.php\/wp-json\/wp\/v2\/comments?post=28728"}],"version-history":[{"count":2,"href":"https:\/\/batimedianews.com\/live\/index.php\/wp-json\/wp\/v2\/posts\/28728\/revisions"}],"predecessor-version":[{"id":28837,"href":"https:\/\/batimedianews.com\/live\/index.php\/wp-json\/wp\/v2\/posts\/28728\/revisions\/28837"}],"wp:attachment":[{"href":"https:\/\/batimedianews.com\/live\/index.php\/wp-json\/wp\/v2\/media?parent=28728"}],"wp:term":[{"taxonomy":"category","embeddable":true,"href":"https:\/\/batimedianews.com\/live\/index.php\/wp-json\/wp\/v2\/categories?post=28728"},{"taxonomy":"post_tag","embeddable":true,"href":"https:\/\/batimedianews.com\/live\/index.php\/wp-json\/wp\/v2\/tags?post=28728"}],"curies":[{"name":"wp","href":"https:\/\/api.w.org\/{rel}","templated":true}]}}