{"id":2998,"date":"2019-10-07T10:30:18","date_gmt":"2019-10-07T08:30:18","guid":{"rendered":"http:\/\/batimedianews.com\/live\/?p=2998"},"modified":"2021-10-21T12:36:51","modified_gmt":"2021-10-21T10:36:51","slug":"une-nouvelle-strategie-de-marque-qui-casse-les-codes-et-valorise-lusage-des-produits-ciments-calcia","status":"publish","type":"post","link":"https:\/\/batimedianews.com\/live\/index.php\/2019\/10\/07\/une-nouvelle-strategie-de-marque-qui-casse-les-codes-et-valorise-lusage-des-produits-ciments-calcia\/","title":{"rendered":"Une nouvelle strat\u00e9gie de marque qui casse les codes et valorise l\u2019usage des produits Ciments Calcia"},"content":{"rendered":"\n<p style=\"text-align:justify\">Fort d\u2019une volont\u00e9 d\u2019accompagner au plus pr\u00e8s ses clients  pour faciliter leur quotidien, Ciments Calcia repense le  nom de ses produits et leur identit\u00e9 visuelle, avec pour  ma\u00eetres mots : lisibilit\u00e9, identification et applications.<\/p>\n\n\n\n<figure class=\"wp-block-image\"><img loading=\"lazy\" width=\"661\" height=\"317\" src=\"https:\/\/i2.wp.com\/batimedianews.com\/live\/wp-content\/uploads\/2019\/10\/calcia5.jpg?resize=661%2C317\" alt=\"\" class=\"wp-image-2999\" srcset=\"https:\/\/i2.wp.com\/batimedianews.com\/live\/wp-content\/uploads\/2019\/10\/calcia5.jpg?w=661&amp;ssl=1 661w, https:\/\/i2.wp.com\/batimedianews.com\/live\/wp-content\/uploads\/2019\/10\/calcia5.jpg?resize=300%2C144&amp;ssl=1 300w, https:\/\/i2.wp.com\/batimedianews.com\/live\/wp-content\/uploads\/2019\/10\/calcia5.jpg?resize=10%2C5&amp;ssl=1 10w, https:\/\/i2.wp.com\/batimedianews.com\/live\/wp-content\/uploads\/2019\/10\/calcia5.jpg?resize=432%2C207&amp;ssl=1 432w, https:\/\/i2.wp.com\/batimedianews.com\/live\/wp-content\/uploads\/2019\/10\/calcia5.jpg?resize=396%2C190&amp;ssl=1 396w, https:\/\/i2.wp.com\/batimedianews.com\/live\/wp-content\/uploads\/2019\/10\/calcia5.jpg?resize=660%2C317&amp;ssl=1 660w, https:\/\/i2.wp.com\/batimedianews.com\/live\/wp-content\/uploads\/2019\/10\/calcia5.jpg?resize=459%2C220&amp;ssl=1 459w\" sizes=\"(max-width: 600px) 91vw, (max-width: 900px) 600px, (max-width: 1060px) 50vw, (max-width: 1200px) 520px, (max-width: 1400px) 43vw, 600px\" data-recalc-dims=\"1\" \/><\/figure>\n\n\n\n<h2>\u00c0 chaque ciment, son trait de caract\u00e8re !<\/h2>\n\n\n\n<p> L\u2019emballage peut se r\u00e9sumer \u00e0 prot\u00e9ger, transporter et informer,  mais il se r\u00e9v\u00e8le aussi un point de contact cl\u00e9 de la relation avec  le client. La  proximit\u00e9 clients a toujours \u00e9t\u00e9 l\u2019axe prioritaire de  Ciments Calcia et, pour renforcer la notion de service envers  ses utilisateurs, l\u2019entreprise a d\u00e9cid\u00e9 de donner une nouvelle  dimension \u00e0 ses produits phares en sac.<br> Force est de constater que les d\u00e9nominations os\u00e9es par  Ciments Calcia,  introduisant des traits de caract\u00e8re pour chaque  solution, innovent  radicalement et d\u00e9gagent de l\u2019empathie  aupr\u00e8s des utilisateurs.<br> Compter sur un produit pour ses travaux courants ?<br> \u00ab l\u2019Incontournable TECHNOCEM \u00bb est l\u00e0 !  R\u00e9aliser des d\u00e9coffrages en temps record ? \u00ab le Rapide  ULTRACEM \u00bb s\u2019en charge.<\/p>\n\n\n\n<p>R\u00e9sister de mani\u00e8re optimale aux agressions ext\u00e9rieures  (chimiques ou sulfatiques) ? Telle est la mission du \u00ab Tenace  DURACEM \u00bb.<br> Miser sur l\u2019esth\u00e9tique ? \u00ab le Superbe TECHNOCEM BLANC  \u00bb ou encore \u00ab le Superbe ULTRACEM BLANC \u00bb \u00e9blouissent  tandis que la gamme EFFIX en \u00ab met plein la vue \u00bb !<br> S\u2019assurer d\u2019une excellente durabilit\u00e9 ? \u00ab l\u2019Endurant  FONDACEM \u00bb s\u2019av\u00e8re  l\u2019alli\u00e9 de toujours.<br> Quant \u00e0 obtenir des mortiers souples, onctueux et faciles \u00e0 mettre  en oeuvre, rien de plus simple avec \u00ab le Maniable BATICEM \u00bb.<br> De plus, Ciments Calcia a d\u00e9velopp\u00e9 une toute nouvelle  gamme de ciments \u00e0 empreinte carbone r\u00e9duite (gr\u00e2ce  \u00e0 des process de fabrication n\u00e9cessitant notamment moins de  clinker), port\u00e9e par une appellation qui fait sens : VisionAIR.<br> Cette gamme innovante se compose des 4 produits suivants :<\/p>\n\n\n\n<ul><li>\u00ab VisionAIR BATICIA \u00bb, ciment pour b\u00e9ton destin\u00e9 \u00e0 tous les  usages du b\u00e2timent ;<\/li><li>\u00ab VisionAIR FORCIA \u00bb, ciment pour b\u00e9ton en milieu aggressif ;<\/li><li>\u00ab VisionAIR FLEXIA \u00bb, ciment pour mortier de montage avec  air entra\u00een\u00e9 ;<\/li><li>\u00ab VisionAIR PONCIA \u00bb, mortier de montage all\u00e9g\u00e9 thermique \u00e0  base de pierre ponce.<br> <\/li><\/ul>\n\n\n\n<figure class=\"wp-block-image\"><img loading=\"lazy\" width=\"373\" height=\"377\" src=\"https:\/\/i2.wp.com\/batimedianews.com\/live\/wp-content\/uploads\/2019\/10\/calcia6.jpg?resize=373%2C377\" alt=\"\" class=\"wp-image-3000\" srcset=\"https:\/\/i2.wp.com\/batimedianews.com\/live\/wp-content\/uploads\/2019\/10\/calcia6.jpg?w=373&amp;ssl=1 373w, https:\/\/i2.wp.com\/batimedianews.com\/live\/wp-content\/uploads\/2019\/10\/calcia6.jpg?resize=297%2C300&amp;ssl=1 297w, https:\/\/i2.wp.com\/batimedianews.com\/live\/wp-content\/uploads\/2019\/10\/calcia6.jpg?resize=10%2C10&amp;ssl=1 10w, https:\/\/i2.wp.com\/batimedianews.com\/live\/wp-content\/uploads\/2019\/10\/calcia6.jpg?resize=218%2C220&amp;ssl=1 218w\" sizes=\"(max-width: 600px) 91vw, (max-width: 900px) 600px, (max-width: 1060px) 50vw, (max-width: 1200px) 520px, (max-width: 1400px) 43vw, 600px\" data-recalc-dims=\"1\" \/><\/figure>\n\n\n\n<p>Notons que cette nouvelle strat\u00e9gie de marque s\u2019accompagne,  depuis le 10 septembre, d\u2019une campagne de communication  tout aussi d\u00e9cal\u00e9e, mettant en sc\u00e8ne des objets illustrant chaque  trait de caract\u00e8re.<br> Enfin, soulignons que chacun de ces nouveaux emballages en  sac met aussi en exergue la provenance des \u00ab Ressources  100 % locales \u00bb, rappelant l\u2019ancrage territorial de Ciments  Calcia et son engagement dans une d\u00e9marche de valorisation  des circuits courts et d\u2019\u00e9conomie circulaire.<\/p>\n","protected":false},"excerpt":{"rendered":"<p>Fort d\u2019une volont\u00e9 d\u2019accompagner au plus pr\u00e8s ses clients pour faciliter leur quotidien, Ciments Calcia repense le nom de ses produits et leur identit\u00e9 visuelle, avec pour ma\u00eetres mots : lisibilit\u00e9, identification et applications. \u00c0 chaque ciment, son trait de caract\u00e8re ! L\u2019emballage peut se r\u00e9sumer \u00e0 prot\u00e9ger, transporter et informer, mais il se r\u00e9v\u00e8le [&hellip;]<\/p>\n","protected":false},"author":1,"featured_media":3001,"comment_status":"open","ping_status":"open","sticky":false,"template":"","format":"standard","meta":{"spay_email":""},"categories":[4,33,542],"tags":[],"jetpack_featured_media_url":"https:\/\/i1.wp.com\/batimedianews.com\/live\/wp-content\/uploads\/2019\/10\/calcia6image.jpg?fit=1035%2C512&ssl=1","jetpack_sharing_enabled":true,"jetpack_likes_enabled":true,"jetpack-related-posts":[{"id":9793,"url":"https:\/\/batimedianews.com\/live\/index.php\/2021\/05\/17\/avec-ligexia-gamme-innovante-de-liants-routiers-ciments-calcia-releve-encore-le-defi-du-bas-carbone\/","url_meta":{"origin":2998,"position":0},"title":"Avec Ligexia\u00ae, gamme innovante de liants routiers, Ciments Calcia rel\u00e8ve encore le d\u00e9fi du bas carbone","date":"17 mai 2021","format":false,"excerpt":"En continuit\u00e9 de son offre de ciments \u00e0 faible empreinte carbone VisionAIR1, Ciments Calcia lance deux liants hydrauliques routiers \u00e9galement bas carbone, Ligexia\u00ae M4 et M4+ pour le traitement des chauss\u00e9es en place. Solutions techniques d\u00e9di\u00e9es aux op\u00e9rations de voierie et terrassement, ils int\u00e8grent les enjeux de la transition \u00e9cologique\u2026","rel":"","context":"Dans &quot;B\u00e9ton&quot;","img":{"alt_text":"","src":"https:\/\/i0.wp.com\/batimedianews.com\/live\/wp-content\/uploads\/2021\/05\/Ciments-Calcia-Article.jpg?fit=512%2C512&ssl=1&resize=350%2C200","width":350,"height":200},"classes":[]},{"id":15263,"url":"https:\/\/batimedianews.com\/live\/index.php\/2022\/01\/26\/ciments-calcia-et-tppl-partenaires-pour-deployer-lusage-des-liants-routiers-bas-carbone-ligexia\/","url_meta":{"origin":2998,"position":1},"title":"Ciments Calcia et TPPL partenaires pour d\u00e9ployer l\u2019usage des liants routiers bas carbone Ligexia\u00ae","date":"26 janvier 2022","format":false,"excerpt":"Courant mai dernier et en droite ligne de sa d\u00e9marche VisionAIR, Ciments Calcia lan\u00e7ait deux liants hydrauliques routiers bas carbone, Ligexia\u00ae M4 et M4+, pour le traitement des chauss\u00e9es en place. De son c\u00f4t\u00e9, TPPL, acteur majeur des Travaux Publics dans les r\u00e9gions Pays de la Loire et Centre, aussi\u2026","rel":"","context":"Dans &quot;Actualit\u00e9 Entreprises&quot;","img":{"alt_text":"","src":"https:\/\/i0.wp.com\/batimedianews.com\/live\/wp-content\/uploads\/2022\/01\/CimentsCalcia-Article.jpg?fit=512%2C512&ssl=1&resize=350%2C200","width":350,"height":200},"classes":[]},{"id":20529,"url":"https:\/\/batimedianews.com\/live\/index.php\/2022\/05\/31\/ciments-calcia-rejoint-fret-21-et-fait-dheidelbergcement-france-le-premier-groupe-a-adherer-aux-3-dispositifs-du-programme-eve-proposes-par-lademe\/","url_meta":{"origin":2998,"position":2},"title":"Ciments Calcia rejoint FRET 21 et fait d\u2019HeidelbergCement France le premier Groupe \u00e0 adh\u00e9rer aux 3 dispositifs du programme EVE propos\u00e9s par l\u2019ADEME","date":"31 mai 2022","format":false,"excerpt":"Le programme d\u2019Engagements Volontaires pour l\u2019Environnement - Transport et Logistique (EVE) vise \u00e0 sensibiliser, former et accompagner les acteurs professionnels du transport et de la logistique \u00e0 l\u2019am\u00e9lioration de leur performance \u00e9nerg\u00e9tique & environnementale. Il int\u00e8gre 3 dispositifs d\u2019engagements volontaires : Objectif CO2 pour les transporteurs, FRET 21 pour les\u2026","rel":"","context":"Dans &quot;B\u00e9ton&quot;","img":{"alt_text":"","src":"https:\/\/i1.wp.com\/batimedianews.com\/live\/wp-content\/uploads\/2022\/05\/Heidelbergcement-Article.jpg?fit=1080%2C1080&ssl=1&resize=350%2C200","width":350,"height":200},"classes":[]},{"id":2921,"url":"https:\/\/batimedianews.com\/live\/index.php\/2019\/10\/01\/ciments-calcia-nouveautes-de-la-rentree-interview\/","url_meta":{"origin":2998,"position":3},"title":"Ciments Calcia- Nouveaut\u00e9s de la rentr\u00e9e- Interview","date":"1 octobre 2019","format":false,"excerpt":"https:\/\/youtu.be\/tZN_2rbm32M Catherine Barbier-AzanDirectrice Marketing & Communication France Ciments Calcia- GSM- Unibeton- Socli- Tratel","rel":"","context":"Dans &quot;Schilling communication- nouveaut\u00e9s de la rentr\u00e9e&quot;","img":{"alt_text":"","src":"https:\/\/i0.wp.com\/batimedianews.com\/live\/wp-content\/uploads\/2019\/09\/calcia_video_image-1.jpg?fit=979%2C979&ssl=1&resize=350%2C200","width":350,"height":200},"classes":[]},{"id":9176,"url":"https:\/\/batimedianews.com\/live\/index.php\/2021\/04\/14\/nouvelle-demonstration-de-la-creativite-insufflee-par-le-superbe-effix-crea\/","url_meta":{"origin":2998,"position":4},"title":"Nouvelle d\u00e9monstration de la cr\u00e9ativit\u00e9 insuffl\u00e9e par le Superbe EFFIX CR\u00c9A.","date":"14 avril 2021","format":false,"excerpt":"L\u2019escalier translucide Carnaval de Tho Nguyen Duc Par son extr\u00eame mall\u00e9abilit\u00e9, le Superbe EFFIX CR\u00c9A, mortier tr\u00e8s haute performance de Ciments Calcia, se r\u00e9v\u00e8le r\u00e9guli\u00e8rement source d\u2019inspiration pour les artisans comme pour les artistes. Ainsi, il se transforme, entre les mains de designers et plasticiens, en sculptures, objets d\u00e9coratifs ou\u2026","rel":"","context":"Dans &quot;Actualit\u00e9 Entreprises&quot;","img":{"alt_text":"","src":"https:\/\/i0.wp.com\/batimedianews.com\/live\/wp-content\/uploads\/2021\/04\/image-80.png?fit=394%2C394&ssl=1&resize=350%2C200","width":350,"height":200},"classes":[]},{"id":18298,"url":"https:\/\/batimedianews.com\/live\/index.php\/2022\/03\/28\/ouverture-du-nouveau-siege-social-dheidelbergcement-france-tour-alto-a-paris-la-defense\/","url_meta":{"origin":2998,"position":5},"title":"Ouverture du nouveau si\u00e8ge social d\u2019HeidelbergCement France Tour Alto \u00e0 Paris La D\u00e9fense","date":"28 mars 2022","format":false,"excerpt":"HeidelbergCement France annonce l\u2019ouverture ce 21 mars 2022 de son nouveau si\u00e8ge social au sein de la Tour Alto au coeur du quartier d\u2019affaires de Paris La D\u00e9fense. Auparavant install\u00e9e \u00e0 Guerville dans les Yvelines, la nouvelle localisation du si\u00e8ge \u00e0 Paris La D\u00e9fense, dans le plus grand quartier d\u2019affaires\u2026","rel":"","context":"Dans &quot;Actualit\u00e9 Entreprises&quot;","img":{"alt_text":"","src":"https:\/\/i2.wp.com\/batimedianews.com\/live\/wp-content\/uploads\/2022\/03\/HeidelbergCement-Article-1.jpg?fit=512%2C512&ssl=1&resize=350%2C200","width":350,"height":200},"classes":[]}],"_links":{"self":[{"href":"https:\/\/batimedianews.com\/live\/index.php\/wp-json\/wp\/v2\/posts\/2998"}],"collection":[{"href":"https:\/\/batimedianews.com\/live\/index.php\/wp-json\/wp\/v2\/posts"}],"about":[{"href":"https:\/\/batimedianews.com\/live\/index.php\/wp-json\/wp\/v2\/types\/post"}],"author":[{"embeddable":true,"href":"https:\/\/batimedianews.com\/live\/index.php\/wp-json\/wp\/v2\/users\/1"}],"replies":[{"embeddable":true,"href":"https:\/\/batimedianews.com\/live\/index.php\/wp-json\/wp\/v2\/comments?post=2998"}],"version-history":[{"count":1,"href":"https:\/\/batimedianews.com\/live\/index.php\/wp-json\/wp\/v2\/posts\/2998\/revisions"}],"predecessor-version":[{"id":3002,"href":"https:\/\/batimedianews.com\/live\/index.php\/wp-json\/wp\/v2\/posts\/2998\/revisions\/3002"}],"wp:featuredmedia":[{"embeddable":true,"href":"https:\/\/batimedianews.com\/live\/index.php\/wp-json\/wp\/v2\/media\/3001"}],"wp:attachment":[{"href":"https:\/\/batimedianews.com\/live\/index.php\/wp-json\/wp\/v2\/media?parent=2998"}],"wp:term":[{"taxonomy":"category","embeddable":true,"href":"https:\/\/batimedianews.com\/live\/index.php\/wp-json\/wp\/v2\/categories?post=2998"},{"taxonomy":"post_tag","embeddable":true,"href":"https:\/\/batimedianews.com\/live\/index.php\/wp-json\/wp\/v2\/tags?post=2998"}],"curies":[{"name":"wp","href":"https:\/\/api.w.org\/{rel}","templated":true}]}}