{"id":3067,"date":"2019-10-03T16:02:43","date_gmt":"2019-10-03T14:02:43","guid":{"rendered":"http:\/\/batimedianews.com\/live\/?p=3067"},"modified":"2021-10-21T12:37:52","modified_gmt":"2021-10-21T10:37:52","slug":"exclusivite-weber-une-trame-en-fibre-de-verre-pour-la-renovation-des-facades","status":"publish","type":"post","link":"https:\/\/batimedianews.com\/live\/index.php\/2019\/10\/03\/exclusivite-weber-une-trame-en-fibre-de-verre-pour-la-renovation-des-facades\/","title":{"rendered":"Exclusivit\u00e9 Weber : une trame en fibre de verre pour la r\u00e9novation des fa\u00e7ades"},"content":{"rendered":"\n<p style=\"text-align:justify\">Toujours dans le cadre de son expertise Fa\u00e7ade et avec  la volont\u00e9 d\u2019accompagner au mieux ses clients dans leur  quotidien, Weber lance sur le march\u00e9 de la r\u00e9novation de  fa\u00e7ade, une nouvelle trame en fibre de verre : weber trame  sp\u00e9ciale r\u00e9no 19X19 50M.<\/p>\n\n\n\n<p style=\"text-align:justify\">Cette innovation a ainsi \u00e9t\u00e9 con\u00e7ue pour apporter toujours plus de  facilit\u00e9, plus de rapidit\u00e9, plus de s\u00e9curit\u00e9 et plus de comp\u00e9titivit\u00e9  aux fa\u00e7adiers et artisans ma\u00e7ons.<\/p>\n\n\n\n<h2>weber trame sp\u00e9ciale r\u00e9no 19X19 50M : une mise en  oeuvre ultra simple, rapide et s\u00e9curisante<\/h2>\n\n\n\n<p style=\"text-align:justify\"> Particuli\u00e8rement attentif aux retours d\u2019exp\u00e9riences chantier de  ses clients, Weber a pris en compte le fait que les sp\u00e9cialistes  de la r\u00e9novation sont r\u00e9guli\u00e8rement confront\u00e9s \u00e0 des supports  h\u00e9t\u00e9rog\u00e8nes ou moyennement r\u00e9sistants apr\u00e8s avoir d\u00e9crout\u00e9\/  pict\u00e9 une fa\u00e7ade.<br> La pose d\u2019un grillage galvanis\u00e9 (fix\u00e9 avec des pointes, cavaliers,  agrafes, \u2026 trait\u00e9s contre la corrosion) est ainsi souvent pr\u00e9conis\u00e9e  en vue d\u2019assurer un meilleur comportement de l\u2019enduit sur des  ma\u00e7onneries de pierres dures, lisses et non absorbantes ou  encore d\u2019\u00e9l\u00e9ments tendres et poreux.<br> Weber a, quant \u00e0 lui, choisi de d\u00e9velopper avec Adfors1 une trame  en fibre de verre qui gagne consid\u00e9rablement en simplicit\u00e9 de  mise en oeuvre.<br> Deux fois plus l\u00e9g\u00e8re (rouleau de 8,5 kg) qu\u2019un  treillis m\u00e9tallique de m\u00eames dimensions, elle  pr\u00e9sente l\u2019avantage d\u2019\u00eatre facile \u00e0 manipuler  et \u00e0 transporter sur l\u2019\u00e9chafaudage, facile \u00e0  d\u00e9couper \u00e9galement, aux ciseaux ou cutter, en  toute s\u00e9curit\u00e9 (sans risque de se blesser avec  une meuleuse ni de s\u2019\u00e9rafler sur une grille en  acier). Le fait que cette trame de verre soit de  couleur blanche, la rendant plus visible sur un  mur, concoure aussi \u00e0 \u00e9riger weber trame  sp\u00e9ciale r\u00e9no 19X19 50M en solution  s\u00e9curisante.<br> Souple et sans m\u00e9moire de forme \u00e0 la pose,  elle s\u2019installe tr\u00e8s rapidement sans travaux de  pr\u00e9paration (contrairement l\u00e0-encore au treillis  m\u00e9tallique qui requiert d\u00e9coupe et enroulage  pr\u00e9alable des l\u00e9s avant leur pose), offrant un  gain de temps \u00e9valu\u00e9 sur chantier de 50 %.  Gain de productivit\u00e9 et rentabilit\u00e9 renforc\u00e9e s\u2019imposent  donc comme corollaires de cette simplicit\u00e9 de mise en oeuvre,  r\u00e9pondant ainsi pertinemment aux enjeux du march\u00e9 de la  construction (d\u00e9lais de chantiers raccourcis, optimisation des  co\u00fbts\u2026).<\/p>\n\n\n\n<div class=\"wp-block-image\"><figure class=\"alignleft is-resized\"><img loading=\"lazy\" src=\"https:\/\/i2.wp.com\/batimedianews.com\/live\/wp-content\/uploads\/2019\/10\/weber1.jpg?resize=112%2C364\" alt=\"\" class=\"wp-image-3071\" width=\"112\" height=\"364\" srcset=\"https:\/\/i2.wp.com\/batimedianews.com\/live\/wp-content\/uploads\/2019\/10\/weber1.jpg?w=186&amp;ssl=1 186w, https:\/\/i2.wp.com\/batimedianews.com\/live\/wp-content\/uploads\/2019\/10\/weber1.jpg?resize=92%2C300&amp;ssl=1 92w, https:\/\/i2.wp.com\/batimedianews.com\/live\/wp-content\/uploads\/2019\/10\/weber1.jpg?resize=3%2C10&amp;ssl=1 3w, https:\/\/i2.wp.com\/batimedianews.com\/live\/wp-content\/uploads\/2019\/10\/weber1.jpg?resize=68%2C220&amp;ssl=1 68w\" sizes=\"(max-width: 600px) 91vw, (max-width: 900px) 600px, (max-width: 1060px) 50vw, (max-width: 1200px) 520px, (max-width: 1400px) 43vw, 600px\" data-recalc-dims=\"1\" \/><\/figure><\/div>\n\n\n\n<h2> Une solution r\u00e9sistante et durable<\/h2>\n\n\n\n<p> Cette am\u00e9lioration des d\u00e9lais et des co\u00fbts ne se d\u00e9partit pas  d\u2019une qualit\u00e9 av\u00e9r\u00e9e. Pr\u00e9cisons d\u2019abord que, soumise \u00e0  une ETPM N\u00b0 18\/0052 (Evaluation Technique de Produits  et Mat\u00e9riaux), weber trame sp\u00e9ciale r\u00e9no 19X19 50M a \u00e9t\u00e9  jug\u00e9e, par un comit\u00e9 d\u2019experts du CSTB, compatible en tant  que support pour la projection d\u2019enduits dans le cadre de la  r\u00e9novation de fa\u00e7ades pr\u00e9sentant de fortes irr\u00e9gularit\u00e9s.<\/p>\n\n\n\n<p style=\"text-align:justify\">weber trame sp\u00e9ciale r\u00e9no 19X19 50M affiche une haute  r\u00e9sistance aux alcalis gr\u00e2ce \u00e0 un traitement sp\u00e9cifique. Elle  pr\u00e9sente m\u00eame des r\u00e9sultats au-del\u00e0 des normes requises :  R > 54 daN\/cm et >27 daN\/cm apr\u00e8s 28 jours d\u2019immersion  en solution alcaline, sup\u00e9rieurs donc au crit\u00e8re de 20 N\/mm  mentionn\u00e9 dans l\u2019ETAG 0042. Par ailleurs, elle offre une r\u00e9sistance  \u00e0 la traction optimale (170 kg\/5 cm).<br> Notons que cette nouvelle trame en fibre de verre a d\u2019ores et d\u00e9j\u00e0  \u00e9t\u00e9 test\u00e9e et approuv\u00e9e par des artisans du Qualiclub Fa\u00e7adiers3,  qui ont particuli\u00e8rement appr\u00e9ci\u00e9 qu\u2019elle soit tr\u00e8s souple, ne  roule pas et n\u2019accroche pas la pierre. Un succ\u00e8s qui devrait se  confirmer suite \u00e0 son r\u00e9cent lancement officiel sur le march\u00e9 en  juin dernier.<\/p>\n\n\n\n<figure class=\"wp-block-image\"><img loading=\"lazy\" width=\"682\" height=\"431\" src=\"https:\/\/i0.wp.com\/batimedianews.com\/live\/wp-content\/uploads\/2019\/10\/weber2.jpg?resize=682%2C431\" alt=\"\" class=\"wp-image-3068\" srcset=\"https:\/\/i0.wp.com\/batimedianews.com\/live\/wp-content\/uploads\/2019\/10\/weber2.jpg?w=682&amp;ssl=1 682w, https:\/\/i0.wp.com\/batimedianews.com\/live\/wp-content\/uploads\/2019\/10\/weber2.jpg?resize=300%2C190&amp;ssl=1 300w, https:\/\/i0.wp.com\/batimedianews.com\/live\/wp-content\/uploads\/2019\/10\/weber2.jpg?resize=10%2C6&amp;ssl=1 10w, https:\/\/i0.wp.com\/batimedianews.com\/live\/wp-content\/uploads\/2019\/10\/weber2.jpg?resize=432%2C273&amp;ssl=1 432w, https:\/\/i0.wp.com\/batimedianews.com\/live\/wp-content\/uploads\/2019\/10\/weber2.jpg?resize=396%2C250&amp;ssl=1 396w, https:\/\/i0.wp.com\/batimedianews.com\/live\/wp-content\/uploads\/2019\/10\/weber2.jpg?resize=660%2C417&amp;ssl=1 660w, https:\/\/i0.wp.com\/batimedianews.com\/live\/wp-content\/uploads\/2019\/10\/weber2.jpg?resize=348%2C220&amp;ssl=1 348w\" sizes=\"(max-width: 600px) 91vw, (max-width: 900px) 600px, (max-width: 1060px) 50vw, (max-width: 1200px) 520px, (max-width: 1400px) 43vw, 600px\" data-recalc-dims=\"1\" \/><\/figure>\n\n\n\n<figure class=\"wp-block-image\"><img loading=\"lazy\" width=\"686\" height=\"428\" src=\"https:\/\/i0.wp.com\/batimedianews.com\/live\/wp-content\/uploads\/2019\/10\/weber3.jpg?resize=686%2C428\" alt=\"\" class=\"wp-image-3069\" srcset=\"https:\/\/i0.wp.com\/batimedianews.com\/live\/wp-content\/uploads\/2019\/10\/weber3.jpg?w=686&amp;ssl=1 686w, https:\/\/i0.wp.com\/batimedianews.com\/live\/wp-content\/uploads\/2019\/10\/weber3.jpg?resize=300%2C187&amp;ssl=1 300w, https:\/\/i0.wp.com\/batimedianews.com\/live\/wp-content\/uploads\/2019\/10\/weber3.jpg?resize=10%2C6&amp;ssl=1 10w, https:\/\/i0.wp.com\/batimedianews.com\/live\/wp-content\/uploads\/2019\/10\/weber3.jpg?resize=432%2C270&amp;ssl=1 432w, https:\/\/i0.wp.com\/batimedianews.com\/live\/wp-content\/uploads\/2019\/10\/weber3.jpg?resize=396%2C247&amp;ssl=1 396w, https:\/\/i0.wp.com\/batimedianews.com\/live\/wp-content\/uploads\/2019\/10\/weber3.jpg?resize=660%2C412&amp;ssl=1 660w, https:\/\/i0.wp.com\/batimedianews.com\/live\/wp-content\/uploads\/2019\/10\/weber3.jpg?resize=353%2C220&amp;ssl=1 353w\" sizes=\"(max-width: 600px) 91vw, (max-width: 900px) 600px, (max-width: 1060px) 50vw, (max-width: 1200px) 520px, (max-width: 1400px) 43vw, 600px\" data-recalc-dims=\"1\" \/><\/figure>\n\n\n\n<figure class=\"wp-block-image\"><img loading=\"lazy\" width=\"686\" height=\"605\" src=\"https:\/\/i2.wp.com\/batimedianews.com\/live\/wp-content\/uploads\/2019\/10\/weber4.jpg?resize=686%2C605\" alt=\"\" class=\"wp-image-3070\" srcset=\"https:\/\/i2.wp.com\/batimedianews.com\/live\/wp-content\/uploads\/2019\/10\/weber4.jpg?w=686&amp;ssl=1 686w, https:\/\/i2.wp.com\/batimedianews.com\/live\/wp-content\/uploads\/2019\/10\/weber4.jpg?resize=300%2C265&amp;ssl=1 300w, https:\/\/i2.wp.com\/batimedianews.com\/live\/wp-content\/uploads\/2019\/10\/weber4.jpg?resize=10%2C10&amp;ssl=1 10w, https:\/\/i2.wp.com\/batimedianews.com\/live\/wp-content\/uploads\/2019\/10\/weber4.jpg?resize=432%2C381&amp;ssl=1 432w, https:\/\/i2.wp.com\/batimedianews.com\/live\/wp-content\/uploads\/2019\/10\/weber4.jpg?resize=396%2C349&amp;ssl=1 396w, https:\/\/i2.wp.com\/batimedianews.com\/live\/wp-content\/uploads\/2019\/10\/weber4.jpg?resize=660%2C582&amp;ssl=1 660w, https:\/\/i2.wp.com\/batimedianews.com\/live\/wp-content\/uploads\/2019\/10\/weber4.jpg?resize=249%2C220&amp;ssl=1 249w\" sizes=\"(max-width: 600px) 91vw, (max-width: 900px) 600px, (max-width: 1060px) 50vw, (max-width: 1200px) 520px, (max-width: 1400px) 43vw, 600px\" data-recalc-dims=\"1\" \/><\/figure>\n","protected":false},"excerpt":{"rendered":"<p>Toujours dans le cadre de son expertise Fa\u00e7ade et avec la volont\u00e9 d\u2019accompagner au mieux ses clients dans leur quotidien, Weber lance sur le march\u00e9 de la r\u00e9novation de fa\u00e7ade, une nouvelle trame en fibre de verre : weber trame sp\u00e9ciale r\u00e9no 19X19 50M. Cette innovation a ainsi \u00e9t\u00e9 con\u00e7ue pour apporter toujours plus de [&hellip;]<\/p>\n","protected":false},"author":1,"featured_media":3072,"comment_status":"open","ping_status":"open","sticky":false,"template":"","format":"standard","meta":{"spay_email":""},"categories":[4,64,108,542],"tags":[],"jetpack_featured_media_url":"https:\/\/i1.wp.com\/batimedianews.com\/live\/wp-content\/uploads\/2019\/10\/weber3imag\u00e9.jpg?fit=932%2C493&ssl=1","jetpack_sharing_enabled":true,"jetpack_likes_enabled":true,"jetpack-related-posts":[{"id":45833,"url":"https:\/\/batimedianews.com\/live\/index.php\/2025\/07\/08\/weber-presente-une-nouvelle-brochure-dediee-a-la-renovation-des-batis-anciens-et-contemporains\/","url_meta":{"origin":3067,"position":0},"title":"WEBER pr\u00e9sente une nouvelle brochure d\u00e9di\u00e9e \u00e0 la r\u00e9novation des b\u00e2tis anciens et contemporains","date":"8 juillet 2025","format":false,"excerpt":"Weber, sp\u00e9cialiste reconnu des mortiers techniques, \u00e9toffe son offre documentaire \u00e0 destination des professionnels du b\u00e2timent avec une brochure enti\u00e8rement consacr\u00e9e \u00e0 la r\u00e9novation des fa\u00e7ades. Intitul\u00e9e \u00ab R\u00c9NOVER & R\u00c9PARER Le b\u00e2ti ancien & contemporain \u00bb, cette publication d\u2019une trentaine de pages met en lumi\u00e8re l\u2019h\u00e9ritage artisanal de l\u2019enduit\u2026","rel":"","context":"Dans &quot;Actualit\u00e9 Entreprises&quot;","img":{"alt_text":"","src":"https:\/\/i1.wp.com\/batimedianews.com\/live\/wp-content\/uploads\/2025\/07\/weber.jpg?fit=825%2C825&ssl=1&resize=350%2C200","width":350,"height":200},"classes":[]},{"id":17027,"url":"https:\/\/batimedianews.com\/live\/index.php\/2022\/03\/08\/weberexpert-tour-2022-weber-va-a-la-rencontre-de-ses-clients-dans-plus-de-100-negoces-en-france\/","url_meta":{"origin":3067,"position":1},"title":"WEBEREXPERT TOUR 2022 &#8211; Weber  va \u00e0 la rencontre de ses clients dans plus de 100 n\u00e9goces en France","date":"8 mars 2022","format":false,"excerpt":"Weber continue d\u2019\u00e9lever la proximit\u00e9 au rang de valeur essentielle et renforce encore l\u2019accompagnement de ses clients artisans comme de ses partenaires distributeurs. Ainsi, plus d\u2019une centaine de rencontres vont \u00eatre organis\u00e9es cette ann\u00e9e dans des n\u00e9goces partout en France (Corse comprise) avec un dispositif itin\u00e9rant qui allie expertise et\u2026","rel":"","context":"Dans &quot;Actualit\u00e9 Entreprises&quot;","img":{"alt_text":"","src":"https:\/\/i0.wp.com\/batimedianews.com\/live\/wp-content\/uploads\/2022\/03\/Weber-Article-1.jpg?fit=512%2C512&ssl=1&resize=350%2C200","width":350,"height":200},"classes":[]},{"id":41819,"url":"https:\/\/batimedianews.com\/live\/index.php\/2024\/12\/09\/concours-les-georges-de-la-renovation-2024-weber-celebre-lexcellence-artisanale-et-les-realisations-remarquables\/","url_meta":{"origin":3067,"position":2},"title":"Concours les GEORGES de la r\u00e9novation 2024.: WEBER c\u00e9l\u00e8bre l\u2019excellence artisanale et les r\u00e9alisations remarquables","date":"9 d\u00e9cembre 2024","format":false,"excerpt":"Fid\u00e8le \u00e0 son engagement pour valoriser le savoir-faire des artisans et cr\u00e9er toujours plus de lien avec ses partenaires applicateurs, Weber relance son concours \u00ab Les Georges de la r\u00e9novation \u00bb, initi\u00e9 en 2022. Appuy\u00e9e sur son expertise reconnue dans le secteur de la r\u00e9novation, cette initiative met \u00e0 l\u2019honneur\u2026","rel":"","context":"Dans &quot;Actualit\u00e9 Entreprises&quot;","img":{"alt_text":"","src":"https:\/\/i2.wp.com\/batimedianews.com\/live\/wp-content\/uploads\/2024\/12\/Weber.jpg?fit=825%2C825&ssl=1&resize=350%2C200","width":350,"height":200},"classes":[]},{"id":44438,"url":"https:\/\/batimedianews.com\/live\/index.php\/2025\/04\/14\/kalamua-le-premier-enduit-pret-a-lemploi-specialement-concu-pour-les-supports-bio-sources-seduit-les-facades-parisiennes\/","url_meta":{"origin":3067,"position":3},"title":"KALAMUA\u00ae le premier enduit pr\u00eat \u00e0 l\u2019emploi sp\u00e9cialement con\u00e7u pour les supports bio-sourc\u00e9s s\u00e9duit les fa\u00e7ades parisiennes","date":"14 avril 2025","format":false,"excerpt":"Pour cet immeuble du X\u00e8me arrondissement, abritant habitations et bureaux, le d\u00e9fi pour l\u2019architecte \u00e9tait de taille : ravaler 600 m2 de fa\u00e7ades datant de deux \u00e9poques distinctes, tout en am\u00e9liorant les performances thermiques du b\u00e2timent. La r\u00e9novation s\u2019est orient\u00e9e vers une combinaison de solutions adapt\u00e9es au b\u00e2ti ancien :\u2026","rel":"","context":"Dans &quot;Actualit\u00e9 Entreprises&quot;","img":{"alt_text":"","src":"https:\/\/i1.wp.com\/batimedianews.com\/live\/wp-content\/uploads\/2025\/04\/SAINTASTIER-articles-.jpg?fit=825%2C825&ssl=1&resize=350%2C200","width":350,"height":200},"classes":[]},{"id":44653,"url":"https:\/\/batimedianews.com\/live\/index.php\/2025\/04\/29\/kalamua-le-premier-enduit-pret-a-lemploi-specialement-concu-pour-les-supports-bio-sources-seduit-les-facades-parisiennes-2\/","url_meta":{"origin":3067,"position":4},"title":"KALAMUA\u00ae le premier enduit pr\u00eat \u00e0 l\u2019emploi sp\u00e9cialement con\u00e7u pour les supports bio-sourc\u00e9s s\u00e9duit les fa\u00e7ades parisiennes","date":"29 avril 2025","format":false,"excerpt":"Pour cet immeuble du X\u00e8me arrondissement, abritant habitations et bureaux, le d\u00e9fi pour l\u2019architecte \u00e9tait de taille : ravaler 600 m2 de fa\u00e7ades datant de deux \u00e9poques distinctes, tout en am\u00e9liorant les performances thermiques du b\u00e2timent. La r\u00e9novation s\u2019est orient\u00e9e vers une combinaison de solutions adapt\u00e9es au b\u00e2ti ancien :\u2026","rel":"","context":"Dans &quot;Actualit\u00e9 Entreprises&quot;","img":{"alt_text":"","src":"https:\/\/i0.wp.com\/batimedianews.com\/live\/wp-content\/uploads\/2025\/04\/SaintAstier-articles.jpg?fit=825%2C825&ssl=1&resize=350%2C200","width":350,"height":200},"classes":[]},{"id":42882,"url":"https:\/\/batimedianews.com\/live\/index.php\/2025\/02\/13\/enduits-mineraux-de-facade-weber-devoile-sa-nouvelle-gamme-de-120-couleurs-les-nuancees\/","url_meta":{"origin":3067,"position":5},"title":"Enduits min\u00e9raux de fa\u00e7ade : WEBER d\u00e9voile sa nouvelle gamme de 120 couleurs, les nuanc\u00e9es","date":"13 f\u00e9vrier 2025","format":false,"excerpt":"En 2025, Weber op\u00e8re une refonte de sa gamme de couleurs des enduits min\u00e9raux, initialement lanc\u00e9e il y a dix ans. Afin de r\u00e9pondre de mani\u00e8re optimale aux attentes de ses clients ainsi qu\u2019aux tendances architecturales actuelles et futures, Weber, en collaboration avec l\u2019agence Nacarat Color Design1, experte en couleurs,\u2026","rel":"","context":"Dans &quot;Actualit\u00e9 Entreprises&quot;","img":{"alt_text":"","src":"https:\/\/i1.wp.com\/batimedianews.com\/live\/wp-content\/uploads\/2025\/02\/Weber.jpg?fit=825%2C825&ssl=1&resize=350%2C200","width":350,"height":200},"classes":[]}],"_links":{"self":[{"href":"https:\/\/batimedianews.com\/live\/index.php\/wp-json\/wp\/v2\/posts\/3067"}],"collection":[{"href":"https:\/\/batimedianews.com\/live\/index.php\/wp-json\/wp\/v2\/posts"}],"about":[{"href":"https:\/\/batimedianews.com\/live\/index.php\/wp-json\/wp\/v2\/types\/post"}],"author":[{"embeddable":true,"href":"https:\/\/batimedianews.com\/live\/index.php\/wp-json\/wp\/v2\/users\/1"}],"replies":[{"embeddable":true,"href":"https:\/\/batimedianews.com\/live\/index.php\/wp-json\/wp\/v2\/comments?post=3067"}],"version-history":[{"count":2,"href":"https:\/\/batimedianews.com\/live\/index.php\/wp-json\/wp\/v2\/posts\/3067\/revisions"}],"predecessor-version":[{"id":3074,"href":"https:\/\/batimedianews.com\/live\/index.php\/wp-json\/wp\/v2\/posts\/3067\/revisions\/3074"}],"wp:featuredmedia":[{"embeddable":true,"href":"https:\/\/batimedianews.com\/live\/index.php\/wp-json\/wp\/v2\/media\/3072"}],"wp:attachment":[{"href":"https:\/\/batimedianews.com\/live\/index.php\/wp-json\/wp\/v2\/media?parent=3067"}],"wp:term":[{"taxonomy":"category","embeddable":true,"href":"https:\/\/batimedianews.com\/live\/index.php\/wp-json\/wp\/v2\/categories?post=3067"},{"taxonomy":"post_tag","embeddable":true,"href":"https:\/\/batimedianews.com\/live\/index.php\/wp-json\/wp\/v2\/tags?post=3067"}],"curies":[{"name":"wp","href":"https:\/\/api.w.org\/{rel}","templated":true}]}}