{"id":31125,"date":"2023-09-11T10:20:33","date_gmt":"2023-09-11T08:20:33","guid":{"rendered":"http:\/\/batimedianews.com\/live\/?p=31125"},"modified":"2023-11-14T19:29:42","modified_gmt":"2023-11-14T18:29:42","slug":"valdelia-et-dautres-eco-organismes-sassocient-pour-une-semaine-dexpertise-a-saint-pierre-et-miquelon-territoire-francais-de-latlantique-nord","status":"publish","type":"post","link":"https:\/\/batimedianews.com\/live\/index.php\/2023\/09\/11\/valdelia-et-dautres-eco-organismes-sassocient-pour-une-semaine-dexpertise-a-saint-pierre-et-miquelon-territoire-francais-de-latlantique-nord\/","title":{"rendered":"Valdelia et d&rsquo;autres \u00e9co-organismes s&rsquo;associent pour une semaine d\u2019expertise \u00e0 Saint-Pierre-et-Miquelon, territoire fran\u00e7ais de l\u2019Atlantique Nord"},"content":{"rendered":"\n<p>Toulouse, le 07 septembre 2023 \u2013 <strong>Valdelia, accompagn\u00e9 des \u00e9co-organismes Cyclamed, Cyclevia, Dastri et Soren, entame une collaboration sp\u00e9ciale sur le territoire de Saint-Pierre-et-Miquelon dans le cadre de la Semaine d\u2019\u00e9changes autour du d\u00e9ploiement des fili\u00e8res de responsabilit\u00e9 \u00e9largie des producteurs dans l\u2019archipel. Cette initiative vise \u00e0 \u00e9laborer un plan d&rsquo;action \u00e9clair\u00e9 pour une gestion responsable des d\u00e9chets, la pr\u00e9servation de l&rsquo;environnement et le soutien \u00e0 l&rsquo;\u00e9conomie locale, en partenariat avec l\u2019ensemble des parties prenantes.&nbsp;<\/strong><\/p>\n\n\n\n<p>Cette collaboration intervient alors que l&rsquo;outre-mer fran\u00e7ais fait face \u00e0 des d\u00e9fis majeurs en mati\u00e8re de gestion des d\u00e9chets. Un rapport de la d\u00e9l\u00e9gation s\u00e9natoriale publi\u00e9 en d\u00e9cembre 2022 souligne le retard significatif dans ce domaine. Bien que Saint-Pierre-et-Miquelon se distingue par ses efforts en mati\u00e8re de pr\u00e9vention et de tri des d\u00e9chets, le rapport met toutefois en lumi\u00e8re l&rsquo;\u00e9limination probl\u00e9matique de d\u00e9chets via des d\u00e9charges littorales ill\u00e9gales qui br\u00fblent \u00e0 ciel ouvert.<\/p>\n\n\n\n<p>L&rsquo;objectif principal de cette mission inter-fili\u00e8res est d&rsquo;acqu\u00e9rir une meilleure connaissance des gisements de d\u00e9chets de l&rsquo;archipel pouvant b\u00e9n\u00e9ficier des avantages des fili\u00e8res REP existantes, d\u2019approfondir notre compr\u00e9hension des enjeux li\u00e9s \u00e0 ces d\u00e9chets, et \u00e0 mieux conna\u00eetre les acteurs locaux. Cette d\u00e9marche s&rsquo;inscrit ainsi dans une perspective de d\u00e9veloppement durable et de responsabilit\u00e9 partag\u00e9e.<\/p>\n\n\n\n<div class=\"wp-block-media-text alignwide is-stacked-on-mobile\" style=\"grid-template-columns:18% auto\"><figure class=\"wp-block-media-text__media\"><img loading=\"lazy\" width=\"318\" height=\"314\" src=\"https:\/\/i0.wp.com\/batimedianews.com\/live\/wp-content\/uploads\/2023\/09\/image-62.png?resize=318%2C314\" alt=\"\" class=\"wp-image-31126 size-full\" srcset=\"https:\/\/i0.wp.com\/batimedianews.com\/live\/wp-content\/uploads\/2023\/09\/image-62.png?w=318&amp;ssl=1 318w, https:\/\/i0.wp.com\/batimedianews.com\/live\/wp-content\/uploads\/2023\/09\/image-62.png?resize=10%2C10&amp;ssl=1 10w, https:\/\/i0.wp.com\/batimedianews.com\/live\/wp-content\/uploads\/2023\/09\/image-62.png?resize=223%2C220&amp;ssl=1 223w\" sizes=\"(max-width: 600px) 91vw, (max-width: 900px) 600px, (max-width: 1060px) 50vw, (max-width: 1200px) 520px, (max-width: 1400px) 43vw, 600px\" data-recalc-dims=\"1\" \/><\/figure><div class=\"wp-block-media-text__content\">\n<p class=\"has-background has-normal-font-size\" style=\"background-color:#edeafb\"><em>\u00ab\u00a0D\u00e9ployer les fili\u00e8res REP dans les territoires ultramarins tels que Saint-Pierre-et-Miquelon tient de la responsabilit\u00e9 des \u00e9co-organismes, mais cela ne peut se faire sans une connaissance fine du territoire, et des probl\u00e9matiques li\u00e9es \u00e0 son caract\u00e8re insulaire. Bien que des fili\u00e8res de gestion des d\u00e9chets existent d\u00e9j\u00e0 dans l&rsquo;archipel, il est imp\u00e9ratif de promouvoir le partage d&rsquo;exp\u00e9riences afin de garantir la p\u00e9rennit\u00e9 et l&rsquo;am\u00e9lioration continue de ce qui fonctionne bien, tout en identifiant les domaines o\u00f9 des am\u00e9liorations sont n\u00e9cessaires. Dans cette optique, la mutualisation des comp\u00e9tences est essentielle pour rendre ces fili\u00e8res plus performantes. C&rsquo;est pourquoi nous nous mobilisons autour des parties prenantes locales pour \u00e9laborer un plan d&rsquo;action ax\u00e9 sur l\u2019\u00e9conomie circulaire et la valorisation \u00e9nerg\u00e9tique pour les ann\u00e9es \u00e0 venir\u00a0\u00bb, <\/em>pr\u00e9cise ArnaudHumbert-Droz, Pr\u00e9sident Ex\u00e9cutif de Valdelia<\/p>\n<\/div><\/div>\n\n\n\n<div class=\"wp-block-media-text alignwide has-media-on-the-right is-stacked-on-mobile\" style=\"grid-template-columns:auto 25%\"><figure class=\"wp-block-media-text__media\"><img loading=\"lazy\" width=\"682\" height=\"624\" src=\"https:\/\/i0.wp.com\/batimedianews.com\/live\/wp-content\/uploads\/2023\/09\/image-63.png?resize=682%2C624\" alt=\"\" class=\"wp-image-31127 size-full\" srcset=\"https:\/\/i0.wp.com\/batimedianews.com\/live\/wp-content\/uploads\/2023\/09\/image-63.png?w=682&amp;ssl=1 682w, https:\/\/i0.wp.com\/batimedianews.com\/live\/wp-content\/uploads\/2023\/09\/image-63.png?resize=600%2C549&amp;ssl=1 600w, https:\/\/i0.wp.com\/batimedianews.com\/live\/wp-content\/uploads\/2023\/09\/image-63.png?resize=10%2C10&amp;ssl=1 10w, https:\/\/i0.wp.com\/batimedianews.com\/live\/wp-content\/uploads\/2023\/09\/image-63.png?resize=432%2C395&amp;ssl=1 432w, https:\/\/i0.wp.com\/batimedianews.com\/live\/wp-content\/uploads\/2023\/09\/image-63.png?resize=396%2C362&amp;ssl=1 396w, https:\/\/i0.wp.com\/batimedianews.com\/live\/wp-content\/uploads\/2023\/09\/image-63.png?resize=660%2C604&amp;ssl=1 660w, https:\/\/i0.wp.com\/batimedianews.com\/live\/wp-content\/uploads\/2023\/09\/image-63.png?resize=240%2C220&amp;ssl=1 240w\" sizes=\"(max-width: 600px) 91vw, (max-width: 900px) 600px, (max-width: 1060px) 50vw, (max-width: 1200px) 520px, (max-width: 1400px) 43vw, 600px\" data-recalc-dims=\"1\" \/><\/figure><div class=\"wp-block-media-text__content\">\n<p>Au cours de leur d\u00e9placement, les \u00e9co-organismes entameront une s\u00e9rie de rencontres et de visites sur le terrain, en \u00e9troite collaboration avec les acteurs politiques et socio-\u00e9conomiques locaux. L\u2019enjeu consistera \u00e0 trouver des solutions communes et p\u00e9rennes pour la collecte et le traitement des d\u00e9chets, et la gestion des stocks actuels tout en \u00e9laborant un plan d&rsquo;action impliquant activement la collectivit\u00e9, les acteurs \u00e9conomiques locaux, les gestionnaires de d\u00e9chets et les \u00e9co-organismes.&nbsp;<\/p>\n\n\n\n<p>A l\u2019issue de ce d\u00e9placement, Valdelia et les autres \u00e9co-organismes entendent fournir des solutions tangibles et durables aux r\u00e9sidents deSaint-Pierre-et-Miquelon, professionnels ou particuliers, d\u00e9montrant ainsi leur engagement envers un avenir plus propre et plus prosp\u00e8re pour l&rsquo;archipel.<\/p>\n<\/div><\/div>\n\n\n\n<figure class=\"wp-block-image size-large\"><img loading=\"lazy\" width=\"720\" height=\"429\" src=\"https:\/\/i1.wp.com\/batimedianews.com\/live\/wp-content\/uploads\/2023\/09\/image-64.png?resize=720%2C429\" alt=\"\" class=\"wp-image-31128\" srcset=\"https:\/\/i1.wp.com\/batimedianews.com\/live\/wp-content\/uploads\/2023\/09\/image-64.png?resize=1024%2C610&amp;ssl=1 1024w, https:\/\/i1.wp.com\/batimedianews.com\/live\/wp-content\/uploads\/2023\/09\/image-64.png?resize=600%2C358&amp;ssl=1 600w, https:\/\/i1.wp.com\/batimedianews.com\/live\/wp-content\/uploads\/2023\/09\/image-64.png?resize=768%2C458&amp;ssl=1 768w, https:\/\/i1.wp.com\/batimedianews.com\/live\/wp-content\/uploads\/2023\/09\/image-64.png?resize=1536%2C916&amp;ssl=1 1536w, https:\/\/i1.wp.com\/batimedianews.com\/live\/wp-content\/uploads\/2023\/09\/image-64.png?resize=10%2C6&amp;ssl=1 10w, https:\/\/i1.wp.com\/batimedianews.com\/live\/wp-content\/uploads\/2023\/09\/image-64.png?resize=432%2C258&amp;ssl=1 432w, https:\/\/i1.wp.com\/batimedianews.com\/live\/wp-content\/uploads\/2023\/09\/image-64.png?resize=396%2C236&amp;ssl=1 396w, https:\/\/i1.wp.com\/batimedianews.com\/live\/wp-content\/uploads\/2023\/09\/image-64.png?resize=1120%2C668&amp;ssl=1 1120w, https:\/\/i1.wp.com\/batimedianews.com\/live\/wp-content\/uploads\/2023\/09\/image-64.png?resize=660%2C393&amp;ssl=1 660w, https:\/\/i1.wp.com\/batimedianews.com\/live\/wp-content\/uploads\/2023\/09\/image-64.png?resize=369%2C220&amp;ssl=1 369w, https:\/\/i1.wp.com\/batimedianews.com\/live\/wp-content\/uploads\/2023\/09\/image-64.png?w=1654&amp;ssl=1 1654w, https:\/\/i1.wp.com\/batimedianews.com\/live\/wp-content\/uploads\/2023\/09\/image-64.png?w=1440 1440w\" sizes=\"(max-width: 600px) 91vw, (max-width: 900px) 600px, (max-width: 1060px) 50vw, (max-width: 1200px) 520px, (max-width: 1400px) 43vw, 600px\" data-recalc-dims=\"1\" \/><\/figure>\n\n\n\n<div class=\"wp-block-media-text alignwide has-media-on-the-right is-stacked-on-mobile\" style=\"grid-template-columns:auto 22%\"><figure class=\"wp-block-media-text__media\"><img loading=\"lazy\" width=\"558\" height=\"826\" src=\"https:\/\/i2.wp.com\/batimedianews.com\/live\/wp-content\/uploads\/2023\/09\/image-65.png?resize=558%2C826\" alt=\"\" class=\"wp-image-31129 size-full\" srcset=\"https:\/\/i2.wp.com\/batimedianews.com\/live\/wp-content\/uploads\/2023\/09\/image-65.png?w=558&amp;ssl=1 558w, https:\/\/i2.wp.com\/batimedianews.com\/live\/wp-content\/uploads\/2023\/09\/image-65.png?resize=405%2C600&amp;ssl=1 405w, https:\/\/i2.wp.com\/batimedianews.com\/live\/wp-content\/uploads\/2023\/09\/image-65.png?resize=7%2C10&amp;ssl=1 7w, https:\/\/i2.wp.com\/batimedianews.com\/live\/wp-content\/uploads\/2023\/09\/image-65.png?resize=432%2C639&amp;ssl=1 432w, https:\/\/i2.wp.com\/batimedianews.com\/live\/wp-content\/uploads\/2023\/09\/image-65.png?resize=396%2C586&amp;ssl=1 396w, https:\/\/i2.wp.com\/batimedianews.com\/live\/wp-content\/uploads\/2023\/09\/image-65.png?resize=149%2C220&amp;ssl=1 149w\" sizes=\"(max-width: 600px) 91vw, (max-width: 900px) 600px, (max-width: 1060px) 50vw, (max-width: 1200px) 520px, (max-width: 1400px) 43vw, 600px\" data-recalc-dims=\"1\" \/><\/figure><div class=\"wp-block-media-text__content\">\n<p class=\"has-text-align-center has-large-font-size\"><strong>\u00c0 propos<\/strong><\/p>\n\n\n\n<p>\u00c9co-organisme agr\u00e9\u00e9 par le Minist\u00e8re de la Transition \u00e9cologique depuis2013, Valdelia organise la fili\u00e8re de collecte et de recyclage des D\u00e9chets d\u2019\u00c9l\u00e9ments d\u2019Ameublement (DEA) non m\u00e9nagers aupr\u00e8s des collectivit\u00e9s, entreprises, associations de toutes tailles et de tous les secteurs, sur l\u2019ensemble du territoire national. C\u2019est autour d\u2019un solide r\u00e9seau de prestataires et de partenaires que Valdelia mutualise non seulement ses solutions op\u00e9rationnelles de collecte et de traitement, mais organise aussi la seconde vie des produits.<\/p>\n\n\n\n<p>Son existence r\u00e9pond \u00e0 la fois \u00e0 des enjeux environnementaux, \u00e9conomiques, sociaux et soci\u00e9taux strat\u00e9giques, ainsi qu\u2019\u00e0 une obligation l\u00e9gale. Fort de son expertise reconnue et de son exp\u00e9rience de terrain depuis pr\u00e8s de 10 ans, Valdelia est \u00e9galement agr\u00e9\u00e9 sur la fili\u00e8re des \u00e9l\u00e9ments de d\u00e9coration textile et la REP PMCB (d\u00e9chets du b\u00e2timent).&nbsp;<\/p>\n<\/div><\/div>\n\n\n\n<p><\/p>\n","protected":false},"excerpt":{"rendered":"<p>Toulouse, le 07 septembre 2023 \u2013 Valdelia, accompagn\u00e9 des \u00e9co-organismes Cyclamed, Cyclevia, Dastri et Soren, entame une collaboration sp\u00e9ciale sur le territoire de Saint-Pierre-et-Miquelon dans le cadre de la Semaine d\u2019\u00e9changes autour du d\u00e9ploiement des fili\u00e8res de responsabilit\u00e9 \u00e9largie des producteurs dans l\u2019archipel. Cette initiative vise \u00e0 \u00e9laborer un plan d&rsquo;action \u00e9clair\u00e9 pour une gestion [&hellip;]<\/p>\n","protected":false},"author":41,"featured_media":31130,"comment_status":"open","ping_status":"open","sticky":false,"template":"","format":"standard","meta":{"spay_email":""},"categories":[4,14,50,545,2257],"tags":[2391],"jetpack_featured_media_url":"https:\/\/i0.wp.com\/batimedianews.com\/live\/wp-content\/uploads\/2023\/09\/Valdelia-articles.jpg?fit=1513%2C825&ssl=1","jetpack_sharing_enabled":true,"jetpack_likes_enabled":true,"jetpack-related-posts":[{"id":34120,"url":"https:\/\/batimedianews.com\/live\/index.php\/2024\/01\/02\/valdelia-reagree-pour-6-ans-pour-la-gestion-des-dechets-delements-dameublement\/","url_meta":{"origin":31125,"position":0},"title":"Valdelia r\u00e9agr\u00e9\u00e9 pour 6 ans pour la gestion des d\u00e9chets d\u2019\u00e9l\u00e9ments d\u2019ameublement","date":"2 janvier 2024","format":false,"excerpt":"Toulouse, le 21 d\u00e9cembre 2023 \u2013 Valdelia est fier d'annoncer l\u2019obtention de son r\u00e9agr\u00e9ment par les pouvoirs publics le 21 d\u00e9cembre 2023 pour une p\u00e9riode de six ans, affirmant son r\u00f4le majeur dans la gestion de la collecte et du traitement des mobiliers en fin de vie. Cette reconduction souligne\u2026","rel":"","context":"Dans &quot;Actualit\u00e9 Entreprises&quot;","img":{"alt_text":"","src":"https:\/\/i1.wp.com\/batimedianews.com\/live\/wp-content\/uploads\/2023\/12\/Valdelia.jpg?fit=825%2C825&ssl=1&resize=350%2C200","width":350,"height":200},"classes":[]},{"id":10469,"url":"https:\/\/batimedianews.com\/live\/index.php\/2021\/06\/25\/rep-batiment-valdelia-se-positionne-sur-la-filiere-appliquee-aux-produits-et-materiaux-de-construction-du-batiment-pmcb\/","url_meta":{"origin":31125,"position":1},"title":"REP B\u00e2timent : Valdelia se positionne sur la fili\u00e8re appliqu\u00e9e aux Produits et Mat\u00e9riaux de Construction du B\u00e2timent (PMCB)","date":"25 juin 2021","format":false,"excerpt":"Toulouse, le 03 juin 2021 \u2013 \u00c1 compter du 1er janvier 2022, La loi Anti-Gaspillage pour une Economie Circulaire (AGEC) pr\u00e9voit l\u2019application d\u2019une Responsabilit\u00e9 \u00c9largie du Producteur au secteur du b\u00e2timent. L\u2019\u00e9co-organisme Valdelia, en charge de la collecte et du recyclage des mobiliers professionnels se porte candidat \u00e0 l\u2019agr\u00e9ment de\u2026","rel":"","context":"Dans &quot;Actualit\u00e9 Entreprises&quot;","img":{"alt_text":"","src":"https:\/\/i2.wp.com\/batimedianews.com\/live\/wp-content\/uploads\/2021\/06\/Valdelia-Article.jpg?fit=512%2C512&ssl=1&resize=350%2C200","width":350,"height":200},"classes":[]},{"id":24465,"url":"https:\/\/batimedianews.com\/live\/index.php\/2022\/10\/26\/dechets-du-batiment-valdelia-propose-un-modele-de-filiere-rep-repondant-a-lurgence-environnementale\/","url_meta":{"origin":31125,"position":2},"title":"D\u00e9chets du b\u00e2timent : Valdelia propose un mod\u00e8le de fili\u00e8re REP r\u00e9pondant \u00e0 l\u2019urgence environnementale","date":"26 octobre 2022","format":false,"excerpt":"Toulouse, le 18 octobre 2022 \u2013 Valdelia se r\u00e9jouit de l\u2019arr\u00eat\u00e9 du 16 octobre 2022, publi\u00e9 au Journal Officiel, concernant la fili\u00e8re \u00e0 responsabilit\u00e9 \u00e9largie des producteurs (REP) de produits et mat\u00e9riaux de construction du secteur du b\u00e2timent (PMCB) permettant de l\u2019agr\u2002er officiellement. L\u2019\u00e9co-organisme consid\u00e8re la mise en place de\u2026","rel":"","context":"Dans &quot;Actualit\u00e9 Entreprises&quot;","img":{"alt_text":"","src":"https:\/\/i0.wp.com\/batimedianews.com\/live\/wp-content\/uploads\/2022\/10\/Valdelia-Article.jpg?fit=1080%2C1080&ssl=1&resize=350%2C200","width":350,"height":200},"classes":[]},{"id":28389,"url":"https:\/\/batimedianews.com\/live\/index.php\/2023\/05\/04\/deploiement-de-la-filiere-rep-batiment-au-1er-mai-2023-valdelia-tient-ses-engagements\/","url_meta":{"origin":31125,"position":3},"title":"D\u00e9ploiement de la fili\u00e8re REP B\u00e2timent au 1er mai 2023 : Valdelia tient ses engagements","date":"4 mai 2023","format":false,"excerpt":"Toulouse, le 02 mai 2023 \u2013 Dans le but de r\u00e9duire les d\u00e9p\u00f4ts sauvages, de d\u00e9velopper le recyclage, le r\u00e9emploi et la r\u00e9utilisation des d\u00e9chets de la fili\u00e8re du b\u00e2timent, la responsabilit\u00e9 \u00e9largie des producteurs (REP) d\u00e9di\u00e9e aux produits et aux mat\u00e9riaux de construction du b\u00e2timent (PCMB), est d\u00e9sormais op\u00e9rationnelle\u2026","rel":"","context":"Dans &quot;fili\u00e8re recyclage&quot;","img":{"alt_text":"","src":"https:\/\/i1.wp.com\/batimedianews.com\/live\/wp-content\/uploads\/2023\/05\/Valdelia-Article.jpg?fit=1080%2C1080&ssl=1&resize=350%2C200","width":350,"height":200},"classes":[]},{"id":25637,"url":"https:\/\/batimedianews.com\/live\/index.php\/2023\/01\/31\/valdelia-lance-20-jours-de-rdv-eclairs-pour-tout-savoir-sur-la-rep-batiment\/","url_meta":{"origin":31125,"position":4},"title":"Valdelia lance 20 jours de \u00ab RDV \u00e9clairs \u00bb pour tout savoir sur la REP B\u00e2timent","date":"31 janvier 2023","format":false,"excerpt":"Toulouse, le 11 janvier 2023 \u2013 Du 11 au 31 janvier, l\u2019\u00e9co-organisme Valdelia organise \u00ab le grand speed meeting du b\u00e2timent \u00bb. Destin\u00e9 aux fabricants et distributeurs de produits et mat\u00e9riaux de construction du b\u00e2timent (PMCB), il permet de r\u00e9pondre \u00e0 toutes leurs questions concernant l\u2019entr\u00e9e en vigueur de la\u2026","rel":"","context":"Dans &quot;Actualit\u00e9 Entreprises&quot;","img":{"alt_text":"","src":"https:\/\/i0.wp.com\/batimedianews.com\/live\/wp-content\/uploads\/2023\/01\/Valdelia-Article.jpg?fit=1080%2C1080&ssl=1&resize=350%2C200","width":350,"height":200},"classes":[]},{"id":18312,"url":"https:\/\/batimedianews.com\/live\/index.php\/2022\/04\/04\/valdelia-mobilise-les-acteurs-du-batiment-en-lancant-une-serie-dexperimentations-sur-le-terrain-en-vue-de-la-mise-en-oeuvre-de-la-rep-batiment\/","url_meta":{"origin":31125,"position":5},"title":"Valdelia mobilise les acteurs du b\u00e2timent en lan\u00e7ant une s\u00e9rie d\u2019exp\u00e9rimentations sur le terrain en vue de la mise en \u0153uvre de la REP B\u00e2timent.","date":"4 avril 2022","format":false,"excerpt":"Toulouse,\u00a0le\u00a021\u00a0mars\u00a02022\u00a0\u2013\u00a0Apr\u00e8s\u00a0avoir\u00a0regroup\u00e9\u00a0pr\u00e8s\u00a0de\u00a0600\u00a0metteurs\u00a0sur\u00a0le\u00a0march\u00e9\u00a0et\u00a0professionnels\u00a0du\u00a0b\u00e2timent\u00a0lors de\u00a0ses\u00a0deux\u00a0Tourn\u00e9es\u00a0nationales,\u00a0Valdelia\u00a0lance\u00a0\u00e0\u00a0pr\u00e9sent\u00a04\u00a0th\u00e9matiques\u00a0d\u2019exp\u00e9rimentations\u00a0pour\u00a0pr\u00e9parer\u00a0la\u00a0mise\u00a0en \u0153uvre\u00a0de\u00a0la\u00a0REP\u00a0B\u00e2timent.\u00a0L\u2019\u00e9co-organisme\u00a0compte\u00a0ainsi\u00a0mobiliser\u00a0les\u00a0parties\u00a0prenantes\u00a0pour\u00a0valider\u00a0des\u00a0sch\u00e9mas\u00a0d\u00e9collecte\u00a0et\u00a0traitement\u00a0des\u00a0d\u00e9chets\u00a0du\u00a0b\u00e2timent\u00a0envisag\u00e9s.\u00a0Ce\u00a0projet\u00a0pilote\u00a0pour\u00a0l\u2019organisation op\u00e9rationnelle de la future fili\u00e8re, doit durer 4 mois mais pourrait \u00eatre prolong\u00e9 sur une plus longue\u00a0p\u00e9riode.\u00a0Il\u00a0a\u00a0pour\u00a0objectif\u00a0de\u00a0construirecollectivement\u00a0des\u00a0r\u00e9ponses\u00a0op\u00e9rationnelles,\u00a0p\u00e9rennes\u00a0et\u00a0\u00e0\u00a0co\u00fbts\u00a0ma\u00eetris\u00e9s\u00a0pour\u00a0la\u00a0mise\u00a0en\u00a0\u0153uvre\u00a0d\u2019une\u00a0fili\u00e8re\u00a0des\u00a0d\u00e9chetsde\u00a0produits\u00a0et\u00a0mat\u00e9riaux\u00a0de\u00a0construction\u00a0du\u00a0b\u00e2timent\u00a0(PMCB)\u00a0vertueuse\u00a0et\u00a0r\u00e9solument\u00a0tourn\u00e9e\u00a0vers\u00a0l\u2019\u00e9conomie\u00a0circulaire.Les\u00a0inscriptions\u00a0\u00e0\u00a0l'\u00e9v\u00e9nement\u00a0de\u00a0lancement\u00a0des\u00a0exp\u00e9rimentations\u00a0sur\u00a0le\u00a0terrain\u00a0sont\u00a0ouvertes,\u00a0ici\u00a0:https:\/\/bit.ly\/experimentationsterrain Si\u00a0tous\u00a0les\u00a0textes\u00a0officiels\u00a0encadrant\u00a0la\u00a0fili\u00e8re\u00a0REP\u00a0B\u00e2timent\u00a0n\u2019ont\u00a0pas\u00a0encore\u00a0\u00e9t\u00e9\u00a0publi\u00e9s,\u00a0la\u00a0machine\u00a0est lanc\u00e9e.\u00a0Apr\u00e8s\u00a0un\u00a0cycle\u00a0de\u00a0rencontres\u00a0individuelles\u00a0et\u00a0collectives\u00a0avec\u00a0l\u2019ensemble\u00a0des\u00a0acteurs\u00a0du\u00a0b\u00e2timent,l'heure\u00a0est\u00a0\u00e0\u00a0l'exp\u00e9rimentation. \u00ab\u00a0Apr\u00e8s\u00a0une\u00a0premi\u00e8re\u00a0phase\u00a0de\u00a0sensibilisation\u00a0des\u00a0acteurs\u00a0du\u00a0b\u00e2timent\u00a0sur\u00a0la\u00a0nouvelle\u00a0r\u00e9glementation\u00a0li\u00e9e aux\u00a0produits\u00a0et\u00a0mat\u00e9riaux\u00a0de\u00a0la\u00a0construction\u00a0du\u00a0b\u00e2timent\u00a0d\u00e9coulant\u00a0de\u00a0la\u00a0loi\u00a0AGEC,\u00a0puis\u00a0une\u00a0seconde phase d\u2019information qui consistait \u00e0 pr\u00e9senter les savoir-faire de notre \u00e9co-organisme et \u00e0\u00a0sugg\u00e9rer\u00a0des\u00a0solutions concr\u00e8tes\u00a0pour\u00a0r\u00e9pondre\u00a0aux\u00a0obligations\u00a0r\u00e9glementaires,\u00a0l\u2019heure\u00a0est\u00a0\u00e0\u00a0l\u2019essai\u00a0et\u00a0\u00e0\u00a0la\u00a0pr\u00e9paration\u00a0de\u00a0toute\u00a0une fili\u00e8re\u00a0qui\u00a0va\u00a0devoir\u00a0en\u00a0quelque\u00a0sorte\u00a0se\u00a0r\u00e9inventer\u2026\u00a0C\u2019est\u00a0pourquoi\u00a0nous\u00a0lan\u00e7ons\u00a0aujourd\u2019hui\u00a0une\u00a0s\u00e9rie d\u2019exp\u00e9rimentations\u00a0qui\u00a0seront\u00a0conduites\u00a0jusqu\u2019en\u00a0juillet\u00a0prochain,\u00a0voire\u00a0au-del\u00e0,\u00a0pour\u00a0tester\u00a0et\u00a0valider\u00a0les dispositifs\u00a0qui\u00a0seront\u00a0d\u00e9ploy\u00e9s\u00a0au\u00a0lancement\u00a0de\u00a0la\u00a0fili\u00e8re\u00a0\u00bb,\u00a0pr\u00e9cise\u00a0Arnaud\u00a0Humbert-Droz,\u00a0Pr\u00e9sident Ex\u00e9cutif\u00a0Valdelia. Une\u00a0prospective\u00a0de\u00a0la\u00a0future\u00a0REP\u00a0PMCB Les groupes de travail ont \u00e9t\u00e9 constitu\u00e9s\u2026","rel":"","context":"Dans &quot;Actualit\u00e9 Entreprises&quot;","img":{"alt_text":"","src":"https:\/\/i2.wp.com\/batimedianews.com\/live\/wp-content\/uploads\/2022\/03\/Valdelia-Article.jpg?fit=512%2C512&ssl=1&resize=350%2C200","width":350,"height":200},"classes":[]}],"_links":{"self":[{"href":"https:\/\/batimedianews.com\/live\/index.php\/wp-json\/wp\/v2\/posts\/31125"}],"collection":[{"href":"https:\/\/batimedianews.com\/live\/index.php\/wp-json\/wp\/v2\/posts"}],"about":[{"href":"https:\/\/batimedianews.com\/live\/index.php\/wp-json\/wp\/v2\/types\/post"}],"author":[{"embeddable":true,"href":"https:\/\/batimedianews.com\/live\/index.php\/wp-json\/wp\/v2\/users\/41"}],"replies":[{"embeddable":true,"href":"https:\/\/batimedianews.com\/live\/index.php\/wp-json\/wp\/v2\/comments?post=31125"}],"version-history":[{"count":2,"href":"https:\/\/batimedianews.com\/live\/index.php\/wp-json\/wp\/v2\/posts\/31125\/revisions"}],"predecessor-version":[{"id":31228,"href":"https:\/\/batimedianews.com\/live\/index.php\/wp-json\/wp\/v2\/posts\/31125\/revisions\/31228"}],"wp:featuredmedia":[{"embeddable":true,"href":"https:\/\/batimedianews.com\/live\/index.php\/wp-json\/wp\/v2\/media\/31130"}],"wp:attachment":[{"href":"https:\/\/batimedianews.com\/live\/index.php\/wp-json\/wp\/v2\/media?parent=31125"}],"wp:term":[{"taxonomy":"category","embeddable":true,"href":"https:\/\/batimedianews.com\/live\/index.php\/wp-json\/wp\/v2\/categories?post=31125"},{"taxonomy":"post_tag","embeddable":true,"href":"https:\/\/batimedianews.com\/live\/index.php\/wp-json\/wp\/v2\/tags?post=31125"}],"curies":[{"name":"wp","href":"https:\/\/api.w.org\/{rel}","templated":true}]}}