{"id":31481,"date":"2023-09-20T09:52:20","date_gmt":"2023-09-20T07:52:20","guid":{"rendered":"http:\/\/batimedianews.com\/live\/?p=31481"},"modified":"2023-11-14T19:26:06","modified_gmt":"2023-11-14T18:26:06","slug":"renodays-une-premiere-edition-sous-le-signe-du-succes","status":"publish","type":"post","link":"https:\/\/batimedianews.com\/live\/index.php\/2023\/09\/20\/renodays-une-premiere-edition-sous-le-signe-du-succes\/","title":{"rendered":"RENODAYS, une  premi\u00e8re \u00e9dition sous le signe  du succ\u00e8s  !"},"content":{"rendered":"\n<p><strong>&nbsp;Pour sa premi\u00e8re \u00e9dition, RENODAYS a rempli tous ses objectifs ! V\u00e9ritable \u00e9v\u00e8nement pour le secteur du b\u00e2timent, de la construction et de l\u2019immobilier, le forum a su s\u00e9duire par la richesse de son contenu. Ce sont ainsi plus de 5 000 visiteurs qui sont venus rencontrer les 143 exposants pr\u00e9sents mais surtout assister aux masterclass, workshops, meet-ups, d\u00e9monstrations et RENOTALKS qui ont jalonn\u00e9 ces deux jours. Retour sur les faits marquants de RENODAYS et sur les temps forts de ces rencontres d\u00e9di\u00e9es \u00e0 la r\u00e9novation globale et performante des logements.&nbsp;<\/strong><\/p>\n\n\n\n<div class=\"wp-block-image\"><figure class=\"alignright size-large is-resized\"><img loading=\"lazy\" src=\"https:\/\/i2.wp.com\/batimedianews.com\/live\/wp-content\/uploads\/2023\/09\/image-193.png?resize=333%2C165\" alt=\"\" class=\"wp-image-31482\" width=\"333\" height=\"165\" srcset=\"https:\/\/i2.wp.com\/batimedianews.com\/live\/wp-content\/uploads\/2023\/09\/image-193.png?w=730&amp;ssl=1 730w, https:\/\/i2.wp.com\/batimedianews.com\/live\/wp-content\/uploads\/2023\/09\/image-193.png?resize=600%2C298&amp;ssl=1 600w, https:\/\/i2.wp.com\/batimedianews.com\/live\/wp-content\/uploads\/2023\/09\/image-193.png?resize=10%2C5&amp;ssl=1 10w, https:\/\/i2.wp.com\/batimedianews.com\/live\/wp-content\/uploads\/2023\/09\/image-193.png?resize=432%2C214&amp;ssl=1 432w, https:\/\/i2.wp.com\/batimedianews.com\/live\/wp-content\/uploads\/2023\/09\/image-193.png?resize=396%2C196&amp;ssl=1 396w, https:\/\/i2.wp.com\/batimedianews.com\/live\/wp-content\/uploads\/2023\/09\/image-193.png?resize=660%2C327&amp;ssl=1 660w, https:\/\/i2.wp.com\/batimedianews.com\/live\/wp-content\/uploads\/2023\/09\/image-193.png?resize=444%2C220&amp;ssl=1 444w\" sizes=\"(max-width: 600px) 91vw, (max-width: 900px) 600px, (max-width: 1060px) 50vw, (max-width: 1200px) 520px, (max-width: 1400px) 43vw, 600px\" data-recalc-dims=\"1\" \/><\/figure><\/div>\n\n\n\n<p class=\"has-sm-dark-primary-color has-text-color\"><strong>&nbsp;Un nouveau format qui a rencontr\u00e9 son public&nbsp;<\/strong><\/p>\n\n\n\n<p>Imagin\u00e9 par les \u00e9quipes de RX Global, par ailleurs organisatrices des salons Batimat, Interclima, Id\u00e9obain et Equipbaie \u2013 Metalexpo, RENODAYS \u00e9tait une v\u00e9ritable gageure. Les organisateurs ont en effet r\u00e9solument choisi de casser les codes du salon classique pour proposer un format in\u00e9dit favorisant les \u00e9changes.&nbsp;<\/p>\n\n\n\n<p>Et le pari est r\u00e9ussi ! 5063 visiteurs ont r\u00e9pondu pr\u00e9sents et ont assist\u00e9 aux plus de 220 prises de paroles qui \u00e9taient propos\u00e9es pour r\u00e9pondre aux questions, parfois complexes, autour de la r\u00e9novation globale et performante des logements.&nbsp;<\/p>\n\n\n\n<p>Port\u00e9 par les exposants et les partenaires, RENODAYS a insuffl\u00e9 un r\u00e9el dynamisme \u00e0 ce sujet phare en engageant l\u2019ensemble des parties prenantes, publiques et priv\u00e9es, \u00e0 s\u2019exprimer ensemble et \u00e0 r\u00e9fl\u00e9chir \u00e0 des solutions concr\u00e8tes pour faire avancer les choses.&nbsp;<\/p>\n\n\n\n<p class=\"has-sm-dark-primary-color has-text-color\"><strong>&nbsp;Des temps forts et des partenaires engag\u00e9s&nbsp;<\/strong><\/p>\n\n\n\n<div class=\"wp-block-image\"><figure class=\"alignleft size-large is-resized\"><img loading=\"lazy\" src=\"https:\/\/i1.wp.com\/batimedianews.com\/live\/wp-content\/uploads\/2023\/09\/image-194.png?resize=319%2C189\" alt=\"\" class=\"wp-image-31483\" width=\"319\" height=\"189\" srcset=\"https:\/\/i1.wp.com\/batimedianews.com\/live\/wp-content\/uploads\/2023\/09\/image-194.png?w=660&amp;ssl=1 660w, https:\/\/i1.wp.com\/batimedianews.com\/live\/wp-content\/uploads\/2023\/09\/image-194.png?resize=600%2C355&amp;ssl=1 600w, https:\/\/i1.wp.com\/batimedianews.com\/live\/wp-content\/uploads\/2023\/09\/image-194.png?resize=10%2C6&amp;ssl=1 10w, https:\/\/i1.wp.com\/batimedianews.com\/live\/wp-content\/uploads\/2023\/09\/image-194.png?resize=432%2C255&amp;ssl=1 432w, https:\/\/i1.wp.com\/batimedianews.com\/live\/wp-content\/uploads\/2023\/09\/image-194.png?resize=396%2C234&amp;ssl=1 396w, https:\/\/i1.wp.com\/batimedianews.com\/live\/wp-content\/uploads\/2023\/09\/image-194.png?resize=372%2C220&amp;ssl=1 372w\" sizes=\"(max-width: 600px) 91vw, (max-width: 900px) 600px, (max-width: 1060px) 50vw, (max-width: 1200px) 520px, (max-width: 1400px) 43vw, 600px\" data-recalc-dims=\"1\" \/><\/figure><\/div>\n\n\n\n<p>&nbsp;RENODAYS a \u00e9t\u00e9 marqu\u00e9 par la pr\u00e9sence d\u2019<strong>Agn\u00e8s Pannier-Runacher<\/strong>, <strong>Ministre de la Transition \u00c9nerg\u00e9tique<\/strong>, venue inaugurer l\u2019\u00e9v\u00e8nement et prendre la parole en conclusion de la conf\u00e9rence d\u2019ouverture \u00ab R\u00e9novation globale et performante des logements : tient-on la bonne trajectoire ? \u00bb avant de se rendre sur plusieurs stands.&nbsp;<\/p>\n\n\n\n<p>Sur la sc\u00e8ne des <strong>RENOTALKS<\/strong>, 13 sessions ont eu lieu, regroup\u00e9es sous la th\u00e9matique \u00ab Engag\u00e9s pour le climat, les citoyens et l\u2019emploi ! \u00bb. Plus de 10 heures d\u2019\u00e9changes, men\u00e9s par 30 intervenants issus de multiples univers. Tr\u00e8s attendues, les deux <strong>conf\u00e9rences d\u2019ouverture<\/strong> ont lanc\u00e9 les d\u00e9bats de ces deux journ\u00e9es.&nbsp;<\/p>\n\n\n\n<div class=\"wp-block-media-text alignwide is-stacked-on-mobile\" style=\"grid-template-columns:29% auto\"><figure class=\"wp-block-media-text__media\"><img loading=\"lazy\" width=\"476\" height=\"320\" src=\"https:\/\/i2.wp.com\/batimedianews.com\/live\/wp-content\/uploads\/2023\/09\/image-195.png?resize=476%2C320\" alt=\"\" class=\"wp-image-31484 size-full\" srcset=\"https:\/\/i2.wp.com\/batimedianews.com\/live\/wp-content\/uploads\/2023\/09\/image-195.png?w=476&amp;ssl=1 476w, https:\/\/i2.wp.com\/batimedianews.com\/live\/wp-content\/uploads\/2023\/09\/image-195.png?resize=10%2C7&amp;ssl=1 10w, https:\/\/i2.wp.com\/batimedianews.com\/live\/wp-content\/uploads\/2023\/09\/image-195.png?resize=432%2C290&amp;ssl=1 432w, https:\/\/i2.wp.com\/batimedianews.com\/live\/wp-content\/uploads\/2023\/09\/image-195.png?resize=396%2C266&amp;ssl=1 396w, https:\/\/i2.wp.com\/batimedianews.com\/live\/wp-content\/uploads\/2023\/09\/image-195.png?resize=327%2C220&amp;ssl=1 327w\" sizes=\"(max-width: 600px) 91vw, (max-width: 900px) 600px, (max-width: 1060px) 50vw, (max-width: 1200px) 520px, (max-width: 1400px) 43vw, 600px\" data-recalc-dims=\"1\" \/><\/figure><div class=\"wp-block-media-text__content\">\n<p class=\"has-normal-font-size\">Le mercredi, la conf\u00e9rence d\u2019ouverture, port\u00e9e par UNICLIMA, intitul\u00e9e \u00ab Pourquoi se priver d\u2019un parcours de r\u00e9novation performante par \u00e9tape ? \u00bb a rassembl\u00e9 \u00e9galement un public attentif.&nbsp;<\/p>\n<\/div><\/div>\n\n\n\n<p>Certains partenaires avaient par ailleurs choisi de r\u00e9server des lancements exclusifs \u00e0 RENODAYS :&nbsp;<\/p>\n\n\n\n<ul><li>Stop Exclusion \u00c9nerg\u00e9tique a lanc\u00e9 sa <strong>Fresque de la Pr\u00e9carit\u00e9 \u00c9nerg\u00e9tique&nbsp;<\/strong><\/li><li>L\u2019Union des Architectes (UNSFA) et le Club de l\u2019Am\u00e9lioration de l\u2019Habitat (CAH) ont remis les prix de la premi\u00e8re \u00e9dition du<strong> Prix de la Requalification Architecturale de Copropri\u00e9t\u00e9s<\/strong>.&nbsp;<\/li><li>Lancement du challenge r\u00e9novation bas carbone par l\u2019Alliance HQE-GBC et CCCA-BTP&nbsp;<\/li><li>Ont \u00e9t\u00e9 aussi d\u00e9voil\u00e9s les r\u00e9sultats : <ul><li>du tout <strong>premier barom\u00e8tre HOME (Habitat Optimis\u00e9 et Ma\u00eetrise de l\u2019Energie<\/strong>) portant sur le rapport des Fran\u00e7ais aux \u00e9conomies d\u2019\u00e9nergie dans leur logement par SONERGIA &amp; OPINION WAY,&nbsp;<\/li><li>de <strong>l\u2019\u00e9tude sur les habitudes des habitants en mati\u00e8re de r\u00e9novation<\/strong> par le Club de l\u2019am\u00e9lioration de l\u2019habitat avec les sociologues Audrey VALIN et Ga\u00ebtan BRISE PIERRE,&nbsp;<\/li><li>de l\u2019enqu\u00eate sur <strong>la formation et l\u2019accompagnement des professionnels du b\u00e2timent face aux enjeux de la r\u00e9novation \u00e9nerg\u00e9tique<\/strong> par Winlab\u2019 &amp; Batiweb.&nbsp;<\/li><\/ul><\/li><\/ul>\n\n\n\n<p>Par ailleurs, <strong>Dor\u00e9mi<\/strong> a anim\u00e9 des ateliers et des d\u00e9monstrations autour de l&rsquo;\u00e9tanch\u00e9it\u00e9 \u00e0 l&rsquo;air, la pose de menuiserie et de ventilation double-flux qui ont remport\u00e9 un vif succ\u00e8s.&nbsp;<\/p>\n\n\n\n<p class=\"has-sm-dark-primary-color has-text-color\"><strong>Besoins d\u2019\u00e9changes et d\u2019informations combin\u00e9s \u00e0 une grande convivialit\u00e9.&nbsp;<\/strong><\/p>\n\n\n\n<div class=\"wp-block-image\"><figure class=\"alignleft size-large is-resized\"><img loading=\"lazy\" src=\"https:\/\/i1.wp.com\/batimedianews.com\/live\/wp-content\/uploads\/2023\/09\/image-196.png?resize=399%2C189\" alt=\"\" class=\"wp-image-31485\" width=\"399\" height=\"189\" srcset=\"https:\/\/i1.wp.com\/batimedianews.com\/live\/wp-content\/uploads\/2023\/09\/image-196.png?w=752&amp;ssl=1 752w, https:\/\/i1.wp.com\/batimedianews.com\/live\/wp-content\/uploads\/2023\/09\/image-196.png?resize=600%2C284&amp;ssl=1 600w, https:\/\/i1.wp.com\/batimedianews.com\/live\/wp-content\/uploads\/2023\/09\/image-196.png?resize=10%2C5&amp;ssl=1 10w, https:\/\/i1.wp.com\/batimedianews.com\/live\/wp-content\/uploads\/2023\/09\/image-196.png?resize=432%2C205&amp;ssl=1 432w, https:\/\/i1.wp.com\/batimedianews.com\/live\/wp-content\/uploads\/2023\/09\/image-196.png?resize=396%2C187&amp;ssl=1 396w, https:\/\/i1.wp.com\/batimedianews.com\/live\/wp-content\/uploads\/2023\/09\/image-196.png?resize=660%2C312&amp;ssl=1 660w, https:\/\/i1.wp.com\/batimedianews.com\/live\/wp-content\/uploads\/2023\/09\/image-196.png?resize=465%2C220&amp;ssl=1 465w\" sizes=\"(max-width: 600px) 91vw, (max-width: 900px) 600px, (max-width: 1060px) 50vw, (max-width: 1200px) 520px, (max-width: 1400px) 43vw, 600px\" data-recalc-dims=\"1\" \/><\/figure><\/div>\n\n\n\n<p>Si le format des espaces de prise de parole (masterclass, workshop, meet-up, pitch) a facilit\u00e9 les \u00e9changes, un lieu a aussi \u00e9t\u00e9 tr\u00e8s fr\u00e9quent\u00e9 et appr\u00e9ci\u00e9 : le<strong> Caf\u00e9 de la R\u00e9novation<\/strong>. Situ\u00e9 en plein coeur du Forum, il s\u2019est av\u00e9r\u00e9 \u00eatre un v\u00e9ritable carrefour de rencontres pour prolonger le dialogue de mani\u00e8re conviviale. A l\u2019heure du d\u00e9jeuner, les tables se sont transform\u00e9es en tables d\u2019h\u00f4tes autour desquelles les d\u00e9bats se sont poursuivis.&nbsp;<\/p>\n\n\n\n<p>Le prochain Renodays aura lieu en 2025. Cependant le sujet de la r\u00e9novation globale et performante des logements sera largement au programme des salons du Mondial du b\u00e2timent \u2013 Batimat rejoint par Equipbaie et M\u00e9talexpo, Interclima et Id\u00e9obain \u2013 le grand rendez-vous de la fili\u00e8re est d\u00e9j\u00e0 fix\u00e9, du 30 septembre au 3 octobre 2024, \u00e0 la Porte de Versailles&nbsp;<\/p>\n\n\n\n<div class=\"wp-block-group\"><div class=\"wp-block-group__inner-container\">\n<p><strong>\u00c0 propos de RX&nbsp;<\/strong><\/p>\n\n\n\n<p class=\"has-small-font-size\">RX est au service du d\u00e9veloppement des entreprises, des collectivit\u00e9s et des individus. Nous associons \u00e0 la force des \u00e9v\u00e9nements en face \u00e0 face, les donn\u00e9es et les produits digitaux qui permettent d\u2019aider nos clients \u00e0 comprendre les march\u00e9s, \u00e0 rechercher des produits et \u00e0 effectuer des transactions avec plus de 400 \u00e9v\u00e9nements pr\u00e9sents dans 22 pays et 43 secteurs d\u2019activit\u00e9.&nbsp;<\/p>\n\n\n\n<p class=\"has-small-font-size\">RX France organise des \u00e9v\u00e9nements en face-\u00e0-face, digitaux ou hybrides, leaders sur une quinzaine de march\u00e9s diff\u00e9rents. Parmi les salons embl\u00e9matiques de RX France et incontournables sur le plan national et international, figurent MIPIM, MAPIC, BATIMAT, POLLUTEC, EQUIPHOTEL, SITL, IFTM TOP RESA, MIPCOM, MIPTV, PARIS PHOTO, MAISON&amp;OBJET* et bien d\u2019autres\u2026&nbsp;<\/p>\n\n\n\n<p class=\"has-small-font-size\">Nos \u00e9v\u00e9nements se d\u00e9roulent en France, \u00e0 Hong Kong, en Italie, au Mexique et aux \u00c9tats-Unis.&nbsp;<\/p>\n\n\n\n<p class=\"has-small-font-size\">La volont\u00e9 de RX est d&rsquo;avoir un impact positif sur la soci\u00e9t\u00e9 et de cr\u00e9er un environnement de travail inclusif pour tous nos collaborateurs.&nbsp;<\/p>\n\n\n\n<p class=\"has-small-font-size\">RX fait partie de RELX, leader mondial d&rsquo;outils d&rsquo;analyse et de d\u00e9cision bas\u00e9s sur l&rsquo;information et les donn\u00e9es pour des clients professionnels.&nbsp;<\/p>\n\n\n\n<p class=\"has-small-font-size\">* organis\u00e9 par la SAFI, filiale de RX France et Ateliers d\u2019Art de France&nbsp;<\/p>\n<\/div><\/div>\n","protected":false},"excerpt":{"rendered":"<p>&nbsp;Pour sa premi\u00e8re \u00e9dition, RENODAYS a rempli tous ses objectifs ! V\u00e9ritable \u00e9v\u00e8nement pour le secteur du b\u00e2timent, de la construction et de l\u2019immobilier, le forum a su s\u00e9duire par la richesse de son contenu. Ce sont ainsi plus de 5 000 visiteurs qui sont venus rencontrer les 143 exposants pr\u00e9sents mais surtout assister aux [&hellip;]<\/p>\n","protected":false},"author":41,"featured_media":31487,"comment_status":"open","ping_status":"open","sticky":false,"template":"","format":"standard","meta":{"spay_email":""},"categories":[5,2382,108],"tags":[],"jetpack_featured_media_url":"https:\/\/i0.wp.com\/batimedianews.com\/live\/wp-content\/uploads\/2023\/09\/Renodays-articles.jpg?fit=1513%2C825&ssl=1","jetpack_sharing_enabled":true,"jetpack_likes_enabled":true,"jetpack-related-posts":[{"id":42557,"url":"https:\/\/batimedianews.com\/live\/index.php\/2025\/02\/03\/renodays-2025-la-nouvelle-edition-du-forum-de-la-renovation-energetique-souvre-aux-batiments-tertiaires-publics-et-prives\/","url_meta":{"origin":31481,"position":0},"title":"RENODAYS 2025 : La nouvelle \u00e9dition du forum de la r\u00e9novation \u00e9nerg\u00e9tique s\u2019ouvre aux b\u00e2timents tertiaires publics et priv\u00e9s","date":"3 f\u00e9vrier 2025","format":false,"excerpt":"\u00a0Fort du succ\u00e8s de sa premi\u00e8re \u00e9dition en 2023, qui a rassembl\u00e9 plus de 5 000 visiteurs et 143 exposants, le forum RENODAYS revient les 7 et 8 octobre 2025 \u00e0 Paris Expo \u2013 Porte de Versailles (Pavillon 6). Cette deuxi\u00e8me \u00e9dition innove en \u00e9largissant son champ d\u2019action \u00e0 la\u2026","rel":"","context":"Dans &quot;Actualit\u00e9 Entreprises&quot;","img":{"alt_text":"","src":"https:\/\/i0.wp.com\/batimedianews.com\/live\/wp-content\/uploads\/2025\/01\/Renodays-articles-.jpg?fit=825%2C825&ssl=1&resize=350%2C200","width":350,"height":200},"classes":[]},{"id":30584,"url":"https:\/\/batimedianews.com\/live\/index.php\/2023\/08\/28\/le-square-se-mobilise-au-forum-renodays-2023-un-collectif-dindustriels-engages-pour-renover-le-logement-autrement\/","url_meta":{"origin":31481,"position":1},"title":"\u00ab LE SQUARE \u00bb se mobilise au Forum RENODAYS 2023 &#8211; Un collectif d\u2019industriels engag\u00e9s pour r\u00e9nover le logement autrement","date":"28 ao\u00fbt 2023","format":false,"excerpt":"Situ\u00e9 dans le hall 6 du Parc des Expositions de la Porte de Versailles, la premi\u00e8re \u00e9dition du Forum Renodays ouvrira ses portes les 12 et 13 septembre 2023. Ev\u00e9nement d\u00e9di\u00e9 \u00e0 la r\u00e9novation \u00e9nerg\u00e9tique du logement, il proposera des th\u00e9matiques visant \u00e0 sensibiliser et \u00e0 mobiliser les professionnels du\u2026","rel":"","context":"Dans &quot;Actualit\u00e9 Entreprises&quot;","img":{"alt_text":"","src":"https:\/\/i1.wp.com\/batimedianews.com\/live\/wp-content\/uploads\/2023\/08\/Le-Square_Reynaers-article.jpg?fit=1080%2C1080&ssl=1&resize=350%2C200","width":350,"height":200},"classes":[]},{"id":30566,"url":"https:\/\/batimedianews.com\/live\/index.php\/2023\/08\/30\/ursa-est-present-a-renodays\/","url_meta":{"origin":31481,"position":2},"title":"URSA est pr\u00e9sent \u00e0 RENODAYS\u2026","date":"30 ao\u00fbt 2023","format":false,"excerpt":"\u00a03 QUESTIONS \u00c0\u2026 Carine Bonnier, Responsable marketing communication URSA France\u00a0 \u00a0URSA France est l\u2019un des leaders europ\u00e9ens de l\u2019isolation thermique et acoustique des b\u00e2timents. L\u2019entreprise sera pr\u00e9sente les 12 et 13 septembre prochain \u00e0 RENODAYS. L\u2019occasion de comprendre ce que signifie pour elle la r\u00e9novation globale et performantes des logements\u2026","rel":"","context":"Dans &quot;Actualit\u00e9 Entreprises&quot;","img":{"alt_text":"","src":"https:\/\/i1.wp.com\/batimedianews.com\/live\/wp-content\/uploads\/2023\/08\/ursa-renodays.jpeg?fit=675%2C675&ssl=1&resize=350%2C200","width":350,"height":200},"classes":[]},{"id":30575,"url":"https:\/\/batimedianews.com\/live\/index.php\/2023\/08\/28\/engie-france-retail-est-present-a-renodays\/","url_meta":{"origin":31481,"position":3},"title":"Engie France retail  est  pr\u00e9sent \u00e0 RENODAYS\u2026","date":"28 ao\u00fbt 2023","format":false,"excerpt":"\u00a03 QUESTIONS \u00c0\u2026 Erwan Morvan, Responsable du p\u00f4le Travaux et CEE \u2013 ENGIE France Retail\u00a0 \u00a0ENGIE sera pr\u00e9sent les 12 et 13 septembre prochain \u00e0 RENODAYS (stand E50). L\u2019occasion de comprendre ce que signifie pour l\u2019\u00e9nerg\u00e9ticien la r\u00e9novation globale et performante des logements et pourquoi l\u2019entreprise participe \u00e0 ce nouvel\u2026","rel":"","context":"Dans &quot;Actualit\u00e9 Entreprises&quot;","img":{"alt_text":"","src":"https:\/\/i2.wp.com\/batimedianews.com\/live\/wp-content\/uploads\/2023\/08\/renodaysengie-.png?fit=750%2C750&ssl=1&resize=350%2C200","width":350,"height":200},"classes":[]},{"id":30620,"url":"https:\/\/batimedianews.com\/live\/index.php\/2023\/08\/28\/au-salon-renodays-edilians-donne-les-cles-dune-renovation-energetique-en-toiture-performante-et-durable\/","url_meta":{"origin":31481,"position":4},"title":"Au salon Renodays, EDILIANS donne les cl\u00e9s d\u2019une r\u00e9novation \u00e9nerg\u00e9tique en toiture performante et durable","date":"28 ao\u00fbt 2023","format":false,"excerpt":"Alors que la lutte contre les passoires thermiques, \u00e9valu\u00e9es \u00e0 5 millions en France, s\u2019acc\u00e9l\u00e8re, la r\u00e9novation globale des habitations constitue plus que jamais un enjeu strat\u00e9gique et indispensable pour atteindre la r\u00e9duction de 35% des \u00e9missions de CO2 d\u2019ici 2030 et une neutralit\u00e9 carbone en 2050. Sachant que 25\u2026","rel":"","context":"Dans &quot;Actualit\u00e9 Entreprises&quot;","img":{"alt_text":"","src":"https:\/\/i0.wp.com\/batimedianews.com\/live\/wp-content\/uploads\/2023\/08\/Edilians-article.jpg?fit=1080%2C1080&ssl=1&resize=350%2C200","width":350,"height":200},"classes":[]},{"id":30558,"url":"https:\/\/batimedianews.com\/live\/index.php\/2023\/08\/30\/groupe-millet-est-present-a-renodays\/","url_meta":{"origin":31481,"position":5},"title":"Groupe MILLET est pr\u00e9sent \u00e0 RENODAYS\u2026","date":"30 ao\u00fbt 2023","format":false,"excerpt":"\u00a03 QUESTIONS \u00c0\u2026 Mathieu SUZINEAU \u2013 Directeur National des Ventes de Millet Portes et Fen\u00eatres\u00a0 \u00a0MILLET PORTES ET FENETRES, fabricant fran\u00e7ais de fen\u00eatres et de portes, sera pr\u00e9sent les 12 et 13 septembre prochain \u00e0 RENODAYS. L\u2019occasion de comprendre ce que signifie pour l\u2019entreprise la r\u00e9novation globale et performantes des\u2026","rel":"","context":"Dans &quot;Actualit\u00e9s salons&quot;","img":{"alt_text":"","src":"https:\/\/i0.wp.com\/batimedianews.com\/live\/wp-content\/uploads\/2023\/08\/millet-renodays-.jpeg?fit=1169%2C637&ssl=1&resize=350%2C200","width":350,"height":200},"classes":[]}],"_links":{"self":[{"href":"https:\/\/batimedianews.com\/live\/index.php\/wp-json\/wp\/v2\/posts\/31481"}],"collection":[{"href":"https:\/\/batimedianews.com\/live\/index.php\/wp-json\/wp\/v2\/posts"}],"about":[{"href":"https:\/\/batimedianews.com\/live\/index.php\/wp-json\/wp\/v2\/types\/post"}],"author":[{"embeddable":true,"href":"https:\/\/batimedianews.com\/live\/index.php\/wp-json\/wp\/v2\/users\/41"}],"replies":[{"embeddable":true,"href":"https:\/\/batimedianews.com\/live\/index.php\/wp-json\/wp\/v2\/comments?post=31481"}],"version-history":[{"count":2,"href":"https:\/\/batimedianews.com\/live\/index.php\/wp-json\/wp\/v2\/posts\/31481\/revisions"}],"predecessor-version":[{"id":31510,"href":"https:\/\/batimedianews.com\/live\/index.php\/wp-json\/wp\/v2\/posts\/31481\/revisions\/31510"}],"wp:featuredmedia":[{"embeddable":true,"href":"https:\/\/batimedianews.com\/live\/index.php\/wp-json\/wp\/v2\/media\/31487"}],"wp:attachment":[{"href":"https:\/\/batimedianews.com\/live\/index.php\/wp-json\/wp\/v2\/media?parent=31481"}],"wp:term":[{"taxonomy":"category","embeddable":true,"href":"https:\/\/batimedianews.com\/live\/index.php\/wp-json\/wp\/v2\/categories?post=31481"},{"taxonomy":"post_tag","embeddable":true,"href":"https:\/\/batimedianews.com\/live\/index.php\/wp-json\/wp\/v2\/tags?post=31481"}],"curies":[{"name":"wp","href":"https:\/\/api.w.org\/{rel}","templated":true}]}}